{"id":9862,"date":"2026-04-06T02:19:11","date_gmt":"2026-04-06T00:19:11","guid":{"rendered":"https:\/\/www.guineeline.net\/?p=9862"},"modified":"2026-04-06T02:19:11","modified_gmt":"2026-04-06T00:19:11","slug":"simandou-mamadi-doumbouya-decore-plusieurs-hauts-cadres-reconnaissance-meritee-ou-recompense-controversee","status":"publish","type":"post","link":"https:\/\/www.guineeline.net\/index.php\/2026\/04\/06\/simandou-mamadi-doumbouya-decore-plusieurs-hauts-cadres-reconnaissance-meritee-ou-recompense-controversee\/","title":{"rendered":"Simandou : Mamadi Doumbouya d\u00e9core plusieurs hauts cadres, reconnaissance m\u00e9rit\u00e9e ou r\u00e9compense controvers\u00e9e ?"},"content":{"rendered":"<div class=\"flex flex-col text-sm pb-25\">\n<section class=\"text-token-text-primary w-full focus:outline-none [--shadow-height:45px] has-data-writing-block:pointer-events-none has-data-writing-block:-mt-(--shadow-height) has-data-writing-block:pt-(--shadow-height) [&amp;:has([data-writing-block])&gt;*]:pointer-events-auto scroll-mt-[calc(var(--header-height)+min(200px,max(70px,20svh)))]\" dir=\"auto\" data-turn-id=\"request-WEB:cdbf43f4-de4e-4d79-b8f9-470b2c22cb6a-1\" data-testid=\"conversation-turn-4\" data-scroll-anchor=\"true\" data-turn=\"assistant\">\n<div class=\"text-base my-auto mx-auto pb-10 [--thread-content-margin:var(--thread-content-margin-xs,calc(var(--spacing)*4))] @w-sm\/main:[--thread-content-margin:var(--thread-content-margin-sm,calc(var(--spacing)*6))] @w-lg\/main:[--thread-content-margin:var(--thread-content-margin-lg,calc(var(--spacing)*16))] px-(--thread-content-margin)\">\n<div class=\"[--thread-content-max-width:40rem] @w-lg\/main:[--thread-content-max-width:48rem] mx-auto max-w-(--thread-content-max-width) flex-1 group\/turn-messages focus-visible:outline-hidden relative flex w-full min-w-0 flex-col agent-turn\">\n<div class=\"flex max-w-full flex-col gap-4 grow\">\n<div class=\"min-h-8 text-message relative flex w-full flex-col items-end gap-2 text-start break-words whitespace-normal outline-none keyboard-focused:focus-ring [.text-message+&amp;]:mt-1\" dir=\"auto\" tabindex=\"0\" data-message-author-role=\"assistant\" data-message-id=\"55e4b716-2589-405d-96e5-6c27e8180041\" data-message-model-slug=\"gpt-5-3\" data-turn-start-message=\"true\">\n<div class=\"flex w-full flex-col gap-1 empty:hidden\">\n<div class=\"markdown prose dark:prose-invert w-full wrap-break-word light markdown-new-styling\">\n<p data-start=\"138\" data-end=\"413\">Un d\u00e9cret pr\u00e9sidentiel lu ce dimanche 5 avril 2026 au journal de la <span class=\"hover:entity-accent entity-underline inline cursor-pointer align-baseline\"><span class=\"whitespace-normal\">Radiodiffusion T\u00e9l\u00e9vision Guin\u00e9enne<\/span><\/span> (RTG) annonce la distinction de plusieurs hauts cadres guin\u00e9ens pour leur contribution \u00e0 la mise en \u0153uvre du projet strat\u00e9gique de <span class=\"hover:entity-accent entity-underline inline cursor-pointer align-baseline\"><span class=\"whitespace-normal\">Simandou<\/span><\/span>.<\/p>\n<p data-start=\"415\" data-end=\"812\">\u00c0 travers ce d\u00e9cret portant attribution de la m\u00e9daille d\u2019honneur du travail dans l\u2019ordre du m\u00e9rite, le pr\u00e9sident de la R\u00e9publique, <span class=\"hover:entity-accent entity-underline inline cursor-pointer align-baseline\"><span class=\"whitespace-normal\">Mamadi Doumbouya<\/span><\/span>, s\u2019appuie sur les dispositions constitutionnelles pour saluer l\u2019engagement de personnalit\u00e9s ayant particip\u00e9 au d\u00e9veloppement des infrastructures ferroviaires et portuaires li\u00e9es \u00e0 l\u2019exploitation des gisements de fer de Simandou.<\/p>\n<p data-start=\"814\" data-end=\"1048\">Selon le texte, cette distinction vise \u00e0 r\u00e9compenser \u00ab leur d\u00e9vouement, leurs valeurs professionnelles et leur contribution \u00bb \u00e0 ce projet d\u2019envergure nationale, consid\u00e9r\u00e9 comme un levier majeur de croissance \u00e9conomique pour la Guin\u00e9e.<\/p>\n<p data-start=\"1050\" data-end=\"1111\">Les r\u00e9cipiendaires de la m\u00e9daille d\u2019honneur du travail sont :<\/p>\n<ul data-start=\"1113\" data-end=\"1587\">\n<li data-section-id=\"1ejynoc\" data-start=\"1113\" data-end=\"1151\">Moussa Magassouba, ancien ministre<\/li>\n<li data-section-id=\"18e5b66\" data-start=\"1152\" data-end=\"1189\">Dr Lancin\u00e9 Cond\u00e9, ancien ministre<\/li>\n<li data-section-id=\"1aogh8\" data-start=\"1190\" data-end=\"1223\">Moussa Ciss\u00e9, ancien ministre<\/li>\n<li data-section-id=\"kdec5c\" data-start=\"1224\" data-end=\"1287\">Bokar Baila Ly, ancien conseiller principal \u00e0 la pr\u00e9sidence<\/li>\n<li data-section-id=\"j56ui7\" data-start=\"1288\" data-end=\"1363\">Halimatou Kaba, ancienne conseill\u00e8re charg\u00e9e de mission \u00e0 la pr\u00e9sidence<\/li>\n<li data-section-id=\"yom6pw\" data-start=\"1364\" data-end=\"1483\">Ma\u00efmouna Diakhabi, conseill\u00e8re \u00e0 la pr\u00e9sidence charg\u00e9e de la strat\u00e9gie de croissance et du d\u00e9veloppement \u00e9conomique<\/li>\n<li data-section-id=\"zb2p01\" data-start=\"1484\" data-end=\"1587\">Isma\u00ebl Ke\u00efta, ancien administrateur g\u00e9n\u00e9ral de l\u2019Administration de contr\u00f4le des grands projets (ACGP)<\/li>\n<\/ul>\n<p data-start=\"1589\" data-end=\"1678\">Le d\u00e9cret pr\u00e9cise, en son article 2, qu\u2019il prend effet \u00e0 compter de sa date de signature.<\/p>\n<p data-start=\"1680\" data-end=\"2078\" data-is-last-node=\"\" data-is-only-node=\"\">Si cette reconnaissance officielle met en lumi\u00e8re le r\u00f4le de ces cadres dans l\u2019avancement d\u2019un projet structurant pour l\u2019\u00e9conomie nationale, elle soul\u00e8ve \u00e9galement des interrogations : ces distinctions refl\u00e8tent-elles une \u00e9valuation transparente et inclusive des contributions au projet Simandou, ou traduisent-elles une reconnaissance s\u00e9lective des acteurs proches des sph\u00e8res d\u00e9cisionnelles ?<\/p>\n<\/div>\n<\/div>\n<\/div>\n<\/div>\n<div class=\"z-0 flex min-h-[46px] justify-start\">Karim Camara<\/div>\n<div class=\"mt-3 w-full empty:hidden\">\n<div class=\"text-center\"><\/div>\n<\/div>\n<\/div>\n<\/div>\n<\/section>\n<\/div>\n<div class=\"pointer-events-none h-px w-px absolute bottom-0\" aria-hidden=\"true\" data-edge=\"true\"><\/div>\n","protected":false},"excerpt":{"rendered":"<p>Un d\u00e9cret pr\u00e9sidentiel lu ce dimanche 5 avril 2026 au journal de la Radiodiffusion T\u00e9l\u00e9vision Guin\u00e9enne (RTG) annonce la distinction de plusieurs hauts cadres guin\u00e9ens pour leur contribution \u00e0 la mise en \u0153uvre du projet strat\u00e9gique de Simandou. \u00c0 travers ce d\u00e9cret portant attribution de la m\u00e9daille d\u2019honneur du travail dans l\u2019ordre du m\u00e9rite, le [&hellip;]<\/p>\n","protected":false},"author":3,"featured_media":2617,"comment_status":"open","ping_status":"open","sticky":false,"template":"","format":"standard","meta":{"jnews-multi-image_gallery":[],"jnews_single_post":[],"jnews_primary_category":[],"jnews_override_counter":[],"footnotes":""},"categories":[2,18],"tags":[],"class_list":["post-9862","post","type-post","status-publish","format-standard","has-post-thumbnail","hentry","category-actualites","category-mine"],"yoast_head":"<!-- This site is optimized with the Yoast SEO plugin v26.9 - https:\/\/yoast.com\/product\/yoast-seo-wordpress\/ -->\n<title>Simandou : Mamadi Doumbouya d\u00e9core plusieurs hauts cadres, reconnaissance m\u00e9rit\u00e9e ou r\u00e9compense controvers\u00e9e ? - Guineeline<\/title>\n<meta name=\"robots\" content=\"index, follow, max-snippet:-1, max-image-preview:large, max-video-preview:-1\" \/>\n<link rel=\"canonical\" href=\"https:\/\/www.guineeline.net\/index.php\/2026\/04\/06\/simandou-mamadi-doumbouya-decore-plusieurs-hauts-cadres-reconnaissance-meritee-ou-recompense-controversee\/\" \/>\n<meta property=\"og:locale\" content=\"fr_FR\" \/>\n<meta property=\"og:type\" content=\"article\" \/>\n<meta property=\"og:title\" content=\"Simandou : Mamadi Doumbouya d\u00e9core plusieurs hauts cadres, reconnaissance m\u00e9rit\u00e9e ou r\u00e9compense controvers\u00e9e ? - Guineeline\" \/>\n<meta property=\"og:description\" content=\"Un d\u00e9cret pr\u00e9sidentiel lu ce dimanche 5 avril 2026 au journal de la Radiodiffusion T\u00e9l\u00e9vision Guin\u00e9enne (RTG) annonce la distinction de plusieurs hauts cadres guin\u00e9ens pour leur contribution \u00e0 la mise en \u0153uvre du projet strat\u00e9gique de Simandou. \u00c0 travers ce d\u00e9cret portant attribution de la m\u00e9daille d\u2019honneur du travail dans l\u2019ordre du m\u00e9rite, le [&hellip;]\" \/>\n<meta property=\"og:url\" content=\"https:\/\/www.guineeline.net\/index.php\/2026\/04\/06\/simandou-mamadi-doumbouya-decore-plusieurs-hauts-cadres-reconnaissance-meritee-ou-recompense-controversee\/\" \/>\n<meta property=\"og:site_name\" content=\"Guineeline\" \/>\n<meta property=\"article:published_time\" content=\"2026-04-06T00:19:11+00:00\" \/>\n<meta property=\"og:image\" content=\"https:\/\/www.guineeline.net\/wp-content\/uploads\/2025\/05\/GL-Doubouya.webp\" \/>\n\t<meta property=\"og:image:width\" content=\"1920\" \/>\n\t<meta property=\"og:image:height\" content=\"1280\" \/>\n\t<meta property=\"og:image:type\" content=\"image\/webp\" \/>\n<meta name=\"author\" content=\"Guineeline\" \/>\n<meta name=\"twitter:card\" content=\"summary_large_image\" \/>\n<meta name=\"twitter:label1\" content=\"\u00c9crit par\" \/>\n\t<meta name=\"twitter:data1\" content=\"Guineeline\" \/>\n\t<meta name=\"twitter:label2\" content=\"Dur\u00e9e de lecture estim\u00e9e\" \/>\n\t<meta name=\"twitter:data2\" content=\"2 minutes\" \/>\n<script type=\"application\/ld+json\" class=\"yoast-schema-graph\">{\"@context\":\"https:\/\/schema.org\",\"@graph\":[{\"@type\":\"Article\",\"@id\":\"https:\/\/www.guineeline.net\/index.php\/2026\/04\/06\/simandou-mamadi-doumbouya-decore-plusieurs-hauts-cadres-reconnaissance-meritee-ou-recompense-controversee\/#article\",\"isPartOf\":{\"@id\":\"https:\/\/www.guineeline.net\/index.php\/2026\/04\/06\/simandou-mamadi-doumbouya-decore-plusieurs-hauts-cadres-reconnaissance-meritee-ou-recompense-controversee\/\"},\"author\":{\"name\":\"Guineeline\",\"@id\":\"https:\/\/www.guineeline.net\/#\/schema\/person\/f5914e0a4c56cc8f4aa0922cc547a390\"},\"headline\":\"Simandou : Mamadi Doumbouya d\u00e9core plusieurs hauts cadres, reconnaissance m\u00e9rit\u00e9e ou r\u00e9compense controvers\u00e9e ?\",\"datePublished\":\"2026-04-06T00:19:11+00:00\",\"mainEntityOfPage\":{\"@id\":\"https:\/\/www.guineeline.net\/index.php\/2026\/04\/06\/simandou-mamadi-doumbouya-decore-plusieurs-hauts-cadres-reconnaissance-meritee-ou-recompense-controversee\/\"},\"wordCount\":321,\"commentCount\":0,\"image\":{\"@id\":\"https:\/\/www.guineeline.net\/index.php\/2026\/04\/06\/simandou-mamadi-doumbouya-decore-plusieurs-hauts-cadres-reconnaissance-meritee-ou-recompense-controversee\/#primaryimage\"},\"thumbnailUrl\":\"https:\/\/www.guineeline.net\/wp-content\/uploads\/2025\/05\/GL-Doubouya.webp\",\"articleSection\":[\"Actualit\u00e9s\",\"Mines\"],\"inLanguage\":\"fr-FR\",\"potentialAction\":[{\"@type\":\"CommentAction\",\"name\":\"Comment\",\"target\":[\"https:\/\/www.guineeline.net\/index.php\/2026\/04\/06\/simandou-mamadi-doumbouya-decore-plusieurs-hauts-cadres-reconnaissance-meritee-ou-recompense-controversee\/#respond\"]}]},{\"@type\":\"WebPage\",\"@id\":\"https:\/\/www.guineeline.net\/index.php\/2026\/04\/06\/simandou-mamadi-doumbouya-decore-plusieurs-hauts-cadres-reconnaissance-meritee-ou-recompense-controversee\/\",\"url\":\"https:\/\/www.guineeline.net\/index.php\/2026\/04\/06\/simandou-mamadi-doumbouya-decore-plusieurs-hauts-cadres-reconnaissance-meritee-ou-recompense-controversee\/\",\"name\":\"Simandou : Mamadi Doumbouya d\u00e9core plusieurs hauts cadres, reconnaissance m\u00e9rit\u00e9e ou r\u00e9compense controvers\u00e9e ? - Guineeline\",\"isPartOf\":{\"@id\":\"https:\/\/www.guineeline.net\/#website\"},\"primaryImageOfPage\":{\"@id\":\"https:\/\/www.guineeline.net\/index.php\/2026\/04\/06\/simandou-mamadi-doumbouya-decore-plusieurs-hauts-cadres-reconnaissance-meritee-ou-recompense-controversee\/#primaryimage\"},\"image\":{\"@id\":\"https:\/\/www.guineeline.net\/index.php\/2026\/04\/06\/simandou-mamadi-doumbouya-decore-plusieurs-hauts-cadres-reconnaissance-meritee-ou-recompense-controversee\/#primaryimage\"},\"thumbnailUrl\":\"https:\/\/www.guineeline.net\/wp-content\/uploads\/2025\/05\/GL-Doubouya.webp\",\"datePublished\":\"2026-04-06T00:19:11+00:00\",\"author\":{\"@id\":\"https:\/\/www.guineeline.net\/#\/schema\/person\/f5914e0a4c56cc8f4aa0922cc547a390\"},\"breadcrumb\":{\"@id\":\"https:\/\/www.guineeline.net\/index.php\/2026\/04\/06\/simandou-mamadi-doumbouya-decore-plusieurs-hauts-cadres-reconnaissance-meritee-ou-recompense-controversee\/#breadcrumb\"},\"inLanguage\":\"fr-FR\",\"potentialAction\":[{\"@type\":\"ReadAction\",\"target\":[\"https:\/\/www.guineeline.net\/index.php\/2026\/04\/06\/simandou-mamadi-doumbouya-decore-plusieurs-hauts-cadres-reconnaissance-meritee-ou-recompense-controversee\/\"]}]},{\"@type\":\"ImageObject\",\"inLanguage\":\"fr-FR\",\"@id\":\"https:\/\/www.guineeline.net\/index.php\/2026\/04\/06\/simandou-mamadi-doumbouya-decore-plusieurs-hauts-cadres-reconnaissance-meritee-ou-recompense-controversee\/#primaryimage\",\"url\":\"https:\/\/www.guineeline.net\/wp-content\/uploads\/2025\/05\/GL-Doubouya.webp\",\"contentUrl\":\"https:\/\/www.guineeline.net\/wp-content\/uploads\/2025\/05\/GL-Doubouya.webp\",\"width\":1920,\"height\":1280},{\"@type\":\"BreadcrumbList\",\"@id\":\"https:\/\/www.guineeline.net\/index.php\/2026\/04\/06\/simandou-mamadi-doumbouya-decore-plusieurs-hauts-cadres-reconnaissance-meritee-ou-recompense-controversee\/#breadcrumb\",\"itemListElement\":[{\"@type\":\"ListItem\",\"position\":1,\"name\":\"Accueil\",\"item\":\"https:\/\/www.guineeline.net\/\"},{\"@type\":\"ListItem\",\"position\":2,\"name\":\"Simandou : Mamadi Doumbouya d\u00e9core plusieurs hauts cadres, reconnaissance m\u00e9rit\u00e9e ou r\u00e9compense controvers\u00e9e ?\"}]},{\"@type\":\"WebSite\",\"@id\":\"https:\/\/www.guineeline.net\/#website\",\"url\":\"https:\/\/www.guineeline.net\/\",\"name\":\"Guineeline\",\"description\":\"L&#039;information en un clic\",\"potentialAction\":[{\"@type\":\"SearchAction\",\"target\":{\"@type\":\"EntryPoint\",\"urlTemplate\":\"https:\/\/www.guineeline.net\/?s={search_term_string}\"},\"query-input\":{\"@type\":\"PropertyValueSpecification\",\"valueRequired\":true,\"valueName\":\"search_term_string\"}}],\"inLanguage\":\"fr-FR\"},{\"@type\":\"Person\",\"@id\":\"https:\/\/www.guineeline.net\/#\/schema\/person\/f5914e0a4c56cc8f4aa0922cc547a390\",\"name\":\"Guineeline\",\"image\":{\"@type\":\"ImageObject\",\"inLanguage\":\"fr-FR\",\"@id\":\"https:\/\/www.guineeline.net\/#\/schema\/person\/image\/\",\"url\":\"https:\/\/secure.gravatar.com\/avatar\/432ce140236c408fa05ea28acd193ba03163acdd0efbe444c1c44957b8a29a2a?s=96&d=mm&r=g\",\"contentUrl\":\"https:\/\/secure.gravatar.com\/avatar\/432ce140236c408fa05ea28acd193ba03163acdd0efbe444c1c44957b8a29a2a?s=96&d=mm&r=g\",\"caption\":\"Guineeline\"},\"url\":\"https:\/\/www.guineeline.net\/index.php\/author\/admin\/\"}]}<\/script>\n<!-- \/ Yoast SEO plugin. -->","yoast_head_json":{"title":"Simandou : Mamadi Doumbouya d\u00e9core plusieurs hauts cadres, reconnaissance m\u00e9rit\u00e9e ou r\u00e9compense controvers\u00e9e ? - Guineeline","robots":{"index":"index","follow":"follow","max-snippet":"max-snippet:-1","max-image-preview":"max-image-preview:large","max-video-preview":"max-video-preview:-1"},"canonical":"https:\/\/www.guineeline.net\/index.php\/2026\/04\/06\/simandou-mamadi-doumbouya-decore-plusieurs-hauts-cadres-reconnaissance-meritee-ou-recompense-controversee\/","og_locale":"fr_FR","og_type":"article","og_title":"Simandou : Mamadi Doumbouya d\u00e9core plusieurs hauts cadres, reconnaissance m\u00e9rit\u00e9e ou r\u00e9compense controvers\u00e9e ? - Guineeline","og_description":"Un d\u00e9cret pr\u00e9sidentiel lu ce dimanche 5 avril 2026 au journal de la Radiodiffusion T\u00e9l\u00e9vision Guin\u00e9enne (RTG) annonce la distinction de plusieurs hauts cadres guin\u00e9ens pour leur contribution \u00e0 la mise en \u0153uvre du projet strat\u00e9gique de Simandou. \u00c0 travers ce d\u00e9cret portant attribution de la m\u00e9daille d\u2019honneur du travail dans l\u2019ordre du m\u00e9rite, le [&hellip;]","og_url":"https:\/\/www.guineeline.net\/index.php\/2026\/04\/06\/simandou-mamadi-doumbouya-decore-plusieurs-hauts-cadres-reconnaissance-meritee-ou-recompense-controversee\/","og_site_name":"Guineeline","article_published_time":"2026-04-06T00:19:11+00:00","og_image":[{"width":1920,"height":1280,"url":"https:\/\/www.guineeline.net\/wp-content\/uploads\/2025\/05\/GL-Doubouya.webp","type":"image\/webp"}],"author":"Guineeline","twitter_card":"summary_large_image","twitter_misc":{"\u00c9crit par":"Guineeline","Dur\u00e9e de lecture estim\u00e9e":"2 minutes"},"schema":{"@context":"https:\/\/schema.org","@graph":[{"@type":"Article","@id":"https:\/\/www.guineeline.net\/index.php\/2026\/04\/06\/simandou-mamadi-doumbouya-decore-plusieurs-hauts-cadres-reconnaissance-meritee-ou-recompense-controversee\/#article","isPartOf":{"@id":"https:\/\/www.guineeline.net\/index.php\/2026\/04\/06\/simandou-mamadi-doumbouya-decore-plusieurs-hauts-cadres-reconnaissance-meritee-ou-recompense-controversee\/"},"author":{"name":"Guineeline","@id":"https:\/\/www.guineeline.net\/#\/schema\/person\/f5914e0a4c56cc8f4aa0922cc547a390"},"headline":"Simandou : Mamadi Doumbouya d\u00e9core plusieurs hauts cadres, reconnaissance m\u00e9rit\u00e9e ou r\u00e9compense controvers\u00e9e ?","datePublished":"2026-04-06T00:19:11+00:00","mainEntityOfPage":{"@id":"https:\/\/www.guineeline.net\/index.php\/2026\/04\/06\/simandou-mamadi-doumbouya-decore-plusieurs-hauts-cadres-reconnaissance-meritee-ou-recompense-controversee\/"},"wordCount":321,"commentCount":0,"image":{"@id":"https:\/\/www.guineeline.net\/index.php\/2026\/04\/06\/simandou-mamadi-doumbouya-decore-plusieurs-hauts-cadres-reconnaissance-meritee-ou-recompense-controversee\/#primaryimage"},"thumbnailUrl":"https:\/\/www.guineeline.net\/wp-content\/uploads\/2025\/05\/GL-Doubouya.webp","articleSection":["Actualit\u00e9s","Mines"],"inLanguage":"fr-FR","potentialAction":[{"@type":"CommentAction","name":"Comment","target":["https:\/\/www.guineeline.net\/index.php\/2026\/04\/06\/simandou-mamadi-doumbouya-decore-plusieurs-hauts-cadres-reconnaissance-meritee-ou-recompense-controversee\/#respond"]}]},{"@type":"WebPage","@id":"https:\/\/www.guineeline.net\/index.php\/2026\/04\/06\/simandou-mamadi-doumbouya-decore-plusieurs-hauts-cadres-reconnaissance-meritee-ou-recompense-controversee\/","url":"https:\/\/www.guineeline.net\/index.php\/2026\/04\/06\/simandou-mamadi-doumbouya-decore-plusieurs-hauts-cadres-reconnaissance-meritee-ou-recompense-controversee\/","name":"Simandou : Mamadi Doumbouya d\u00e9core plusieurs hauts cadres, reconnaissance m\u00e9rit\u00e9e ou r\u00e9compense controvers\u00e9e ? - Guineeline","isPartOf":{"@id":"https:\/\/www.guineeline.net\/#website"},"primaryImageOfPage":{"@id":"https:\/\/www.guineeline.net\/index.php\/2026\/04\/06\/simandou-mamadi-doumbouya-decore-plusieurs-hauts-cadres-reconnaissance-meritee-ou-recompense-controversee\/#primaryimage"},"image":{"@id":"https:\/\/www.guineeline.net\/index.php\/2026\/04\/06\/simandou-mamadi-doumbouya-decore-plusieurs-hauts-cadres-reconnaissance-meritee-ou-recompense-controversee\/#primaryimage"},"thumbnailUrl":"https:\/\/www.guineeline.net\/wp-content\/uploads\/2025\/05\/GL-Doubouya.webp","datePublished":"2026-04-06T00:19:11+00:00","author":{"@id":"https:\/\/www.guineeline.net\/#\/schema\/person\/f5914e0a4c56cc8f4aa0922cc547a390"},"breadcrumb":{"@id":"https:\/\/www.guineeline.net\/index.php\/2026\/04\/06\/simandou-mamadi-doumbouya-decore-plusieurs-hauts-cadres-reconnaissance-meritee-ou-recompense-controversee\/#breadcrumb"},"inLanguage":"fr-FR","potentialAction":[{"@type":"ReadAction","target":["https:\/\/www.guineeline.net\/index.php\/2026\/04\/06\/simandou-mamadi-doumbouya-decore-plusieurs-hauts-cadres-reconnaissance-meritee-ou-recompense-controversee\/"]}]},{"@type":"ImageObject","inLanguage":"fr-FR","@id":"https:\/\/www.guineeline.net\/index.php\/2026\/04\/06\/simandou-mamadi-doumbouya-decore-plusieurs-hauts-cadres-reconnaissance-meritee-ou-recompense-controversee\/#primaryimage","url":"https:\/\/www.guineeline.net\/wp-content\/uploads\/2025\/05\/GL-Doubouya.webp","contentUrl":"https:\/\/www.guineeline.net\/wp-content\/uploads\/2025\/05\/GL-Doubouya.webp","width":1920,"height":1280},{"@type":"BreadcrumbList","@id":"https:\/\/www.guineeline.net\/index.php\/2026\/04\/06\/simandou-mamadi-doumbouya-decore-plusieurs-hauts-cadres-reconnaissance-meritee-ou-recompense-controversee\/#breadcrumb","itemListElement":[{"@type":"ListItem","position":1,"name":"Accueil","item":"https:\/\/www.guineeline.net\/"},{"@type":"ListItem","position":2,"name":"Simandou : Mamadi Doumbouya d\u00e9core plusieurs hauts cadres, reconnaissance m\u00e9rit\u00e9e ou r\u00e9compense controvers\u00e9e ?"}]},{"@type":"WebSite","@id":"https:\/\/www.guineeline.net\/#website","url":"https:\/\/www.guineeline.net\/","name":"Guineeline","description":"L&#039;information en un clic","potentialAction":[{"@type":"SearchAction","target":{"@type":"EntryPoint","urlTemplate":"https:\/\/www.guineeline.net\/?s={search_term_string}"},"query-input":{"@type":"PropertyValueSpecification","valueRequired":true,"valueName":"search_term_string"}}],"inLanguage":"fr-FR"},{"@type":"Person","@id":"https:\/\/www.guineeline.net\/#\/schema\/person\/f5914e0a4c56cc8f4aa0922cc547a390","name":"Guineeline","image":{"@type":"ImageObject","inLanguage":"fr-FR","@id":"https:\/\/www.guineeline.net\/#\/schema\/person\/image\/","url":"https:\/\/secure.gravatar.com\/avatar\/432ce140236c408fa05ea28acd193ba03163acdd0efbe444c1c44957b8a29a2a?s=96&d=mm&r=g","contentUrl":"https:\/\/secure.gravatar.com\/avatar\/432ce140236c408fa05ea28acd193ba03163acdd0efbe444c1c44957b8a29a2a?s=96&d=mm&r=g","caption":"Guineeline"},"url":"https:\/\/www.guineeline.net\/index.php\/author\/admin\/"}]}},"_links":{"self":[{"href":"https:\/\/www.guineeline.net\/index.php\/wp-json\/wp\/v2\/posts\/9862","targetHints":{"allow":["GET"]}}],"collection":[{"href":"https:\/\/www.guineeline.net\/index.php\/wp-json\/wp\/v2\/posts"}],"about":[{"href":"https:\/\/www.guineeline.net\/index.php\/wp-json\/wp\/v2\/types\/post"}],"author":[{"embeddable":true,"href":"https:\/\/www.guineeline.net\/index.php\/wp-json\/wp\/v2\/users\/3"}],"replies":[{"embeddable":true,"href":"https:\/\/www.guineeline.net\/index.php\/wp-json\/wp\/v2\/comments?post=9862"}],"version-history":[{"count":1,"href":"https:\/\/www.guineeline.net\/index.php\/wp-json\/wp\/v2\/posts\/9862\/revisions"}],"predecessor-version":[{"id":9863,"href":"https:\/\/www.guineeline.net\/index.php\/wp-json\/wp\/v2\/posts\/9862\/revisions\/9863"}],"wp:featuredmedia":[{"embeddable":true,"href":"https:\/\/www.guineeline.net\/index.php\/wp-json\/wp\/v2\/media\/2617"}],"wp:attachment":[{"href":"https:\/\/www.guineeline.net\/index.php\/wp-json\/wp\/v2\/media?parent=9862"}],"wp:term":[{"taxonomy":"category","embeddable":true,"href":"https:\/\/www.guineeline.net\/index.php\/wp-json\/wp\/v2\/categories?post=9862"},{"taxonomy":"post_tag","embeddable":true,"href":"https:\/\/www.guineeline.net\/index.php\/wp-json\/wp\/v2\/tags?post=9862"}],"curies":[{"name":"wp","href":"https:\/\/api.w.org\/{rel}","templated":true}]}}