{"id":9850,"date":"2026-03-31T18:58:13","date_gmt":"2026-03-31T16:58:13","guid":{"rendered":"https:\/\/www.guineeline.net\/?p=9850"},"modified":"2026-03-31T19:14:40","modified_gmt":"2026-03-31T17:14:40","slug":"inclusion-des-femmes-dans-les-mines-action-mines-guinee-informe-et-sensibilise-a-conakry","status":"publish","type":"post","link":"https:\/\/www.guineeline.net\/index.php\/2026\/03\/31\/inclusion-des-femmes-dans-les-mines-action-mines-guinee-informe-et-sensibilise-a-conakry\/","title":{"rendered":"Inclusion des femmes dans les mines : Action Mines Guin\u00e9e informe et sensibilise \u00e0 Conakry"},"content":{"rendered":"<p><strong>Dans le cadre du mois d\u00e9di\u00e9 \u00e0 la c\u00e9l\u00e9bration des droits des femmes, Action Mines Guin\u00e9e a men\u00e9 une s\u00e9rie d\u2019activit\u00e9s les 26, 27 et 28 mars 2026 \u00e0 Conakry pour promouvoir l\u2019inclusion des femmes dans le secteur minier. Entre sensibilisation en milieu scolaire et organisation d\u2019un panel, l\u2019ONG entend susciter des vocations et renforcer la participation f\u00e9minine dans un secteur strat\u00e9gique. Cette initiative avait pour vocation principale, la sensibilisation des \u00e9l\u00e8ves pour susciter chez elles des vocations d\u00e8s le jeune \u00e2ge.<\/strong><\/p>\n<p><img fetchpriority=\"high\" decoding=\"async\" class=\"alignnone wp-image-9852 size-full\" src=\"https:\/\/www.guineeline.net\/wp-content\/uploads\/2026\/03\/DSC_9108-scaled.jpg\" alt=\"\" width=\"2560\" height=\"1707\" srcset=\"https:\/\/www.guineeline.net\/wp-content\/uploads\/2026\/03\/DSC_9108-scaled.jpg 2560w, https:\/\/www.guineeline.net\/wp-content\/uploads\/2026\/03\/DSC_9108-300x200.jpg 300w, https:\/\/www.guineeline.net\/wp-content\/uploads\/2026\/03\/DSC_9108-1024x683.jpg 1024w, https:\/\/www.guineeline.net\/wp-content\/uploads\/2026\/03\/DSC_9108-768x512.jpg 768w, https:\/\/www.guineeline.net\/wp-content\/uploads\/2026\/03\/DSC_9108-1536x1024.jpg 1536w, https:\/\/www.guineeline.net\/wp-content\/uploads\/2026\/03\/DSC_9108-2048x1365.jpg 2048w, https:\/\/www.guineeline.net\/wp-content\/uploads\/2026\/03\/DSC_9108-750x500.jpg 750w, https:\/\/www.guineeline.net\/wp-content\/uploads\/2026\/03\/DSC_9108-1140x760.jpg 1140w\" sizes=\"(max-width: 2560px) 100vw, 2560px\" \/><\/p>\n<p>Les 26 et 27 mars 2026, une d\u00e9l\u00e9gation de l\u2019ONG s\u2019est rendue respectivement au Groupe scolaire S\u00e9kou Camara et au Groupe scolaire d\u2019Excellence Le Prince, situ\u00e9s \u00e0 Conakry. L\u2019objectif \u00e9tant d\u2019informer les \u00e9l\u00e8ves, en particulier les jeunes filles, aux opportunit\u00e9s offertes par le secteur minier et comment y acc\u00e9der.<\/p>\n<p>Au cours de ces rencontres, les interventions ont port\u00e9 sur les r\u00e9alit\u00e9s du secteur extractif, les m\u00e9tiers disponibles ainsi que les parcours acad\u00e9miques n\u00e9cessaires pour y acc\u00e9der. Les \u00e9changes, interactifs et participatifs, ont permis de d\u00e9construire les id\u00e9es re\u00e7ues sur un domaine encore largement domin\u00e9 par les hommes. Selon les organisatrices, \u00ab\u00a0<em>ces sessions ont suscit\u00e9 un vif int\u00e9r\u00eat chez les \u00e9l\u00e8ves, notamment les jeunes filles, qui ont exprim\u00e9 leur volont\u00e9 d\u2019explorer des carri\u00e8res dans les industries mini\u00e8res.\u00a0\u00bb<\/em><\/p>\n<p><strong>Un panel pour renforcer les capacit\u00e9s et inspirer les participantes<\/strong><\/p>\n<p><img decoding=\"async\" class=\"alignnone wp-image-9855 size-full\" src=\"https:\/\/www.guineeline.net\/wp-content\/uploads\/2026\/03\/WhatsApp-Image-2026-03-31-at-14.54.52.jpeg\" alt=\"\" width=\"1600\" height=\"918\" srcset=\"https:\/\/www.guineeline.net\/wp-content\/uploads\/2026\/03\/WhatsApp-Image-2026-03-31-at-14.54.52.jpeg 1600w, https:\/\/www.guineeline.net\/wp-content\/uploads\/2026\/03\/WhatsApp-Image-2026-03-31-at-14.54.52-300x172.jpeg 300w, https:\/\/www.guineeline.net\/wp-content\/uploads\/2026\/03\/WhatsApp-Image-2026-03-31-at-14.54.52-1024x588.jpeg 1024w, https:\/\/www.guineeline.net\/wp-content\/uploads\/2026\/03\/WhatsApp-Image-2026-03-31-at-14.54.52-768x441.jpeg 768w, https:\/\/www.guineeline.net\/wp-content\/uploads\/2026\/03\/WhatsApp-Image-2026-03-31-at-14.54.52-1536x881.jpeg 1536w, https:\/\/www.guineeline.net\/wp-content\/uploads\/2026\/03\/WhatsApp-Image-2026-03-31-at-14.54.52-750x430.jpeg 750w, https:\/\/www.guineeline.net\/wp-content\/uploads\/2026\/03\/WhatsApp-Image-2026-03-31-at-14.54.52-1140x654.jpeg 1140w\" sizes=\"(max-width: 1600px) 100vw, 1600px\" \/><\/p>\n<p>Dans la continuit\u00e9 de ces activit\u00e9s, Action Mines Guin\u00e9e a organis\u00e9, le samedi 28 mars 2026, un panel de discussion \u00e0 son si\u00e8ge \u00e0 Conakry, autour du th\u00e8me : <em><strong>\u00ab Promouvoir l\u2019inclusion des femmes dans le secteur minier et renforcer la connaissance et la d\u00e9fense de leurs droits \u00bb<\/strong><\/em><em>.<\/em><\/p>\n<p>Ce panel a \u00e9t\u00e9 anim\u00e9 par des femmes issues du secteur minier et de la soci\u00e9t\u00e9 civile, venues partager leurs exp\u00e9riences et leurs parcours professionnels. Les discussions ont port\u00e9 sur les opportunit\u00e9s d\u2019emploi, les d\u00e9fis li\u00e9s au genre, ainsi que les strat\u00e9gies pour renforcer la participation des femmes dans ce secteur.<\/p>\n<p>Les participantes ont \u00e9galement b\u00e9n\u00e9fici\u00e9 de conseils pratiques sur les comp\u00e9tences \u00e0 d\u00e9velopper et les parcours \u00e0 suivre pour int\u00e9grer durablement le secteur minier.<\/p>\n<p>Bo\u00e8bo\u00e8 BEAVOGUI<\/p>\n","protected":false},"excerpt":{"rendered":"<p>Dans le cadre du mois d\u00e9di\u00e9 \u00e0 la c\u00e9l\u00e9bration des droits des femmes, Action Mines Guin\u00e9e a men\u00e9 une s\u00e9rie d\u2019activit\u00e9s les 26, 27 et 28 mars 2026 \u00e0 Conakry pour promouvoir l\u2019inclusion des femmes dans le secteur minier. Entre sensibilisation en milieu scolaire et organisation d\u2019un panel, l\u2019ONG entend susciter des vocations et renforcer [&hellip;]<\/p>\n","protected":false},"author":3,"featured_media":9851,"comment_status":"open","ping_status":"open","sticky":false,"template":"","format":"standard","meta":{"jnews-multi-image_gallery":[],"jnews_single_post":[],"jnews_primary_category":[],"jnews_override_counter":[],"footnotes":""},"categories":[2],"tags":[],"class_list":["post-9850","post","type-post","status-publish","format-standard","has-post-thumbnail","hentry","category-actualites"],"yoast_head":"<!-- This site is optimized with the Yoast SEO plugin v26.9 - https:\/\/yoast.com\/product\/yoast-seo-wordpress\/ -->\n<title>Inclusion des femmes dans les mines : Action Mines Guin\u00e9e informe et sensibilise \u00e0 Conakry - Guineeline<\/title>\n<meta name=\"robots\" content=\"index, follow, max-snippet:-1, max-image-preview:large, max-video-preview:-1\" \/>\n<link rel=\"canonical\" href=\"https:\/\/www.guineeline.net\/index.php\/2026\/03\/31\/inclusion-des-femmes-dans-les-mines-action-mines-guinee-informe-et-sensibilise-a-conakry\/\" \/>\n<meta property=\"og:locale\" content=\"fr_FR\" \/>\n<meta property=\"og:type\" content=\"article\" \/>\n<meta property=\"og:title\" content=\"Inclusion des femmes dans les mines : Action Mines Guin\u00e9e informe et sensibilise \u00e0 Conakry - Guineeline\" \/>\n<meta property=\"og:description\" content=\"Dans le cadre du mois d\u00e9di\u00e9 \u00e0 la c\u00e9l\u00e9bration des droits des femmes, Action Mines Guin\u00e9e a men\u00e9 une s\u00e9rie d\u2019activit\u00e9s les 26, 27 et 28 mars 2026 \u00e0 Conakry pour promouvoir l\u2019inclusion des femmes dans le secteur minier. Entre sensibilisation en milieu scolaire et organisation d\u2019un panel, l\u2019ONG entend susciter des vocations et renforcer [&hellip;]\" \/>\n<meta property=\"og:url\" content=\"https:\/\/www.guineeline.net\/index.php\/2026\/03\/31\/inclusion-des-femmes-dans-les-mines-action-mines-guinee-informe-et-sensibilise-a-conakry\/\" \/>\n<meta property=\"og:site_name\" content=\"Guineeline\" \/>\n<meta property=\"article:published_time\" content=\"2026-03-31T16:58:13+00:00\" \/>\n<meta property=\"article:modified_time\" content=\"2026-03-31T17:14:40+00:00\" \/>\n<meta property=\"og:image\" content=\"https:\/\/www.guineeline.net\/wp-content\/uploads\/2026\/03\/DSC_0017-scaled.jpg\" \/>\n\t<meta property=\"og:image:width\" content=\"2560\" \/>\n\t<meta property=\"og:image:height\" content=\"1076\" \/>\n\t<meta property=\"og:image:type\" content=\"image\/jpeg\" \/>\n<meta name=\"author\" content=\"Guineeline\" \/>\n<meta name=\"twitter:card\" content=\"summary_large_image\" \/>\n<meta name=\"twitter:label1\" content=\"\u00c9crit par\" \/>\n\t<meta name=\"twitter:data1\" content=\"Guineeline\" \/>\n\t<meta name=\"twitter:label2\" content=\"Dur\u00e9e de lecture estim\u00e9e\" \/>\n\t<meta name=\"twitter:data2\" content=\"3 minutes\" \/>\n<script type=\"application\/ld+json\" class=\"yoast-schema-graph\">{\"@context\":\"https:\/\/schema.org\",\"@graph\":[{\"@type\":\"Article\",\"@id\":\"https:\/\/www.guineeline.net\/index.php\/2026\/03\/31\/inclusion-des-femmes-dans-les-mines-action-mines-guinee-informe-et-sensibilise-a-conakry\/#article\",\"isPartOf\":{\"@id\":\"https:\/\/www.guineeline.net\/index.php\/2026\/03\/31\/inclusion-des-femmes-dans-les-mines-action-mines-guinee-informe-et-sensibilise-a-conakry\/\"},\"author\":{\"name\":\"Guineeline\",\"@id\":\"https:\/\/www.guineeline.net\/#\/schema\/person\/f5914e0a4c56cc8f4aa0922cc547a390\"},\"headline\":\"Inclusion des femmes dans les mines : Action Mines Guin\u00e9e informe et sensibilise \u00e0 Conakry\",\"datePublished\":\"2026-03-31T16:58:13+00:00\",\"dateModified\":\"2026-03-31T17:14:40+00:00\",\"mainEntityOfPage\":{\"@id\":\"https:\/\/www.guineeline.net\/index.php\/2026\/03\/31\/inclusion-des-femmes-dans-les-mines-action-mines-guinee-informe-et-sensibilise-a-conakry\/\"},\"wordCount\":400,\"commentCount\":0,\"image\":{\"@id\":\"https:\/\/www.guineeline.net\/index.php\/2026\/03\/31\/inclusion-des-femmes-dans-les-mines-action-mines-guinee-informe-et-sensibilise-a-conakry\/#primaryimage\"},\"thumbnailUrl\":\"https:\/\/www.guineeline.net\/wp-content\/uploads\/2026\/03\/DSC_0017-scaled.jpg\",\"articleSection\":[\"Actualit\u00e9s\"],\"inLanguage\":\"fr-FR\",\"potentialAction\":[{\"@type\":\"CommentAction\",\"name\":\"Comment\",\"target\":[\"https:\/\/www.guineeline.net\/index.php\/2026\/03\/31\/inclusion-des-femmes-dans-les-mines-action-mines-guinee-informe-et-sensibilise-a-conakry\/#respond\"]}]},{\"@type\":\"WebPage\",\"@id\":\"https:\/\/www.guineeline.net\/index.php\/2026\/03\/31\/inclusion-des-femmes-dans-les-mines-action-mines-guinee-informe-et-sensibilise-a-conakry\/\",\"url\":\"https:\/\/www.guineeline.net\/index.php\/2026\/03\/31\/inclusion-des-femmes-dans-les-mines-action-mines-guinee-informe-et-sensibilise-a-conakry\/\",\"name\":\"Inclusion des femmes dans les mines : Action Mines Guin\u00e9e informe et sensibilise \u00e0 Conakry - Guineeline\",\"isPartOf\":{\"@id\":\"https:\/\/www.guineeline.net\/#website\"},\"primaryImageOfPage\":{\"@id\":\"https:\/\/www.guineeline.net\/index.php\/2026\/03\/31\/inclusion-des-femmes-dans-les-mines-action-mines-guinee-informe-et-sensibilise-a-conakry\/#primaryimage\"},\"image\":{\"@id\":\"https:\/\/www.guineeline.net\/index.php\/2026\/03\/31\/inclusion-des-femmes-dans-les-mines-action-mines-guinee-informe-et-sensibilise-a-conakry\/#primaryimage\"},\"thumbnailUrl\":\"https:\/\/www.guineeline.net\/wp-content\/uploads\/2026\/03\/DSC_0017-scaled.jpg\",\"datePublished\":\"2026-03-31T16:58:13+00:00\",\"dateModified\":\"2026-03-31T17:14:40+00:00\",\"author\":{\"@id\":\"https:\/\/www.guineeline.net\/#\/schema\/person\/f5914e0a4c56cc8f4aa0922cc547a390\"},\"breadcrumb\":{\"@id\":\"https:\/\/www.guineeline.net\/index.php\/2026\/03\/31\/inclusion-des-femmes-dans-les-mines-action-mines-guinee-informe-et-sensibilise-a-conakry\/#breadcrumb\"},\"inLanguage\":\"fr-FR\",\"potentialAction\":[{\"@type\":\"ReadAction\",\"target\":[\"https:\/\/www.guineeline.net\/index.php\/2026\/03\/31\/inclusion-des-femmes-dans-les-mines-action-mines-guinee-informe-et-sensibilise-a-conakry\/\"]}]},{\"@type\":\"ImageObject\",\"inLanguage\":\"fr-FR\",\"@id\":\"https:\/\/www.guineeline.net\/index.php\/2026\/03\/31\/inclusion-des-femmes-dans-les-mines-action-mines-guinee-informe-et-sensibilise-a-conakry\/#primaryimage\",\"url\":\"https:\/\/www.guineeline.net\/wp-content\/uploads\/2026\/03\/DSC_0017-scaled.jpg\",\"contentUrl\":\"https:\/\/www.guineeline.net\/wp-content\/uploads\/2026\/03\/DSC_0017-scaled.jpg\",\"width\":2560,\"height\":1076},{\"@type\":\"BreadcrumbList\",\"@id\":\"https:\/\/www.guineeline.net\/index.php\/2026\/03\/31\/inclusion-des-femmes-dans-les-mines-action-mines-guinee-informe-et-sensibilise-a-conakry\/#breadcrumb\",\"itemListElement\":[{\"@type\":\"ListItem\",\"position\":1,\"name\":\"Accueil\",\"item\":\"https:\/\/www.guineeline.net\/\"},{\"@type\":\"ListItem\",\"position\":2,\"name\":\"Inclusion des femmes dans les mines : Action Mines Guin\u00e9e informe et sensibilise \u00e0 Conakry\"}]},{\"@type\":\"WebSite\",\"@id\":\"https:\/\/www.guineeline.net\/#website\",\"url\":\"https:\/\/www.guineeline.net\/\",\"name\":\"Guineeline\",\"description\":\"L&#039;information en un clic\",\"potentialAction\":[{\"@type\":\"SearchAction\",\"target\":{\"@type\":\"EntryPoint\",\"urlTemplate\":\"https:\/\/www.guineeline.net\/?s={search_term_string}\"},\"query-input\":{\"@type\":\"PropertyValueSpecification\",\"valueRequired\":true,\"valueName\":\"search_term_string\"}}],\"inLanguage\":\"fr-FR\"},{\"@type\":\"Person\",\"@id\":\"https:\/\/www.guineeline.net\/#\/schema\/person\/f5914e0a4c56cc8f4aa0922cc547a390\",\"name\":\"Guineeline\",\"image\":{\"@type\":\"ImageObject\",\"inLanguage\":\"fr-FR\",\"@id\":\"https:\/\/www.guineeline.net\/#\/schema\/person\/image\/\",\"url\":\"https:\/\/secure.gravatar.com\/avatar\/432ce140236c408fa05ea28acd193ba03163acdd0efbe444c1c44957b8a29a2a?s=96&d=mm&r=g\",\"contentUrl\":\"https:\/\/secure.gravatar.com\/avatar\/432ce140236c408fa05ea28acd193ba03163acdd0efbe444c1c44957b8a29a2a?s=96&d=mm&r=g\",\"caption\":\"Guineeline\"},\"url\":\"https:\/\/www.guineeline.net\/index.php\/author\/admin\/\"}]}<\/script>\n<!-- \/ Yoast SEO plugin. -->","yoast_head_json":{"title":"Inclusion des femmes dans les mines : Action Mines Guin\u00e9e informe et sensibilise \u00e0 Conakry - Guineeline","robots":{"index":"index","follow":"follow","max-snippet":"max-snippet:-1","max-image-preview":"max-image-preview:large","max-video-preview":"max-video-preview:-1"},"canonical":"https:\/\/www.guineeline.net\/index.php\/2026\/03\/31\/inclusion-des-femmes-dans-les-mines-action-mines-guinee-informe-et-sensibilise-a-conakry\/","og_locale":"fr_FR","og_type":"article","og_title":"Inclusion des femmes dans les mines : Action Mines Guin\u00e9e informe et sensibilise \u00e0 Conakry - Guineeline","og_description":"Dans le cadre du mois d\u00e9di\u00e9 \u00e0 la c\u00e9l\u00e9bration des droits des femmes, Action Mines Guin\u00e9e a men\u00e9 une s\u00e9rie d\u2019activit\u00e9s les 26, 27 et 28 mars 2026 \u00e0 Conakry pour promouvoir l\u2019inclusion des femmes dans le secteur minier. Entre sensibilisation en milieu scolaire et organisation d\u2019un panel, l\u2019ONG entend susciter des vocations et renforcer [&hellip;]","og_url":"https:\/\/www.guineeline.net\/index.php\/2026\/03\/31\/inclusion-des-femmes-dans-les-mines-action-mines-guinee-informe-et-sensibilise-a-conakry\/","og_site_name":"Guineeline","article_published_time":"2026-03-31T16:58:13+00:00","article_modified_time":"2026-03-31T17:14:40+00:00","og_image":[{"width":2560,"height":1076,"url":"https:\/\/www.guineeline.net\/wp-content\/uploads\/2026\/03\/DSC_0017-scaled.jpg","type":"image\/jpeg"}],"author":"Guineeline","twitter_card":"summary_large_image","twitter_misc":{"\u00c9crit par":"Guineeline","Dur\u00e9e de lecture estim\u00e9e":"3 minutes"},"schema":{"@context":"https:\/\/schema.org","@graph":[{"@type":"Article","@id":"https:\/\/www.guineeline.net\/index.php\/2026\/03\/31\/inclusion-des-femmes-dans-les-mines-action-mines-guinee-informe-et-sensibilise-a-conakry\/#article","isPartOf":{"@id":"https:\/\/www.guineeline.net\/index.php\/2026\/03\/31\/inclusion-des-femmes-dans-les-mines-action-mines-guinee-informe-et-sensibilise-a-conakry\/"},"author":{"name":"Guineeline","@id":"https:\/\/www.guineeline.net\/#\/schema\/person\/f5914e0a4c56cc8f4aa0922cc547a390"},"headline":"Inclusion des femmes dans les mines : Action Mines Guin\u00e9e informe et sensibilise \u00e0 Conakry","datePublished":"2026-03-31T16:58:13+00:00","dateModified":"2026-03-31T17:14:40+00:00","mainEntityOfPage":{"@id":"https:\/\/www.guineeline.net\/index.php\/2026\/03\/31\/inclusion-des-femmes-dans-les-mines-action-mines-guinee-informe-et-sensibilise-a-conakry\/"},"wordCount":400,"commentCount":0,"image":{"@id":"https:\/\/www.guineeline.net\/index.php\/2026\/03\/31\/inclusion-des-femmes-dans-les-mines-action-mines-guinee-informe-et-sensibilise-a-conakry\/#primaryimage"},"thumbnailUrl":"https:\/\/www.guineeline.net\/wp-content\/uploads\/2026\/03\/DSC_0017-scaled.jpg","articleSection":["Actualit\u00e9s"],"inLanguage":"fr-FR","potentialAction":[{"@type":"CommentAction","name":"Comment","target":["https:\/\/www.guineeline.net\/index.php\/2026\/03\/31\/inclusion-des-femmes-dans-les-mines-action-mines-guinee-informe-et-sensibilise-a-conakry\/#respond"]}]},{"@type":"WebPage","@id":"https:\/\/www.guineeline.net\/index.php\/2026\/03\/31\/inclusion-des-femmes-dans-les-mines-action-mines-guinee-informe-et-sensibilise-a-conakry\/","url":"https:\/\/www.guineeline.net\/index.php\/2026\/03\/31\/inclusion-des-femmes-dans-les-mines-action-mines-guinee-informe-et-sensibilise-a-conakry\/","name":"Inclusion des femmes dans les mines : Action Mines Guin\u00e9e informe et sensibilise \u00e0 Conakry - Guineeline","isPartOf":{"@id":"https:\/\/www.guineeline.net\/#website"},"primaryImageOfPage":{"@id":"https:\/\/www.guineeline.net\/index.php\/2026\/03\/31\/inclusion-des-femmes-dans-les-mines-action-mines-guinee-informe-et-sensibilise-a-conakry\/#primaryimage"},"image":{"@id":"https:\/\/www.guineeline.net\/index.php\/2026\/03\/31\/inclusion-des-femmes-dans-les-mines-action-mines-guinee-informe-et-sensibilise-a-conakry\/#primaryimage"},"thumbnailUrl":"https:\/\/www.guineeline.net\/wp-content\/uploads\/2026\/03\/DSC_0017-scaled.jpg","datePublished":"2026-03-31T16:58:13+00:00","dateModified":"2026-03-31T17:14:40+00:00","author":{"@id":"https:\/\/www.guineeline.net\/#\/schema\/person\/f5914e0a4c56cc8f4aa0922cc547a390"},"breadcrumb":{"@id":"https:\/\/www.guineeline.net\/index.php\/2026\/03\/31\/inclusion-des-femmes-dans-les-mines-action-mines-guinee-informe-et-sensibilise-a-conakry\/#breadcrumb"},"inLanguage":"fr-FR","potentialAction":[{"@type":"ReadAction","target":["https:\/\/www.guineeline.net\/index.php\/2026\/03\/31\/inclusion-des-femmes-dans-les-mines-action-mines-guinee-informe-et-sensibilise-a-conakry\/"]}]},{"@type":"ImageObject","inLanguage":"fr-FR","@id":"https:\/\/www.guineeline.net\/index.php\/2026\/03\/31\/inclusion-des-femmes-dans-les-mines-action-mines-guinee-informe-et-sensibilise-a-conakry\/#primaryimage","url":"https:\/\/www.guineeline.net\/wp-content\/uploads\/2026\/03\/DSC_0017-scaled.jpg","contentUrl":"https:\/\/www.guineeline.net\/wp-content\/uploads\/2026\/03\/DSC_0017-scaled.jpg","width":2560,"height":1076},{"@type":"BreadcrumbList","@id":"https:\/\/www.guineeline.net\/index.php\/2026\/03\/31\/inclusion-des-femmes-dans-les-mines-action-mines-guinee-informe-et-sensibilise-a-conakry\/#breadcrumb","itemListElement":[{"@type":"ListItem","position":1,"name":"Accueil","item":"https:\/\/www.guineeline.net\/"},{"@type":"ListItem","position":2,"name":"Inclusion des femmes dans les mines : Action Mines Guin\u00e9e informe et sensibilise \u00e0 Conakry"}]},{"@type":"WebSite","@id":"https:\/\/www.guineeline.net\/#website","url":"https:\/\/www.guineeline.net\/","name":"Guineeline","description":"L&#039;information en un clic","potentialAction":[{"@type":"SearchAction","target":{"@type":"EntryPoint","urlTemplate":"https:\/\/www.guineeline.net\/?s={search_term_string}"},"query-input":{"@type":"PropertyValueSpecification","valueRequired":true,"valueName":"search_term_string"}}],"inLanguage":"fr-FR"},{"@type":"Person","@id":"https:\/\/www.guineeline.net\/#\/schema\/person\/f5914e0a4c56cc8f4aa0922cc547a390","name":"Guineeline","image":{"@type":"ImageObject","inLanguage":"fr-FR","@id":"https:\/\/www.guineeline.net\/#\/schema\/person\/image\/","url":"https:\/\/secure.gravatar.com\/avatar\/432ce140236c408fa05ea28acd193ba03163acdd0efbe444c1c44957b8a29a2a?s=96&d=mm&r=g","contentUrl":"https:\/\/secure.gravatar.com\/avatar\/432ce140236c408fa05ea28acd193ba03163acdd0efbe444c1c44957b8a29a2a?s=96&d=mm&r=g","caption":"Guineeline"},"url":"https:\/\/www.guineeline.net\/index.php\/author\/admin\/"}]}},"_links":{"self":[{"href":"https:\/\/www.guineeline.net\/index.php\/wp-json\/wp\/v2\/posts\/9850","targetHints":{"allow":["GET"]}}],"collection":[{"href":"https:\/\/www.guineeline.net\/index.php\/wp-json\/wp\/v2\/posts"}],"about":[{"href":"https:\/\/www.guineeline.net\/index.php\/wp-json\/wp\/v2\/types\/post"}],"author":[{"embeddable":true,"href":"https:\/\/www.guineeline.net\/index.php\/wp-json\/wp\/v2\/users\/3"}],"replies":[{"embeddable":true,"href":"https:\/\/www.guineeline.net\/index.php\/wp-json\/wp\/v2\/comments?post=9850"}],"version-history":[{"count":3,"href":"https:\/\/www.guineeline.net\/index.php\/wp-json\/wp\/v2\/posts\/9850\/revisions"}],"predecessor-version":[{"id":9857,"href":"https:\/\/www.guineeline.net\/index.php\/wp-json\/wp\/v2\/posts\/9850\/revisions\/9857"}],"wp:featuredmedia":[{"embeddable":true,"href":"https:\/\/www.guineeline.net\/index.php\/wp-json\/wp\/v2\/media\/9851"}],"wp:attachment":[{"href":"https:\/\/www.guineeline.net\/index.php\/wp-json\/wp\/v2\/media?parent=9850"}],"wp:term":[{"taxonomy":"category","embeddable":true,"href":"https:\/\/www.guineeline.net\/index.php\/wp-json\/wp\/v2\/categories?post=9850"},{"taxonomy":"post_tag","embeddable":true,"href":"https:\/\/www.guineeline.net\/index.php\/wp-json\/wp\/v2\/tags?post=9850"}],"curies":[{"name":"wp","href":"https:\/\/api.w.org\/{rel}","templated":true}]}}