{"id":9842,"date":"2026-03-26T10:13:12","date_gmt":"2026-03-26T09:13:12","guid":{"rendered":"https:\/\/www.guineeline.net\/?p=9842"},"modified":"2026-03-26T10:13:12","modified_gmt":"2026-03-26T09:13:12","slug":"decharge-de-dar-es-salam-bah-oury-promet-une-transformation-radicale-mais-a-quel-prix","status":"publish","type":"post","link":"https:\/\/www.guineeline.net\/index.php\/2026\/03\/26\/decharge-de-dar-es-salam-bah-oury-promet-une-transformation-radicale-mais-a-quel-prix\/","title":{"rendered":"D\u00e9charge de Dar-Es-Salam : Bah Oury promet une transformation \u201cradicale\u201d, mais \u00e0 quel prix ?"},"content":{"rendered":"<p data-start=\"102\" data-end=\"489\">La question de la gestion des d\u00e9chets en Guin\u00e9e refait surface avec force. Lors de la pr\u00e9sentation de la politique g\u00e9n\u00e9rale de son gouvernement, le Premier ministre <span class=\"hover:entity-accent entity-underline inline cursor-pointer align-baseline\"><span class=\"whitespace-normal\">Amadou Oury Bah<\/span><\/span> a \u00e9t\u00e9 interpell\u00e9 sur la fermeture tant attendue de la d\u00e9charge de <span class=\"hover:entity-accent entity-underline inline cursor-pointer align-baseline\"><span class=\"whitespace-normal\">Dar-Es-Salam<\/span><\/span>, devenue au fil des ann\u00e9es un symbole criant des d\u00e9fis d\u2019assainissement du pays.<\/p>\n<p data-start=\"491\" data-end=\"779\">Dans une r\u00e9ponse se voulant rassurante, le chef du gouvernement a reconnu le caract\u00e8re \u00ab inacceptable \u00bb de la situation actuelle, pointant du doigt des ann\u00e9es d\u2019atermoiements. Il a toutefois affirm\u00e9 que des avanc\u00e9es significatives ont \u00e9t\u00e9 r\u00e9alis\u00e9es dans le processus de fermeture du site.<\/p>\n<p data-start=\"781\" data-end=\"1069\">Selon lui, des discussions sont d\u00e9j\u00e0 engag\u00e9es avec les diff\u00e9rentes parties prenantes, et des propositions de financement sont en cours d\u2019examen. Une r\u00e9union de travail imminente avec le ministre en charge du secteur devrait permettre d\u2019acc\u00e9l\u00e9rer la mise en \u0153uvre des solutions envisag\u00e9es.<\/p>\n<p data-start=\"1071\" data-end=\"1430\">Ambitieux, <span class=\"hover:entity-accent entity-underline inline cursor-pointer align-baseline\"><span class=\"whitespace-normal\">Amadou Oury Bah<\/span><\/span> a \u00e9galement \u00e9voqu\u00e9 une transformation inspir\u00e9e de l\u2019exp\u00e9rience ivoirienne, citant la reconversion r\u00e9ussie de la d\u00e9charge d\u2019<span class=\"hover:entity-accent entity-underline inline cursor-pointer align-baseline\"><span class=\"whitespace-normal\">Akou\u00e9do landfill<\/span><\/span> \u00e0 Abidjan. Selon lui, le site de Dar-Es-Salam pourrait suivre une trajectoire similaire et devenir, \u00e0 terme, une zone attractive sur le plan foncier.<\/p>\n<p data-start=\"1432\" data-end=\"1553\">Le Premier ministre promet ainsi une mise en \u0153uvre rapide pour \u00ab redorer l\u2019image \u00bb de cette zone embl\u00e9matique de Conakry.<\/p>\n<p data-start=\"1555\" data-end=\"1905\">Mais derri\u00e8re ces annonces, plusieurs interrogations demeurent :<br data-start=\"1619\" data-end=\"1622\" \/>Quelles garanties de transparence dans le financement et la gestion du projet ?<br data-start=\"1704\" data-end=\"1707\" \/>Quelles solutions durables pour la gestion des d\u00e9chets \u00e0 long terme ?<\/p>\n<p data-start=\"1555\" data-end=\"1905\">\u00a0Et surtout, quel sort sera r\u00e9serv\u00e9 aux communaut\u00e9s riveraines et aux acteurs informels qui d\u00e9pendent de cette d\u00e9charge ?<\/p>\n<p data-start=\"1907\" data-end=\"2043\" data-is-last-node=\"\" data-is-only-node=\"\">La fermeture de Dar-Es-Salam sera-t-elle une v\u00e9ritable r\u00e9forme structurelle ou un simple lifting urbain ? Le d\u00e9bat est d\u00e9sormais ouvert.<\/p>\n<p data-start=\"1907\" data-end=\"2043\" data-is-last-node=\"\" data-is-only-node=\"\">Oury Bah<\/p>\n","protected":false},"excerpt":{"rendered":"<p>La question de la gestion des d\u00e9chets en Guin\u00e9e refait surface avec force. Lors de la pr\u00e9sentation de la politique g\u00e9n\u00e9rale de son gouvernement, le Premier ministre Amadou Oury Bah a \u00e9t\u00e9 interpell\u00e9 sur la fermeture tant attendue de la d\u00e9charge de Dar-Es-Salam, devenue au fil des ann\u00e9es un symbole criant des d\u00e9fis d\u2019assainissement du [&hellip;]<\/p>\n","protected":false},"author":3,"featured_media":9843,"comment_status":"open","ping_status":"open","sticky":false,"template":"","format":"standard","meta":{"jnews-multi-image_gallery":[],"jnews_single_post":[],"jnews_primary_category":[],"jnews_override_counter":[],"footnotes":""},"categories":[2,19,23],"tags":[],"class_list":["post-9842","post","type-post","status-publish","format-standard","has-post-thumbnail","hentry","category-actualites","category-environnement","category-sante"],"yoast_head":"<!-- This site is optimized with the Yoast SEO plugin v26.9 - https:\/\/yoast.com\/product\/yoast-seo-wordpress\/ -->\n<title>D\u00e9charge de Dar-Es-Salam : Bah Oury promet une transformation \u201cradicale\u201d, mais \u00e0 quel prix ? - Guineeline<\/title>\n<meta name=\"robots\" content=\"index, follow, max-snippet:-1, max-image-preview:large, max-video-preview:-1\" \/>\n<link rel=\"canonical\" href=\"https:\/\/www.guineeline.net\/index.php\/2026\/03\/26\/decharge-de-dar-es-salam-bah-oury-promet-une-transformation-radicale-mais-a-quel-prix\/\" \/>\n<meta property=\"og:locale\" content=\"fr_FR\" \/>\n<meta property=\"og:type\" content=\"article\" \/>\n<meta property=\"og:title\" content=\"D\u00e9charge de Dar-Es-Salam : Bah Oury promet une transformation \u201cradicale\u201d, mais \u00e0 quel prix ? - Guineeline\" \/>\n<meta property=\"og:description\" content=\"La question de la gestion des d\u00e9chets en Guin\u00e9e refait surface avec force. Lors de la pr\u00e9sentation de la politique g\u00e9n\u00e9rale de son gouvernement, le Premier ministre Amadou Oury Bah a \u00e9t\u00e9 interpell\u00e9 sur la fermeture tant attendue de la d\u00e9charge de Dar-Es-Salam, devenue au fil des ann\u00e9es un symbole criant des d\u00e9fis d\u2019assainissement du [&hellip;]\" \/>\n<meta property=\"og:url\" content=\"https:\/\/www.guineeline.net\/index.php\/2026\/03\/26\/decharge-de-dar-es-salam-bah-oury-promet-une-transformation-radicale-mais-a-quel-prix\/\" \/>\n<meta property=\"og:site_name\" content=\"Guineeline\" \/>\n<meta property=\"article:published_time\" content=\"2026-03-26T09:13:12+00:00\" \/>\n<meta property=\"og:image\" content=\"https:\/\/www.guineeline.net\/wp-content\/uploads\/2026\/03\/decharge-dar-essalam.jpeg\" \/>\n\t<meta property=\"og:image:width\" content=\"300\" \/>\n\t<meta property=\"og:image:height\" content=\"168\" \/>\n\t<meta property=\"og:image:type\" content=\"image\/jpeg\" \/>\n<meta name=\"author\" content=\"Guineeline\" \/>\n<meta name=\"twitter:card\" content=\"summary_large_image\" \/>\n<meta name=\"twitter:label1\" content=\"\u00c9crit par\" \/>\n\t<meta name=\"twitter:data1\" content=\"Guineeline\" \/>\n\t<meta name=\"twitter:label2\" content=\"Dur\u00e9e de lecture estim\u00e9e\" \/>\n\t<meta name=\"twitter:data2\" content=\"2 minutes\" \/>\n<script type=\"application\/ld+json\" class=\"yoast-schema-graph\">{\"@context\":\"https:\/\/schema.org\",\"@graph\":[{\"@type\":\"Article\",\"@id\":\"https:\/\/www.guineeline.net\/index.php\/2026\/03\/26\/decharge-de-dar-es-salam-bah-oury-promet-une-transformation-radicale-mais-a-quel-prix\/#article\",\"isPartOf\":{\"@id\":\"https:\/\/www.guineeline.net\/index.php\/2026\/03\/26\/decharge-de-dar-es-salam-bah-oury-promet-une-transformation-radicale-mais-a-quel-prix\/\"},\"author\":{\"name\":\"Guineeline\",\"@id\":\"https:\/\/www.guineeline.net\/#\/schema\/person\/f5914e0a4c56cc8f4aa0922cc547a390\"},\"headline\":\"D\u00e9charge de Dar-Es-Salam : Bah Oury promet une transformation \u201cradicale\u201d, mais \u00e0 quel prix ?\",\"datePublished\":\"2026-03-26T09:13:12+00:00\",\"mainEntityOfPage\":{\"@id\":\"https:\/\/www.guineeline.net\/index.php\/2026\/03\/26\/decharge-de-dar-es-salam-bah-oury-promet-une-transformation-radicale-mais-a-quel-prix\/\"},\"wordCount\":330,\"commentCount\":0,\"image\":{\"@id\":\"https:\/\/www.guineeline.net\/index.php\/2026\/03\/26\/decharge-de-dar-es-salam-bah-oury-promet-une-transformation-radicale-mais-a-quel-prix\/#primaryimage\"},\"thumbnailUrl\":\"https:\/\/www.guineeline.net\/wp-content\/uploads\/2026\/03\/decharge-dar-essalam.jpeg\",\"articleSection\":[\"Actualit\u00e9s\",\"Environnement\",\"Sant\u00e9\"],\"inLanguage\":\"fr-FR\",\"potentialAction\":[{\"@type\":\"CommentAction\",\"name\":\"Comment\",\"target\":[\"https:\/\/www.guineeline.net\/index.php\/2026\/03\/26\/decharge-de-dar-es-salam-bah-oury-promet-une-transformation-radicale-mais-a-quel-prix\/#respond\"]}]},{\"@type\":\"WebPage\",\"@id\":\"https:\/\/www.guineeline.net\/index.php\/2026\/03\/26\/decharge-de-dar-es-salam-bah-oury-promet-une-transformation-radicale-mais-a-quel-prix\/\",\"url\":\"https:\/\/www.guineeline.net\/index.php\/2026\/03\/26\/decharge-de-dar-es-salam-bah-oury-promet-une-transformation-radicale-mais-a-quel-prix\/\",\"name\":\"D\u00e9charge de Dar-Es-Salam : Bah Oury promet une transformation \u201cradicale\u201d, mais \u00e0 quel prix ? - Guineeline\",\"isPartOf\":{\"@id\":\"https:\/\/www.guineeline.net\/#website\"},\"primaryImageOfPage\":{\"@id\":\"https:\/\/www.guineeline.net\/index.php\/2026\/03\/26\/decharge-de-dar-es-salam-bah-oury-promet-une-transformation-radicale-mais-a-quel-prix\/#primaryimage\"},\"image\":{\"@id\":\"https:\/\/www.guineeline.net\/index.php\/2026\/03\/26\/decharge-de-dar-es-salam-bah-oury-promet-une-transformation-radicale-mais-a-quel-prix\/#primaryimage\"},\"thumbnailUrl\":\"https:\/\/www.guineeline.net\/wp-content\/uploads\/2026\/03\/decharge-dar-essalam.jpeg\",\"datePublished\":\"2026-03-26T09:13:12+00:00\",\"author\":{\"@id\":\"https:\/\/www.guineeline.net\/#\/schema\/person\/f5914e0a4c56cc8f4aa0922cc547a390\"},\"breadcrumb\":{\"@id\":\"https:\/\/www.guineeline.net\/index.php\/2026\/03\/26\/decharge-de-dar-es-salam-bah-oury-promet-une-transformation-radicale-mais-a-quel-prix\/#breadcrumb\"},\"inLanguage\":\"fr-FR\",\"potentialAction\":[{\"@type\":\"ReadAction\",\"target\":[\"https:\/\/www.guineeline.net\/index.php\/2026\/03\/26\/decharge-de-dar-es-salam-bah-oury-promet-une-transformation-radicale-mais-a-quel-prix\/\"]}]},{\"@type\":\"ImageObject\",\"inLanguage\":\"fr-FR\",\"@id\":\"https:\/\/www.guineeline.net\/index.php\/2026\/03\/26\/decharge-de-dar-es-salam-bah-oury-promet-une-transformation-radicale-mais-a-quel-prix\/#primaryimage\",\"url\":\"https:\/\/www.guineeline.net\/wp-content\/uploads\/2026\/03\/decharge-dar-essalam.jpeg\",\"contentUrl\":\"https:\/\/www.guineeline.net\/wp-content\/uploads\/2026\/03\/decharge-dar-essalam.jpeg\",\"width\":300,\"height\":168},{\"@type\":\"BreadcrumbList\",\"@id\":\"https:\/\/www.guineeline.net\/index.php\/2026\/03\/26\/decharge-de-dar-es-salam-bah-oury-promet-une-transformation-radicale-mais-a-quel-prix\/#breadcrumb\",\"itemListElement\":[{\"@type\":\"ListItem\",\"position\":1,\"name\":\"Accueil\",\"item\":\"https:\/\/www.guineeline.net\/\"},{\"@type\":\"ListItem\",\"position\":2,\"name\":\"D\u00e9charge de Dar-Es-Salam : Bah Oury promet une transformation \u201cradicale\u201d, mais \u00e0 quel prix ?\"}]},{\"@type\":\"WebSite\",\"@id\":\"https:\/\/www.guineeline.net\/#website\",\"url\":\"https:\/\/www.guineeline.net\/\",\"name\":\"Guineeline\",\"description\":\"L&#039;information en un clic\",\"potentialAction\":[{\"@type\":\"SearchAction\",\"target\":{\"@type\":\"EntryPoint\",\"urlTemplate\":\"https:\/\/www.guineeline.net\/?s={search_term_string}\"},\"query-input\":{\"@type\":\"PropertyValueSpecification\",\"valueRequired\":true,\"valueName\":\"search_term_string\"}}],\"inLanguage\":\"fr-FR\"},{\"@type\":\"Person\",\"@id\":\"https:\/\/www.guineeline.net\/#\/schema\/person\/f5914e0a4c56cc8f4aa0922cc547a390\",\"name\":\"Guineeline\",\"image\":{\"@type\":\"ImageObject\",\"inLanguage\":\"fr-FR\",\"@id\":\"https:\/\/www.guineeline.net\/#\/schema\/person\/image\/\",\"url\":\"https:\/\/secure.gravatar.com\/avatar\/432ce140236c408fa05ea28acd193ba03163acdd0efbe444c1c44957b8a29a2a?s=96&d=mm&r=g\",\"contentUrl\":\"https:\/\/secure.gravatar.com\/avatar\/432ce140236c408fa05ea28acd193ba03163acdd0efbe444c1c44957b8a29a2a?s=96&d=mm&r=g\",\"caption\":\"Guineeline\"},\"url\":\"https:\/\/www.guineeline.net\/index.php\/author\/admin\/\"}]}<\/script>\n<!-- \/ Yoast SEO plugin. -->","yoast_head_json":{"title":"D\u00e9charge de Dar-Es-Salam : Bah Oury promet une transformation \u201cradicale\u201d, mais \u00e0 quel prix ? - Guineeline","robots":{"index":"index","follow":"follow","max-snippet":"max-snippet:-1","max-image-preview":"max-image-preview:large","max-video-preview":"max-video-preview:-1"},"canonical":"https:\/\/www.guineeline.net\/index.php\/2026\/03\/26\/decharge-de-dar-es-salam-bah-oury-promet-une-transformation-radicale-mais-a-quel-prix\/","og_locale":"fr_FR","og_type":"article","og_title":"D\u00e9charge de Dar-Es-Salam : Bah Oury promet une transformation \u201cradicale\u201d, mais \u00e0 quel prix ? - Guineeline","og_description":"La question de la gestion des d\u00e9chets en Guin\u00e9e refait surface avec force. Lors de la pr\u00e9sentation de la politique g\u00e9n\u00e9rale de son gouvernement, le Premier ministre Amadou Oury Bah a \u00e9t\u00e9 interpell\u00e9 sur la fermeture tant attendue de la d\u00e9charge de Dar-Es-Salam, devenue au fil des ann\u00e9es un symbole criant des d\u00e9fis d\u2019assainissement du [&hellip;]","og_url":"https:\/\/www.guineeline.net\/index.php\/2026\/03\/26\/decharge-de-dar-es-salam-bah-oury-promet-une-transformation-radicale-mais-a-quel-prix\/","og_site_name":"Guineeline","article_published_time":"2026-03-26T09:13:12+00:00","og_image":[{"width":300,"height":168,"url":"https:\/\/www.guineeline.net\/wp-content\/uploads\/2026\/03\/decharge-dar-essalam.jpeg","type":"image\/jpeg"}],"author":"Guineeline","twitter_card":"summary_large_image","twitter_misc":{"\u00c9crit par":"Guineeline","Dur\u00e9e de lecture estim\u00e9e":"2 minutes"},"schema":{"@context":"https:\/\/schema.org","@graph":[{"@type":"Article","@id":"https:\/\/www.guineeline.net\/index.php\/2026\/03\/26\/decharge-de-dar-es-salam-bah-oury-promet-une-transformation-radicale-mais-a-quel-prix\/#article","isPartOf":{"@id":"https:\/\/www.guineeline.net\/index.php\/2026\/03\/26\/decharge-de-dar-es-salam-bah-oury-promet-une-transformation-radicale-mais-a-quel-prix\/"},"author":{"name":"Guineeline","@id":"https:\/\/www.guineeline.net\/#\/schema\/person\/f5914e0a4c56cc8f4aa0922cc547a390"},"headline":"D\u00e9charge de Dar-Es-Salam : Bah Oury promet une transformation \u201cradicale\u201d, mais \u00e0 quel prix ?","datePublished":"2026-03-26T09:13:12+00:00","mainEntityOfPage":{"@id":"https:\/\/www.guineeline.net\/index.php\/2026\/03\/26\/decharge-de-dar-es-salam-bah-oury-promet-une-transformation-radicale-mais-a-quel-prix\/"},"wordCount":330,"commentCount":0,"image":{"@id":"https:\/\/www.guineeline.net\/index.php\/2026\/03\/26\/decharge-de-dar-es-salam-bah-oury-promet-une-transformation-radicale-mais-a-quel-prix\/#primaryimage"},"thumbnailUrl":"https:\/\/www.guineeline.net\/wp-content\/uploads\/2026\/03\/decharge-dar-essalam.jpeg","articleSection":["Actualit\u00e9s","Environnement","Sant\u00e9"],"inLanguage":"fr-FR","potentialAction":[{"@type":"CommentAction","name":"Comment","target":["https:\/\/www.guineeline.net\/index.php\/2026\/03\/26\/decharge-de-dar-es-salam-bah-oury-promet-une-transformation-radicale-mais-a-quel-prix\/#respond"]}]},{"@type":"WebPage","@id":"https:\/\/www.guineeline.net\/index.php\/2026\/03\/26\/decharge-de-dar-es-salam-bah-oury-promet-une-transformation-radicale-mais-a-quel-prix\/","url":"https:\/\/www.guineeline.net\/index.php\/2026\/03\/26\/decharge-de-dar-es-salam-bah-oury-promet-une-transformation-radicale-mais-a-quel-prix\/","name":"D\u00e9charge de Dar-Es-Salam : Bah Oury promet une transformation \u201cradicale\u201d, mais \u00e0 quel prix ? - Guineeline","isPartOf":{"@id":"https:\/\/www.guineeline.net\/#website"},"primaryImageOfPage":{"@id":"https:\/\/www.guineeline.net\/index.php\/2026\/03\/26\/decharge-de-dar-es-salam-bah-oury-promet-une-transformation-radicale-mais-a-quel-prix\/#primaryimage"},"image":{"@id":"https:\/\/www.guineeline.net\/index.php\/2026\/03\/26\/decharge-de-dar-es-salam-bah-oury-promet-une-transformation-radicale-mais-a-quel-prix\/#primaryimage"},"thumbnailUrl":"https:\/\/www.guineeline.net\/wp-content\/uploads\/2026\/03\/decharge-dar-essalam.jpeg","datePublished":"2026-03-26T09:13:12+00:00","author":{"@id":"https:\/\/www.guineeline.net\/#\/schema\/person\/f5914e0a4c56cc8f4aa0922cc547a390"},"breadcrumb":{"@id":"https:\/\/www.guineeline.net\/index.php\/2026\/03\/26\/decharge-de-dar-es-salam-bah-oury-promet-une-transformation-radicale-mais-a-quel-prix\/#breadcrumb"},"inLanguage":"fr-FR","potentialAction":[{"@type":"ReadAction","target":["https:\/\/www.guineeline.net\/index.php\/2026\/03\/26\/decharge-de-dar-es-salam-bah-oury-promet-une-transformation-radicale-mais-a-quel-prix\/"]}]},{"@type":"ImageObject","inLanguage":"fr-FR","@id":"https:\/\/www.guineeline.net\/index.php\/2026\/03\/26\/decharge-de-dar-es-salam-bah-oury-promet-une-transformation-radicale-mais-a-quel-prix\/#primaryimage","url":"https:\/\/www.guineeline.net\/wp-content\/uploads\/2026\/03\/decharge-dar-essalam.jpeg","contentUrl":"https:\/\/www.guineeline.net\/wp-content\/uploads\/2026\/03\/decharge-dar-essalam.jpeg","width":300,"height":168},{"@type":"BreadcrumbList","@id":"https:\/\/www.guineeline.net\/index.php\/2026\/03\/26\/decharge-de-dar-es-salam-bah-oury-promet-une-transformation-radicale-mais-a-quel-prix\/#breadcrumb","itemListElement":[{"@type":"ListItem","position":1,"name":"Accueil","item":"https:\/\/www.guineeline.net\/"},{"@type":"ListItem","position":2,"name":"D\u00e9charge de Dar-Es-Salam : Bah Oury promet une transformation \u201cradicale\u201d, mais \u00e0 quel prix ?"}]},{"@type":"WebSite","@id":"https:\/\/www.guineeline.net\/#website","url":"https:\/\/www.guineeline.net\/","name":"Guineeline","description":"L&#039;information en un clic","potentialAction":[{"@type":"SearchAction","target":{"@type":"EntryPoint","urlTemplate":"https:\/\/www.guineeline.net\/?s={search_term_string}"},"query-input":{"@type":"PropertyValueSpecification","valueRequired":true,"valueName":"search_term_string"}}],"inLanguage":"fr-FR"},{"@type":"Person","@id":"https:\/\/www.guineeline.net\/#\/schema\/person\/f5914e0a4c56cc8f4aa0922cc547a390","name":"Guineeline","image":{"@type":"ImageObject","inLanguage":"fr-FR","@id":"https:\/\/www.guineeline.net\/#\/schema\/person\/image\/","url":"https:\/\/secure.gravatar.com\/avatar\/432ce140236c408fa05ea28acd193ba03163acdd0efbe444c1c44957b8a29a2a?s=96&d=mm&r=g","contentUrl":"https:\/\/secure.gravatar.com\/avatar\/432ce140236c408fa05ea28acd193ba03163acdd0efbe444c1c44957b8a29a2a?s=96&d=mm&r=g","caption":"Guineeline"},"url":"https:\/\/www.guineeline.net\/index.php\/author\/admin\/"}]}},"_links":{"self":[{"href":"https:\/\/www.guineeline.net\/index.php\/wp-json\/wp\/v2\/posts\/9842","targetHints":{"allow":["GET"]}}],"collection":[{"href":"https:\/\/www.guineeline.net\/index.php\/wp-json\/wp\/v2\/posts"}],"about":[{"href":"https:\/\/www.guineeline.net\/index.php\/wp-json\/wp\/v2\/types\/post"}],"author":[{"embeddable":true,"href":"https:\/\/www.guineeline.net\/index.php\/wp-json\/wp\/v2\/users\/3"}],"replies":[{"embeddable":true,"href":"https:\/\/www.guineeline.net\/index.php\/wp-json\/wp\/v2\/comments?post=9842"}],"version-history":[{"count":1,"href":"https:\/\/www.guineeline.net\/index.php\/wp-json\/wp\/v2\/posts\/9842\/revisions"}],"predecessor-version":[{"id":9844,"href":"https:\/\/www.guineeline.net\/index.php\/wp-json\/wp\/v2\/posts\/9842\/revisions\/9844"}],"wp:featuredmedia":[{"embeddable":true,"href":"https:\/\/www.guineeline.net\/index.php\/wp-json\/wp\/v2\/media\/9843"}],"wp:attachment":[{"href":"https:\/\/www.guineeline.net\/index.php\/wp-json\/wp\/v2\/media?parent=9842"}],"wp:term":[{"taxonomy":"category","embeddable":true,"href":"https:\/\/www.guineeline.net\/index.php\/wp-json\/wp\/v2\/categories?post=9842"},{"taxonomy":"post_tag","embeddable":true,"href":"https:\/\/www.guineeline.net\/index.php\/wp-json\/wp\/v2\/tags?post=9842"}],"curies":[{"name":"wp","href":"https:\/\/api.w.org\/{rel}","templated":true}]}}