{"id":929,"date":"2022-11-10T17:58:24","date_gmt":"2022-11-10T16:58:24","guid":{"rendered":"https:\/\/www.guineeline.net\/?p=929"},"modified":"2022-11-10T17:58:24","modified_gmt":"2022-11-10T16:58:24","slug":"decret-le-colonel-doumbouya-nomme-huit-nouveaux-inspecteurs-regionaux-du-travail-liste","status":"publish","type":"post","link":"https:\/\/www.guineeline.net\/index.php\/2022\/11\/10\/decret-le-colonel-doumbouya-nomme-huit-nouveaux-inspecteurs-regionaux-du-travail-liste\/","title":{"rendered":"D\u00e9cret: Le Colonel Doumbouya nomme huit nouveaux inspecteurs r\u00e9gionaux du travail (Liste)"},"content":{"rendered":"<div dir=\"auto\">Dans une s\u00e9rie de d\u00e9crets pris ce mercredi, le pr\u00e9sident de la transition a nomm\u00e9 plusieurs cadres au niveau des services d\u00e9concentr\u00e9s du minist\u00e8re du Travail et de la Fonction Publique. Ces nominations concernent les inspecteurs r\u00e9gionaux des huit r\u00e9gions administratives du pays.<\/div>\n<p>&nbsp;<\/p>\n<div dir=\"auto\">1-\u00a0<strong>\u00a0Inspecteur r\u00e9gional du travail Conakry :<\/strong>\u00a0Aboubacar Babara Fofana, pr\u00e9c\u00e9demment chef du bureau de contr\u00f4le communal de Ratoma;<\/div>\n<div dir=\"auto\"><strong>2- Inspecteur r\u00e9gional du travail de Bok\u00e9 :<\/strong>\u00a0F\u00e9lix Seke Ouamouno, pr\u00e9c\u00e9demment chef de division prestation et s\u00e9curit\u00e9 sociale \u00e0 la Soci\u00e9t\u00e9 guin\u00e9enne de palmier \u00e0 huile et h\u00e9v\u00e9a (SOGUIPAH).<\/div>\n<div dir=\"auto\"><strong>3-Inspecteur r\u00e9gional du travail de Kindia :<\/strong>\u00a0Abraham Bangoura, pr\u00e9c\u00e9demment charg\u00e9 d\u2019\u00e9tude \u00e0 la direction nationale du travail et des lois sociales au minist\u00e8re du Travail et de la Fonction Publique;<\/div>\n<div dir=\"auto\"><strong>4- Inspecteur r\u00e9gional du travail de Mamou :<\/strong>\u00a0Amara 2 Camara, pr\u00e9c\u00e9demment chef de bureau de contr\u00f4le de Matoto;<\/div>\n<div dir=\"auto\"><strong>5-Inspecteur r\u00e9gional du travail de Lab\u00e9 :<\/strong>\u00a0Amadou Keita, pr\u00e9c\u00e9demment chef de contr\u00f4le pr\u00e9fectoral de Beyla et Kerouan\u00e9;<\/div>\n<div dir=\"auto\"><strong>6-Inspecteur r\u00e9gional du travail de Faranah :<\/strong>\u00a0Almamy Aguibou Diallo, pr\u00e9c\u00e9demment inspecteur r\u00e9gional par int\u00e9rim de Faranah.<\/div>\n<div dir=\"auto\"><strong>7-Inspecteur r\u00e9gional du travail de Kankan :<\/strong>\u00a0Faya Camara, pr\u00e9c\u00e9demment inspecteur r\u00e9gional adjoint de Kankan.<\/div>\n<div dir=\"auto\"><strong>8-Inspecteur r\u00e9gional du travail de N\u2019Zerekor\u00e9 :<\/strong>\u00a0Mamadou Dian Diallo pr\u00e9c\u00e9demment inspecteur r\u00e9gional du travail de Lab\u00e9.<\/div>\n<div dir=\"auto\"><\/div>\n<div dir=\"auto\">Oury Bah<\/div>\n","protected":false},"excerpt":{"rendered":"<p>Dans une s\u00e9rie de d\u00e9crets pris ce mercredi, le pr\u00e9sident de la transition a nomm\u00e9 plusieurs cadres au niveau des services d\u00e9concentr\u00e9s du minist\u00e8re du Travail et de la Fonction Publique. Ces nominations concernent les inspecteurs r\u00e9gionaux des huit r\u00e9gions administratives du pays. &nbsp; 1-\u00a0\u00a0Inspecteur r\u00e9gional du travail Conakry :\u00a0Aboubacar Babara Fofana, pr\u00e9c\u00e9demment chef du [&hellip;]<\/p>\n","protected":false},"author":3,"featured_media":796,"comment_status":"open","ping_status":"open","sticky":false,"template":"","format":"standard","meta":{"jnews-multi-image_gallery":[],"jnews_single_post":{"subtitle":"","format":"standard","video":"","gallery":"","source_name":"","source_url":"","via_name":"","via_url":"","override":[{"single_blog_custom":"","sidebar":"","second_sidebar":"","share_position":"","share_float_style":"","post_date_format":"","post_date_format_custom":"","number_popup_post":"1"}],"image_override":[{"single_post_thumbnail_size":"","single_post_gallery_size":""}],"trending_post_position":"","trending_post_label":""},"jnews_primary_category":{"id":""},"jnews_override_counter":{"view_counter_number":"0","share_counter_number":"0","like_counter_number":"0","dislike_counter_number":"0"},"footnotes":""},"categories":[2],"tags":[],"class_list":["post-929","post","type-post","status-publish","format-standard","has-post-thumbnail","hentry","category-actualites"],"yoast_head":"<!-- This site is optimized with the Yoast SEO plugin v26.9 - https:\/\/yoast.com\/product\/yoast-seo-wordpress\/ -->\n<title>D\u00e9cret: Le Colonel Doumbouya nomme huit nouveaux inspecteurs r\u00e9gionaux du travail (Liste) - Guineeline<\/title>\n<meta name=\"robots\" content=\"index, follow, max-snippet:-1, max-image-preview:large, max-video-preview:-1\" \/>\n<link rel=\"canonical\" href=\"https:\/\/www.guineeline.net\/index.php\/2022\/11\/10\/decret-le-colonel-doumbouya-nomme-huit-nouveaux-inspecteurs-regionaux-du-travail-liste\/\" \/>\n<meta property=\"og:locale\" content=\"fr_FR\" \/>\n<meta property=\"og:type\" content=\"article\" \/>\n<meta property=\"og:title\" content=\"D\u00e9cret: Le Colonel Doumbouya nomme huit nouveaux inspecteurs r\u00e9gionaux du travail (Liste) - Guineeline\" \/>\n<meta property=\"og:description\" content=\"Dans une s\u00e9rie de d\u00e9crets pris ce mercredi, le pr\u00e9sident de la transition a nomm\u00e9 plusieurs cadres au niveau des services d\u00e9concentr\u00e9s du minist\u00e8re du Travail et de la Fonction Publique. Ces nominations concernent les inspecteurs r\u00e9gionaux des huit r\u00e9gions administratives du pays. &nbsp; 1-\u00a0\u00a0Inspecteur r\u00e9gional du travail Conakry :\u00a0Aboubacar Babara Fofana, pr\u00e9c\u00e9demment chef du [&hellip;]\" \/>\n<meta property=\"og:url\" content=\"https:\/\/www.guineeline.net\/index.php\/2022\/11\/10\/decret-le-colonel-doumbouya-nomme-huit-nouveaux-inspecteurs-regionaux-du-travail-liste\/\" \/>\n<meta property=\"og:site_name\" content=\"Guineeline\" \/>\n<meta property=\"article:published_time\" content=\"2022-11-10T16:58:24+00:00\" \/>\n<meta property=\"og:image\" content=\"https:\/\/www.guineeline.net\/wp-content\/uploads\/2022\/08\/Mamadi-Doumbouya-1140x570-1.jpg\" \/>\n\t<meta property=\"og:image:width\" content=\"1140\" \/>\n\t<meta property=\"og:image:height\" content=\"570\" \/>\n\t<meta property=\"og:image:type\" content=\"image\/jpeg\" \/>\n<meta name=\"author\" content=\"Guineeline\" \/>\n<meta name=\"twitter:card\" content=\"summary_large_image\" \/>\n<meta name=\"twitter:label1\" content=\"\u00c9crit par\" \/>\n\t<meta name=\"twitter:data1\" content=\"Guineeline\" \/>\n\t<meta name=\"twitter:label2\" content=\"Dur\u00e9e de lecture estim\u00e9e\" \/>\n\t<meta name=\"twitter:data2\" content=\"1 minute\" \/>\n<script type=\"application\/ld+json\" class=\"yoast-schema-graph\">{\"@context\":\"https:\/\/schema.org\",\"@graph\":[{\"@type\":\"Article\",\"@id\":\"https:\/\/www.guineeline.net\/index.php\/2022\/11\/10\/decret-le-colonel-doumbouya-nomme-huit-nouveaux-inspecteurs-regionaux-du-travail-liste\/#article\",\"isPartOf\":{\"@id\":\"https:\/\/www.guineeline.net\/index.php\/2022\/11\/10\/decret-le-colonel-doumbouya-nomme-huit-nouveaux-inspecteurs-regionaux-du-travail-liste\/\"},\"author\":{\"name\":\"Guineeline\",\"@id\":\"https:\/\/www.guineeline.net\/#\/schema\/person\/f5914e0a4c56cc8f4aa0922cc547a390\"},\"headline\":\"D\u00e9cret: Le Colonel Doumbouya nomme huit nouveaux inspecteurs r\u00e9gionaux du travail (Liste)\",\"datePublished\":\"2022-11-10T16:58:24+00:00\",\"mainEntityOfPage\":{\"@id\":\"https:\/\/www.guineeline.net\/index.php\/2022\/11\/10\/decret-le-colonel-doumbouya-nomme-huit-nouveaux-inspecteurs-regionaux-du-travail-liste\/\"},\"wordCount\":263,\"commentCount\":0,\"image\":{\"@id\":\"https:\/\/www.guineeline.net\/index.php\/2022\/11\/10\/decret-le-colonel-doumbouya-nomme-huit-nouveaux-inspecteurs-regionaux-du-travail-liste\/#primaryimage\"},\"thumbnailUrl\":\"https:\/\/www.guineeline.net\/wp-content\/uploads\/2022\/08\/Mamadi-Doumbouya-1140x570-1.jpg\",\"articleSection\":[\"Actualit\u00e9s\"],\"inLanguage\":\"fr-FR\",\"potentialAction\":[{\"@type\":\"CommentAction\",\"name\":\"Comment\",\"target\":[\"https:\/\/www.guineeline.net\/index.php\/2022\/11\/10\/decret-le-colonel-doumbouya-nomme-huit-nouveaux-inspecteurs-regionaux-du-travail-liste\/#respond\"]}]},{\"@type\":\"WebPage\",\"@id\":\"https:\/\/www.guineeline.net\/index.php\/2022\/11\/10\/decret-le-colonel-doumbouya-nomme-huit-nouveaux-inspecteurs-regionaux-du-travail-liste\/\",\"url\":\"https:\/\/www.guineeline.net\/index.php\/2022\/11\/10\/decret-le-colonel-doumbouya-nomme-huit-nouveaux-inspecteurs-regionaux-du-travail-liste\/\",\"name\":\"D\u00e9cret: Le Colonel Doumbouya nomme huit nouveaux inspecteurs r\u00e9gionaux du travail (Liste) - Guineeline\",\"isPartOf\":{\"@id\":\"https:\/\/www.guineeline.net\/#website\"},\"primaryImageOfPage\":{\"@id\":\"https:\/\/www.guineeline.net\/index.php\/2022\/11\/10\/decret-le-colonel-doumbouya-nomme-huit-nouveaux-inspecteurs-regionaux-du-travail-liste\/#primaryimage\"},\"image\":{\"@id\":\"https:\/\/www.guineeline.net\/index.php\/2022\/11\/10\/decret-le-colonel-doumbouya-nomme-huit-nouveaux-inspecteurs-regionaux-du-travail-liste\/#primaryimage\"},\"thumbnailUrl\":\"https:\/\/www.guineeline.net\/wp-content\/uploads\/2022\/08\/Mamadi-Doumbouya-1140x570-1.jpg\",\"datePublished\":\"2022-11-10T16:58:24+00:00\",\"author\":{\"@id\":\"https:\/\/www.guineeline.net\/#\/schema\/person\/f5914e0a4c56cc8f4aa0922cc547a390\"},\"breadcrumb\":{\"@id\":\"https:\/\/www.guineeline.net\/index.php\/2022\/11\/10\/decret-le-colonel-doumbouya-nomme-huit-nouveaux-inspecteurs-regionaux-du-travail-liste\/#breadcrumb\"},\"inLanguage\":\"fr-FR\",\"potentialAction\":[{\"@type\":\"ReadAction\",\"target\":[\"https:\/\/www.guineeline.net\/index.php\/2022\/11\/10\/decret-le-colonel-doumbouya-nomme-huit-nouveaux-inspecteurs-regionaux-du-travail-liste\/\"]}]},{\"@type\":\"ImageObject\",\"inLanguage\":\"fr-FR\",\"@id\":\"https:\/\/www.guineeline.net\/index.php\/2022\/11\/10\/decret-le-colonel-doumbouya-nomme-huit-nouveaux-inspecteurs-regionaux-du-travail-liste\/#primaryimage\",\"url\":\"https:\/\/www.guineeline.net\/wp-content\/uploads\/2022\/08\/Mamadi-Doumbouya-1140x570-1.jpg\",\"contentUrl\":\"https:\/\/www.guineeline.net\/wp-content\/uploads\/2022\/08\/Mamadi-Doumbouya-1140x570-1.jpg\",\"width\":1140,\"height\":570},{\"@type\":\"BreadcrumbList\",\"@id\":\"https:\/\/www.guineeline.net\/index.php\/2022\/11\/10\/decret-le-colonel-doumbouya-nomme-huit-nouveaux-inspecteurs-regionaux-du-travail-liste\/#breadcrumb\",\"itemListElement\":[{\"@type\":\"ListItem\",\"position\":1,\"name\":\"Accueil\",\"item\":\"https:\/\/www.guineeline.net\/\"},{\"@type\":\"ListItem\",\"position\":2,\"name\":\"D\u00e9cret: Le Colonel Doumbouya nomme huit nouveaux inspecteurs r\u00e9gionaux du travail (Liste)\"}]},{\"@type\":\"WebSite\",\"@id\":\"https:\/\/www.guineeline.net\/#website\",\"url\":\"https:\/\/www.guineeline.net\/\",\"name\":\"Guineeline\",\"description\":\"L&#039;information en un clic\",\"potentialAction\":[{\"@type\":\"SearchAction\",\"target\":{\"@type\":\"EntryPoint\",\"urlTemplate\":\"https:\/\/www.guineeline.net\/?s={search_term_string}\"},\"query-input\":{\"@type\":\"PropertyValueSpecification\",\"valueRequired\":true,\"valueName\":\"search_term_string\"}}],\"inLanguage\":\"fr-FR\"},{\"@type\":\"Person\",\"@id\":\"https:\/\/www.guineeline.net\/#\/schema\/person\/f5914e0a4c56cc8f4aa0922cc547a390\",\"name\":\"Guineeline\",\"image\":{\"@type\":\"ImageObject\",\"inLanguage\":\"fr-FR\",\"@id\":\"https:\/\/www.guineeline.net\/#\/schema\/person\/image\/\",\"url\":\"https:\/\/secure.gravatar.com\/avatar\/432ce140236c408fa05ea28acd193ba03163acdd0efbe444c1c44957b8a29a2a?s=96&d=mm&r=g\",\"contentUrl\":\"https:\/\/secure.gravatar.com\/avatar\/432ce140236c408fa05ea28acd193ba03163acdd0efbe444c1c44957b8a29a2a?s=96&d=mm&r=g\",\"caption\":\"Guineeline\"},\"url\":\"https:\/\/www.guineeline.net\/index.php\/author\/admin\/\"}]}<\/script>\n<!-- \/ Yoast SEO plugin. -->","yoast_head_json":{"title":"D\u00e9cret: Le Colonel Doumbouya nomme huit nouveaux inspecteurs r\u00e9gionaux du travail (Liste) - Guineeline","robots":{"index":"index","follow":"follow","max-snippet":"max-snippet:-1","max-image-preview":"max-image-preview:large","max-video-preview":"max-video-preview:-1"},"canonical":"https:\/\/www.guineeline.net\/index.php\/2022\/11\/10\/decret-le-colonel-doumbouya-nomme-huit-nouveaux-inspecteurs-regionaux-du-travail-liste\/","og_locale":"fr_FR","og_type":"article","og_title":"D\u00e9cret: Le Colonel Doumbouya nomme huit nouveaux inspecteurs r\u00e9gionaux du travail (Liste) - Guineeline","og_description":"Dans une s\u00e9rie de d\u00e9crets pris ce mercredi, le pr\u00e9sident de la transition a nomm\u00e9 plusieurs cadres au niveau des services d\u00e9concentr\u00e9s du minist\u00e8re du Travail et de la Fonction Publique. Ces nominations concernent les inspecteurs r\u00e9gionaux des huit r\u00e9gions administratives du pays. &nbsp; 1-\u00a0\u00a0Inspecteur r\u00e9gional du travail Conakry :\u00a0Aboubacar Babara Fofana, pr\u00e9c\u00e9demment chef du [&hellip;]","og_url":"https:\/\/www.guineeline.net\/index.php\/2022\/11\/10\/decret-le-colonel-doumbouya-nomme-huit-nouveaux-inspecteurs-regionaux-du-travail-liste\/","og_site_name":"Guineeline","article_published_time":"2022-11-10T16:58:24+00:00","og_image":[{"width":1140,"height":570,"url":"https:\/\/www.guineeline.net\/wp-content\/uploads\/2022\/08\/Mamadi-Doumbouya-1140x570-1.jpg","type":"image\/jpeg"}],"author":"Guineeline","twitter_card":"summary_large_image","twitter_misc":{"\u00c9crit par":"Guineeline","Dur\u00e9e de lecture estim\u00e9e":"1 minute"},"schema":{"@context":"https:\/\/schema.org","@graph":[{"@type":"Article","@id":"https:\/\/www.guineeline.net\/index.php\/2022\/11\/10\/decret-le-colonel-doumbouya-nomme-huit-nouveaux-inspecteurs-regionaux-du-travail-liste\/#article","isPartOf":{"@id":"https:\/\/www.guineeline.net\/index.php\/2022\/11\/10\/decret-le-colonel-doumbouya-nomme-huit-nouveaux-inspecteurs-regionaux-du-travail-liste\/"},"author":{"name":"Guineeline","@id":"https:\/\/www.guineeline.net\/#\/schema\/person\/f5914e0a4c56cc8f4aa0922cc547a390"},"headline":"D\u00e9cret: Le Colonel Doumbouya nomme huit nouveaux inspecteurs r\u00e9gionaux du travail (Liste)","datePublished":"2022-11-10T16:58:24+00:00","mainEntityOfPage":{"@id":"https:\/\/www.guineeline.net\/index.php\/2022\/11\/10\/decret-le-colonel-doumbouya-nomme-huit-nouveaux-inspecteurs-regionaux-du-travail-liste\/"},"wordCount":263,"commentCount":0,"image":{"@id":"https:\/\/www.guineeline.net\/index.php\/2022\/11\/10\/decret-le-colonel-doumbouya-nomme-huit-nouveaux-inspecteurs-regionaux-du-travail-liste\/#primaryimage"},"thumbnailUrl":"https:\/\/www.guineeline.net\/wp-content\/uploads\/2022\/08\/Mamadi-Doumbouya-1140x570-1.jpg","articleSection":["Actualit\u00e9s"],"inLanguage":"fr-FR","potentialAction":[{"@type":"CommentAction","name":"Comment","target":["https:\/\/www.guineeline.net\/index.php\/2022\/11\/10\/decret-le-colonel-doumbouya-nomme-huit-nouveaux-inspecteurs-regionaux-du-travail-liste\/#respond"]}]},{"@type":"WebPage","@id":"https:\/\/www.guineeline.net\/index.php\/2022\/11\/10\/decret-le-colonel-doumbouya-nomme-huit-nouveaux-inspecteurs-regionaux-du-travail-liste\/","url":"https:\/\/www.guineeline.net\/index.php\/2022\/11\/10\/decret-le-colonel-doumbouya-nomme-huit-nouveaux-inspecteurs-regionaux-du-travail-liste\/","name":"D\u00e9cret: Le Colonel Doumbouya nomme huit nouveaux inspecteurs r\u00e9gionaux du travail (Liste) - Guineeline","isPartOf":{"@id":"https:\/\/www.guineeline.net\/#website"},"primaryImageOfPage":{"@id":"https:\/\/www.guineeline.net\/index.php\/2022\/11\/10\/decret-le-colonel-doumbouya-nomme-huit-nouveaux-inspecteurs-regionaux-du-travail-liste\/#primaryimage"},"image":{"@id":"https:\/\/www.guineeline.net\/index.php\/2022\/11\/10\/decret-le-colonel-doumbouya-nomme-huit-nouveaux-inspecteurs-regionaux-du-travail-liste\/#primaryimage"},"thumbnailUrl":"https:\/\/www.guineeline.net\/wp-content\/uploads\/2022\/08\/Mamadi-Doumbouya-1140x570-1.jpg","datePublished":"2022-11-10T16:58:24+00:00","author":{"@id":"https:\/\/www.guineeline.net\/#\/schema\/person\/f5914e0a4c56cc8f4aa0922cc547a390"},"breadcrumb":{"@id":"https:\/\/www.guineeline.net\/index.php\/2022\/11\/10\/decret-le-colonel-doumbouya-nomme-huit-nouveaux-inspecteurs-regionaux-du-travail-liste\/#breadcrumb"},"inLanguage":"fr-FR","potentialAction":[{"@type":"ReadAction","target":["https:\/\/www.guineeline.net\/index.php\/2022\/11\/10\/decret-le-colonel-doumbouya-nomme-huit-nouveaux-inspecteurs-regionaux-du-travail-liste\/"]}]},{"@type":"ImageObject","inLanguage":"fr-FR","@id":"https:\/\/www.guineeline.net\/index.php\/2022\/11\/10\/decret-le-colonel-doumbouya-nomme-huit-nouveaux-inspecteurs-regionaux-du-travail-liste\/#primaryimage","url":"https:\/\/www.guineeline.net\/wp-content\/uploads\/2022\/08\/Mamadi-Doumbouya-1140x570-1.jpg","contentUrl":"https:\/\/www.guineeline.net\/wp-content\/uploads\/2022\/08\/Mamadi-Doumbouya-1140x570-1.jpg","width":1140,"height":570},{"@type":"BreadcrumbList","@id":"https:\/\/www.guineeline.net\/index.php\/2022\/11\/10\/decret-le-colonel-doumbouya-nomme-huit-nouveaux-inspecteurs-regionaux-du-travail-liste\/#breadcrumb","itemListElement":[{"@type":"ListItem","position":1,"name":"Accueil","item":"https:\/\/www.guineeline.net\/"},{"@type":"ListItem","position":2,"name":"D\u00e9cret: Le Colonel Doumbouya nomme huit nouveaux inspecteurs r\u00e9gionaux du travail (Liste)"}]},{"@type":"WebSite","@id":"https:\/\/www.guineeline.net\/#website","url":"https:\/\/www.guineeline.net\/","name":"Guineeline","description":"L&#039;information en un clic","potentialAction":[{"@type":"SearchAction","target":{"@type":"EntryPoint","urlTemplate":"https:\/\/www.guineeline.net\/?s={search_term_string}"},"query-input":{"@type":"PropertyValueSpecification","valueRequired":true,"valueName":"search_term_string"}}],"inLanguage":"fr-FR"},{"@type":"Person","@id":"https:\/\/www.guineeline.net\/#\/schema\/person\/f5914e0a4c56cc8f4aa0922cc547a390","name":"Guineeline","image":{"@type":"ImageObject","inLanguage":"fr-FR","@id":"https:\/\/www.guineeline.net\/#\/schema\/person\/image\/","url":"https:\/\/secure.gravatar.com\/avatar\/432ce140236c408fa05ea28acd193ba03163acdd0efbe444c1c44957b8a29a2a?s=96&d=mm&r=g","contentUrl":"https:\/\/secure.gravatar.com\/avatar\/432ce140236c408fa05ea28acd193ba03163acdd0efbe444c1c44957b8a29a2a?s=96&d=mm&r=g","caption":"Guineeline"},"url":"https:\/\/www.guineeline.net\/index.php\/author\/admin\/"}]}},"_links":{"self":[{"href":"https:\/\/www.guineeline.net\/index.php\/wp-json\/wp\/v2\/posts\/929","targetHints":{"allow":["GET"]}}],"collection":[{"href":"https:\/\/www.guineeline.net\/index.php\/wp-json\/wp\/v2\/posts"}],"about":[{"href":"https:\/\/www.guineeline.net\/index.php\/wp-json\/wp\/v2\/types\/post"}],"author":[{"embeddable":true,"href":"https:\/\/www.guineeline.net\/index.php\/wp-json\/wp\/v2\/users\/3"}],"replies":[{"embeddable":true,"href":"https:\/\/www.guineeline.net\/index.php\/wp-json\/wp\/v2\/comments?post=929"}],"version-history":[{"count":1,"href":"https:\/\/www.guineeline.net\/index.php\/wp-json\/wp\/v2\/posts\/929\/revisions"}],"predecessor-version":[{"id":930,"href":"https:\/\/www.guineeline.net\/index.php\/wp-json\/wp\/v2\/posts\/929\/revisions\/930"}],"wp:featuredmedia":[{"embeddable":true,"href":"https:\/\/www.guineeline.net\/index.php\/wp-json\/wp\/v2\/media\/796"}],"wp:attachment":[{"href":"https:\/\/www.guineeline.net\/index.php\/wp-json\/wp\/v2\/media?parent=929"}],"wp:term":[{"taxonomy":"category","embeddable":true,"href":"https:\/\/www.guineeline.net\/index.php\/wp-json\/wp\/v2\/categories?post=929"},{"taxonomy":"post_tag","embeddable":true,"href":"https:\/\/www.guineeline.net\/index.php\/wp-json\/wp\/v2\/tags?post=929"}],"curies":[{"name":"wp","href":"https:\/\/api.w.org\/{rel}","templated":true}]}}