{"id":9258,"date":"2025-09-01T15:13:31","date_gmt":"2025-09-01T13:13:31","guid":{"rendered":"https:\/\/www.guineeline.net\/?p=9258"},"modified":"2025-09-01T15:13:31","modified_gmt":"2025-09-01T13:13:31","slug":"guinee-la-peche-maritime-rouvre-apres-deux-mois-de-repos-biologique","status":"publish","type":"post","link":"https:\/\/www.guineeline.net\/index.php\/2025\/09\/01\/guinee-la-peche-maritime-rouvre-apres-deux-mois-de-repos-biologique\/","title":{"rendered":"Guin\u00e9e : la p\u00eache maritime rouvre apr\u00e8s deux mois de repos biologique"},"content":{"rendered":"<p><em>Apr\u00e8s plusieurs semaines de repos biologique, vital pour la r\u00e9g\u00e9n\u00e9ration des ressources halieutiques, les acteurs de la p\u00eache maritime en Guin\u00e9e reprennent le large. La mesure de fermeture saisonni\u00e8re a pris fin ce dimanche 31 ao\u00fbt, ouvrant ainsi la voie \u00e0 la reprise des activit\u00e9s de p\u00eache d\u00e8s ce lundi 1er septembre 2025.<\/em><\/p>\n<p data-start=\"553\" data-end=\"897\">C\u2019est le ministre de la P\u00eache et de l\u2019Aquaculture, Fassou Th\u00e9a, qui a officiellement annonc\u00e9 la r\u00e9ouverture de la zone maritime de p\u00eache, \u00e9tendue jusqu\u2019\u00e0 la limite de 60 milles marins depuis la ligne de base. \u00ab <em>Cette r\u00e9ouverture prendra effet le lundi 1er septembre 2025 \u00e0 0 heure, temps universel<\/em> \u00bb, a-t-il pr\u00e9cis\u00e9 \u00e0 la t\u00e9l\u00e9vision nationale.<\/p>\n<p data-start=\"899\" data-end=\"1195\">Le responsable du d\u00e9partement a \u00e9galement soulign\u00e9 que durant la p\u00e9riode de fermeture, la surveillance des zones de p\u00eache a \u00e9t\u00e9 renforc\u00e9e gr\u00e2ce \u00e0 une meilleure coordination entre les structures de contr\u00f4le et de surveillance, rendue possible par la mutualisation de leurs moyens et \u00e9quipements.<\/p>\n<p data-start=\"1197\" data-end=\"1364\">Par ailleurs, la reprise concerne aussi les activit\u00e9s d\u2019exportation et de r\u00e9exportation des produits halieutiques, suspendues pendant la p\u00e9riode de repos biologique.<\/p>\n<p data-start=\"1366\" data-end=\"1628\">En Guin\u00e9e, ce temps de pause impos\u00e9 aux acteurs de la p\u00eache reste essentiel : il permet de pr\u00e9server les stocks halieutiques et de favoriser la reproduction des esp\u00e8ces, garantissant ainsi la durabilit\u00e9 de la fili\u00e8re et la s\u00e9curit\u00e9 alimentaire des populations.<\/p>\n<p>Oury Bah<\/p>\n","protected":false},"excerpt":{"rendered":"<p>Apr\u00e8s plusieurs semaines de repos biologique, vital pour la r\u00e9g\u00e9n\u00e9ration des ressources halieutiques, les acteurs de la p\u00eache maritime en Guin\u00e9e reprennent le large. La mesure de fermeture saisonni\u00e8re a pris fin ce dimanche 31 ao\u00fbt, ouvrant ainsi la voie \u00e0 la reprise des activit\u00e9s de p\u00eache d\u00e8s ce lundi 1er septembre 2025. C\u2019est le [&hellip;]<\/p>\n","protected":false},"author":3,"featured_media":9259,"comment_status":"open","ping_status":"open","sticky":false,"template":"","format":"standard","meta":{"jnews-multi-image_gallery":[],"jnews_single_post":{"subtitle":"","format":"standard","video":"","gallery":"","source_name":"","source_url":"","via_name":"","via_url":"","override_template":"0","override":[{"template":"1","single_blog_custom":"","parallax":"1","fullscreen":"1","layout":"right-sidebar","sidebar":"default-sidebar","second_sidebar":"default-sidebar","sticky_sidebar":"1","share_position":"top","share_float_style":"share-monocrhome","show_share_counter":"0","show_view_counter":"0","show_featured":"1","show_post_meta":"1","show_post_author":"1","show_post_author_image":"1","show_post_date":"1","post_date_format":"default","post_date_format_custom":"Y\/m\/d","show_post_category":"1","show_post_reading_time":"0","post_reading_time_wpm":"300","show_zoom_button":"0","zoom_button_out_step":"2","zoom_button_in_step":"3","show_post_tag":"1","show_prev_next_post":"1","show_popup_post":"1","number_popup_post":"1","show_author_box":"0","show_post_related":"0","show_inline_post_related":"0"}],"override_image_size":"0","image_override":[{"single_post_thumbnail_size":"crop-500","single_post_gallery_size":"crop-500"}],"trending_post":"0","trending_post_position":"meta","trending_post_label":"Trending","sponsored_post":"0","sponsored_post_label":"Sponsored by","sponsored_post_name":"","sponsored_post_url":"","sponsored_post_logo_enable":"0","sponsored_post_logo":"","sponsored_post_desc":"","disable_ad":"0"},"jnews_primary_category":{"id":"","hide":""},"jnews_override_counter":[],"footnotes":""},"categories":[2,20],"tags":[],"class_list":["post-9258","post","type-post","status-publish","format-standard","has-post-thumbnail","hentry","category-actualites","category-biodiversite"],"yoast_head":"<!-- This site is optimized with the Yoast SEO plugin v26.9 - https:\/\/yoast.com\/product\/yoast-seo-wordpress\/ -->\n<title>Guin\u00e9e : la p\u00eache maritime rouvre apr\u00e8s deux mois de repos biologique - Guineeline<\/title>\n<meta name=\"robots\" content=\"index, follow, max-snippet:-1, max-image-preview:large, max-video-preview:-1\" \/>\n<link rel=\"canonical\" href=\"https:\/\/www.guineeline.net\/index.php\/2025\/09\/01\/guinee-la-peche-maritime-rouvre-apres-deux-mois-de-repos-biologique\/\" \/>\n<meta property=\"og:locale\" content=\"fr_FR\" \/>\n<meta property=\"og:type\" content=\"article\" \/>\n<meta property=\"og:title\" content=\"Guin\u00e9e : la p\u00eache maritime rouvre apr\u00e8s deux mois de repos biologique - Guineeline\" \/>\n<meta property=\"og:description\" content=\"Apr\u00e8s plusieurs semaines de repos biologique, vital pour la r\u00e9g\u00e9n\u00e9ration des ressources halieutiques, les acteurs de la p\u00eache maritime en Guin\u00e9e reprennent le large. La mesure de fermeture saisonni\u00e8re a pris fin ce dimanche 31 ao\u00fbt, ouvrant ainsi la voie \u00e0 la reprise des activit\u00e9s de p\u00eache d\u00e8s ce lundi 1er septembre 2025. C\u2019est le [&hellip;]\" \/>\n<meta property=\"og:url\" content=\"https:\/\/www.guineeline.net\/index.php\/2025\/09\/01\/guinee-la-peche-maritime-rouvre-apres-deux-mois-de-repos-biologique\/\" \/>\n<meta property=\"og:site_name\" content=\"Guineeline\" \/>\n<meta property=\"article:published_time\" content=\"2025-09-01T13:13:31+00:00\" \/>\n<meta property=\"og:image\" content=\"https:\/\/www.guineeline.net\/wp-content\/uploads\/2025\/09\/Fassou-Thea-Ministre-de-la-peche.webp\" \/>\n\t<meta property=\"og:image:width\" content=\"700\" \/>\n\t<meta property=\"og:image:height\" content=\"375\" \/>\n\t<meta property=\"og:image:type\" content=\"image\/webp\" \/>\n<meta name=\"author\" content=\"Guineeline\" \/>\n<meta name=\"twitter:card\" content=\"summary_large_image\" \/>\n<meta name=\"twitter:label1\" content=\"\u00c9crit par\" \/>\n\t<meta name=\"twitter:data1\" content=\"Guineeline\" \/>\n\t<meta name=\"twitter:label2\" content=\"Dur\u00e9e de lecture estim\u00e9e\" \/>\n\t<meta name=\"twitter:data2\" content=\"2 minutes\" \/>\n<script type=\"application\/ld+json\" class=\"yoast-schema-graph\">{\"@context\":\"https:\/\/schema.org\",\"@graph\":[{\"@type\":\"Article\",\"@id\":\"https:\/\/www.guineeline.net\/index.php\/2025\/09\/01\/guinee-la-peche-maritime-rouvre-apres-deux-mois-de-repos-biologique\/#article\",\"isPartOf\":{\"@id\":\"https:\/\/www.guineeline.net\/index.php\/2025\/09\/01\/guinee-la-peche-maritime-rouvre-apres-deux-mois-de-repos-biologique\/\"},\"author\":{\"name\":\"Guineeline\",\"@id\":\"https:\/\/www.guineeline.net\/#\/schema\/person\/f5914e0a4c56cc8f4aa0922cc547a390\"},\"headline\":\"Guin\u00e9e : la p\u00eache maritime rouvre apr\u00e8s deux mois de repos biologique\",\"datePublished\":\"2025-09-01T13:13:31+00:00\",\"mainEntityOfPage\":{\"@id\":\"https:\/\/www.guineeline.net\/index.php\/2025\/09\/01\/guinee-la-peche-maritime-rouvre-apres-deux-mois-de-repos-biologique\/\"},\"wordCount\":261,\"commentCount\":0,\"image\":{\"@id\":\"https:\/\/www.guineeline.net\/index.php\/2025\/09\/01\/guinee-la-peche-maritime-rouvre-apres-deux-mois-de-repos-biologique\/#primaryimage\"},\"thumbnailUrl\":\"https:\/\/www.guineeline.net\/wp-content\/uploads\/2025\/09\/Fassou-Thea-Ministre-de-la-peche.webp\",\"articleSection\":[\"Actualit\u00e9s\",\"Biodiversit\u00e9\"],\"inLanguage\":\"fr-FR\",\"potentialAction\":[{\"@type\":\"CommentAction\",\"name\":\"Comment\",\"target\":[\"https:\/\/www.guineeline.net\/index.php\/2025\/09\/01\/guinee-la-peche-maritime-rouvre-apres-deux-mois-de-repos-biologique\/#respond\"]}]},{\"@type\":\"WebPage\",\"@id\":\"https:\/\/www.guineeline.net\/index.php\/2025\/09\/01\/guinee-la-peche-maritime-rouvre-apres-deux-mois-de-repos-biologique\/\",\"url\":\"https:\/\/www.guineeline.net\/index.php\/2025\/09\/01\/guinee-la-peche-maritime-rouvre-apres-deux-mois-de-repos-biologique\/\",\"name\":\"Guin\u00e9e : la p\u00eache maritime rouvre apr\u00e8s deux mois de repos biologique - Guineeline\",\"isPartOf\":{\"@id\":\"https:\/\/www.guineeline.net\/#website\"},\"primaryImageOfPage\":{\"@id\":\"https:\/\/www.guineeline.net\/index.php\/2025\/09\/01\/guinee-la-peche-maritime-rouvre-apres-deux-mois-de-repos-biologique\/#primaryimage\"},\"image\":{\"@id\":\"https:\/\/www.guineeline.net\/index.php\/2025\/09\/01\/guinee-la-peche-maritime-rouvre-apres-deux-mois-de-repos-biologique\/#primaryimage\"},\"thumbnailUrl\":\"https:\/\/www.guineeline.net\/wp-content\/uploads\/2025\/09\/Fassou-Thea-Ministre-de-la-peche.webp\",\"datePublished\":\"2025-09-01T13:13:31+00:00\",\"author\":{\"@id\":\"https:\/\/www.guineeline.net\/#\/schema\/person\/f5914e0a4c56cc8f4aa0922cc547a390\"},\"breadcrumb\":{\"@id\":\"https:\/\/www.guineeline.net\/index.php\/2025\/09\/01\/guinee-la-peche-maritime-rouvre-apres-deux-mois-de-repos-biologique\/#breadcrumb\"},\"inLanguage\":\"fr-FR\",\"potentialAction\":[{\"@type\":\"ReadAction\",\"target\":[\"https:\/\/www.guineeline.net\/index.php\/2025\/09\/01\/guinee-la-peche-maritime-rouvre-apres-deux-mois-de-repos-biologique\/\"]}]},{\"@type\":\"ImageObject\",\"inLanguage\":\"fr-FR\",\"@id\":\"https:\/\/www.guineeline.net\/index.php\/2025\/09\/01\/guinee-la-peche-maritime-rouvre-apres-deux-mois-de-repos-biologique\/#primaryimage\",\"url\":\"https:\/\/www.guineeline.net\/wp-content\/uploads\/2025\/09\/Fassou-Thea-Ministre-de-la-peche.webp\",\"contentUrl\":\"https:\/\/www.guineeline.net\/wp-content\/uploads\/2025\/09\/Fassou-Thea-Ministre-de-la-peche.webp\",\"width\":700,\"height\":375},{\"@type\":\"BreadcrumbList\",\"@id\":\"https:\/\/www.guineeline.net\/index.php\/2025\/09\/01\/guinee-la-peche-maritime-rouvre-apres-deux-mois-de-repos-biologique\/#breadcrumb\",\"itemListElement\":[{\"@type\":\"ListItem\",\"position\":1,\"name\":\"Accueil\",\"item\":\"https:\/\/www.guineeline.net\/\"},{\"@type\":\"ListItem\",\"position\":2,\"name\":\"Guin\u00e9e : la p\u00eache maritime rouvre apr\u00e8s deux mois de repos biologique\"}]},{\"@type\":\"WebSite\",\"@id\":\"https:\/\/www.guineeline.net\/#website\",\"url\":\"https:\/\/www.guineeline.net\/\",\"name\":\"Guineeline\",\"description\":\"L&#039;information en un clic\",\"potentialAction\":[{\"@type\":\"SearchAction\",\"target\":{\"@type\":\"EntryPoint\",\"urlTemplate\":\"https:\/\/www.guineeline.net\/?s={search_term_string}\"},\"query-input\":{\"@type\":\"PropertyValueSpecification\",\"valueRequired\":true,\"valueName\":\"search_term_string\"}}],\"inLanguage\":\"fr-FR\"},{\"@type\":\"Person\",\"@id\":\"https:\/\/www.guineeline.net\/#\/schema\/person\/f5914e0a4c56cc8f4aa0922cc547a390\",\"name\":\"Guineeline\",\"image\":{\"@type\":\"ImageObject\",\"inLanguage\":\"fr-FR\",\"@id\":\"https:\/\/www.guineeline.net\/#\/schema\/person\/image\/\",\"url\":\"https:\/\/secure.gravatar.com\/avatar\/432ce140236c408fa05ea28acd193ba03163acdd0efbe444c1c44957b8a29a2a?s=96&d=mm&r=g\",\"contentUrl\":\"https:\/\/secure.gravatar.com\/avatar\/432ce140236c408fa05ea28acd193ba03163acdd0efbe444c1c44957b8a29a2a?s=96&d=mm&r=g\",\"caption\":\"Guineeline\"},\"url\":\"https:\/\/www.guineeline.net\/index.php\/author\/admin\/\"}]}<\/script>\n<!-- \/ Yoast SEO plugin. -->","yoast_head_json":{"title":"Guin\u00e9e : la p\u00eache maritime rouvre apr\u00e8s deux mois de repos biologique - Guineeline","robots":{"index":"index","follow":"follow","max-snippet":"max-snippet:-1","max-image-preview":"max-image-preview:large","max-video-preview":"max-video-preview:-1"},"canonical":"https:\/\/www.guineeline.net\/index.php\/2025\/09\/01\/guinee-la-peche-maritime-rouvre-apres-deux-mois-de-repos-biologique\/","og_locale":"fr_FR","og_type":"article","og_title":"Guin\u00e9e : la p\u00eache maritime rouvre apr\u00e8s deux mois de repos biologique - Guineeline","og_description":"Apr\u00e8s plusieurs semaines de repos biologique, vital pour la r\u00e9g\u00e9n\u00e9ration des ressources halieutiques, les acteurs de la p\u00eache maritime en Guin\u00e9e reprennent le large. La mesure de fermeture saisonni\u00e8re a pris fin ce dimanche 31 ao\u00fbt, ouvrant ainsi la voie \u00e0 la reprise des activit\u00e9s de p\u00eache d\u00e8s ce lundi 1er septembre 2025. C\u2019est le [&hellip;]","og_url":"https:\/\/www.guineeline.net\/index.php\/2025\/09\/01\/guinee-la-peche-maritime-rouvre-apres-deux-mois-de-repos-biologique\/","og_site_name":"Guineeline","article_published_time":"2025-09-01T13:13:31+00:00","og_image":[{"width":700,"height":375,"url":"https:\/\/www.guineeline.net\/wp-content\/uploads\/2025\/09\/Fassou-Thea-Ministre-de-la-peche.webp","type":"image\/webp"}],"author":"Guineeline","twitter_card":"summary_large_image","twitter_misc":{"\u00c9crit par":"Guineeline","Dur\u00e9e de lecture estim\u00e9e":"2 minutes"},"schema":{"@context":"https:\/\/schema.org","@graph":[{"@type":"Article","@id":"https:\/\/www.guineeline.net\/index.php\/2025\/09\/01\/guinee-la-peche-maritime-rouvre-apres-deux-mois-de-repos-biologique\/#article","isPartOf":{"@id":"https:\/\/www.guineeline.net\/index.php\/2025\/09\/01\/guinee-la-peche-maritime-rouvre-apres-deux-mois-de-repos-biologique\/"},"author":{"name":"Guineeline","@id":"https:\/\/www.guineeline.net\/#\/schema\/person\/f5914e0a4c56cc8f4aa0922cc547a390"},"headline":"Guin\u00e9e : la p\u00eache maritime rouvre apr\u00e8s deux mois de repos biologique","datePublished":"2025-09-01T13:13:31+00:00","mainEntityOfPage":{"@id":"https:\/\/www.guineeline.net\/index.php\/2025\/09\/01\/guinee-la-peche-maritime-rouvre-apres-deux-mois-de-repos-biologique\/"},"wordCount":261,"commentCount":0,"image":{"@id":"https:\/\/www.guineeline.net\/index.php\/2025\/09\/01\/guinee-la-peche-maritime-rouvre-apres-deux-mois-de-repos-biologique\/#primaryimage"},"thumbnailUrl":"https:\/\/www.guineeline.net\/wp-content\/uploads\/2025\/09\/Fassou-Thea-Ministre-de-la-peche.webp","articleSection":["Actualit\u00e9s","Biodiversit\u00e9"],"inLanguage":"fr-FR","potentialAction":[{"@type":"CommentAction","name":"Comment","target":["https:\/\/www.guineeline.net\/index.php\/2025\/09\/01\/guinee-la-peche-maritime-rouvre-apres-deux-mois-de-repos-biologique\/#respond"]}]},{"@type":"WebPage","@id":"https:\/\/www.guineeline.net\/index.php\/2025\/09\/01\/guinee-la-peche-maritime-rouvre-apres-deux-mois-de-repos-biologique\/","url":"https:\/\/www.guineeline.net\/index.php\/2025\/09\/01\/guinee-la-peche-maritime-rouvre-apres-deux-mois-de-repos-biologique\/","name":"Guin\u00e9e : la p\u00eache maritime rouvre apr\u00e8s deux mois de repos biologique - Guineeline","isPartOf":{"@id":"https:\/\/www.guineeline.net\/#website"},"primaryImageOfPage":{"@id":"https:\/\/www.guineeline.net\/index.php\/2025\/09\/01\/guinee-la-peche-maritime-rouvre-apres-deux-mois-de-repos-biologique\/#primaryimage"},"image":{"@id":"https:\/\/www.guineeline.net\/index.php\/2025\/09\/01\/guinee-la-peche-maritime-rouvre-apres-deux-mois-de-repos-biologique\/#primaryimage"},"thumbnailUrl":"https:\/\/www.guineeline.net\/wp-content\/uploads\/2025\/09\/Fassou-Thea-Ministre-de-la-peche.webp","datePublished":"2025-09-01T13:13:31+00:00","author":{"@id":"https:\/\/www.guineeline.net\/#\/schema\/person\/f5914e0a4c56cc8f4aa0922cc547a390"},"breadcrumb":{"@id":"https:\/\/www.guineeline.net\/index.php\/2025\/09\/01\/guinee-la-peche-maritime-rouvre-apres-deux-mois-de-repos-biologique\/#breadcrumb"},"inLanguage":"fr-FR","potentialAction":[{"@type":"ReadAction","target":["https:\/\/www.guineeline.net\/index.php\/2025\/09\/01\/guinee-la-peche-maritime-rouvre-apres-deux-mois-de-repos-biologique\/"]}]},{"@type":"ImageObject","inLanguage":"fr-FR","@id":"https:\/\/www.guineeline.net\/index.php\/2025\/09\/01\/guinee-la-peche-maritime-rouvre-apres-deux-mois-de-repos-biologique\/#primaryimage","url":"https:\/\/www.guineeline.net\/wp-content\/uploads\/2025\/09\/Fassou-Thea-Ministre-de-la-peche.webp","contentUrl":"https:\/\/www.guineeline.net\/wp-content\/uploads\/2025\/09\/Fassou-Thea-Ministre-de-la-peche.webp","width":700,"height":375},{"@type":"BreadcrumbList","@id":"https:\/\/www.guineeline.net\/index.php\/2025\/09\/01\/guinee-la-peche-maritime-rouvre-apres-deux-mois-de-repos-biologique\/#breadcrumb","itemListElement":[{"@type":"ListItem","position":1,"name":"Accueil","item":"https:\/\/www.guineeline.net\/"},{"@type":"ListItem","position":2,"name":"Guin\u00e9e : la p\u00eache maritime rouvre apr\u00e8s deux mois de repos biologique"}]},{"@type":"WebSite","@id":"https:\/\/www.guineeline.net\/#website","url":"https:\/\/www.guineeline.net\/","name":"Guineeline","description":"L&#039;information en un clic","potentialAction":[{"@type":"SearchAction","target":{"@type":"EntryPoint","urlTemplate":"https:\/\/www.guineeline.net\/?s={search_term_string}"},"query-input":{"@type":"PropertyValueSpecification","valueRequired":true,"valueName":"search_term_string"}}],"inLanguage":"fr-FR"},{"@type":"Person","@id":"https:\/\/www.guineeline.net\/#\/schema\/person\/f5914e0a4c56cc8f4aa0922cc547a390","name":"Guineeline","image":{"@type":"ImageObject","inLanguage":"fr-FR","@id":"https:\/\/www.guineeline.net\/#\/schema\/person\/image\/","url":"https:\/\/secure.gravatar.com\/avatar\/432ce140236c408fa05ea28acd193ba03163acdd0efbe444c1c44957b8a29a2a?s=96&d=mm&r=g","contentUrl":"https:\/\/secure.gravatar.com\/avatar\/432ce140236c408fa05ea28acd193ba03163acdd0efbe444c1c44957b8a29a2a?s=96&d=mm&r=g","caption":"Guineeline"},"url":"https:\/\/www.guineeline.net\/index.php\/author\/admin\/"}]}},"_links":{"self":[{"href":"https:\/\/www.guineeline.net\/index.php\/wp-json\/wp\/v2\/posts\/9258","targetHints":{"allow":["GET"]}}],"collection":[{"href":"https:\/\/www.guineeline.net\/index.php\/wp-json\/wp\/v2\/posts"}],"about":[{"href":"https:\/\/www.guineeline.net\/index.php\/wp-json\/wp\/v2\/types\/post"}],"author":[{"embeddable":true,"href":"https:\/\/www.guineeline.net\/index.php\/wp-json\/wp\/v2\/users\/3"}],"replies":[{"embeddable":true,"href":"https:\/\/www.guineeline.net\/index.php\/wp-json\/wp\/v2\/comments?post=9258"}],"version-history":[{"count":1,"href":"https:\/\/www.guineeline.net\/index.php\/wp-json\/wp\/v2\/posts\/9258\/revisions"}],"predecessor-version":[{"id":9260,"href":"https:\/\/www.guineeline.net\/index.php\/wp-json\/wp\/v2\/posts\/9258\/revisions\/9260"}],"wp:featuredmedia":[{"embeddable":true,"href":"https:\/\/www.guineeline.net\/index.php\/wp-json\/wp\/v2\/media\/9259"}],"wp:attachment":[{"href":"https:\/\/www.guineeline.net\/index.php\/wp-json\/wp\/v2\/media?parent=9258"}],"wp:term":[{"taxonomy":"category","embeddable":true,"href":"https:\/\/www.guineeline.net\/index.php\/wp-json\/wp\/v2\/categories?post=9258"},{"taxonomy":"post_tag","embeddable":true,"href":"https:\/\/www.guineeline.net\/index.php\/wp-json\/wp\/v2\/tags?post=9258"}],"curies":[{"name":"wp","href":"https:\/\/api.w.org\/{rel}","templated":true}]}}