{"id":916,"date":"2022-11-03T12:38:04","date_gmt":"2022-11-03T11:38:04","guid":{"rendered":"https:\/\/www.guineeline.net\/?p=916"},"modified":"2022-11-03T12:38:04","modified_gmt":"2022-11-03T11:38:04","slug":"guinee-les-jours-feries-reorganises-decret","status":"publish","type":"post","link":"https:\/\/www.guineeline.net\/index.php\/2022\/11\/03\/guinee-les-jours-feries-reorganises-decret\/","title":{"rendered":"Guin\u00e9e: les jours f\u00e9ri\u00e9s r\u00e9organis\u00e9s (d\u00e9cret)"},"content":{"rendered":"<div dir=\"ltr\" data-setdir=\"false\">Les travailleurs guin\u00e9ens sont\u00a0 de nouveau situ\u00e9s sur les jours f\u00e9ri\u00e9s. Ces jours selon son d\u00e9cret de mise en place lu sur les antennes des m\u00e9dias d\u2019\u00c9tats le mercredi concerne les travailleurs du secteur public priv\u00e9 et mixte.<\/div>\n<div dir=\"ltr\" data-setdir=\"false\"><\/div>\n<div dir=\"ltr\" data-setdir=\"false\">Hormis les weekends, au total seulement douze jours dans l\u2019ann\u00e9e sont concern\u00e9s par cette situation. Ils prennent en compte la f\u00eate de l\u2019ind\u00e9pendance, les f\u00eates religieuses dont celle du ramadan et la pacques et quelques f\u00eates internationales tel que le 1er mai. Ce sont :<\/div>\n<div><\/div>\n<div>1)- le 02 octobre, f\u00eate anniversaire de l\u2019ind\u00e9pendance de la R\u00e9publique de Guin\u00e9e.<\/div>\n<div>2)- le 1er janvier, f\u00eate du nouvel an.<\/div>\n<div>3)- le lundi du p\u00e2ques.<\/div>\n<div>4)- le 1er mai, journ\u00e9e internationale des travailleurs et f\u00eate du travail.<\/div>\n<div>5)- le 25 mai anniversaire de l\u2019Union Africaine.<\/div>\n<div>6)- le lendemain de la nuit de Laylatoul Ghadr.<\/div>\n<div>7)- le jour de l\u2019A\u00efd el Fitr, f\u00eate religieuse marquant la fin du mois de ramadan.<\/div>\n<div>8)- le jour de la tabaski, f\u00eate sacrifice d\u2019Abraham.<\/div>\n<div>9)- le lendemain Tabaski, f\u00eate du sacrifice d\u2019Abraham.<\/div>\n<div>10)- le 25 d\u00e9cembre, f\u00eate de No\u00ebl, anniversaire de la naissance de J\u00e9sus Christ.<\/div>\n<div>11)- le lendemain de la nuit de Maouloud, f\u00eate anniversaire de la naissance du proph\u00e8te Mohamed PSL.<\/div>\n<div>12)- le 15 ao\u00fbt : Assomption.<\/div>\n<div><\/div>\n<div>Toutefois, pr\u00e9cise le d\u00e9cret, le prochain jour ouvrable est d\u00e9clar\u00e9 f\u00e9ri\u00e9 au cas o\u00f9 l\u2019un de ces jours co\u00efncide avec un jour non ouvrables. Par contre, les agents des services qui, en raison de la nature de leurs activit\u00e9s, ne peuvent interrompre le travail, tel que les agents des forces de l\u2019ordre, les agents de sant\u00e9 sont except\u00e9s de cette obligation de ch\u00f4mage.<\/div>\n<div><\/div>\n<div>Idiatou Souar\u00e9<\/div>\n","protected":false},"excerpt":{"rendered":"<p>Les travailleurs guin\u00e9ens sont\u00a0 de nouveau situ\u00e9s sur les jours f\u00e9ri\u00e9s. Ces jours selon son d\u00e9cret de mise en place lu sur les antennes des m\u00e9dias d\u2019\u00c9tats le mercredi concerne les travailleurs du secteur public priv\u00e9 et mixte. Hormis les weekends, au total seulement douze jours dans l\u2019ann\u00e9e sont concern\u00e9s par cette situation. Ils prennent [&hellip;]<\/p>\n","protected":false},"author":3,"featured_media":796,"comment_status":"open","ping_status":"open","sticky":false,"template":"","format":"standard","meta":{"jnews-multi-image_gallery":[],"jnews_single_post":{"subtitle":"","format":"standard","video":"","gallery":"","source_name":"","source_url":"","via_name":"","via_url":"","override":[{"single_blog_custom":"","sidebar":"","second_sidebar":"","share_position":"","share_float_style":"","post_date_format":"","post_date_format_custom":"","number_popup_post":"1"}],"image_override":[{"single_post_thumbnail_size":"","single_post_gallery_size":""}],"trending_post_position":"","trending_post_label":""},"jnews_primary_category":{"id":""},"jnews_override_counter":{"view_counter_number":"0","share_counter_number":"0","like_counter_number":"0","dislike_counter_number":"0"},"footnotes":""},"categories":[2],"tags":[],"class_list":["post-916","post","type-post","status-publish","format-standard","has-post-thumbnail","hentry","category-actualites"],"yoast_head":"<!-- This site is optimized with the Yoast SEO plugin v26.9 - https:\/\/yoast.com\/product\/yoast-seo-wordpress\/ -->\n<title>Guin\u00e9e: les jours f\u00e9ri\u00e9s r\u00e9organis\u00e9s (d\u00e9cret) - Guineeline<\/title>\n<meta name=\"robots\" content=\"index, follow, max-snippet:-1, max-image-preview:large, max-video-preview:-1\" \/>\n<link rel=\"canonical\" href=\"https:\/\/www.guineeline.net\/index.php\/2022\/11\/03\/guinee-les-jours-feries-reorganises-decret\/\" \/>\n<meta property=\"og:locale\" content=\"fr_FR\" \/>\n<meta property=\"og:type\" content=\"article\" \/>\n<meta property=\"og:title\" content=\"Guin\u00e9e: les jours f\u00e9ri\u00e9s r\u00e9organis\u00e9s (d\u00e9cret) - Guineeline\" \/>\n<meta property=\"og:description\" content=\"Les travailleurs guin\u00e9ens sont\u00a0 de nouveau situ\u00e9s sur les jours f\u00e9ri\u00e9s. Ces jours selon son d\u00e9cret de mise en place lu sur les antennes des m\u00e9dias d\u2019\u00c9tats le mercredi concerne les travailleurs du secteur public priv\u00e9 et mixte. Hormis les weekends, au total seulement douze jours dans l\u2019ann\u00e9e sont concern\u00e9s par cette situation. Ils prennent [&hellip;]\" \/>\n<meta property=\"og:url\" content=\"https:\/\/www.guineeline.net\/index.php\/2022\/11\/03\/guinee-les-jours-feries-reorganises-decret\/\" \/>\n<meta property=\"og:site_name\" content=\"Guineeline\" \/>\n<meta property=\"article:published_time\" content=\"2022-11-03T11:38:04+00:00\" \/>\n<meta property=\"og:image\" content=\"https:\/\/www.guineeline.net\/wp-content\/uploads\/2022\/08\/Mamadi-Doumbouya-1140x570-1.jpg\" \/>\n\t<meta property=\"og:image:width\" content=\"1140\" \/>\n\t<meta property=\"og:image:height\" content=\"570\" \/>\n\t<meta property=\"og:image:type\" content=\"image\/jpeg\" \/>\n<meta name=\"author\" content=\"Guineeline\" \/>\n<meta name=\"twitter:card\" content=\"summary_large_image\" \/>\n<meta name=\"twitter:label1\" content=\"\u00c9crit par\" \/>\n\t<meta name=\"twitter:data1\" content=\"Guineeline\" \/>\n\t<meta name=\"twitter:label2\" content=\"Dur\u00e9e de lecture estim\u00e9e\" \/>\n\t<meta name=\"twitter:data2\" content=\"2 minutes\" \/>\n<script type=\"application\/ld+json\" class=\"yoast-schema-graph\">{\"@context\":\"https:\/\/schema.org\",\"@graph\":[{\"@type\":\"Article\",\"@id\":\"https:\/\/www.guineeline.net\/index.php\/2022\/11\/03\/guinee-les-jours-feries-reorganises-decret\/#article\",\"isPartOf\":{\"@id\":\"https:\/\/www.guineeline.net\/index.php\/2022\/11\/03\/guinee-les-jours-feries-reorganises-decret\/\"},\"author\":{\"name\":\"Guineeline\",\"@id\":\"https:\/\/www.guineeline.net\/#\/schema\/person\/f5914e0a4c56cc8f4aa0922cc547a390\"},\"headline\":\"Guin\u00e9e: les jours f\u00e9ri\u00e9s r\u00e9organis\u00e9s (d\u00e9cret)\",\"datePublished\":\"2022-11-03T11:38:04+00:00\",\"mainEntityOfPage\":{\"@id\":\"https:\/\/www.guineeline.net\/index.php\/2022\/11\/03\/guinee-les-jours-feries-reorganises-decret\/\"},\"wordCount\":328,\"commentCount\":0,\"image\":{\"@id\":\"https:\/\/www.guineeline.net\/index.php\/2022\/11\/03\/guinee-les-jours-feries-reorganises-decret\/#primaryimage\"},\"thumbnailUrl\":\"https:\/\/www.guineeline.net\/wp-content\/uploads\/2022\/08\/Mamadi-Doumbouya-1140x570-1.jpg\",\"articleSection\":[\"Actualit\u00e9s\"],\"inLanguage\":\"fr-FR\",\"potentialAction\":[{\"@type\":\"CommentAction\",\"name\":\"Comment\",\"target\":[\"https:\/\/www.guineeline.net\/index.php\/2022\/11\/03\/guinee-les-jours-feries-reorganises-decret\/#respond\"]}]},{\"@type\":\"WebPage\",\"@id\":\"https:\/\/www.guineeline.net\/index.php\/2022\/11\/03\/guinee-les-jours-feries-reorganises-decret\/\",\"url\":\"https:\/\/www.guineeline.net\/index.php\/2022\/11\/03\/guinee-les-jours-feries-reorganises-decret\/\",\"name\":\"Guin\u00e9e: les jours f\u00e9ri\u00e9s r\u00e9organis\u00e9s (d\u00e9cret) - Guineeline\",\"isPartOf\":{\"@id\":\"https:\/\/www.guineeline.net\/#website\"},\"primaryImageOfPage\":{\"@id\":\"https:\/\/www.guineeline.net\/index.php\/2022\/11\/03\/guinee-les-jours-feries-reorganises-decret\/#primaryimage\"},\"image\":{\"@id\":\"https:\/\/www.guineeline.net\/index.php\/2022\/11\/03\/guinee-les-jours-feries-reorganises-decret\/#primaryimage\"},\"thumbnailUrl\":\"https:\/\/www.guineeline.net\/wp-content\/uploads\/2022\/08\/Mamadi-Doumbouya-1140x570-1.jpg\",\"datePublished\":\"2022-11-03T11:38:04+00:00\",\"author\":{\"@id\":\"https:\/\/www.guineeline.net\/#\/schema\/person\/f5914e0a4c56cc8f4aa0922cc547a390\"},\"breadcrumb\":{\"@id\":\"https:\/\/www.guineeline.net\/index.php\/2022\/11\/03\/guinee-les-jours-feries-reorganises-decret\/#breadcrumb\"},\"inLanguage\":\"fr-FR\",\"potentialAction\":[{\"@type\":\"ReadAction\",\"target\":[\"https:\/\/www.guineeline.net\/index.php\/2022\/11\/03\/guinee-les-jours-feries-reorganises-decret\/\"]}]},{\"@type\":\"ImageObject\",\"inLanguage\":\"fr-FR\",\"@id\":\"https:\/\/www.guineeline.net\/index.php\/2022\/11\/03\/guinee-les-jours-feries-reorganises-decret\/#primaryimage\",\"url\":\"https:\/\/www.guineeline.net\/wp-content\/uploads\/2022\/08\/Mamadi-Doumbouya-1140x570-1.jpg\",\"contentUrl\":\"https:\/\/www.guineeline.net\/wp-content\/uploads\/2022\/08\/Mamadi-Doumbouya-1140x570-1.jpg\",\"width\":1140,\"height\":570},{\"@type\":\"BreadcrumbList\",\"@id\":\"https:\/\/www.guineeline.net\/index.php\/2022\/11\/03\/guinee-les-jours-feries-reorganises-decret\/#breadcrumb\",\"itemListElement\":[{\"@type\":\"ListItem\",\"position\":1,\"name\":\"Accueil\",\"item\":\"https:\/\/www.guineeline.net\/\"},{\"@type\":\"ListItem\",\"position\":2,\"name\":\"Guin\u00e9e: les jours f\u00e9ri\u00e9s r\u00e9organis\u00e9s (d\u00e9cret)\"}]},{\"@type\":\"WebSite\",\"@id\":\"https:\/\/www.guineeline.net\/#website\",\"url\":\"https:\/\/www.guineeline.net\/\",\"name\":\"Guineeline\",\"description\":\"L&#039;information en un clic\",\"potentialAction\":[{\"@type\":\"SearchAction\",\"target\":{\"@type\":\"EntryPoint\",\"urlTemplate\":\"https:\/\/www.guineeline.net\/?s={search_term_string}\"},\"query-input\":{\"@type\":\"PropertyValueSpecification\",\"valueRequired\":true,\"valueName\":\"search_term_string\"}}],\"inLanguage\":\"fr-FR\"},{\"@type\":\"Person\",\"@id\":\"https:\/\/www.guineeline.net\/#\/schema\/person\/f5914e0a4c56cc8f4aa0922cc547a390\",\"name\":\"Guineeline\",\"image\":{\"@type\":\"ImageObject\",\"inLanguage\":\"fr-FR\",\"@id\":\"https:\/\/www.guineeline.net\/#\/schema\/person\/image\/\",\"url\":\"https:\/\/secure.gravatar.com\/avatar\/432ce140236c408fa05ea28acd193ba03163acdd0efbe444c1c44957b8a29a2a?s=96&d=mm&r=g\",\"contentUrl\":\"https:\/\/secure.gravatar.com\/avatar\/432ce140236c408fa05ea28acd193ba03163acdd0efbe444c1c44957b8a29a2a?s=96&d=mm&r=g\",\"caption\":\"Guineeline\"},\"url\":\"https:\/\/www.guineeline.net\/index.php\/author\/admin\/\"}]}<\/script>\n<!-- \/ Yoast SEO plugin. -->","yoast_head_json":{"title":"Guin\u00e9e: les jours f\u00e9ri\u00e9s r\u00e9organis\u00e9s (d\u00e9cret) - Guineeline","robots":{"index":"index","follow":"follow","max-snippet":"max-snippet:-1","max-image-preview":"max-image-preview:large","max-video-preview":"max-video-preview:-1"},"canonical":"https:\/\/www.guineeline.net\/index.php\/2022\/11\/03\/guinee-les-jours-feries-reorganises-decret\/","og_locale":"fr_FR","og_type":"article","og_title":"Guin\u00e9e: les jours f\u00e9ri\u00e9s r\u00e9organis\u00e9s (d\u00e9cret) - Guineeline","og_description":"Les travailleurs guin\u00e9ens sont\u00a0 de nouveau situ\u00e9s sur les jours f\u00e9ri\u00e9s. Ces jours selon son d\u00e9cret de mise en place lu sur les antennes des m\u00e9dias d\u2019\u00c9tats le mercredi concerne les travailleurs du secteur public priv\u00e9 et mixte. Hormis les weekends, au total seulement douze jours dans l\u2019ann\u00e9e sont concern\u00e9s par cette situation. Ils prennent [&hellip;]","og_url":"https:\/\/www.guineeline.net\/index.php\/2022\/11\/03\/guinee-les-jours-feries-reorganises-decret\/","og_site_name":"Guineeline","article_published_time":"2022-11-03T11:38:04+00:00","og_image":[{"width":1140,"height":570,"url":"https:\/\/www.guineeline.net\/wp-content\/uploads\/2022\/08\/Mamadi-Doumbouya-1140x570-1.jpg","type":"image\/jpeg"}],"author":"Guineeline","twitter_card":"summary_large_image","twitter_misc":{"\u00c9crit par":"Guineeline","Dur\u00e9e de lecture estim\u00e9e":"2 minutes"},"schema":{"@context":"https:\/\/schema.org","@graph":[{"@type":"Article","@id":"https:\/\/www.guineeline.net\/index.php\/2022\/11\/03\/guinee-les-jours-feries-reorganises-decret\/#article","isPartOf":{"@id":"https:\/\/www.guineeline.net\/index.php\/2022\/11\/03\/guinee-les-jours-feries-reorganises-decret\/"},"author":{"name":"Guineeline","@id":"https:\/\/www.guineeline.net\/#\/schema\/person\/f5914e0a4c56cc8f4aa0922cc547a390"},"headline":"Guin\u00e9e: les jours f\u00e9ri\u00e9s r\u00e9organis\u00e9s (d\u00e9cret)","datePublished":"2022-11-03T11:38:04+00:00","mainEntityOfPage":{"@id":"https:\/\/www.guineeline.net\/index.php\/2022\/11\/03\/guinee-les-jours-feries-reorganises-decret\/"},"wordCount":328,"commentCount":0,"image":{"@id":"https:\/\/www.guineeline.net\/index.php\/2022\/11\/03\/guinee-les-jours-feries-reorganises-decret\/#primaryimage"},"thumbnailUrl":"https:\/\/www.guineeline.net\/wp-content\/uploads\/2022\/08\/Mamadi-Doumbouya-1140x570-1.jpg","articleSection":["Actualit\u00e9s"],"inLanguage":"fr-FR","potentialAction":[{"@type":"CommentAction","name":"Comment","target":["https:\/\/www.guineeline.net\/index.php\/2022\/11\/03\/guinee-les-jours-feries-reorganises-decret\/#respond"]}]},{"@type":"WebPage","@id":"https:\/\/www.guineeline.net\/index.php\/2022\/11\/03\/guinee-les-jours-feries-reorganises-decret\/","url":"https:\/\/www.guineeline.net\/index.php\/2022\/11\/03\/guinee-les-jours-feries-reorganises-decret\/","name":"Guin\u00e9e: les jours f\u00e9ri\u00e9s r\u00e9organis\u00e9s (d\u00e9cret) - Guineeline","isPartOf":{"@id":"https:\/\/www.guineeline.net\/#website"},"primaryImageOfPage":{"@id":"https:\/\/www.guineeline.net\/index.php\/2022\/11\/03\/guinee-les-jours-feries-reorganises-decret\/#primaryimage"},"image":{"@id":"https:\/\/www.guineeline.net\/index.php\/2022\/11\/03\/guinee-les-jours-feries-reorganises-decret\/#primaryimage"},"thumbnailUrl":"https:\/\/www.guineeline.net\/wp-content\/uploads\/2022\/08\/Mamadi-Doumbouya-1140x570-1.jpg","datePublished":"2022-11-03T11:38:04+00:00","author":{"@id":"https:\/\/www.guineeline.net\/#\/schema\/person\/f5914e0a4c56cc8f4aa0922cc547a390"},"breadcrumb":{"@id":"https:\/\/www.guineeline.net\/index.php\/2022\/11\/03\/guinee-les-jours-feries-reorganises-decret\/#breadcrumb"},"inLanguage":"fr-FR","potentialAction":[{"@type":"ReadAction","target":["https:\/\/www.guineeline.net\/index.php\/2022\/11\/03\/guinee-les-jours-feries-reorganises-decret\/"]}]},{"@type":"ImageObject","inLanguage":"fr-FR","@id":"https:\/\/www.guineeline.net\/index.php\/2022\/11\/03\/guinee-les-jours-feries-reorganises-decret\/#primaryimage","url":"https:\/\/www.guineeline.net\/wp-content\/uploads\/2022\/08\/Mamadi-Doumbouya-1140x570-1.jpg","contentUrl":"https:\/\/www.guineeline.net\/wp-content\/uploads\/2022\/08\/Mamadi-Doumbouya-1140x570-1.jpg","width":1140,"height":570},{"@type":"BreadcrumbList","@id":"https:\/\/www.guineeline.net\/index.php\/2022\/11\/03\/guinee-les-jours-feries-reorganises-decret\/#breadcrumb","itemListElement":[{"@type":"ListItem","position":1,"name":"Accueil","item":"https:\/\/www.guineeline.net\/"},{"@type":"ListItem","position":2,"name":"Guin\u00e9e: les jours f\u00e9ri\u00e9s r\u00e9organis\u00e9s (d\u00e9cret)"}]},{"@type":"WebSite","@id":"https:\/\/www.guineeline.net\/#website","url":"https:\/\/www.guineeline.net\/","name":"Guineeline","description":"L&#039;information en un clic","potentialAction":[{"@type":"SearchAction","target":{"@type":"EntryPoint","urlTemplate":"https:\/\/www.guineeline.net\/?s={search_term_string}"},"query-input":{"@type":"PropertyValueSpecification","valueRequired":true,"valueName":"search_term_string"}}],"inLanguage":"fr-FR"},{"@type":"Person","@id":"https:\/\/www.guineeline.net\/#\/schema\/person\/f5914e0a4c56cc8f4aa0922cc547a390","name":"Guineeline","image":{"@type":"ImageObject","inLanguage":"fr-FR","@id":"https:\/\/www.guineeline.net\/#\/schema\/person\/image\/","url":"https:\/\/secure.gravatar.com\/avatar\/432ce140236c408fa05ea28acd193ba03163acdd0efbe444c1c44957b8a29a2a?s=96&d=mm&r=g","contentUrl":"https:\/\/secure.gravatar.com\/avatar\/432ce140236c408fa05ea28acd193ba03163acdd0efbe444c1c44957b8a29a2a?s=96&d=mm&r=g","caption":"Guineeline"},"url":"https:\/\/www.guineeline.net\/index.php\/author\/admin\/"}]}},"_links":{"self":[{"href":"https:\/\/www.guineeline.net\/index.php\/wp-json\/wp\/v2\/posts\/916","targetHints":{"allow":["GET"]}}],"collection":[{"href":"https:\/\/www.guineeline.net\/index.php\/wp-json\/wp\/v2\/posts"}],"about":[{"href":"https:\/\/www.guineeline.net\/index.php\/wp-json\/wp\/v2\/types\/post"}],"author":[{"embeddable":true,"href":"https:\/\/www.guineeline.net\/index.php\/wp-json\/wp\/v2\/users\/3"}],"replies":[{"embeddable":true,"href":"https:\/\/www.guineeline.net\/index.php\/wp-json\/wp\/v2\/comments?post=916"}],"version-history":[{"count":1,"href":"https:\/\/www.guineeline.net\/index.php\/wp-json\/wp\/v2\/posts\/916\/revisions"}],"predecessor-version":[{"id":917,"href":"https:\/\/www.guineeline.net\/index.php\/wp-json\/wp\/v2\/posts\/916\/revisions\/917"}],"wp:featuredmedia":[{"embeddable":true,"href":"https:\/\/www.guineeline.net\/index.php\/wp-json\/wp\/v2\/media\/796"}],"wp:attachment":[{"href":"https:\/\/www.guineeline.net\/index.php\/wp-json\/wp\/v2\/media?parent=916"}],"wp:term":[{"taxonomy":"category","embeddable":true,"href":"https:\/\/www.guineeline.net\/index.php\/wp-json\/wp\/v2\/categories?post=916"},{"taxonomy":"post_tag","embeddable":true,"href":"https:\/\/www.guineeline.net\/index.php\/wp-json\/wp\/v2\/tags?post=916"}],"curies":[{"name":"wp","href":"https:\/\/api.w.org\/{rel}","templated":true}]}}