{"id":913,"date":"2022-11-02T13:37:51","date_gmt":"2022-11-02T12:37:51","guid":{"rendered":"https:\/\/www.guineeline.net\/?p=913"},"modified":"2022-11-02T13:37:51","modified_gmt":"2022-11-02T12:37:51","slug":"annee-universitaire-2022-2023-la-ministre-dre-diaka-sidibe-annonce-les-couleurs-discours","status":"publish","type":"post","link":"https:\/\/www.guineeline.net\/index.php\/2022\/11\/02\/annee-universitaire-2022-2023-la-ministre-dre-diaka-sidibe-annonce-les-couleurs-discours\/","title":{"rendered":"Ann\u00e9e universitaire 2022-2023: la ministre Dre Diaka Sidib\u00e9 annonce les couleurs (Discours)"},"content":{"rendered":"<p>\u2013 Chers \u00c9tudiantes et \u00c9tudiants de Guin\u00e9e<br \/>\n\u2013 Chers Enseignantes et enseignants-chercheurs<br \/>\n\u2013 Mesdames et Messieurs les Fondateurs, Recteurs et Directeurs G\u00e9n\u00e9raux des Institutions d\u2019enseignement sup\u00e9rieur.<br \/>\nA la veille de la rentr\u00e9e universitaire 2022-2023, permettez-moi de souhaiter aux nouveaux bacheliers et aux \u00e9tudiants de notre pays, une tr\u00e8s bonne ann\u00e9e universitaire.<br \/>\nAnn\u00e9e, qui s\u2019annonce par une rentr\u00e9e toujours marqu\u00e9e par des instants singuliers, que l\u2019on pr\u00e9pare appr\u00e9hension mais toujours avec beaucoup d\u2019ambition !<br \/>\nA cette heureuse occasion, il est de mon devoir de rappeler \u00e0 chaque \u00e9tudiante et \u00e9tudiant, \u00e0 vous enseignants-chercheurs, Fondateurs, Recteurs et Directeurs G\u00e9n\u00e9raux des Institutions publiques et priv\u00e9es d\u2019Enseignement Sup\u00e9rieur que l\u2019enseignement sup\u00e9rieur, la recherche scientifique et l\u2019innovation demeurent le socle du d\u00e9veloppement national.<br \/>\nL\u2019honneur m\u2019est \u00e9chu de placer cette ann\u00e9e universitaire sous le sceau de la refondation, de l\u2019engagement permanent et de l\u2019am\u00e9lioration continue.<br \/>\nC\u2019est pourquoi, le gouvernement de la transition sous la clairvoyance de son Excellence le Colonel Mamadi DOUMBOUYA, Pr\u00e9sident de la Transition, Chef de l\u2019Etat, Chef Supr\u00eame des Arm\u00e9es, accorde une attention toute particuli\u00e8re \u00e0 ce sous-secteur qui ne cesse de b\u00e9n\u00e9ficier de son soutien en vue de l\u2019am\u00e9lioration des conditions de vie, de travail et d\u2019\u00e9tudes.<br \/>\nEst-il besoin de rappeler :<br \/>\n\u2013 L\u2019octroi de bus de transports,<br \/>\n\u2013 La revalorisation des bourses d\u2019\u00e9tudes et d\u2019entretien des \u00e9tudiants,<br \/>\n\u2013 Le financement de la formation des formateurs dans le cadre du programme 1000 PhD et 5000 masters qui sont des illustrations concr\u00e8tes de cette volont\u00e9 politique affich\u00e9e par les plus hautes autorit\u00e9s du pays.<br \/>\nDurant l\u2019ann\u00e9e universitaire \u00e9coul\u00e9e, mon d\u00e9partement gr\u00e2ce aux efforts conjugu\u00e9s de tous les acteurs et au soutien du Chef de L\u2019Etat et de l\u2019ensemble de son gouvernement a r\u00e9ussi \u00e0 lancer plusieurs chantiers conform\u00e9ment \u00e0 notre mission commune de refondation du secteur.<br \/>\n\u2013 Le lancement de la r\u00e9forme des programmes pour une meilleure ad\u00e9quation avec le march\u00e9 du travail,<\/p>\n<p>\u2013 Le retour de la Guin\u00e9e dans le concert des nations scientifiques \u00e0 travers l\u2019organisation par deux fois, des activit\u00e9s du conseil africain et malgache pour l\u2019enseignement sup\u00e9rieur (CAMES) en Guin\u00e9e ;<br \/>\n\u2013 La relance de tous les chantiers infrastructurels dans toutes les institutions d\u2019enseignement sup\u00e9rieur,<br \/>\n\u2013 La cr\u00e9ation de la Direction G\u00e9n\u00e9rale de l\u2019Innovation pour mettre un accent particulier sur l\u2019innovation p\u00e9dagogique, technique et technologique dans le syst\u00e8me d\u2019apprentissage et de la recherche,<br \/>\n\u2013 La formation des formateurs en p\u00e9dagogie universitaire \u00e0 l\u2019\u00e8re du num\u00e9rique sont le t\u00e9moignage \u00e9loquent de notre vision et de notre engagement.<br \/>\nDans cette logique, je voudrais inviter tous les Fondateurs, Recteurs et Directeurs G\u00e9n\u00e9raux des IES publiques et priv\u00e9es \u00e0 prendre des dispositions idoines pour :<br \/>\n\u2013 Le d\u00e9marrage effectif des cours le 02 novembre 2022 ;<br \/>\n\u2013 La vulgarisation des textes relatifs aux r\u00e8glements des \u00e9tudes LMD, aux bourses d\u2019entretien et d\u2019\u00e9tudes, aux r\u00e8glements int\u00e9rieurs et au code d\u2019\u00e9thique et de d\u00e9ontologie universitaire ;<br \/>\n\u2013 L\u2019application correcte des crit\u00e8res d\u2019acc\u00e8s aux bourses ;<br \/>\n\u2013 La cr\u00e9ation de conditions meilleures d\u2019\u00e9tudes et d\u2019apprentissage.<\/p>\n<div>\n<div class=\"centered-text-area\">\n<div class=\"centered-text\">\n<div class=\"ubb3f64902fd2143c72ea6e925022c537-content\">Aux enseignantes et enseignants-chercheurs<\/div>\n<\/div>\n<\/div>\n<\/div>\n<p>Je voudrais saluer votre courage et votre sacrifice permanent pour la formation des \u00e9lites de notre pays. Le Gouvernement de la transition a fait depuis notre arriv\u00e9e, comme point d\u2019honneur, la formation de formateurs. Des efforts vont \u00eatre d\u00e9ploy\u00e9s afin de faire de l\u2019enseignement guin\u00e9en, un m\u00e9tier d\u2019honneur, de m\u00e9rite et de prestige, c\u2019est notre ambition.<br \/>\nJe suis d\u2019abord enseignante !<br \/>\nC\u2019est pourquoi, je vous exhorte \u00e0 plus de rigueur, \u00e0 l\u2019\u00e9coute des \u00e9tudiantes et \u00e9tudiants et \u00e0 la transparence dans votre travail au quotidien.<br \/>\nAux \u00e9tudiantes et \u00e9tudiants,<br \/>\nC\u2019est donc avec plein d\u2019enthousiasme que je souhaite une belle rentr\u00e9e : \u00e0 nos 80 000 \u00e9tudiantes et \u00e9tudiants bien s\u00fbr, et la bienvenue \u00e0 nos 8 000 nouveaux bacheliers :<br \/>\nVous \u00eates notre priorit\u00e9, votre r\u00e9ussite et votre \u00e9panouissement sont au c\u0153ur de nos pr\u00e9occupations.<br \/>\nLes r\u00e9formes engag\u00e9es dans notre syst\u00e8me exigent de chacune et de chacun de vous, de la rigueur, de la discipline et du don de soi.<br \/>\nL\u2019Etat a fait d\u2019\u00e9normes efforts en faveurs des \u00e9tudiants. En retour, votre devoir sera de m\u00e9riter cette attention particuli\u00e8re du gouvernement.<br \/>\n\u2013 Chers \u00c9tudiantes et \u00c9tudiants de Guin\u00e9e<br \/>\n\u2013 Chers Enseignantes et enseignants-chercheurs<br \/>\n\u2013 Mesdames et Messieurs les Fondateurs, Recteurs et Directeurs G\u00e9n\u00e9raux des Institutions d\u2019enseignement sup\u00e9rieur.<br \/>\nEn vue d\u2019une meilleure maitrise des effectifs d\u2019\u00e9tudiants dans nos institutions d\u2019enseignement sup\u00e9rieur, une op\u00e9ration de biom\u00e9trie est programm\u00e9e dans les prochains jours. Le paiement des bourses sera subordonn\u00e9 aux r\u00e9sultats de cette biom\u00e9trie.<br \/>\nDes \u00e9quipes du Minist\u00e8re de l\u2019Enseignement Sup\u00e9rieur seront d\u00e9ploy\u00e9es sur le terrain pour constater l\u2019effectivit\u00e9 de la rentr\u00e9e universitaire et de la mise en \u0153uvre des dispositions soulign\u00e9es plus haut.<br \/>\nPour cette rentr\u00e9e, nous nous sommes interrog\u00e9s sur ce que pouvait \u00eatre une ann\u00e9e universitaire r\u00e9ussie :<\/p>\n<p>Une ann\u00e9e universitaire r\u00e9ussie, est une ann\u00e9e o\u00f9 l\u2019on d\u00e9couvre l\u2019universit\u00e9, pour les primo arrivants, les journ\u00e9es d\u2019accueil auront lieu dans chaque \u00e9tablissement pour vous permettre de d\u00e9couvrir votre nouvel \u00e9cosyst\u00e8me, comprendre le syst\u00e8me LMD qui est d\u00e9sormais le v\u00f4tre.<\/p>\n<p>Une ann\u00e9e universitaire r\u00e9ussie, est cette ann\u00e9e o\u00f9 l\u2019on s\u2019adonne \u00e0 sa formation :<br \/>\n\u2022 En participant aux cours magistraux, ex\u00e9cutant les travaux pratiques ;<br \/>\n\u2022 Et surtout effectuant des activit\u00e9s p\u00e9dagogiques en dehors de la classe ;<\/p>\n<div class=\"google-auto-placed ap_container\"><ins class=\"adsbygoogle adsbygoogle-noablate\" data-ad-format=\"auto\" data-ad-client=\"ca-pub-7457919979898703\" data-adsbygoogle-status=\"done\" data-ad-status=\"filled\"><\/p>\n<div id=\"aswift_4_host\" tabindex=\"0\" title=\"Advertisement\" aria-label=\"Advertisement\"><span style=\"background-color: #ffffff;\">Une ann\u00e9e universitaire r\u00e9ussie, c\u2019est une ann\u00e9e o\u00f9 l\u2019on choisit de s\u2019\u00e9panouir :<\/span><\/div>\n<p><\/ins><\/div>\n<p>\u2022 En d\u00e9couvrant la culture, l\u2019art, l\u2019histoire de notre beau pays<br \/>\n\u2022 En cultivant des notions de citoyennet\u00e9, de solidarit\u00e9, d\u2019esprit d\u2019\u00e9quipe ;<\/p>\n<p>S\u2019il est une chose que doit \u00eatre une ann\u00e9e universitaire r\u00e9ussie, c\u2019est bien et avant tout cette ann\u00e9e au cours de laquelle on cultive le m\u00e9rite, l\u2019excellence.<br \/>\nTout en souhaitant \u00e0 chacun et \u00e0 tous les v\u0153ux de bonne sant\u00e9, de prosp\u00e9rit\u00e9 et de succ\u00e8s pour l\u2019ann\u00e9e universitaire, je voudrais vous rassurer de la disponibilit\u00e9 du D\u00e9partement \u00e0 soutenir le d\u00e9veloppement de l\u2019enseignement sup\u00e9rieur, de la recherche scientifique et de l\u2019innovation.<br \/>\nPour finir, j\u2019aimerai citer Nelson Mandela qui disait ceci : \u00ab L\u2019\u00e9ducation est l\u2019arme la plus puissante que l\u2019on puisse utiliser pour changer le monde \u00bb, ceci pour vous dire Chers \u00e9tudiants, que vous \u00eates la pi\u00e8ce maitresse d\u2019une Guin\u00e9e en refondation.<br \/>\nA toutes, et tous, Jouez votre partition pour une ann\u00e9e Universitaire d\u2019exception !<br \/>\nJe vous remercie !<\/p>\n","protected":false},"excerpt":{"rendered":"<p>\u2013 Chers \u00c9tudiantes et \u00c9tudiants de Guin\u00e9e \u2013 Chers Enseignantes et enseignants-chercheurs \u2013 Mesdames et Messieurs les Fondateurs, Recteurs et Directeurs G\u00e9n\u00e9raux des Institutions d\u2019enseignement sup\u00e9rieur. A la veille de la rentr\u00e9e universitaire 2022-2023, permettez-moi de souhaiter aux nouveaux bacheliers et aux \u00e9tudiants de notre pays, une tr\u00e8s bonne ann\u00e9e universitaire. Ann\u00e9e, qui s\u2019annonce par [&hellip;]<\/p>\n","protected":false},"author":3,"featured_media":914,"comment_status":"open","ping_status":"open","sticky":false,"template":"","format":"standard","meta":{"jnews-multi-image_gallery":[],"jnews_single_post":{"subtitle":"","format":"standard","video":"","gallery":"","source_name":"","source_url":"","via_name":"","via_url":"","override":[{"single_blog_custom":"","sidebar":"","second_sidebar":"","share_position":"","share_float_style":"","post_date_format":"","post_date_format_custom":"","number_popup_post":"1"}],"image_override":[{"single_post_thumbnail_size":"","single_post_gallery_size":""}],"trending_post_position":"","trending_post_label":""},"jnews_primary_category":{"id":""},"jnews_override_counter":{"view_counter_number":"0","share_counter_number":"0","like_counter_number":"0","dislike_counter_number":"0"},"footnotes":""},"categories":[2],"tags":[],"class_list":["post-913","post","type-post","status-publish","format-standard","has-post-thumbnail","hentry","category-actualites"],"yoast_head":"<!-- This site is optimized with the Yoast SEO plugin v26.9 - https:\/\/yoast.com\/product\/yoast-seo-wordpress\/ -->\n<title>Ann\u00e9e universitaire 2022-2023: la ministre Dre Diaka Sidib\u00e9 annonce les couleurs (Discours) - Guineeline<\/title>\n<meta name=\"robots\" content=\"index, follow, max-snippet:-1, max-image-preview:large, max-video-preview:-1\" \/>\n<link rel=\"canonical\" href=\"https:\/\/www.guineeline.net\/index.php\/2022\/11\/02\/annee-universitaire-2022-2023-la-ministre-dre-diaka-sidibe-annonce-les-couleurs-discours\/\" \/>\n<meta property=\"og:locale\" content=\"fr_FR\" \/>\n<meta property=\"og:type\" content=\"article\" \/>\n<meta property=\"og:title\" content=\"Ann\u00e9e universitaire 2022-2023: la ministre Dre Diaka Sidib\u00e9 annonce les couleurs (Discours) - Guineeline\" \/>\n<meta property=\"og:description\" content=\"\u2013 Chers \u00c9tudiantes et \u00c9tudiants de Guin\u00e9e \u2013 Chers Enseignantes et enseignants-chercheurs \u2013 Mesdames et Messieurs les Fondateurs, Recteurs et Directeurs G\u00e9n\u00e9raux des Institutions d\u2019enseignement sup\u00e9rieur. A la veille de la rentr\u00e9e universitaire 2022-2023, permettez-moi de souhaiter aux nouveaux bacheliers et aux \u00e9tudiants de notre pays, une tr\u00e8s bonne ann\u00e9e universitaire. Ann\u00e9e, qui s\u2019annonce par [&hellip;]\" \/>\n<meta property=\"og:url\" content=\"https:\/\/www.guineeline.net\/index.php\/2022\/11\/02\/annee-universitaire-2022-2023-la-ministre-dre-diaka-sidibe-annonce-les-couleurs-discours\/\" \/>\n<meta property=\"og:site_name\" content=\"Guineeline\" \/>\n<meta property=\"article:published_time\" content=\"2022-11-02T12:37:51+00:00\" \/>\n<meta property=\"og:image\" content=\"https:\/\/www.guineeline.net\/wp-content\/uploads\/2022\/11\/Dre-Diaka-Sidibe-750x375-1.jpg\" \/>\n\t<meta property=\"og:image:width\" content=\"750\" \/>\n\t<meta property=\"og:image:height\" content=\"375\" \/>\n\t<meta property=\"og:image:type\" content=\"image\/jpeg\" \/>\n<meta name=\"author\" content=\"Guineeline\" \/>\n<meta name=\"twitter:card\" content=\"summary_large_image\" \/>\n<meta name=\"twitter:label1\" content=\"\u00c9crit par\" \/>\n\t<meta name=\"twitter:data1\" content=\"Guineeline\" \/>\n\t<meta name=\"twitter:label2\" content=\"Dur\u00e9e de lecture estim\u00e9e\" \/>\n\t<meta name=\"twitter:data2\" content=\"5 minutes\" \/>\n<script type=\"application\/ld+json\" class=\"yoast-schema-graph\">{\"@context\":\"https:\/\/schema.org\",\"@graph\":[{\"@type\":\"Article\",\"@id\":\"https:\/\/www.guineeline.net\/index.php\/2022\/11\/02\/annee-universitaire-2022-2023-la-ministre-dre-diaka-sidibe-annonce-les-couleurs-discours\/#article\",\"isPartOf\":{\"@id\":\"https:\/\/www.guineeline.net\/index.php\/2022\/11\/02\/annee-universitaire-2022-2023-la-ministre-dre-diaka-sidibe-annonce-les-couleurs-discours\/\"},\"author\":{\"name\":\"Guineeline\",\"@id\":\"https:\/\/www.guineeline.net\/#\/schema\/person\/f5914e0a4c56cc8f4aa0922cc547a390\"},\"headline\":\"Ann\u00e9e universitaire 2022-2023: la ministre Dre Diaka Sidib\u00e9 annonce les couleurs (Discours)\",\"datePublished\":\"2022-11-02T12:37:51+00:00\",\"mainEntityOfPage\":{\"@id\":\"https:\/\/www.guineeline.net\/index.php\/2022\/11\/02\/annee-universitaire-2022-2023-la-ministre-dre-diaka-sidibe-annonce-les-couleurs-discours\/\"},\"wordCount\":1179,\"commentCount\":0,\"image\":{\"@id\":\"https:\/\/www.guineeline.net\/index.php\/2022\/11\/02\/annee-universitaire-2022-2023-la-ministre-dre-diaka-sidibe-annonce-les-couleurs-discours\/#primaryimage\"},\"thumbnailUrl\":\"https:\/\/www.guineeline.net\/wp-content\/uploads\/2022\/11\/Dre-Diaka-Sidibe-750x375-1.jpg\",\"articleSection\":[\"Actualit\u00e9s\"],\"inLanguage\":\"fr-FR\",\"potentialAction\":[{\"@type\":\"CommentAction\",\"name\":\"Comment\",\"target\":[\"https:\/\/www.guineeline.net\/index.php\/2022\/11\/02\/annee-universitaire-2022-2023-la-ministre-dre-diaka-sidibe-annonce-les-couleurs-discours\/#respond\"]}]},{\"@type\":\"WebPage\",\"@id\":\"https:\/\/www.guineeline.net\/index.php\/2022\/11\/02\/annee-universitaire-2022-2023-la-ministre-dre-diaka-sidibe-annonce-les-couleurs-discours\/\",\"url\":\"https:\/\/www.guineeline.net\/index.php\/2022\/11\/02\/annee-universitaire-2022-2023-la-ministre-dre-diaka-sidibe-annonce-les-couleurs-discours\/\",\"name\":\"Ann\u00e9e universitaire 2022-2023: la ministre Dre Diaka Sidib\u00e9 annonce les couleurs (Discours) - Guineeline\",\"isPartOf\":{\"@id\":\"https:\/\/www.guineeline.net\/#website\"},\"primaryImageOfPage\":{\"@id\":\"https:\/\/www.guineeline.net\/index.php\/2022\/11\/02\/annee-universitaire-2022-2023-la-ministre-dre-diaka-sidibe-annonce-les-couleurs-discours\/#primaryimage\"},\"image\":{\"@id\":\"https:\/\/www.guineeline.net\/index.php\/2022\/11\/02\/annee-universitaire-2022-2023-la-ministre-dre-diaka-sidibe-annonce-les-couleurs-discours\/#primaryimage\"},\"thumbnailUrl\":\"https:\/\/www.guineeline.net\/wp-content\/uploads\/2022\/11\/Dre-Diaka-Sidibe-750x375-1.jpg\",\"datePublished\":\"2022-11-02T12:37:51+00:00\",\"author\":{\"@id\":\"https:\/\/www.guineeline.net\/#\/schema\/person\/f5914e0a4c56cc8f4aa0922cc547a390\"},\"breadcrumb\":{\"@id\":\"https:\/\/www.guineeline.net\/index.php\/2022\/11\/02\/annee-universitaire-2022-2023-la-ministre-dre-diaka-sidibe-annonce-les-couleurs-discours\/#breadcrumb\"},\"inLanguage\":\"fr-FR\",\"potentialAction\":[{\"@type\":\"ReadAction\",\"target\":[\"https:\/\/www.guineeline.net\/index.php\/2022\/11\/02\/annee-universitaire-2022-2023-la-ministre-dre-diaka-sidibe-annonce-les-couleurs-discours\/\"]}]},{\"@type\":\"ImageObject\",\"inLanguage\":\"fr-FR\",\"@id\":\"https:\/\/www.guineeline.net\/index.php\/2022\/11\/02\/annee-universitaire-2022-2023-la-ministre-dre-diaka-sidibe-annonce-les-couleurs-discours\/#primaryimage\",\"url\":\"https:\/\/www.guineeline.net\/wp-content\/uploads\/2022\/11\/Dre-Diaka-Sidibe-750x375-1.jpg\",\"contentUrl\":\"https:\/\/www.guineeline.net\/wp-content\/uploads\/2022\/11\/Dre-Diaka-Sidibe-750x375-1.jpg\",\"width\":750,\"height\":375},{\"@type\":\"BreadcrumbList\",\"@id\":\"https:\/\/www.guineeline.net\/index.php\/2022\/11\/02\/annee-universitaire-2022-2023-la-ministre-dre-diaka-sidibe-annonce-les-couleurs-discours\/#breadcrumb\",\"itemListElement\":[{\"@type\":\"ListItem\",\"position\":1,\"name\":\"Accueil\",\"item\":\"https:\/\/www.guineeline.net\/\"},{\"@type\":\"ListItem\",\"position\":2,\"name\":\"Ann\u00e9e universitaire 2022-2023: la ministre Dre Diaka Sidib\u00e9 annonce les couleurs (Discours)\"}]},{\"@type\":\"WebSite\",\"@id\":\"https:\/\/www.guineeline.net\/#website\",\"url\":\"https:\/\/www.guineeline.net\/\",\"name\":\"Guineeline\",\"description\":\"L&#039;information en un clic\",\"potentialAction\":[{\"@type\":\"SearchAction\",\"target\":{\"@type\":\"EntryPoint\",\"urlTemplate\":\"https:\/\/www.guineeline.net\/?s={search_term_string}\"},\"query-input\":{\"@type\":\"PropertyValueSpecification\",\"valueRequired\":true,\"valueName\":\"search_term_string\"}}],\"inLanguage\":\"fr-FR\"},{\"@type\":\"Person\",\"@id\":\"https:\/\/www.guineeline.net\/#\/schema\/person\/f5914e0a4c56cc8f4aa0922cc547a390\",\"name\":\"Guineeline\",\"image\":{\"@type\":\"ImageObject\",\"inLanguage\":\"fr-FR\",\"@id\":\"https:\/\/www.guineeline.net\/#\/schema\/person\/image\/\",\"url\":\"https:\/\/secure.gravatar.com\/avatar\/432ce140236c408fa05ea28acd193ba03163acdd0efbe444c1c44957b8a29a2a?s=96&d=mm&r=g\",\"contentUrl\":\"https:\/\/secure.gravatar.com\/avatar\/432ce140236c408fa05ea28acd193ba03163acdd0efbe444c1c44957b8a29a2a?s=96&d=mm&r=g\",\"caption\":\"Guineeline\"},\"url\":\"https:\/\/www.guineeline.net\/index.php\/author\/admin\/\"}]}<\/script>\n<!-- \/ Yoast SEO plugin. -->","yoast_head_json":{"title":"Ann\u00e9e universitaire 2022-2023: la ministre Dre Diaka Sidib\u00e9 annonce les couleurs (Discours) - Guineeline","robots":{"index":"index","follow":"follow","max-snippet":"max-snippet:-1","max-image-preview":"max-image-preview:large","max-video-preview":"max-video-preview:-1"},"canonical":"https:\/\/www.guineeline.net\/index.php\/2022\/11\/02\/annee-universitaire-2022-2023-la-ministre-dre-diaka-sidibe-annonce-les-couleurs-discours\/","og_locale":"fr_FR","og_type":"article","og_title":"Ann\u00e9e universitaire 2022-2023: la ministre Dre Diaka Sidib\u00e9 annonce les couleurs (Discours) - Guineeline","og_description":"\u2013 Chers \u00c9tudiantes et \u00c9tudiants de Guin\u00e9e \u2013 Chers Enseignantes et enseignants-chercheurs \u2013 Mesdames et Messieurs les Fondateurs, Recteurs et Directeurs G\u00e9n\u00e9raux des Institutions d\u2019enseignement sup\u00e9rieur. A la veille de la rentr\u00e9e universitaire 2022-2023, permettez-moi de souhaiter aux nouveaux bacheliers et aux \u00e9tudiants de notre pays, une tr\u00e8s bonne ann\u00e9e universitaire. Ann\u00e9e, qui s\u2019annonce par [&hellip;]","og_url":"https:\/\/www.guineeline.net\/index.php\/2022\/11\/02\/annee-universitaire-2022-2023-la-ministre-dre-diaka-sidibe-annonce-les-couleurs-discours\/","og_site_name":"Guineeline","article_published_time":"2022-11-02T12:37:51+00:00","og_image":[{"width":750,"height":375,"url":"https:\/\/www.guineeline.net\/wp-content\/uploads\/2022\/11\/Dre-Diaka-Sidibe-750x375-1.jpg","type":"image\/jpeg"}],"author":"Guineeline","twitter_card":"summary_large_image","twitter_misc":{"\u00c9crit par":"Guineeline","Dur\u00e9e de lecture estim\u00e9e":"5 minutes"},"schema":{"@context":"https:\/\/schema.org","@graph":[{"@type":"Article","@id":"https:\/\/www.guineeline.net\/index.php\/2022\/11\/02\/annee-universitaire-2022-2023-la-ministre-dre-diaka-sidibe-annonce-les-couleurs-discours\/#article","isPartOf":{"@id":"https:\/\/www.guineeline.net\/index.php\/2022\/11\/02\/annee-universitaire-2022-2023-la-ministre-dre-diaka-sidibe-annonce-les-couleurs-discours\/"},"author":{"name":"Guineeline","@id":"https:\/\/www.guineeline.net\/#\/schema\/person\/f5914e0a4c56cc8f4aa0922cc547a390"},"headline":"Ann\u00e9e universitaire 2022-2023: la ministre Dre Diaka Sidib\u00e9 annonce les couleurs (Discours)","datePublished":"2022-11-02T12:37:51+00:00","mainEntityOfPage":{"@id":"https:\/\/www.guineeline.net\/index.php\/2022\/11\/02\/annee-universitaire-2022-2023-la-ministre-dre-diaka-sidibe-annonce-les-couleurs-discours\/"},"wordCount":1179,"commentCount":0,"image":{"@id":"https:\/\/www.guineeline.net\/index.php\/2022\/11\/02\/annee-universitaire-2022-2023-la-ministre-dre-diaka-sidibe-annonce-les-couleurs-discours\/#primaryimage"},"thumbnailUrl":"https:\/\/www.guineeline.net\/wp-content\/uploads\/2022\/11\/Dre-Diaka-Sidibe-750x375-1.jpg","articleSection":["Actualit\u00e9s"],"inLanguage":"fr-FR","potentialAction":[{"@type":"CommentAction","name":"Comment","target":["https:\/\/www.guineeline.net\/index.php\/2022\/11\/02\/annee-universitaire-2022-2023-la-ministre-dre-diaka-sidibe-annonce-les-couleurs-discours\/#respond"]}]},{"@type":"WebPage","@id":"https:\/\/www.guineeline.net\/index.php\/2022\/11\/02\/annee-universitaire-2022-2023-la-ministre-dre-diaka-sidibe-annonce-les-couleurs-discours\/","url":"https:\/\/www.guineeline.net\/index.php\/2022\/11\/02\/annee-universitaire-2022-2023-la-ministre-dre-diaka-sidibe-annonce-les-couleurs-discours\/","name":"Ann\u00e9e universitaire 2022-2023: la ministre Dre Diaka Sidib\u00e9 annonce les couleurs (Discours) - Guineeline","isPartOf":{"@id":"https:\/\/www.guineeline.net\/#website"},"primaryImageOfPage":{"@id":"https:\/\/www.guineeline.net\/index.php\/2022\/11\/02\/annee-universitaire-2022-2023-la-ministre-dre-diaka-sidibe-annonce-les-couleurs-discours\/#primaryimage"},"image":{"@id":"https:\/\/www.guineeline.net\/index.php\/2022\/11\/02\/annee-universitaire-2022-2023-la-ministre-dre-diaka-sidibe-annonce-les-couleurs-discours\/#primaryimage"},"thumbnailUrl":"https:\/\/www.guineeline.net\/wp-content\/uploads\/2022\/11\/Dre-Diaka-Sidibe-750x375-1.jpg","datePublished":"2022-11-02T12:37:51+00:00","author":{"@id":"https:\/\/www.guineeline.net\/#\/schema\/person\/f5914e0a4c56cc8f4aa0922cc547a390"},"breadcrumb":{"@id":"https:\/\/www.guineeline.net\/index.php\/2022\/11\/02\/annee-universitaire-2022-2023-la-ministre-dre-diaka-sidibe-annonce-les-couleurs-discours\/#breadcrumb"},"inLanguage":"fr-FR","potentialAction":[{"@type":"ReadAction","target":["https:\/\/www.guineeline.net\/index.php\/2022\/11\/02\/annee-universitaire-2022-2023-la-ministre-dre-diaka-sidibe-annonce-les-couleurs-discours\/"]}]},{"@type":"ImageObject","inLanguage":"fr-FR","@id":"https:\/\/www.guineeline.net\/index.php\/2022\/11\/02\/annee-universitaire-2022-2023-la-ministre-dre-diaka-sidibe-annonce-les-couleurs-discours\/#primaryimage","url":"https:\/\/www.guineeline.net\/wp-content\/uploads\/2022\/11\/Dre-Diaka-Sidibe-750x375-1.jpg","contentUrl":"https:\/\/www.guineeline.net\/wp-content\/uploads\/2022\/11\/Dre-Diaka-Sidibe-750x375-1.jpg","width":750,"height":375},{"@type":"BreadcrumbList","@id":"https:\/\/www.guineeline.net\/index.php\/2022\/11\/02\/annee-universitaire-2022-2023-la-ministre-dre-diaka-sidibe-annonce-les-couleurs-discours\/#breadcrumb","itemListElement":[{"@type":"ListItem","position":1,"name":"Accueil","item":"https:\/\/www.guineeline.net\/"},{"@type":"ListItem","position":2,"name":"Ann\u00e9e universitaire 2022-2023: la ministre Dre Diaka Sidib\u00e9 annonce les couleurs (Discours)"}]},{"@type":"WebSite","@id":"https:\/\/www.guineeline.net\/#website","url":"https:\/\/www.guineeline.net\/","name":"Guineeline","description":"L&#039;information en un clic","potentialAction":[{"@type":"SearchAction","target":{"@type":"EntryPoint","urlTemplate":"https:\/\/www.guineeline.net\/?s={search_term_string}"},"query-input":{"@type":"PropertyValueSpecification","valueRequired":true,"valueName":"search_term_string"}}],"inLanguage":"fr-FR"},{"@type":"Person","@id":"https:\/\/www.guineeline.net\/#\/schema\/person\/f5914e0a4c56cc8f4aa0922cc547a390","name":"Guineeline","image":{"@type":"ImageObject","inLanguage":"fr-FR","@id":"https:\/\/www.guineeline.net\/#\/schema\/person\/image\/","url":"https:\/\/secure.gravatar.com\/avatar\/432ce140236c408fa05ea28acd193ba03163acdd0efbe444c1c44957b8a29a2a?s=96&d=mm&r=g","contentUrl":"https:\/\/secure.gravatar.com\/avatar\/432ce140236c408fa05ea28acd193ba03163acdd0efbe444c1c44957b8a29a2a?s=96&d=mm&r=g","caption":"Guineeline"},"url":"https:\/\/www.guineeline.net\/index.php\/author\/admin\/"}]}},"_links":{"self":[{"href":"https:\/\/www.guineeline.net\/index.php\/wp-json\/wp\/v2\/posts\/913","targetHints":{"allow":["GET"]}}],"collection":[{"href":"https:\/\/www.guineeline.net\/index.php\/wp-json\/wp\/v2\/posts"}],"about":[{"href":"https:\/\/www.guineeline.net\/index.php\/wp-json\/wp\/v2\/types\/post"}],"author":[{"embeddable":true,"href":"https:\/\/www.guineeline.net\/index.php\/wp-json\/wp\/v2\/users\/3"}],"replies":[{"embeddable":true,"href":"https:\/\/www.guineeline.net\/index.php\/wp-json\/wp\/v2\/comments?post=913"}],"version-history":[{"count":1,"href":"https:\/\/www.guineeline.net\/index.php\/wp-json\/wp\/v2\/posts\/913\/revisions"}],"predecessor-version":[{"id":915,"href":"https:\/\/www.guineeline.net\/index.php\/wp-json\/wp\/v2\/posts\/913\/revisions\/915"}],"wp:featuredmedia":[{"embeddable":true,"href":"https:\/\/www.guineeline.net\/index.php\/wp-json\/wp\/v2\/media\/914"}],"wp:attachment":[{"href":"https:\/\/www.guineeline.net\/index.php\/wp-json\/wp\/v2\/media?parent=913"}],"wp:term":[{"taxonomy":"category","embeddable":true,"href":"https:\/\/www.guineeline.net\/index.php\/wp-json\/wp\/v2\/categories?post=913"},{"taxonomy":"post_tag","embeddable":true,"href":"https:\/\/www.guineeline.net\/index.php\/wp-json\/wp\/v2\/tags?post=913"}],"curies":[{"name":"wp","href":"https:\/\/api.w.org\/{rel}","templated":true}]}}