{"id":857,"date":"2022-09-23T14:26:09","date_gmt":"2022-09-23T12:26:09","guid":{"rendered":"https:\/\/www.guineeline.net\/?p=857"},"modified":"2022-09-23T14:26:09","modified_gmt":"2022-09-23T12:26:09","slug":"sommet-extraordinaire-de-la-cedeao-a-new-york-voici-le-communique-final","status":"publish","type":"post","link":"https:\/\/www.guineeline.net\/index.php\/2022\/09\/23\/sommet-extraordinaire-de-la-cedeao-a-new-york-voici-le-communique-final\/","title":{"rendered":"Sommet extraordinaire de la CEDEAO \u00e0 New York: Voici le communiqu\u00e9 final"},"content":{"rendered":"<div class=\"jeg_ad jeg_ad_article jnews_content_inline_2_ads  \">\n<div class=\"ads-wrapper align-center \">\n<div class=\"ads_code\"><ins class=\"adsbygoogle\" data-ad-client=\"ca-pub-7457919979898703\" data-ad-slot=\"2657028321\" data-ad-format=\"auto\" data-full-width-responsive=\"true\" data-adsbygoogle-status=\"done\" data-ad-status=\"filled\"><\/p>\n<div id=\"aswift_2_host\" tabindex=\"0\" title=\"Advertisement\" aria-label=\"Advertisement\">\n<p style=\"font-weight: 400;\">Commission de la CEDEAO<\/p>\n<p style=\"font-weight: 400;\">New York, Septembre 2022<\/p>\n<ol style=\"font-weight: 400;\">\n<li style=\"list-style-type: none;\">\n<ol style=\"font-weight: 400;\">\n<li aria-level=\"1\">La Conf\u00e9rence des Chefs d&rsquo;Etat et de Gouvernement de la Communaut\u00e9 Economique des Etats de l&rsquo;Afrique de l&rsquo;Ouest (CEDEAO) a tenu une Session extraordinaire \u00e0 New York, aux Etats-Unis, en marge de l&rsquo;Assembl\u00e9e G\u00e9n\u00e9rale des Nations Unies, le 22 septembre 2022, sous la pr\u00e9sidence de S.E. Umaro Sissoco EMBALO, Pr\u00e9sident de la R\u00e9publique de Guin\u00e9e Bissau et Pr\u00e9sident de la Conf\u00e9rence des Chefs d\u2019Etat et de Gouvernement de la CEDEAO.<\/li>\n<\/ol>\n<\/li>\n<\/ol>\n<ol style=\"font-weight: 400;\">\n<li style=\"list-style-type: none;\">\n<ol style=\"font-weight: 400;\">\n<li aria-level=\"1\">Le Sommet extraordinaire a \u00e9t\u00e9 convoqu\u00e9 \u00e0 l\u2019effet d\u2019examiner le rapport du M\u00e9diateur de la CEDEAO pour la Guin\u00e9e et la situation des 46 soldats ivoiriens d\u00e9tenus au Mali.<\/li>\n<\/ol>\n<\/li>\n<\/ol>\n<ol style=\"font-weight: 400;\">\n<li aria-level=\"1\">Les Chefs d&rsquo;Etat et de Gouvernement de la CEDEAO ci-dessous ou leurs repr\u00e9sentants d\u00fbment mandat\u00e9s y \u00e9taient pr\u00e9sents :\n<p>S.E. Alassane OUATTARA, Pr\u00e9sident de la R\u00e9publique de C\u00f4te d\u2019Ivoire.<\/p>\n<p>S.E. Adama BARROW, Pr\u00e9sident de la R\u00e9publique de Gambie.<\/p>\n<p>S.E. Nana Addo Dankwa AKUFO-ADDO, Pr\u00e9sident de la R\u00e9publique du Ghana.<\/li>\n<\/ol>\n<ul style=\"font-weight: 400;\">\n<li aria-level=\"1\">S.E. Umaro Sissoco EMBALO, Pr\u00e9sident de la R\u00e9publique de Guin\u00e9e Bissau.<\/li>\n<li aria-level=\"1\">S.E. George WEAH, Pr\u00e9sident de la R\u00e9publique du Liberia.<\/li>\n<li aria-level=\"1\">S.E. Macky SALL, Pr\u00e9sident de la R\u00e9publique du S\u00e9n\u00e9gal.<\/li>\n<\/ul>\n<ol style=\"font-weight: 400;\">\n<li aria-level=\"1\">Etaient \u00e9galement pr\u00e9sents au Sommet extraordinaire, les personnalit\u00e9s ci-apr\u00e8s :<\/li>\n<\/ol>\n<ul style=\"font-weight: 400;\">\n<li style=\"list-style-type: none;\">\n<ul style=\"font-weight: 400;\">\n<li aria-level=\"1\">SE. Rui Alberto de Figueiredo SOARES, Ministre des Affaires \u00c9trang\u00e8res, de la Coop\u00e9ration et de l\u2019Int\u00e9gration R\u00e9gionale de la R\u00e9publique de Cabo Verde ;<\/li>\n<\/ul>\n<\/li>\n<\/ul>\n<ul style=\"font-weight: 400;\">\n<li style=\"list-style-type: none;\">\n<ul style=\"font-weight: 400;\">\n<li aria-level=\"1\">S.E. Hassoumi MASSOUDOU, Ministre des Affaires \u00c9trang\u00e8res, de la Coop\u00e9ration, de Int\u00e9gration Africaines et des Nig\u00e9riens \u00e0 l\u2019Ext\u00e9rieur de la R\u00e9publique du Niger.<\/li>\n<\/ul>\n<\/li>\n<\/ul>\n<ul style=\"font-weight: 400;\">\n<li style=\"list-style-type: none;\">\n<ul style=\"font-weight: 400;\">\n<li aria-level=\"1\">S.E. Geoffrey ONYEAMA, Ministre des Affaires de la R\u00e9publique F\u00e9d\u00e9rale du Nigeria ;<\/li>\n<\/ul>\n<\/li>\n<\/ul>\n<ul style=\"font-weight: 400;\">\n<li style=\"list-style-type: none;\">\n<ul style=\"font-weight: 400;\">\n<li aria-level=\"1\">Prof. David J. Francis, Ministre des Affaires \u00c9trang\u00e8res et de la Coop\u00e9ration Internationale de la R\u00e9publique de Sierra Leone ;<\/li>\n<\/ul>\n<\/li>\n<\/ul>\n<ul style=\"font-weight: 400;\">\n<li style=\"list-style-type: none;\">\n<ul style=\"font-weight: 400;\">\n<li aria-level=\"1\">Prof. Robert DUSSEY, Ministre des Affaires \u00c9trang\u00e8res, de l\u2019Int\u00e9gration africaine et des Togolais de l\u2019Ext\u00e9rieur de la R\u00e9publique Togolaise.<\/li>\n<\/ul>\n<\/li>\n<\/ul>\n<ul style=\"font-weight: 400;\">\n<li aria-level=\"1\">Ambassadeur Marc Hermanne G. ARABA, Repr\u00e9sentant Permanent du Benin aupr\u00e8s des Nations Unies.<\/li>\n<\/ul>\n<ol style=\"font-weight: 400;\">\n<li aria-level=\"1\">Ont \u00e9galement pris part au Sommet:<\/li>\n<\/ol>\n<ul style=\"font-weight: 400;\">\n<li style=\"list-style-type: none;\">\n<ul style=\"font-weight: 400;\">\n<li aria-level=\"1\">S.E. Thomas Boni YAYI, M\u00e9diateur de la CEDEAO pour la Guin\u00e9e, ancien Pr\u00e9sident de la R\u00e9publique du B\u00e9nin.<\/li>\n<\/ul>\n<\/li>\n<\/ul>\n<ul style=\"font-weight: 400;\">\n<li style=\"list-style-type: none;\">\n<ul style=\"font-weight: 400;\">\n<li aria-level=\"1\">S.E. Moussa Faki Mahamat, Pr\u00e9sident de la Commission de l\u2019Union africaine.<\/li>\n<\/ul>\n<\/li>\n<\/ul>\n<ul style=\"font-weight: 400;\">\n<li style=\"list-style-type: none;\">\n<ul style=\"font-weight: 400;\">\n<li aria-level=\"1\">Dr Omar Alieu TOURAY, Pr\u00e9sident de la Commission de la CEDEAO.<\/li>\n<\/ul>\n<\/li>\n<\/ul>\n<ul style=\"font-weight: 400;\">\n<li aria-level=\"1\">M. Mahamat Saleh ANNADIF, Repr\u00e9sentant sp\u00e9cial du Secr\u00e9taire G\u00e9n\u00e9ral des Nations Unies pour l\u2019Afrique de l\u2019Ouest et le Sahel (UNOWAS).Les Chefs d&rsquo;\u00c9tat et de Gouvernement ont examin\u00e9 le rapport pr\u00e9sent\u00e9 par S.E. Thomas Boni YAYI sur la situation en Guin\u00e9e, ainsi que les memoranda sur la situation en Guin\u00e9e et celle des 46 soldats ivoiriens d\u00e9tenus au Mali.<\/li>\n<\/ul>\n<ol style=\"font-weight: 400;\">\n<li style=\"list-style-type: none;\">\n<ol style=\"font-weight: 400;\">\n<li aria-level=\"1\">La Conf\u00e9rence a salu\u00e9 la qualit\u00e9 des documents pr\u00e9sent\u00e9s et a pris note des recommandations qui y sont contenues.<\/li>\n<\/ol>\n<\/li>\n<\/ol>\n<p style=\"font-weight: 400;\">Au titre de la Guin\u00e9e :<\/p>\n<ol style=\"font-weight: 400;\">\n<li style=\"list-style-type: none;\">\n<ol style=\"font-weight: 400;\">\n<li aria-level=\"1\">La Conf\u00e9rence a rappel\u00e9 que lors du 61\u00e8me Sommet ordinaire tenu le 3 juillet 2022 \u00e0 Accra, les Chefs d\u2019Etat et de Gouvernement ont demand\u00e9 au M\u00e9diateur de poursuivre les discussions avec les Autorit\u00e9s de transition en vue de l\u2019\u00e9tablissement d\u2019un chronogramme de transition acceptable au plus tard le 1er ao\u00fbt 2022, \u00e0 d\u00e9faut de quoi les sanctions \u00e9conomiques et financi\u00e8res pr\u00e9vues seraient mises en application, outre des sanctions plus cibl\u00e9es, conform\u00e9ment aux d\u00e9lib\u00e9rations du Sommet extraordinaire tenu le 25 mars 2022 \u00e0 Accra. La Conf\u00e9rence avait \u00e9galement d\u00e9cid\u00e9 de maintenir la suspension de la Guin\u00e9e de tous les organes d\u00e9cisionnels de la CEDEAO et de demeurer saisie de la situation dans cet Etat membre.<\/li>\n<\/ol>\n<\/li>\n<\/ol>\n<ol style=\"font-weight: 400;\">\n<li style=\"list-style-type: none;\">\n<ol style=\"font-weight: 400;\">\n<li aria-level=\"1\">A l\u2019issue des \u00e9changes qui ont suivi l\u2019examen du rapport pr\u00e9sent\u00e9 par le M\u00e9diateur de la CEDEAO pour la Guin\u00e9e sur la situation dans cet Etat membre, et notant que des progr\u00e8s insuffisants ont \u00e9t\u00e9 r\u00e9alis\u00e9s en ce qui concerne l\u2019\u00e9tablissement d\u2019un chronogramme de transition acceptable, la Conf\u00e9rence d\u00e9cide d&rsquo;imposer \u00e0 la Guin\u00e9e des sanctions graduelles au niveau diplomatique, \u00e9conomique et financi\u00e8re comme suit :<\/li>\n<\/ol>\n<\/li>\n<\/ol>\n<ol style=\"font-weight: 400;\">\n<li style=\"list-style-type: none;\">\n<ol style=\"font-weight: 400;\">\n<li aria-level=\"1\">Le rappel pour consultations par les Etats membres de la CEDEAO de leurs ambassadeurs accr\u00e9dit\u00e9s aupr\u00e8s de la R\u00e9publique de Guin\u00e9e ;<\/li>\n<\/ol>\n<\/li>\n<\/ol>\n<ol style=\"font-weight: 400;\">\n<li style=\"list-style-type: none;\">\n<ol style=\"font-weight: 400;\">\n<li aria-level=\"1\">La suspension de toute assistance et transaction financi\u00e8re en faveur de la Guin\u00e9e par les institutions financi\u00e8res de la CEDEAO, notamment la BIDC.<\/li>\n<\/ol>\n<\/li>\n<\/ol>\n<ol style=\"font-weight: 400;\">\n<li style=\"list-style-type: none;\">\n<ol style=\"font-weight: 400;\">\n<li aria-level=\"1\">Des sanctions cibl\u00e9es \u00e0 l\u2019encontre des personnes et groupes de personnes cit\u00e9es sur la liste figurant dans la D\u00e9cision MSC. A\/DEC 4\/09\/2022, y compris les membres des autres institutions de la transition et toute autre personne cherchant \u00e0 emp\u00eacher le retour \u00e0 l&rsquo;ordre constitutionnel en Guin\u00e9e dans un d\u00e9lai raisonnable. Ces sanctions comprennent :<\/li>\n<\/ol>\n<\/li>\n<\/ol>\n<ol style=\"font-weight: 400;\">\n<li style=\"list-style-type: none;\">\n<ol style=\"font-weight: 400;\">\n<li aria-level=\"1\">Le gel des avoirs financiers ;<\/li>\n<\/ol>\n<\/li>\n<\/ol>\n<ol style=\"font-weight: 400;\">\n<li style=\"list-style-type: none;\">\n<ol style=\"font-weight: 400;\">\n<li aria-level=\"1\">L\u2019interdiction de voyager.<\/li>\n<\/ol>\n<\/li>\n<\/ol>\n<ol style=\"font-weight: 400;\">\n<li style=\"list-style-type: none;\">\n<ol style=\"font-weight: 400;\">\n<li aria-level=\"1\">Ces sanctions ont \u00e9t\u00e9 prises dans le souci de faciliter le processus de retour rapide \u00e0 l&rsquo;ordre constitutionnel en Guin\u00e9e, une condition pr\u00e9alable \u00e0 la paix, \u00e0 la stabilit\u00e9 et au d\u00e9veloppement.<\/li>\n<\/ol>\n<\/li>\n<\/ol>\n<ol style=\"font-weight: 400;\">\n<li style=\"list-style-type: none;\">\n<ol style=\"font-weight: 400;\">\n<li aria-level=\"1\">La Conf\u00e9rence engage toutes les institutions de la Communaut\u00e9 \u00e0 prendre des mesures assurant l\u2019application imm\u00e9diate de ces sanctions.<\/li>\n<\/ol>\n<\/li>\n<\/ol>\n<ol style=\"font-weight: 400;\">\n<li style=\"list-style-type: none;\">\n<ol style=\"font-weight: 400;\">\n<li aria-level=\"1\">La Conf\u00e9rence appelle l&rsquo;Union africaine, les Nations unies et les autres organisations partenaires \u00e0 soutenir l&rsquo;application de ces sanctions et \u00e0 continuer d\u2019apporter leur soutien \u00e0 la Guin\u00e9e en vue de la r\u00e9ussite de la transition politique.<\/li>\n<\/ol>\n<\/li>\n<\/ol>\n<ol style=\"font-weight: 400;\">\n<li style=\"list-style-type: none;\">\n<ol style=\"font-weight: 400;\">\n<li aria-level=\"1\">La Conf\u00e9rence demande aux Autorit\u00e9s de la Guin\u00e9e d\u2019accepter dans un d\u00e9lai d\u2019un mois, \u00e0 compter du 22 septembre 2022, une dur\u00e9e de transition raisonnable et acceptable par la CEDEAO, sous peine de sanctions plus s\u00e9v\u00e8res.<\/li>\n<\/ol>\n<\/li>\n<\/ol>\n<ol style=\"font-weight: 400;\">\n<li style=\"list-style-type: none;\">\n<ol style=\"font-weight: 400;\">\n<li aria-level=\"1\">La Conf\u00e9rence salue les efforts d\u00e9ploy\u00e9s par le M\u00e9diateur de la CEDEAO pour la Guin\u00e9e et lui demande de poursuivre ses consultations avec les Autorit\u00e9s de la Transition et toutes les autres parties prenantes en vue de parvenir \u00e0 un consensus sur la dur\u00e9e de la transition.<\/li>\n<\/ol>\n<\/li>\n<\/ol>\n<p style=\"font-weight: 400;\">Sur la situation des 46 soldats ivoiriens d\u00e9tenus au Mali :<\/p>\n<ol style=\"font-weight: 400;\">\n<li style=\"list-style-type: none;\">\n<ol style=\"font-weight: 400;\">\n<li aria-level=\"1\">La Conf\u00e9rence a examin\u00e9 le m\u00e9morandum pr\u00e9sent\u00e9 par le Pr\u00e9sident de la Commission de la CEDEAO sur les 46 soldats ivoiriens d\u00e9tenus au Mali. Suite \u00e0 des discussions approfondies, les Chefs d\u2019Etat et de Gouvernement ont pris les d\u00e9cisions suivantes :<\/li>\n<\/ol>\n<\/li>\n<\/ol>\n<ol style=\"font-weight: 400;\">\n<li style=\"list-style-type: none;\">\n<ol style=\"font-weight: 400;\">\n<li aria-level=\"1\">La Conf\u00e9rence salue les initiatives diplomatiques entreprises par plusieurs Chefs d&rsquo;Etat de la CEDEAO, qui ont conduit \u00e0 la lib\u00e9ration le 3 septembre 2022, pour des raisons humanitaires, de trois femmes soldats ivoiriennes.<\/li>\n<\/ol>\n<\/li>\n<\/ol>\n<ol style=\"font-weight: 400;\">\n<li style=\"list-style-type: none;\">\n<ol style=\"font-weight: 400;\">\n<li aria-level=\"1\">Toutefois, la Conf\u00e9rence note avec regret le maintien en incarc\u00e9ration des 46 soldats restant, malgr\u00e9 tous les efforts de m\u00e9diation entreprises par la r\u00e9gion.<\/li>\n<\/ol>\n<\/li>\n<\/ol>\n<ol style=\"font-weight: 400;\">\n<li style=\"list-style-type: none;\">\n<ol style=\"font-weight: 400;\">\n<li aria-level=\"1\">La Conf\u00e9rence d\u00e9cide \u00e9galement de ce qui suit :<\/li>\n<\/ol>\n<\/li>\n<\/ol>\n<ol style=\"font-weight: 400;\">\n<li style=\"list-style-type: none;\">\n<ol style=\"font-weight: 400;\">\n<li aria-level=\"1\">condamne avec fermet\u00e9, l\u2019incarc\u00e9ration continue des soldats ivoiriens ;<\/li>\n<\/ol>\n<\/li>\n<\/ol>\n<ol style=\"font-weight: 400;\">\n<li style=\"list-style-type: none;\">\n<ol style=\"font-weight: 400;\">\n<li aria-level=\"1\">d\u00e9nonce le chantage exerc\u00e9 par les autorit\u00e9s maliennes dans cette affaire<\/li>\n<\/ol>\n<\/li>\n<\/ol>\n<ol style=\"font-weight: 400;\">\n<li style=\"list-style-type: none;\">\n<ol style=\"font-weight: 400;\">\n<li aria-level=\"1\">demande la lib\u00e9ration sans condition des 46 soldats d\u00e9tenus au Mali ;<\/li>\n<\/ol>\n<\/li>\n<\/ol>\n<ol style=\"font-weight: 400;\">\n<li style=\"list-style-type: none;\">\n<ol style=\"font-weight: 400;\">\n<li aria-level=\"1\">envoi incessamment d\u2019une mission de Haut niveau compos\u00e9e des Chefs d\u2019\u00e9tat du Ghana, du S\u00e9n\u00e9gal et du Togo \u00e0 l\u2019effet de la lib\u00e9ration des soldats ivoiriens.<\/li>\n<\/ol>\n<\/li>\n<\/ol>\n<ol style=\"font-weight: 400;\">\n<li style=\"list-style-type: none;\">\n<ol style=\"font-weight: 400;\">\n<li aria-level=\"1\">La Conf\u00e9rence exprime sa reconnaissance aux Chefs d\u2019\u00e9tat et de gouvernement et \u00e0 toutes les bonnes volont\u00e9s qui se sont investis pour la lib\u00e9ration des soldats ivoiriens incarc\u00e9r\u00e9s au Mali.<\/li>\n<\/ol>\n<\/li>\n<\/ol>\n<ol style=\"font-weight: 400;\">\n<li style=\"list-style-type: none;\">\n<ol style=\"font-weight: 400;\">\n<li aria-level=\"1\">Les Chefs d&rsquo;Etat et de Gouvernement rendent un vibrant hommage \u00e0 S.E Umaro Sissoco Embalo, Pr\u00e9sident de la R\u00e9publique de Guin\u00e9e Bissau, Pr\u00e9sident de la Conf\u00e9rence des Chefs d&rsquo;Etat et de Gouvernement de la CEDEAO, pour son leadership dans la gestion des affaires de la Communaut\u00e9<\/li>\n<\/ol>\n<\/li>\n<\/ol>\n<p style=\"font-weight: 400;\">Fait \u00e0 New York, le 22 septembre 2022.<\/p>\n<p style=\"font-weight: 400;\">LA CONFERENCE<\/p>\n<\/div>\n<p><\/ins><\/div>\n<\/div>\n<\/div>\n<div class=\"pdfemb-viewer\"><\/div>\n<div class=\"fb-background-color\">\n<div class=\"fb-comments fb_iframe_widget fb_iframe_widget_fluid_desktop\" data-href=\"https:\/\/guinee114.com\/sommet-extraordinaire-de-la-cedeao-a-new-york-voici-le-communique-final\/\" data-numposts=\"10\" data-lazy=\"true\" data-colorscheme=\"light\" data-order-by=\"social\" data-mobile=\"true\"><\/div>\n<\/div>\n","protected":false},"excerpt":{"rendered":"<p>Commission de la CEDEAO New York, Septembre 2022 La Conf\u00e9rence des Chefs d&rsquo;Etat et de Gouvernement de la Communaut\u00e9 Economique des Etats de l&rsquo;Afrique de l&rsquo;Ouest (CEDEAO) a tenu une Session extraordinaire \u00e0 New York, aux Etats-Unis, en marge de l&rsquo;Assembl\u00e9e G\u00e9n\u00e9rale des Nations Unies, le 22 septembre 2022, sous la pr\u00e9sidence de S.E. Umaro [&hellip;]<\/p>\n","protected":false},"author":3,"featured_media":858,"comment_status":"open","ping_status":"open","sticky":false,"template":"","format":"standard","meta":{"jnews-multi-image_gallery":[],"jnews_single_post":{"subtitle":"","format":"standard","video":"","gallery":"","source_name":"","source_url":"","via_name":"","via_url":"","override":[{"single_blog_custom":"","sidebar":"","second_sidebar":"","share_position":"","share_float_style":"","post_date_format":"","post_date_format_custom":"","number_popup_post":"1"}],"image_override":[{"single_post_thumbnail_size":"","single_post_gallery_size":""}],"trending_post_position":"","trending_post_label":""},"jnews_primary_category":{"id":""},"jnews_override_counter":{"view_counter_number":"0","share_counter_number":"0","like_counter_number":"0","dislike_counter_number":"0"},"footnotes":""},"categories":[2],"tags":[],"class_list":["post-857","post","type-post","status-publish","format-standard","has-post-thumbnail","hentry","category-actualites"],"yoast_head":"<!-- This site is optimized with the Yoast SEO plugin v26.9 - https:\/\/yoast.com\/product\/yoast-seo-wordpress\/ -->\n<title>Sommet extraordinaire de la CEDEAO \u00e0 New York: Voici le communiqu\u00e9 final - Guineeline<\/title>\n<meta name=\"robots\" content=\"index, follow, max-snippet:-1, max-image-preview:large, max-video-preview:-1\" \/>\n<link rel=\"canonical\" href=\"https:\/\/www.guineeline.net\/index.php\/2022\/09\/23\/sommet-extraordinaire-de-la-cedeao-a-new-york-voici-le-communique-final\/\" \/>\n<meta property=\"og:locale\" content=\"fr_FR\" \/>\n<meta property=\"og:type\" content=\"article\" \/>\n<meta property=\"og:title\" content=\"Sommet extraordinaire de la CEDEAO \u00e0 New York: Voici le communiqu\u00e9 final - Guineeline\" \/>\n<meta property=\"og:description\" content=\"Commission de la CEDEAO New York, Septembre 2022 La Conf\u00e9rence des Chefs d&rsquo;Etat et de Gouvernement de la Communaut\u00e9 Economique des Etats de l&rsquo;Afrique de l&rsquo;Ouest (CEDEAO) a tenu une Session extraordinaire \u00e0 New York, aux Etats-Unis, en marge de l&rsquo;Assembl\u00e9e G\u00e9n\u00e9rale des Nations Unies, le 22 septembre 2022, sous la pr\u00e9sidence de S.E. Umaro [&hellip;]\" \/>\n<meta property=\"og:url\" content=\"https:\/\/www.guineeline.net\/index.php\/2022\/09\/23\/sommet-extraordinaire-de-la-cedeao-a-new-york-voici-le-communique-final\/\" \/>\n<meta property=\"og:site_name\" content=\"Guineeline\" \/>\n<meta property=\"article:published_time\" content=\"2022-09-23T12:26:09+00:00\" \/>\n<meta property=\"og:image\" content=\"https:\/\/www.guineeline.net\/wp-content\/uploads\/2022\/09\/CEDEAO-sommet-750x372-1.jpg\" \/>\n\t<meta property=\"og:image:width\" content=\"750\" \/>\n\t<meta property=\"og:image:height\" content=\"372\" \/>\n\t<meta property=\"og:image:type\" content=\"image\/jpeg\" \/>\n<meta name=\"author\" content=\"Guineeline\" \/>\n<meta name=\"twitter:card\" content=\"summary_large_image\" \/>\n<meta name=\"twitter:label1\" content=\"\u00c9crit par\" \/>\n\t<meta name=\"twitter:data1\" content=\"Guineeline\" \/>\n\t<meta name=\"twitter:label2\" content=\"Dur\u00e9e de lecture estim\u00e9e\" \/>\n\t<meta name=\"twitter:data2\" content=\"6 minutes\" \/>\n<script type=\"application\/ld+json\" class=\"yoast-schema-graph\">{\"@context\":\"https:\/\/schema.org\",\"@graph\":[{\"@type\":\"Article\",\"@id\":\"https:\/\/www.guineeline.net\/index.php\/2022\/09\/23\/sommet-extraordinaire-de-la-cedeao-a-new-york-voici-le-communique-final\/#article\",\"isPartOf\":{\"@id\":\"https:\/\/www.guineeline.net\/index.php\/2022\/09\/23\/sommet-extraordinaire-de-la-cedeao-a-new-york-voici-le-communique-final\/\"},\"author\":{\"name\":\"Guineeline\",\"@id\":\"https:\/\/www.guineeline.net\/#\/schema\/person\/f5914e0a4c56cc8f4aa0922cc547a390\"},\"headline\":\"Sommet extraordinaire de la CEDEAO \u00e0 New York: Voici le communiqu\u00e9 final\",\"datePublished\":\"2022-09-23T12:26:09+00:00\",\"mainEntityOfPage\":{\"@id\":\"https:\/\/www.guineeline.net\/index.php\/2022\/09\/23\/sommet-extraordinaire-de-la-cedeao-a-new-york-voici-le-communique-final\/\"},\"wordCount\":1340,\"commentCount\":0,\"image\":{\"@id\":\"https:\/\/www.guineeline.net\/index.php\/2022\/09\/23\/sommet-extraordinaire-de-la-cedeao-a-new-york-voici-le-communique-final\/#primaryimage\"},\"thumbnailUrl\":\"https:\/\/www.guineeline.net\/wp-content\/uploads\/2022\/09\/CEDEAO-sommet-750x372-1.jpg\",\"articleSection\":[\"Actualit\u00e9s\"],\"inLanguage\":\"fr-FR\",\"potentialAction\":[{\"@type\":\"CommentAction\",\"name\":\"Comment\",\"target\":[\"https:\/\/www.guineeline.net\/index.php\/2022\/09\/23\/sommet-extraordinaire-de-la-cedeao-a-new-york-voici-le-communique-final\/#respond\"]}]},{\"@type\":\"WebPage\",\"@id\":\"https:\/\/www.guineeline.net\/index.php\/2022\/09\/23\/sommet-extraordinaire-de-la-cedeao-a-new-york-voici-le-communique-final\/\",\"url\":\"https:\/\/www.guineeline.net\/index.php\/2022\/09\/23\/sommet-extraordinaire-de-la-cedeao-a-new-york-voici-le-communique-final\/\",\"name\":\"Sommet extraordinaire de la CEDEAO \u00e0 New York: Voici le communiqu\u00e9 final - Guineeline\",\"isPartOf\":{\"@id\":\"https:\/\/www.guineeline.net\/#website\"},\"primaryImageOfPage\":{\"@id\":\"https:\/\/www.guineeline.net\/index.php\/2022\/09\/23\/sommet-extraordinaire-de-la-cedeao-a-new-york-voici-le-communique-final\/#primaryimage\"},\"image\":{\"@id\":\"https:\/\/www.guineeline.net\/index.php\/2022\/09\/23\/sommet-extraordinaire-de-la-cedeao-a-new-york-voici-le-communique-final\/#primaryimage\"},\"thumbnailUrl\":\"https:\/\/www.guineeline.net\/wp-content\/uploads\/2022\/09\/CEDEAO-sommet-750x372-1.jpg\",\"datePublished\":\"2022-09-23T12:26:09+00:00\",\"author\":{\"@id\":\"https:\/\/www.guineeline.net\/#\/schema\/person\/f5914e0a4c56cc8f4aa0922cc547a390\"},\"breadcrumb\":{\"@id\":\"https:\/\/www.guineeline.net\/index.php\/2022\/09\/23\/sommet-extraordinaire-de-la-cedeao-a-new-york-voici-le-communique-final\/#breadcrumb\"},\"inLanguage\":\"fr-FR\",\"potentialAction\":[{\"@type\":\"ReadAction\",\"target\":[\"https:\/\/www.guineeline.net\/index.php\/2022\/09\/23\/sommet-extraordinaire-de-la-cedeao-a-new-york-voici-le-communique-final\/\"]}]},{\"@type\":\"ImageObject\",\"inLanguage\":\"fr-FR\",\"@id\":\"https:\/\/www.guineeline.net\/index.php\/2022\/09\/23\/sommet-extraordinaire-de-la-cedeao-a-new-york-voici-le-communique-final\/#primaryimage\",\"url\":\"https:\/\/www.guineeline.net\/wp-content\/uploads\/2022\/09\/CEDEAO-sommet-750x372-1.jpg\",\"contentUrl\":\"https:\/\/www.guineeline.net\/wp-content\/uploads\/2022\/09\/CEDEAO-sommet-750x372-1.jpg\",\"width\":750,\"height\":372},{\"@type\":\"BreadcrumbList\",\"@id\":\"https:\/\/www.guineeline.net\/index.php\/2022\/09\/23\/sommet-extraordinaire-de-la-cedeao-a-new-york-voici-le-communique-final\/#breadcrumb\",\"itemListElement\":[{\"@type\":\"ListItem\",\"position\":1,\"name\":\"Accueil\",\"item\":\"https:\/\/www.guineeline.net\/\"},{\"@type\":\"ListItem\",\"position\":2,\"name\":\"Sommet extraordinaire de la CEDEAO \u00e0 New York: Voici le communiqu\u00e9 final\"}]},{\"@type\":\"WebSite\",\"@id\":\"https:\/\/www.guineeline.net\/#website\",\"url\":\"https:\/\/www.guineeline.net\/\",\"name\":\"Guineeline\",\"description\":\"L&#039;information en un clic\",\"potentialAction\":[{\"@type\":\"SearchAction\",\"target\":{\"@type\":\"EntryPoint\",\"urlTemplate\":\"https:\/\/www.guineeline.net\/?s={search_term_string}\"},\"query-input\":{\"@type\":\"PropertyValueSpecification\",\"valueRequired\":true,\"valueName\":\"search_term_string\"}}],\"inLanguage\":\"fr-FR\"},{\"@type\":\"Person\",\"@id\":\"https:\/\/www.guineeline.net\/#\/schema\/person\/f5914e0a4c56cc8f4aa0922cc547a390\",\"name\":\"Guineeline\",\"image\":{\"@type\":\"ImageObject\",\"inLanguage\":\"fr-FR\",\"@id\":\"https:\/\/www.guineeline.net\/#\/schema\/person\/image\/\",\"url\":\"https:\/\/secure.gravatar.com\/avatar\/432ce140236c408fa05ea28acd193ba03163acdd0efbe444c1c44957b8a29a2a?s=96&d=mm&r=g\",\"contentUrl\":\"https:\/\/secure.gravatar.com\/avatar\/432ce140236c408fa05ea28acd193ba03163acdd0efbe444c1c44957b8a29a2a?s=96&d=mm&r=g\",\"caption\":\"Guineeline\"},\"url\":\"https:\/\/www.guineeline.net\/index.php\/author\/admin\/\"}]}<\/script>\n<!-- \/ Yoast SEO plugin. -->","yoast_head_json":{"title":"Sommet extraordinaire de la CEDEAO \u00e0 New York: Voici le communiqu\u00e9 final - Guineeline","robots":{"index":"index","follow":"follow","max-snippet":"max-snippet:-1","max-image-preview":"max-image-preview:large","max-video-preview":"max-video-preview:-1"},"canonical":"https:\/\/www.guineeline.net\/index.php\/2022\/09\/23\/sommet-extraordinaire-de-la-cedeao-a-new-york-voici-le-communique-final\/","og_locale":"fr_FR","og_type":"article","og_title":"Sommet extraordinaire de la CEDEAO \u00e0 New York: Voici le communiqu\u00e9 final - Guineeline","og_description":"Commission de la CEDEAO New York, Septembre 2022 La Conf\u00e9rence des Chefs d&rsquo;Etat et de Gouvernement de la Communaut\u00e9 Economique des Etats de l&rsquo;Afrique de l&rsquo;Ouest (CEDEAO) a tenu une Session extraordinaire \u00e0 New York, aux Etats-Unis, en marge de l&rsquo;Assembl\u00e9e G\u00e9n\u00e9rale des Nations Unies, le 22 septembre 2022, sous la pr\u00e9sidence de S.E. Umaro [&hellip;]","og_url":"https:\/\/www.guineeline.net\/index.php\/2022\/09\/23\/sommet-extraordinaire-de-la-cedeao-a-new-york-voici-le-communique-final\/","og_site_name":"Guineeline","article_published_time":"2022-09-23T12:26:09+00:00","og_image":[{"width":750,"height":372,"url":"https:\/\/www.guineeline.net\/wp-content\/uploads\/2022\/09\/CEDEAO-sommet-750x372-1.jpg","type":"image\/jpeg"}],"author":"Guineeline","twitter_card":"summary_large_image","twitter_misc":{"\u00c9crit par":"Guineeline","Dur\u00e9e de lecture estim\u00e9e":"6 minutes"},"schema":{"@context":"https:\/\/schema.org","@graph":[{"@type":"Article","@id":"https:\/\/www.guineeline.net\/index.php\/2022\/09\/23\/sommet-extraordinaire-de-la-cedeao-a-new-york-voici-le-communique-final\/#article","isPartOf":{"@id":"https:\/\/www.guineeline.net\/index.php\/2022\/09\/23\/sommet-extraordinaire-de-la-cedeao-a-new-york-voici-le-communique-final\/"},"author":{"name":"Guineeline","@id":"https:\/\/www.guineeline.net\/#\/schema\/person\/f5914e0a4c56cc8f4aa0922cc547a390"},"headline":"Sommet extraordinaire de la CEDEAO \u00e0 New York: Voici le communiqu\u00e9 final","datePublished":"2022-09-23T12:26:09+00:00","mainEntityOfPage":{"@id":"https:\/\/www.guineeline.net\/index.php\/2022\/09\/23\/sommet-extraordinaire-de-la-cedeao-a-new-york-voici-le-communique-final\/"},"wordCount":1340,"commentCount":0,"image":{"@id":"https:\/\/www.guineeline.net\/index.php\/2022\/09\/23\/sommet-extraordinaire-de-la-cedeao-a-new-york-voici-le-communique-final\/#primaryimage"},"thumbnailUrl":"https:\/\/www.guineeline.net\/wp-content\/uploads\/2022\/09\/CEDEAO-sommet-750x372-1.jpg","articleSection":["Actualit\u00e9s"],"inLanguage":"fr-FR","potentialAction":[{"@type":"CommentAction","name":"Comment","target":["https:\/\/www.guineeline.net\/index.php\/2022\/09\/23\/sommet-extraordinaire-de-la-cedeao-a-new-york-voici-le-communique-final\/#respond"]}]},{"@type":"WebPage","@id":"https:\/\/www.guineeline.net\/index.php\/2022\/09\/23\/sommet-extraordinaire-de-la-cedeao-a-new-york-voici-le-communique-final\/","url":"https:\/\/www.guineeline.net\/index.php\/2022\/09\/23\/sommet-extraordinaire-de-la-cedeao-a-new-york-voici-le-communique-final\/","name":"Sommet extraordinaire de la CEDEAO \u00e0 New York: Voici le communiqu\u00e9 final - Guineeline","isPartOf":{"@id":"https:\/\/www.guineeline.net\/#website"},"primaryImageOfPage":{"@id":"https:\/\/www.guineeline.net\/index.php\/2022\/09\/23\/sommet-extraordinaire-de-la-cedeao-a-new-york-voici-le-communique-final\/#primaryimage"},"image":{"@id":"https:\/\/www.guineeline.net\/index.php\/2022\/09\/23\/sommet-extraordinaire-de-la-cedeao-a-new-york-voici-le-communique-final\/#primaryimage"},"thumbnailUrl":"https:\/\/www.guineeline.net\/wp-content\/uploads\/2022\/09\/CEDEAO-sommet-750x372-1.jpg","datePublished":"2022-09-23T12:26:09+00:00","author":{"@id":"https:\/\/www.guineeline.net\/#\/schema\/person\/f5914e0a4c56cc8f4aa0922cc547a390"},"breadcrumb":{"@id":"https:\/\/www.guineeline.net\/index.php\/2022\/09\/23\/sommet-extraordinaire-de-la-cedeao-a-new-york-voici-le-communique-final\/#breadcrumb"},"inLanguage":"fr-FR","potentialAction":[{"@type":"ReadAction","target":["https:\/\/www.guineeline.net\/index.php\/2022\/09\/23\/sommet-extraordinaire-de-la-cedeao-a-new-york-voici-le-communique-final\/"]}]},{"@type":"ImageObject","inLanguage":"fr-FR","@id":"https:\/\/www.guineeline.net\/index.php\/2022\/09\/23\/sommet-extraordinaire-de-la-cedeao-a-new-york-voici-le-communique-final\/#primaryimage","url":"https:\/\/www.guineeline.net\/wp-content\/uploads\/2022\/09\/CEDEAO-sommet-750x372-1.jpg","contentUrl":"https:\/\/www.guineeline.net\/wp-content\/uploads\/2022\/09\/CEDEAO-sommet-750x372-1.jpg","width":750,"height":372},{"@type":"BreadcrumbList","@id":"https:\/\/www.guineeline.net\/index.php\/2022\/09\/23\/sommet-extraordinaire-de-la-cedeao-a-new-york-voici-le-communique-final\/#breadcrumb","itemListElement":[{"@type":"ListItem","position":1,"name":"Accueil","item":"https:\/\/www.guineeline.net\/"},{"@type":"ListItem","position":2,"name":"Sommet extraordinaire de la CEDEAO \u00e0 New York: Voici le communiqu\u00e9 final"}]},{"@type":"WebSite","@id":"https:\/\/www.guineeline.net\/#website","url":"https:\/\/www.guineeline.net\/","name":"Guineeline","description":"L&#039;information en un clic","potentialAction":[{"@type":"SearchAction","target":{"@type":"EntryPoint","urlTemplate":"https:\/\/www.guineeline.net\/?s={search_term_string}"},"query-input":{"@type":"PropertyValueSpecification","valueRequired":true,"valueName":"search_term_string"}}],"inLanguage":"fr-FR"},{"@type":"Person","@id":"https:\/\/www.guineeline.net\/#\/schema\/person\/f5914e0a4c56cc8f4aa0922cc547a390","name":"Guineeline","image":{"@type":"ImageObject","inLanguage":"fr-FR","@id":"https:\/\/www.guineeline.net\/#\/schema\/person\/image\/","url":"https:\/\/secure.gravatar.com\/avatar\/432ce140236c408fa05ea28acd193ba03163acdd0efbe444c1c44957b8a29a2a?s=96&d=mm&r=g","contentUrl":"https:\/\/secure.gravatar.com\/avatar\/432ce140236c408fa05ea28acd193ba03163acdd0efbe444c1c44957b8a29a2a?s=96&d=mm&r=g","caption":"Guineeline"},"url":"https:\/\/www.guineeline.net\/index.php\/author\/admin\/"}]}},"_links":{"self":[{"href":"https:\/\/www.guineeline.net\/index.php\/wp-json\/wp\/v2\/posts\/857","targetHints":{"allow":["GET"]}}],"collection":[{"href":"https:\/\/www.guineeline.net\/index.php\/wp-json\/wp\/v2\/posts"}],"about":[{"href":"https:\/\/www.guineeline.net\/index.php\/wp-json\/wp\/v2\/types\/post"}],"author":[{"embeddable":true,"href":"https:\/\/www.guineeline.net\/index.php\/wp-json\/wp\/v2\/users\/3"}],"replies":[{"embeddable":true,"href":"https:\/\/www.guineeline.net\/index.php\/wp-json\/wp\/v2\/comments?post=857"}],"version-history":[{"count":1,"href":"https:\/\/www.guineeline.net\/index.php\/wp-json\/wp\/v2\/posts\/857\/revisions"}],"predecessor-version":[{"id":859,"href":"https:\/\/www.guineeline.net\/index.php\/wp-json\/wp\/v2\/posts\/857\/revisions\/859"}],"wp:featuredmedia":[{"embeddable":true,"href":"https:\/\/www.guineeline.net\/index.php\/wp-json\/wp\/v2\/media\/858"}],"wp:attachment":[{"href":"https:\/\/www.guineeline.net\/index.php\/wp-json\/wp\/v2\/media?parent=857"}],"wp:term":[{"taxonomy":"category","embeddable":true,"href":"https:\/\/www.guineeline.net\/index.php\/wp-json\/wp\/v2\/categories?post=857"},{"taxonomy":"post_tag","embeddable":true,"href":"https:\/\/www.guineeline.net\/index.php\/wp-json\/wp\/v2\/tags?post=857"}],"curies":[{"name":"wp","href":"https:\/\/api.w.org\/{rel}","templated":true}]}}