{"id":844,"date":"2022-09-15T15:26:00","date_gmt":"2022-09-15T13:26:00","guid":{"rendered":"https:\/\/www.guineeline.net\/?p=844"},"modified":"2022-09-15T15:26:10","modified_gmt":"2022-09-15T13:26:10","slug":"invites-aux-funerailles-de-la-reine-qui-assistera-et-qui-nassistera-pas","status":"publish","type":"post","link":"https:\/\/www.guineeline.net\/index.php\/2022\/09\/15\/invites-aux-funerailles-de-la-reine-qui-assistera-et-qui-nassistera-pas\/","title":{"rendered":"Invit\u00e9s aux fun\u00e9railles de la reine : qui assistera &#8211; et qui n&rsquo;assistera pas"},"content":{"rendered":"<div class=\"bbc-19j92fr ebmt73l0\" dir=\"ltr\">\n<p class=\"bbc-1y32vyc e17g058b0\" dir=\"ltr\"><b>Les fun\u00e9railles de la Reine lundi devraient \u00eatre l&rsquo;un des plus grands rassemblements de membres de la royaut\u00e9 et d&rsquo;hommes politiques organis\u00e9s au Royaume-Uni depuis des d\u00e9cennies.<\/b><\/p>\n<\/div>\n<div class=\"bbc-19j92fr ebmt73l0\" dir=\"ltr\">\n<p class=\"bbc-1y32vyc e17g058b0\" dir=\"ltr\">Les invitations ont \u00e9t\u00e9 envoy\u00e9es au cours du week-end, et quelque 500 chefs d&rsquo;\u00c9tat et dignitaires \u00e9trangers \u00e9taient attendus.<\/p>\n<\/div>\n<div class=\"bbc-19j92fr ebmt73l0\" dir=\"ltr\">\n<p class=\"bbc-1y32vyc e17g058b0\" dir=\"ltr\">On a demand\u00e9 \u00e0 la majorit\u00e9 des dirigeants d&rsquo;arriver sur des vols commerciaux et on leur a dit qu&rsquo;ils seraient transport\u00e9s en masse depuis un site de l&rsquo;ouest de Londres.<\/p>\n<\/div>\n<div class=\"bbc-19j92fr ebmt73l0\" dir=\"ltr\">\n<p class=\"bbc-1y32vyc e17g058b0\" dir=\"ltr\">La c\u00e9r\u00e9monie \u00e0 l&rsquo;abbaye de Westminster a une capacit\u00e9 d&rsquo;environ 2 200 personnes.<\/p>\n<\/div>\n<div class=\"bbc-19j92fr ebmt73l0\" dir=\"ltr\">\n<p class=\"bbc-1y32vyc e17g058b0\" dir=\"ltr\">Voici ce que nous savons jusqu&rsquo;\u00e0 pr\u00e9sent sur qui sera et ne sera pas pr\u00e9sent.<\/p>\n<\/div>\n<div class=\"bbc-19j92fr ebmt73l0\" dir=\"ltr\">\n<h2 id=\"Familles-royales-europ\u00e9ennes\" class=\"bbc-1itnmzg eglt09e0\" tabindex=\"-1\">Familles royales europ\u00e9ennes<\/h2>\n<\/div>\n<div class=\"bbc-1ka88fa ebmt73l0\" dir=\"ltr\">\n<figure class=\"bbc-1qdcvv9 e1aczekt0\">\n<div class=\"bbc-172p16q ebmt73l0\" dir=\"ltr\">\n<div class=\"bbc-172p16q ebmt73l0\" dir=\"ltr\">\n<div class=\"bbc-189y18v ebmt73l0\" dir=\"ltr\">\n<div class=\"bbc-997y1y eihqrxw0\" data-e2e=\"image-placeholder\">\n<div class=\"lazyload-wrapper \"><picture class=\"bbc-yfiktt e1mo64ex1\"><source srcset=\"https:\/\/ichef.bbci.co.uk\/news\/240\/cpsprodpb\/FCBB\/production\/_126699646_85fc40b4b0ef00e3cd4466e77111daa8689f7e52.jpg.webp 240w, https:\/\/ichef.bbci.co.uk\/news\/320\/cpsprodpb\/FCBB\/production\/_126699646_85fc40b4b0ef00e3cd4466e77111daa8689f7e52.jpg.webp 320w, https:\/\/ichef.bbci.co.uk\/news\/480\/cpsprodpb\/FCBB\/production\/_126699646_85fc40b4b0ef00e3cd4466e77111daa8689f7e52.jpg.webp 480w, https:\/\/ichef.bbci.co.uk\/news\/624\/cpsprodpb\/FCBB\/production\/_126699646_85fc40b4b0ef00e3cd4466e77111daa8689f7e52.jpg.webp 624w, https:\/\/ichef.bbci.co.uk\/news\/800\/cpsprodpb\/FCBB\/production\/_126699646_85fc40b4b0ef00e3cd4466e77111daa8689f7e52.jpg.webp 800w\" type=\"image\/webp\" sizes=\"(min-width: 1008px) 645px, 100vw\" \/><source srcset=\"https:\/\/ichef.bbci.co.uk\/news\/240\/cpsprodpb\/FCBB\/production\/_126699646_85fc40b4b0ef00e3cd4466e77111daa8689f7e52.jpg 240w, https:\/\/ichef.bbci.co.uk\/news\/320\/cpsprodpb\/FCBB\/production\/_126699646_85fc40b4b0ef00e3cd4466e77111daa8689f7e52.jpg 320w, https:\/\/ichef.bbci.co.uk\/news\/480\/cpsprodpb\/FCBB\/production\/_126699646_85fc40b4b0ef00e3cd4466e77111daa8689f7e52.jpg 480w, https:\/\/ichef.bbci.co.uk\/news\/624\/cpsprodpb\/FCBB\/production\/_126699646_85fc40b4b0ef00e3cd4466e77111daa8689f7e52.jpg 624w, https:\/\/ichef.bbci.co.uk\/news\/800\/cpsprodpb\/FCBB\/production\/_126699646_85fc40b4b0ef00e3cd4466e77111daa8689f7e52.jpg 800w\" type=\"image\/jpeg\" sizes=\"(min-width: 1008px) 645px, 100vw\" \/><img fetchpriority=\"high\" decoding=\"async\" class=\"e3vrtyk0 bbc-rb7xa0 e1mo64ex0\" src=\"https:\/\/ichef.bbci.co.uk\/news\/640\/cpsprodpb\/FCBB\/production\/_126699646_85fc40b4b0ef00e3cd4466e77111daa8689f7e52.jpg\" alt=\"La reine Maxima et le roi Willem-Alexander des Pays-Bas aux c\u00f4t\u00e9s de la reine Elizabeth, du prince Charles et de Camilla, duchesse de Cornouailles, avant un banquet d'\u00c9tat au palais de Buckingham en 2018.\" width=\"976\" height=\"549\" \/><\/picture><\/div>\n<\/div>\n<\/div>\n<\/div>\n<\/div><figcaption class=\"bbc-1ephn0r e6i104o0\" dir=\"ltr\">Le roi Willem-Alexander et la reine Maxima des Pays-Bas<\/figcaption><\/figure>\n<\/div>\n<div class=\"bbc-19j92fr ebmt73l0\" dir=\"ltr\">\n<p class=\"bbc-1y32vyc e17g058b0\" dir=\"ltr\">Des membres de familles royales de toute l&rsquo;Europe, dont beaucoup \u00e9taient des parents de sang de la reine, sont attendus.<\/p>\n<\/div>\n<div class=\"bbc-19j92fr ebmt73l0\" dir=\"ltr\">\n<p class=\"bbc-1y32vyc e17g058b0\" dir=\"ltr\">Le roi Philippe et la reine Mathilde de Belgique ont confirm\u00e9 leur pr\u00e9sence, tout comme le roi Willem-Alexander des Pays-Bas et son \u00e9pouse, la reine Maxima, ainsi que sa m\u00e8re, l&rsquo;ancienne reine n\u00e9erlandaise la princesse Beatrix.<\/p>\n<\/div>\n<div class=\"bbc-19j92fr ebmt73l0\" dir=\"ltr\">\n<p class=\"bbc-1y32vyc e17g058b0\" dir=\"ltr\">Le roi Felipe et la reine Letizia d&rsquo;Espagne ont \u00e9galement accept\u00e9 une invitation, tout comme les familles royales de Norv\u00e8ge, de Su\u00e8de, du Danemark et de Monaco.<\/p>\n<p class=\"bbc-1y32vyc e17g058b0\" dir=\"ltr\"><span style=\"color: #1d1f20; font-size: 1.953em;\">Pr\u00e9sidents am\u00e9ricains<\/span><\/p>\n<\/div>\n<div class=\"bbc-1ka88fa ebmt73l0\" dir=\"ltr\">\n<figure class=\"bbc-1qdcvv9 e1aczekt0\">\n<div class=\"bbc-172p16q ebmt73l0\" dir=\"ltr\">\n<div class=\"bbc-172p16q ebmt73l0\" dir=\"ltr\">\n<div class=\"bbc-189y18v ebmt73l0\" dir=\"ltr\">\n<div class=\"bbc-997y1y eihqrxw0\" data-e2e=\"image-placeholder\">\n<div class=\"lazyload-wrapper \"><picture class=\"bbc-yfiktt e1mo64ex1\"><source srcset=\"https:\/\/ichef.bbci.co.uk\/news\/240\/cpsprodpb\/12BFF\/production\/_126699767_45e10f87ebcb04d7fde2d426c788ac3acb24150f.jpg.webp 240w, https:\/\/ichef.bbci.co.uk\/news\/320\/cpsprodpb\/12BFF\/production\/_126699767_45e10f87ebcb04d7fde2d426c788ac3acb24150f.jpg.webp 320w, https:\/\/ichef.bbci.co.uk\/news\/480\/cpsprodpb\/12BFF\/production\/_126699767_45e10f87ebcb04d7fde2d426c788ac3acb24150f.jpg.webp 480w, https:\/\/ichef.bbci.co.uk\/news\/624\/cpsprodpb\/12BFF\/production\/_126699767_45e10f87ebcb04d7fde2d426c788ac3acb24150f.jpg.webp 624w, https:\/\/ichef.bbci.co.uk\/news\/800\/cpsprodpb\/12BFF\/production\/_126699767_45e10f87ebcb04d7fde2d426c788ac3acb24150f.jpg.webp 800w\" type=\"image\/webp\" sizes=\"(min-width: 1008px) 645px, 100vw\" \/><source srcset=\"https:\/\/ichef.bbci.co.uk\/news\/240\/cpsprodpb\/12BFF\/production\/_126699767_45e10f87ebcb04d7fde2d426c788ac3acb24150f.jpg 240w, https:\/\/ichef.bbci.co.uk\/news\/320\/cpsprodpb\/12BFF\/production\/_126699767_45e10f87ebcb04d7fde2d426c788ac3acb24150f.jpg 320w, https:\/\/ichef.bbci.co.uk\/news\/480\/cpsprodpb\/12BFF\/production\/_126699767_45e10f87ebcb04d7fde2d426c788ac3acb24150f.jpg 480w, https:\/\/ichef.bbci.co.uk\/news\/624\/cpsprodpb\/12BFF\/production\/_126699767_45e10f87ebcb04d7fde2d426c788ac3acb24150f.jpg 624w, https:\/\/ichef.bbci.co.uk\/news\/800\/cpsprodpb\/12BFF\/production\/_126699767_45e10f87ebcb04d7fde2d426c788ac3acb24150f.jpg 800w\" type=\"image\/jpeg\" sizes=\"(min-width: 1008px) 645px, 100vw\" \/><img decoding=\"async\" class=\"e3vrtyk0 bbc-rb7xa0 e1mo64ex0\" src=\"https:\/\/ichef.bbci.co.uk\/news\/640\/cpsprodpb\/12BFF\/production\/_126699767_45e10f87ebcb04d7fde2d426c788ac3acb24150f.jpg\" alt=\"Le pr\u00e9sident Joe Biden signe un livre de condol\u00e9ances \u00e0 la reine, tandis que la premi\u00e8re dame Jill Biden se tient derri\u00e8re lui.\" width=\"976\" height=\"549\" \/>Le pr\u00e9sident Joe Biden sera pr\u00e9sent avec la Premi\u00e8re Dame Jill Biden<\/picture><\/div>\n<\/div>\n<\/div>\n<\/div>\n<\/div>\n<\/figure>\n<\/div>\n<div class=\"bbc-19j92fr ebmt73l0\" dir=\"ltr\">\n<p class=\"bbc-1y32vyc e17g058b0\" dir=\"ltr\">La Maison Blanche a confirm\u00e9 que le pr\u00e9sident Joe Biden sera pr\u00e9sent avec la premi\u00e8re dame Jill Biden, bien qu&rsquo;il soit entendu qu&rsquo;ils ne se rendront pas au service en bus.<\/p>\n<\/div>\n<div class=\"bbc-19j92fr ebmt73l0\" dir=\"ltr\">\n<p class=\"bbc-1y32vyc e17g058b0\" dir=\"ltr\">De nombreuses discussions ont port\u00e9 sur la question de savoir si le pr\u00e9sident Biden inviterait son pr\u00e9d\u00e9cesseur, Donald Trump, \u00e0 faire partie de la d\u00e9l\u00e9gation am\u00e9ricaine, mais les limites de la taille des d\u00e9l\u00e9gations signifient que les anciens pr\u00e9sidents ne pourront pas n\u00e9cessairement y assister.<\/p>\n<\/div>\n<div class=\"bbc-19j92fr ebmt73l0\" dir=\"ltr\">\n<p class=\"bbc-1y32vyc e17g058b0\" dir=\"ltr\">Il y a eu des sp\u00e9culations selon lesquelles certains anciens pr\u00e9sidents et premi\u00e8res dames &#8211; en particulier les Obama &#8211; pourraient recevoir des invitations priv\u00e9es.<\/p>\n<\/div>\n<div class=\"bbc-19j92fr ebmt73l0\" dir=\"ltr\">\n<p class=\"bbc-1y32vyc e17g058b0\" dir=\"ltr\">Jimmy Carter, qui a \u00e9t\u00e9 pr\u00e9sident de 1977 \u00e0 1981, n&rsquo;a pas re\u00e7u d&rsquo;invitation, a d\u00e9clar\u00e9 son bureau \u00e0 Politico.<\/p>\n<\/div>\n<div class=\"bbc-19j92fr ebmt73l0\" dir=\"ltr\">\n<h2 id=\"Dirigeants-du-Commonwealth\" class=\"bbc-1itnmzg eglt09e0\" tabindex=\"-1\">Dirigeants du Commonwealth<\/h2>\n<\/div>\n<div class=\"bbc-1ka88fa ebmt73l0\" dir=\"ltr\">\n<figure class=\"bbc-1qdcvv9 e1aczekt0\">\n<div class=\"bbc-172p16q ebmt73l0\" dir=\"ltr\">\n<div class=\"bbc-172p16q ebmt73l0\" dir=\"ltr\">\n<div class=\"bbc-189y18v ebmt73l0\" dir=\"ltr\">\n<div class=\"bbc-997y1y eihqrxw0\" data-e2e=\"image-placeholder\">\n<div class=\"lazyload-wrapper \"><picture class=\"bbc-yfiktt e1mo64ex1\"><source srcset=\"https:\/\/ichef.bbci.co.uk\/news\/240\/cpsprodpb\/4E7A\/production\/_126709002_ardern_reu976.jpg.webp 240w, https:\/\/ichef.bbci.co.uk\/news\/320\/cpsprodpb\/4E7A\/production\/_126709002_ardern_reu976.jpg.webp 320w, https:\/\/ichef.bbci.co.uk\/news\/480\/cpsprodpb\/4E7A\/production\/_126709002_ardern_reu976.jpg.webp 480w, https:\/\/ichef.bbci.co.uk\/news\/624\/cpsprodpb\/4E7A\/production\/_126709002_ardern_reu976.jpg.webp 624w, https:\/\/ichef.bbci.co.uk\/news\/800\/cpsprodpb\/4E7A\/production\/_126709002_ardern_reu976.jpg.webp 800w\" type=\"image\/webp\" sizes=\"(min-width: 1008px) 645px, 100vw\" \/><source srcset=\"https:\/\/ichef.bbci.co.uk\/news\/240\/cpsprodpb\/4E7A\/production\/_126709002_ardern_reu976.jpg 240w, https:\/\/ichef.bbci.co.uk\/news\/320\/cpsprodpb\/4E7A\/production\/_126709002_ardern_reu976.jpg 320w, https:\/\/ichef.bbci.co.uk\/news\/480\/cpsprodpb\/4E7A\/production\/_126709002_ardern_reu976.jpg 480w, https:\/\/ichef.bbci.co.uk\/news\/624\/cpsprodpb\/4E7A\/production\/_126709002_ardern_reu976.jpg 624w, https:\/\/ichef.bbci.co.uk\/news\/800\/cpsprodpb\/4E7A\/production\/_126709002_ardern_reu976.jpg 800w\" type=\"image\/jpeg\" sizes=\"(min-width: 1008px) 645px, 100vw\" \/><img decoding=\"async\" class=\"e3vrtyk0 bbc-rb7xa0 e1mo64ex0\" src=\"https:\/\/ichef.bbci.co.uk\/news\/640\/cpsprodpb\/4E7A\/production\/_126709002_ardern_reu976.jpg\" alt=\"Jacinda Ardern\" width=\"976\" height=\"549\" \/><\/picture><\/div>\n<\/div>\n<\/div>\n<\/div>\n<\/div><figcaption class=\"bbc-1ephn0r e6i104o0\" dir=\"ltr\">La Premi\u00e8re ministre Jacinda Ardern repr\u00e9sentera la Nouvelle-Z\u00e9lande<\/figcaption><\/figure>\n<\/div>\n<div class=\"bbc-19j92fr ebmt73l0\" dir=\"ltr\">\n<p class=\"bbc-1y32vyc e17g058b0\" dir=\"ltr\">Des dirigeants de tout le Commonwealth, dont la reine a \u00e9t\u00e9 \u00e0 la t\u00eate pendant l&rsquo;int\u00e9gralit\u00e9 de son r\u00e8gne, devraient y assister.<\/p>\n<\/div>\n<div class=\"bbc-19j92fr ebmt73l0\" dir=\"ltr\">\n<p class=\"bbc-1y32vyc e17g058b0\" dir=\"ltr\">Le Premier ministre australien Anthony Albanese a accept\u00e9 une invitation, tout comme la Premi\u00e8re ministre n\u00e9o-z\u00e9landaise Jacinda Ardern et le Premier ministre canadien Justin Trudeau.<\/p>\n<\/div>\n<div class=\"bbc-19j92fr ebmt73l0\" dir=\"ltr\">\n<p class=\"bbc-1y32vyc e17g058b0\" dir=\"ltr\">Un certain nombre de gouverneurs g\u00e9n\u00e9raux qui repr\u00e9sentent le monarque dans un royaume du Commonwealth devraient \u00eatre pr\u00e9sents avec les dirigeants de leur pays.<\/p>\n<\/div>\n<div class=\"bbc-19j92fr ebmt73l0\" dir=\"ltr\">\n<p class=\"bbc-1y32vyc e17g058b0\" dir=\"ltr\">Le Premier ministre bangladais de longue date Sheikh Hasina et le pr\u00e9sident sri-lankais Ranil Wickremesinghe auraient \u00e9galement accept\u00e9 des invitations. L&rsquo;Inde sera repr\u00e9sent\u00e9e par le pr\u00e9sident Draupadi Murmu.<\/p>\n<\/div>\n<div class=\"bbc-19j92fr ebmt73l0\" dir=\"ltr\">\n<h2 id=\"Autres-leaders-mondiaux\" class=\"bbc-1itnmzg eglt09e0\" tabindex=\"-1\">Autres leaders mondiaux<\/h2>\n<\/div>\n<div class=\"bbc-1ka88fa ebmt73l0\" dir=\"ltr\">\n<figure class=\"bbc-1qdcvv9 e1aczekt0\">\n<div class=\"bbc-172p16q ebmt73l0\" dir=\"ltr\">\n<div class=\"bbc-172p16q ebmt73l0\" dir=\"ltr\">\n<div class=\"bbc-189y18v ebmt73l0\" dir=\"ltr\">\n<div class=\"bbc-997y1y eihqrxw0\" data-e2e=\"image-placeholder\">\n<div class=\"lazyload-wrapper \"><picture class=\"bbc-yfiktt e1mo64ex1\"><source srcset=\"https:\/\/ichef.bbci.co.uk\/news\/240\/cpsprodpb\/4587\/production\/_126699771_gettyimages-1235820876.jpg.webp 240w, https:\/\/ichef.bbci.co.uk\/news\/320\/cpsprodpb\/4587\/production\/_126699771_gettyimages-1235820876.jpg.webp 320w, https:\/\/ichef.bbci.co.uk\/news\/480\/cpsprodpb\/4587\/production\/_126699771_gettyimages-1235820876.jpg.webp 480w, https:\/\/ichef.bbci.co.uk\/news\/624\/cpsprodpb\/4587\/production\/_126699771_gettyimages-1235820876.jpg.webp 624w, https:\/\/ichef.bbci.co.uk\/news\/800\/cpsprodpb\/4587\/production\/_126699771_gettyimages-1235820876.jpg.webp 800w\" type=\"image\/webp\" sizes=\"(min-width: 1008px) 645px, 100vw\" \/><source srcset=\"https:\/\/ichef.bbci.co.uk\/news\/240\/cpsprodpb\/4587\/production\/_126699771_gettyimages-1235820876.jpg 240w, https:\/\/ichef.bbci.co.uk\/news\/320\/cpsprodpb\/4587\/production\/_126699771_gettyimages-1235820876.jpg 320w, https:\/\/ichef.bbci.co.uk\/news\/480\/cpsprodpb\/4587\/production\/_126699771_gettyimages-1235820876.jpg 480w, https:\/\/ichef.bbci.co.uk\/news\/624\/cpsprodpb\/4587\/production\/_126699771_gettyimages-1235820876.jpg 624w, https:\/\/ichef.bbci.co.uk\/news\/800\/cpsprodpb\/4587\/production\/_126699771_gettyimages-1235820876.jpg 800w\" type=\"image\/jpeg\" sizes=\"(min-width: 1008px) 645px, 100vw\" \/><img loading=\"lazy\" decoding=\"async\" class=\"e3vrtyk0 bbc-rb7xa0 e1mo64ex0\" src=\"https:\/\/ichef.bbci.co.uk\/news\/640\/cpsprodpb\/4587\/production\/_126699771_gettyimages-1235820876.jpg\" alt=\"Le pr\u00e9sident allemand Frank-Walter Steinmeier salue le pr\u00e9sident italien Sergio Mattarell.\" width=\"976\" height=\"549\" \/><\/picture><\/div>\n<\/div>\n<\/div>\n<\/div>\n<\/div><figcaption class=\"bbc-1ephn0r e6i104o0\" dir=\"ltr\">Le pr\u00e9sident allemand Frank-Walter Steinmeier et le pr\u00e9sident italien Sergio Mattarell.<\/figcaption><\/figure>\n<\/div>\n<div class=\"bbc-19j92fr ebmt73l0\" dir=\"ltr\">\n<p class=\"bbc-1y32vyc e17g058b0\" dir=\"ltr\">Parmi les autres dirigeants mondiaux qui auraient accept\u00e9 les invitations figurent le Taoiseach irlandais Micheal Martin, le pr\u00e9sident allemand Frank-Walter Steinmeier et le pr\u00e9sident italien Sergio Mattarella ainsi que la pr\u00e9sidente de la Commission europ\u00e9enne Ursula von der Leyen.<\/p>\n<\/div>\n<div class=\"bbc-19j92fr ebmt73l0\" dir=\"ltr\">\n<p class=\"bbc-1y32vyc e17g058b0\" dir=\"ltr\">Le pr\u00e9sident sud-cor\u00e9en Yoon Suk-Yeol et le pr\u00e9sident br\u00e9silien Jair Bolsonaro ont \u00e9galement confirm\u00e9 leur pr\u00e9sence.<\/p>\n<\/div>\n<div class=\"bbc-19j92fr ebmt73l0\" dir=\"ltr\">\n<p class=\"bbc-1y32vyc e17g058b0\" dir=\"ltr\">L&#8217;empereur japonais Naruhito, le pr\u00e9sident turc Recep Tayyip Erdo\u011fan et le pr\u00e9sident fran\u00e7ais Emmanuel Macron devraient \u00e9galement faire le d\u00e9placement.<\/p>\n<\/div>\n<div class=\"bbc-19j92fr ebmt73l0\" dir=\"ltr\">\n<p class=\"bbc-1y32vyc e17g058b0\" dir=\"ltr\">Le pr\u00e9sident chinois Xi Jinping, qui a quitt\u00e9 cette semaine la Chine pour la premi\u00e8re fois depuis le d\u00e9but de la pand\u00e9mie de Covid-19, a re\u00e7u une invitation. Le minist\u00e8re des Affaires \u00e9trang\u00e8res du pays a d\u00e9clar\u00e9 que P\u00e9kin \u00ab\u00a0envisageait d&rsquo;envoyer une d\u00e9l\u00e9gation de haut niveau\u00a0\u00bb.<\/p>\n<\/div>\n<div class=\"bbc-19j92fr ebmt73l0\" dir=\"ltr\">\n<p class=\"bbc-1y32vyc e17g058b0\" dir=\"ltr\">La R\u00e9publique islamique d&rsquo;Iran, qui fait depuis longtemps l&rsquo;objet de sanctions internationales pour son programme nucl\u00e9aire, ne sera repr\u00e9sent\u00e9e qu&rsquo;au niveau des ambassadeurs, ont indiqu\u00e9 des sources de Whitehall.<\/p>\n<\/div>\n<div class=\"bbc-sffzb7 e1hrqbfn0\">\n<div class=\"bbc-19j92fr ebmt73l0\" dir=\"ltr\">\n<h2 id=\"Non-invit\u00e9\" class=\"bbc-1itnmzg eglt09e0\" tabindex=\"-1\">Non invit\u00e9<\/h2>\n<\/div>\n<\/div>\n<div class=\"bbc-1ka88fa ebmt73l0\" dir=\"ltr\">\n<figure class=\"bbc-1qdcvv9 e1aczekt0\">\n<div class=\"bbc-172p16q ebmt73l0\" dir=\"ltr\">\n<div class=\"bbc-172p16q ebmt73l0\" dir=\"ltr\">\n<div class=\"bbc-189y18v ebmt73l0\" dir=\"ltr\">\n<div class=\"bbc-997y1y eihqrxw0\" data-e2e=\"image-placeholder\">\n<div class=\"lazyload-wrapper \"><picture class=\"bbc-yfiktt e1mo64ex1\"><source srcset=\"https:\/\/ichef.bbci.co.uk\/news\/240\/cpsprodpb\/9857\/production\/_126699983_b3d5dde7dd091165eff9ef2c5eaaf7be4fca228e.jpg.webp 240w, https:\/\/ichef.bbci.co.uk\/news\/320\/cpsprodpb\/9857\/production\/_126699983_b3d5dde7dd091165eff9ef2c5eaaf7be4fca228e.jpg.webp 320w, https:\/\/ichef.bbci.co.uk\/news\/480\/cpsprodpb\/9857\/production\/_126699983_b3d5dde7dd091165eff9ef2c5eaaf7be4fca228e.jpg.webp 480w, https:\/\/ichef.bbci.co.uk\/news\/624\/cpsprodpb\/9857\/production\/_126699983_b3d5dde7dd091165eff9ef2c5eaaf7be4fca228e.jpg.webp 624w, https:\/\/ichef.bbci.co.uk\/news\/800\/cpsprodpb\/9857\/production\/_126699983_b3d5dde7dd091165eff9ef2c5eaaf7be4fca228e.jpg.webp 800w\" type=\"image\/webp\" sizes=\"(min-width: 1008px) 645px, 100vw\" \/><source srcset=\"https:\/\/ichef.bbci.co.uk\/news\/240\/cpsprodpb\/9857\/production\/_126699983_b3d5dde7dd091165eff9ef2c5eaaf7be4fca228e.jpg 240w, https:\/\/ichef.bbci.co.uk\/news\/320\/cpsprodpb\/9857\/production\/_126699983_b3d5dde7dd091165eff9ef2c5eaaf7be4fca228e.jpg 320w, https:\/\/ichef.bbci.co.uk\/news\/480\/cpsprodpb\/9857\/production\/_126699983_b3d5dde7dd091165eff9ef2c5eaaf7be4fca228e.jpg 480w, https:\/\/ichef.bbci.co.uk\/news\/624\/cpsprodpb\/9857\/production\/_126699983_b3d5dde7dd091165eff9ef2c5eaaf7be4fca228e.jpg 624w, https:\/\/ichef.bbci.co.uk\/news\/800\/cpsprodpb\/9857\/production\/_126699983_b3d5dde7dd091165eff9ef2c5eaaf7be4fca228e.jpg 800w\" type=\"image\/jpeg\" sizes=\"(min-width: 1008px) 645px, 100vw\" \/><img loading=\"lazy\" decoding=\"async\" class=\"e3vrtyk0 bbc-rb7xa0 e1mo64ex0\" src=\"https:\/\/ichef.bbci.co.uk\/news\/640\/cpsprodpb\/9857\/production\/_126699983_b3d5dde7dd091165eff9ef2c5eaaf7be4fca228e.jpg\" alt=\"Le pr\u00e9sident russe Vladimir Poutine participe \u00e0 une r\u00e9union avec les dirigeants parlementaires \u00e0 Moscou, en Russie.\" width=\"976\" height=\"549\" \/><\/picture><\/div>\n<\/div>\n<\/div>\n<\/div>\n<\/div><figcaption class=\"bbc-1ephn0r e6i104o0\" dir=\"ltr\">Le pr\u00e9sident russe Vladimir Poutine fait partie des non-invit\u00e9s<\/figcaption><\/figure>\n<\/div>\n<div class=\"bbc-19j92fr ebmt73l0\" dir=\"ltr\">\n<p class=\"bbc-1y32vyc e17g058b0\" dir=\"ltr\">Les repr\u00e9sentants de la Syrie, du Venezuela et de l&rsquo;Afghanistan n&rsquo;ont pas \u00e9t\u00e9 invit\u00e9s, rapporte James Landale de la BBC. En effet, le Royaume-Uni n&rsquo;entretient pas de relations diplomatiques compl\u00e8tes avec ces pays.<\/p>\n<\/div>\n<div class=\"bbc-19j92fr ebmt73l0\" dir=\"ltr\">\n<p class=\"bbc-1y32vyc e17g058b0\" dir=\"ltr\">Personne de Russie, de Bi\u00e9lorussie et de Birmanie n&rsquo;a \u00e9t\u00e9 invit\u00e9 non plus.<\/p>\n<\/div>\n<div class=\"bbc-19j92fr ebmt73l0\" dir=\"ltr\">\n<p class=\"bbc-1y32vyc e17g058b0\" dir=\"ltr\">Les relations diplomatiques entre le Royaume-Uni et la Russie se sont pratiquement effondr\u00e9es depuis l&rsquo;invasion de l&rsquo;Ukraine par la Russie, et un porte-parole du pr\u00e9sident russe Vladimir Poutine a d\u00e9clar\u00e9 qu&rsquo;il \u00ab\u00a0n&rsquo;envisageait pas\u00a0\u00bb d&rsquo;assister aux fun\u00e9railles.<\/p>\n<\/div>\n<div class=\"bbc-19j92fr ebmt73l0\" dir=\"ltr\">\n<p class=\"bbc-1y32vyc e17g058b0\" dir=\"ltr\">L&rsquo;invasion a \u00e9t\u00e9 lanc\u00e9e en partie depuis le territoire de la Bi\u00e9lorussie. Et le Royaume-Uni a consid\u00e9rablement r\u00e9duit sa pr\u00e9sence diplomatique au Myanmar depuis le coup d&rsquo;\u00c9tat militaire de l&rsquo;ann\u00e9e derni\u00e8re.<\/p>\n<\/div>\n<div class=\"bbc-19j92fr ebmt73l0\" dir=\"ltr\">\n<p class=\"bbc-1y32vyc e17g058b0\" dir=\"ltr\">La Cor\u00e9e du Nord (RPDC) et le Nicaragua ont \u00e9t\u00e9 invit\u00e9s \u00e0 n&rsquo;envoyer que des ambassadeurs, et non des chefs d&rsquo;\u00c9tat.<\/p>\n<p dir=\"ltr\">bbc<\/p>\n<\/div>\n","protected":false},"excerpt":{"rendered":"<p>Les fun\u00e9railles de la Reine lundi devraient \u00eatre l&rsquo;un des plus grands rassemblements de membres de la royaut\u00e9 et d&rsquo;hommes politiques organis\u00e9s au Royaume-Uni depuis des d\u00e9cennies. Les invitations ont \u00e9t\u00e9 envoy\u00e9es au cours du week-end, et quelque 500 chefs d&rsquo;\u00c9tat et dignitaires \u00e9trangers \u00e9taient attendus. On a demand\u00e9 \u00e0 la majorit\u00e9 des dirigeants d&rsquo;arriver [&hellip;]<\/p>\n","protected":false},"author":3,"featured_media":845,"comment_status":"open","ping_status":"open","sticky":false,"template":"","format":"standard","meta":{"jnews-multi-image_gallery":[],"jnews_single_post":{"subtitle":"","format":"standard","video":"","gallery":"","source_name":"","source_url":"","via_name":"","via_url":"","override":[{"single_blog_custom":"","sidebar":"","second_sidebar":"","share_position":"","share_float_style":"","post_date_format":"","post_date_format_custom":"","number_popup_post":"1"}],"image_override":[{"single_post_thumbnail_size":"","single_post_gallery_size":""}],"trending_post_position":"","trending_post_label":""},"jnews_primary_category":{"id":""},"jnews_override_counter":{"view_counter_number":"0","share_counter_number":"0","like_counter_number":"0","dislike_counter_number":"0"},"footnotes":""},"categories":[2],"tags":[],"class_list":["post-844","post","type-post","status-publish","format-standard","has-post-thumbnail","hentry","category-actualites"],"yoast_head":"<!-- This site is optimized with the Yoast SEO plugin v26.9 - https:\/\/yoast.com\/product\/yoast-seo-wordpress\/ -->\n<title>Invit\u00e9s aux fun\u00e9railles de la reine : qui assistera - et qui n&#039;assistera pas - Guineeline<\/title>\n<meta name=\"robots\" content=\"index, follow, max-snippet:-1, max-image-preview:large, max-video-preview:-1\" \/>\n<link rel=\"canonical\" href=\"https:\/\/www.guineeline.net\/index.php\/2022\/09\/15\/invites-aux-funerailles-de-la-reine-qui-assistera-et-qui-nassistera-pas\/\" \/>\n<meta property=\"og:locale\" content=\"fr_FR\" \/>\n<meta property=\"og:type\" content=\"article\" \/>\n<meta property=\"og:title\" content=\"Invit\u00e9s aux fun\u00e9railles de la reine : qui assistera - et qui n&#039;assistera pas - Guineeline\" \/>\n<meta property=\"og:description\" content=\"Les fun\u00e9railles de la Reine lundi devraient \u00eatre l&rsquo;un des plus grands rassemblements de membres de la royaut\u00e9 et d&rsquo;hommes politiques organis\u00e9s au Royaume-Uni depuis des d\u00e9cennies. Les invitations ont \u00e9t\u00e9 envoy\u00e9es au cours du week-end, et quelque 500 chefs d&rsquo;\u00c9tat et dignitaires \u00e9trangers \u00e9taient attendus. On a demand\u00e9 \u00e0 la majorit\u00e9 des dirigeants d&rsquo;arriver [&hellip;]\" \/>\n<meta property=\"og:url\" content=\"https:\/\/www.guineeline.net\/index.php\/2022\/09\/15\/invites-aux-funerailles-de-la-reine-qui-assistera-et-qui-nassistera-pas\/\" \/>\n<meta property=\"og:site_name\" content=\"Guineeline\" \/>\n<meta property=\"article:published_time\" content=\"2022-09-15T13:26:00+00:00\" \/>\n<meta property=\"article:modified_time\" content=\"2022-09-15T13:26:10+00:00\" \/>\n<meta property=\"og:image\" content=\"https:\/\/www.guineeline.net\/wp-content\/uploads\/2022\/09\/reine-Elizabeth2.jpg\" \/>\n\t<meta property=\"og:image:width\" content=\"275\" \/>\n\t<meta property=\"og:image:height\" content=\"183\" \/>\n\t<meta property=\"og:image:type\" content=\"image\/jpeg\" \/>\n<meta name=\"author\" content=\"Guineeline\" \/>\n<meta name=\"twitter:card\" content=\"summary_large_image\" \/>\n<meta name=\"twitter:label1\" content=\"\u00c9crit par\" \/>\n\t<meta name=\"twitter:data1\" content=\"Guineeline\" \/>\n\t<meta name=\"twitter:label2\" content=\"Dur\u00e9e de lecture estim\u00e9e\" \/>\n\t<meta name=\"twitter:data2\" content=\"5 minutes\" \/>\n<script type=\"application\/ld+json\" class=\"yoast-schema-graph\">{\"@context\":\"https:\/\/schema.org\",\"@graph\":[{\"@type\":\"Article\",\"@id\":\"https:\/\/www.guineeline.net\/index.php\/2022\/09\/15\/invites-aux-funerailles-de-la-reine-qui-assistera-et-qui-nassistera-pas\/#article\",\"isPartOf\":{\"@id\":\"https:\/\/www.guineeline.net\/index.php\/2022\/09\/15\/invites-aux-funerailles-de-la-reine-qui-assistera-et-qui-nassistera-pas\/\"},\"author\":{\"name\":\"Guineeline\",\"@id\":\"https:\/\/www.guineeline.net\/#\/schema\/person\/f5914e0a4c56cc8f4aa0922cc547a390\"},\"headline\":\"Invit\u00e9s aux fun\u00e9railles de la reine : qui assistera &#8211; et qui n&rsquo;assistera pas\",\"datePublished\":\"2022-09-15T13:26:00+00:00\",\"dateModified\":\"2022-09-15T13:26:10+00:00\",\"mainEntityOfPage\":{\"@id\":\"https:\/\/www.guineeline.net\/index.php\/2022\/09\/15\/invites-aux-funerailles-de-la-reine-qui-assistera-et-qui-nassistera-pas\/\"},\"wordCount\":901,\"commentCount\":0,\"image\":{\"@id\":\"https:\/\/www.guineeline.net\/index.php\/2022\/09\/15\/invites-aux-funerailles-de-la-reine-qui-assistera-et-qui-nassistera-pas\/#primaryimage\"},\"thumbnailUrl\":\"https:\/\/www.guineeline.net\/wp-content\/uploads\/2022\/09\/reine-Elizabeth2.jpg\",\"articleSection\":[\"Actualit\u00e9s\"],\"inLanguage\":\"fr-FR\",\"potentialAction\":[{\"@type\":\"CommentAction\",\"name\":\"Comment\",\"target\":[\"https:\/\/www.guineeline.net\/index.php\/2022\/09\/15\/invites-aux-funerailles-de-la-reine-qui-assistera-et-qui-nassistera-pas\/#respond\"]}]},{\"@type\":\"WebPage\",\"@id\":\"https:\/\/www.guineeline.net\/index.php\/2022\/09\/15\/invites-aux-funerailles-de-la-reine-qui-assistera-et-qui-nassistera-pas\/\",\"url\":\"https:\/\/www.guineeline.net\/index.php\/2022\/09\/15\/invites-aux-funerailles-de-la-reine-qui-assistera-et-qui-nassistera-pas\/\",\"name\":\"Invit\u00e9s aux fun\u00e9railles de la reine : qui assistera - et qui n'assistera pas - Guineeline\",\"isPartOf\":{\"@id\":\"https:\/\/www.guineeline.net\/#website\"},\"primaryImageOfPage\":{\"@id\":\"https:\/\/www.guineeline.net\/index.php\/2022\/09\/15\/invites-aux-funerailles-de-la-reine-qui-assistera-et-qui-nassistera-pas\/#primaryimage\"},\"image\":{\"@id\":\"https:\/\/www.guineeline.net\/index.php\/2022\/09\/15\/invites-aux-funerailles-de-la-reine-qui-assistera-et-qui-nassistera-pas\/#primaryimage\"},\"thumbnailUrl\":\"https:\/\/www.guineeline.net\/wp-content\/uploads\/2022\/09\/reine-Elizabeth2.jpg\",\"datePublished\":\"2022-09-15T13:26:00+00:00\",\"dateModified\":\"2022-09-15T13:26:10+00:00\",\"author\":{\"@id\":\"https:\/\/www.guineeline.net\/#\/schema\/person\/f5914e0a4c56cc8f4aa0922cc547a390\"},\"breadcrumb\":{\"@id\":\"https:\/\/www.guineeline.net\/index.php\/2022\/09\/15\/invites-aux-funerailles-de-la-reine-qui-assistera-et-qui-nassistera-pas\/#breadcrumb\"},\"inLanguage\":\"fr-FR\",\"potentialAction\":[{\"@type\":\"ReadAction\",\"target\":[\"https:\/\/www.guineeline.net\/index.php\/2022\/09\/15\/invites-aux-funerailles-de-la-reine-qui-assistera-et-qui-nassistera-pas\/\"]}]},{\"@type\":\"ImageObject\",\"inLanguage\":\"fr-FR\",\"@id\":\"https:\/\/www.guineeline.net\/index.php\/2022\/09\/15\/invites-aux-funerailles-de-la-reine-qui-assistera-et-qui-nassistera-pas\/#primaryimage\",\"url\":\"https:\/\/www.guineeline.net\/wp-content\/uploads\/2022\/09\/reine-Elizabeth2.jpg\",\"contentUrl\":\"https:\/\/www.guineeline.net\/wp-content\/uploads\/2022\/09\/reine-Elizabeth2.jpg\",\"width\":275,\"height\":183},{\"@type\":\"BreadcrumbList\",\"@id\":\"https:\/\/www.guineeline.net\/index.php\/2022\/09\/15\/invites-aux-funerailles-de-la-reine-qui-assistera-et-qui-nassistera-pas\/#breadcrumb\",\"itemListElement\":[{\"@type\":\"ListItem\",\"position\":1,\"name\":\"Accueil\",\"item\":\"https:\/\/www.guineeline.net\/\"},{\"@type\":\"ListItem\",\"position\":2,\"name\":\"Invit\u00e9s aux fun\u00e9railles de la reine : qui assistera &#8211; et qui n&rsquo;assistera pas\"}]},{\"@type\":\"WebSite\",\"@id\":\"https:\/\/www.guineeline.net\/#website\",\"url\":\"https:\/\/www.guineeline.net\/\",\"name\":\"Guineeline\",\"description\":\"L&#039;information en un clic\",\"potentialAction\":[{\"@type\":\"SearchAction\",\"target\":{\"@type\":\"EntryPoint\",\"urlTemplate\":\"https:\/\/www.guineeline.net\/?s={search_term_string}\"},\"query-input\":{\"@type\":\"PropertyValueSpecification\",\"valueRequired\":true,\"valueName\":\"search_term_string\"}}],\"inLanguage\":\"fr-FR\"},{\"@type\":\"Person\",\"@id\":\"https:\/\/www.guineeline.net\/#\/schema\/person\/f5914e0a4c56cc8f4aa0922cc547a390\",\"name\":\"Guineeline\",\"image\":{\"@type\":\"ImageObject\",\"inLanguage\":\"fr-FR\",\"@id\":\"https:\/\/www.guineeline.net\/#\/schema\/person\/image\/\",\"url\":\"https:\/\/secure.gravatar.com\/avatar\/432ce140236c408fa05ea28acd193ba03163acdd0efbe444c1c44957b8a29a2a?s=96&d=mm&r=g\",\"contentUrl\":\"https:\/\/secure.gravatar.com\/avatar\/432ce140236c408fa05ea28acd193ba03163acdd0efbe444c1c44957b8a29a2a?s=96&d=mm&r=g\",\"caption\":\"Guineeline\"},\"url\":\"https:\/\/www.guineeline.net\/index.php\/author\/admin\/\"}]}<\/script>\n<!-- \/ Yoast SEO plugin. -->","yoast_head_json":{"title":"Invit\u00e9s aux fun\u00e9railles de la reine : qui assistera - et qui n'assistera pas - Guineeline","robots":{"index":"index","follow":"follow","max-snippet":"max-snippet:-1","max-image-preview":"max-image-preview:large","max-video-preview":"max-video-preview:-1"},"canonical":"https:\/\/www.guineeline.net\/index.php\/2022\/09\/15\/invites-aux-funerailles-de-la-reine-qui-assistera-et-qui-nassistera-pas\/","og_locale":"fr_FR","og_type":"article","og_title":"Invit\u00e9s aux fun\u00e9railles de la reine : qui assistera - et qui n'assistera pas - Guineeline","og_description":"Les fun\u00e9railles de la Reine lundi devraient \u00eatre l&rsquo;un des plus grands rassemblements de membres de la royaut\u00e9 et d&rsquo;hommes politiques organis\u00e9s au Royaume-Uni depuis des d\u00e9cennies. Les invitations ont \u00e9t\u00e9 envoy\u00e9es au cours du week-end, et quelque 500 chefs d&rsquo;\u00c9tat et dignitaires \u00e9trangers \u00e9taient attendus. On a demand\u00e9 \u00e0 la majorit\u00e9 des dirigeants d&rsquo;arriver [&hellip;]","og_url":"https:\/\/www.guineeline.net\/index.php\/2022\/09\/15\/invites-aux-funerailles-de-la-reine-qui-assistera-et-qui-nassistera-pas\/","og_site_name":"Guineeline","article_published_time":"2022-09-15T13:26:00+00:00","article_modified_time":"2022-09-15T13:26:10+00:00","og_image":[{"width":275,"height":183,"url":"https:\/\/www.guineeline.net\/wp-content\/uploads\/2022\/09\/reine-Elizabeth2.jpg","type":"image\/jpeg"}],"author":"Guineeline","twitter_card":"summary_large_image","twitter_misc":{"\u00c9crit par":"Guineeline","Dur\u00e9e de lecture estim\u00e9e":"5 minutes"},"schema":{"@context":"https:\/\/schema.org","@graph":[{"@type":"Article","@id":"https:\/\/www.guineeline.net\/index.php\/2022\/09\/15\/invites-aux-funerailles-de-la-reine-qui-assistera-et-qui-nassistera-pas\/#article","isPartOf":{"@id":"https:\/\/www.guineeline.net\/index.php\/2022\/09\/15\/invites-aux-funerailles-de-la-reine-qui-assistera-et-qui-nassistera-pas\/"},"author":{"name":"Guineeline","@id":"https:\/\/www.guineeline.net\/#\/schema\/person\/f5914e0a4c56cc8f4aa0922cc547a390"},"headline":"Invit\u00e9s aux fun\u00e9railles de la reine : qui assistera &#8211; et qui n&rsquo;assistera pas","datePublished":"2022-09-15T13:26:00+00:00","dateModified":"2022-09-15T13:26:10+00:00","mainEntityOfPage":{"@id":"https:\/\/www.guineeline.net\/index.php\/2022\/09\/15\/invites-aux-funerailles-de-la-reine-qui-assistera-et-qui-nassistera-pas\/"},"wordCount":901,"commentCount":0,"image":{"@id":"https:\/\/www.guineeline.net\/index.php\/2022\/09\/15\/invites-aux-funerailles-de-la-reine-qui-assistera-et-qui-nassistera-pas\/#primaryimage"},"thumbnailUrl":"https:\/\/www.guineeline.net\/wp-content\/uploads\/2022\/09\/reine-Elizabeth2.jpg","articleSection":["Actualit\u00e9s"],"inLanguage":"fr-FR","potentialAction":[{"@type":"CommentAction","name":"Comment","target":["https:\/\/www.guineeline.net\/index.php\/2022\/09\/15\/invites-aux-funerailles-de-la-reine-qui-assistera-et-qui-nassistera-pas\/#respond"]}]},{"@type":"WebPage","@id":"https:\/\/www.guineeline.net\/index.php\/2022\/09\/15\/invites-aux-funerailles-de-la-reine-qui-assistera-et-qui-nassistera-pas\/","url":"https:\/\/www.guineeline.net\/index.php\/2022\/09\/15\/invites-aux-funerailles-de-la-reine-qui-assistera-et-qui-nassistera-pas\/","name":"Invit\u00e9s aux fun\u00e9railles de la reine : qui assistera - et qui n'assistera pas - Guineeline","isPartOf":{"@id":"https:\/\/www.guineeline.net\/#website"},"primaryImageOfPage":{"@id":"https:\/\/www.guineeline.net\/index.php\/2022\/09\/15\/invites-aux-funerailles-de-la-reine-qui-assistera-et-qui-nassistera-pas\/#primaryimage"},"image":{"@id":"https:\/\/www.guineeline.net\/index.php\/2022\/09\/15\/invites-aux-funerailles-de-la-reine-qui-assistera-et-qui-nassistera-pas\/#primaryimage"},"thumbnailUrl":"https:\/\/www.guineeline.net\/wp-content\/uploads\/2022\/09\/reine-Elizabeth2.jpg","datePublished":"2022-09-15T13:26:00+00:00","dateModified":"2022-09-15T13:26:10+00:00","author":{"@id":"https:\/\/www.guineeline.net\/#\/schema\/person\/f5914e0a4c56cc8f4aa0922cc547a390"},"breadcrumb":{"@id":"https:\/\/www.guineeline.net\/index.php\/2022\/09\/15\/invites-aux-funerailles-de-la-reine-qui-assistera-et-qui-nassistera-pas\/#breadcrumb"},"inLanguage":"fr-FR","potentialAction":[{"@type":"ReadAction","target":["https:\/\/www.guineeline.net\/index.php\/2022\/09\/15\/invites-aux-funerailles-de-la-reine-qui-assistera-et-qui-nassistera-pas\/"]}]},{"@type":"ImageObject","inLanguage":"fr-FR","@id":"https:\/\/www.guineeline.net\/index.php\/2022\/09\/15\/invites-aux-funerailles-de-la-reine-qui-assistera-et-qui-nassistera-pas\/#primaryimage","url":"https:\/\/www.guineeline.net\/wp-content\/uploads\/2022\/09\/reine-Elizabeth2.jpg","contentUrl":"https:\/\/www.guineeline.net\/wp-content\/uploads\/2022\/09\/reine-Elizabeth2.jpg","width":275,"height":183},{"@type":"BreadcrumbList","@id":"https:\/\/www.guineeline.net\/index.php\/2022\/09\/15\/invites-aux-funerailles-de-la-reine-qui-assistera-et-qui-nassistera-pas\/#breadcrumb","itemListElement":[{"@type":"ListItem","position":1,"name":"Accueil","item":"https:\/\/www.guineeline.net\/"},{"@type":"ListItem","position":2,"name":"Invit\u00e9s aux fun\u00e9railles de la reine : qui assistera &#8211; et qui n&rsquo;assistera pas"}]},{"@type":"WebSite","@id":"https:\/\/www.guineeline.net\/#website","url":"https:\/\/www.guineeline.net\/","name":"Guineeline","description":"L&#039;information en un clic","potentialAction":[{"@type":"SearchAction","target":{"@type":"EntryPoint","urlTemplate":"https:\/\/www.guineeline.net\/?s={search_term_string}"},"query-input":{"@type":"PropertyValueSpecification","valueRequired":true,"valueName":"search_term_string"}}],"inLanguage":"fr-FR"},{"@type":"Person","@id":"https:\/\/www.guineeline.net\/#\/schema\/person\/f5914e0a4c56cc8f4aa0922cc547a390","name":"Guineeline","image":{"@type":"ImageObject","inLanguage":"fr-FR","@id":"https:\/\/www.guineeline.net\/#\/schema\/person\/image\/","url":"https:\/\/secure.gravatar.com\/avatar\/432ce140236c408fa05ea28acd193ba03163acdd0efbe444c1c44957b8a29a2a?s=96&d=mm&r=g","contentUrl":"https:\/\/secure.gravatar.com\/avatar\/432ce140236c408fa05ea28acd193ba03163acdd0efbe444c1c44957b8a29a2a?s=96&d=mm&r=g","caption":"Guineeline"},"url":"https:\/\/www.guineeline.net\/index.php\/author\/admin\/"}]}},"_links":{"self":[{"href":"https:\/\/www.guineeline.net\/index.php\/wp-json\/wp\/v2\/posts\/844","targetHints":{"allow":["GET"]}}],"collection":[{"href":"https:\/\/www.guineeline.net\/index.php\/wp-json\/wp\/v2\/posts"}],"about":[{"href":"https:\/\/www.guineeline.net\/index.php\/wp-json\/wp\/v2\/types\/post"}],"author":[{"embeddable":true,"href":"https:\/\/www.guineeline.net\/index.php\/wp-json\/wp\/v2\/users\/3"}],"replies":[{"embeddable":true,"href":"https:\/\/www.guineeline.net\/index.php\/wp-json\/wp\/v2\/comments?post=844"}],"version-history":[{"count":2,"href":"https:\/\/www.guineeline.net\/index.php\/wp-json\/wp\/v2\/posts\/844\/revisions"}],"predecessor-version":[{"id":847,"href":"https:\/\/www.guineeline.net\/index.php\/wp-json\/wp\/v2\/posts\/844\/revisions\/847"}],"wp:featuredmedia":[{"embeddable":true,"href":"https:\/\/www.guineeline.net\/index.php\/wp-json\/wp\/v2\/media\/845"}],"wp:attachment":[{"href":"https:\/\/www.guineeline.net\/index.php\/wp-json\/wp\/v2\/media?parent=844"}],"wp:term":[{"taxonomy":"category","embeddable":true,"href":"https:\/\/www.guineeline.net\/index.php\/wp-json\/wp\/v2\/categories?post=844"},{"taxonomy":"post_tag","embeddable":true,"href":"https:\/\/www.guineeline.net\/index.php\/wp-json\/wp\/v2\/tags?post=844"}],"curies":[{"name":"wp","href":"https:\/\/api.w.org\/{rel}","templated":true}]}}