{"id":838,"date":"2022-09-15T15:03:48","date_gmt":"2022-09-15T13:03:48","guid":{"rendered":"https:\/\/www.guineeline.net\/?p=838"},"modified":"2022-09-15T15:06:40","modified_gmt":"2022-09-15T13:06:40","slug":"ibrahima-diallo-du-fndc-benefice-dune-prise-en-charge-medicale-avocat","status":"publish","type":"post","link":"https:\/\/www.guineeline.net\/index.php\/2022\/09\/15\/ibrahima-diallo-du-fndc-benefice-dune-prise-en-charge-medicale-avocat\/","title":{"rendered":"Ibrahima Diallo, du FNDC b\u00e9n\u00e9fice d\u2019une prise en charge m\u00e9dicale (avocat)"},"content":{"rendered":"<p>C\u2019est un ouf de soulagement pour les avocats de Ibrahima Diallo, charg\u00e9 des op\u00e9rations du Front National pour la D\u00e9fense de la Constitution (FNDC). Selon ma\u00eetre Salifou B\u00e9avogui, le ministre de la Justice et des Droits de l\u2019Homme, Alphonse Charles Wright s\u2019est rendu ce mercredi matin,\u00a0 aux environs de 7 heures, \u00e0 la Maison Centrale de Conakry pour s\u2019enqu\u00e9rir de l\u2019\u00e9tat de sant\u00e9 de leurs clients, particuli\u00e8rement Ibrahima Diallo. Apr\u00e8s s\u2019\u00eatre entretenu avec Ibrahima Diallo, le ministre Alphonse Charles Wright a donn\u00e9 des instructions pour sa prise charge m\u00e9dicale.<span id=\"more-34896\"><\/span><\/p>\n<p><strong><em>\u00ab \u00c0 l\u2019instant T, mon client est \u00e0 l\u2019h\u00f4pital Ignace Deen en train de faire ses examens.\u00a0<\/em><\/strong><strong><em>\u00c0 mi-parcours, il faut saluer cette action salvatrice qui nous r\u00e9conforte \u00e0 plus d\u2019un titre. Qu\u2019il en soit remerci\u00e9 vivement et \u00e0 travers lui, la plus haute autorit\u00e9 de notre pays, pour cette attention particuli\u00e8re \u00e0 notre cri de c\u0153ur\u00a0\u00bb,<\/em><\/strong> nous a confi\u00e9 l\u2019avocat \u00e0 nos confr\u00e8res de guinee114.<\/p>\n<p>Nonobstant, maitre Salifou B\u00e9avogui demande aux autorit\u00e9s de mettre fin \u00e0 l\u2019injustice et \u00e0 l\u2019arbitraire. Il demande la lib\u00e9ration de leurs clients en attendant l\u2019ouverture de leur proc\u00e8s.<\/p>\n<p><strong><em>\u00ab\u00a0\u2026 au-del\u00e0, nous aurions souhait\u00e9 qu\u2019on mette un terme \u00e0 l\u2019injustice et \u00e0 l\u2019arbitraire. Nos clients-l\u00e0 sont simplement emprisonn\u00e9s pour leur opinion. Ils n\u2019ont commis aucune infraction, aucune charge, aucune preuve ne pourra \u00eatre retenue contre eux dans le cadre d\u2019un proc\u00e8s juste et \u00e9quitable. Pour \u00e9viter le pire, nous demandons leur mise en libert\u00e9 en attendant l\u2019organisation leur proc\u00e8s juste et \u00e9quitable\u00a0\u00bb,<\/em><\/strong>\u00a0a martel\u00e9 ma\u00eetre Salifou B\u00e9avogui, un des avocats du FNDC.<\/p>\n<p>A rappeler que le responsable du FNDC admis au d\u00e9 but de la semaine \u00e0 Ignace Deen avait \u00e9t\u00e9 oblig\u00e9 de prendre en charge ses frais m\u00e9dicaux alors qu\u2019il est emprisonn\u00e9 depuis le 29 juillet dernier.<\/p>\n<p>Idiatou Souar\u00e9<\/p>\n","protected":false},"excerpt":{"rendered":"<p>C\u2019est un ouf de soulagement pour les avocats de Ibrahima Diallo, charg\u00e9 des op\u00e9rations du Front National pour la D\u00e9fense de la Constitution (FNDC). Selon ma\u00eetre Salifou B\u00e9avogui, le ministre de la Justice et des Droits de l\u2019Homme, Alphonse Charles Wright s\u2019est rendu ce mercredi matin,\u00a0 aux environs de 7 heures, \u00e0 la Maison Centrale [&hellip;]<\/p>\n","protected":false},"author":3,"featured_media":839,"comment_status":"open","ping_status":"open","sticky":false,"template":"","format":"standard","meta":{"jnews-multi-image_gallery":[],"jnews_single_post":{"subtitle":"","format":"standard","video":"","gallery":"","source_name":"","source_url":"","via_name":"","via_url":"","override":[{"single_blog_custom":"","sidebar":"","second_sidebar":"","share_position":"","share_float_style":"","post_date_format":"","post_date_format_custom":"","number_popup_post":"1"}],"image_override":[{"single_post_thumbnail_size":"","single_post_gallery_size":""}],"trending_post_position":"","trending_post_label":""},"jnews_primary_category":{"id":""},"jnews_override_counter":{"view_counter_number":"0","share_counter_number":"0","like_counter_number":"0","dislike_counter_number":"0"},"footnotes":""},"categories":[2],"tags":[],"class_list":["post-838","post","type-post","status-publish","format-standard","has-post-thumbnail","hentry","category-actualites"],"yoast_head":"<!-- This site is optimized with the Yoast SEO plugin v26.9 - https:\/\/yoast.com\/product\/yoast-seo-wordpress\/ -->\n<title>Ibrahima Diallo, du FNDC b\u00e9n\u00e9fice d\u2019une prise en charge m\u00e9dicale (avocat) - Guineeline<\/title>\n<meta name=\"robots\" content=\"index, follow, max-snippet:-1, max-image-preview:large, max-video-preview:-1\" \/>\n<link rel=\"canonical\" href=\"https:\/\/www.guineeline.net\/index.php\/2022\/09\/15\/ibrahima-diallo-du-fndc-benefice-dune-prise-en-charge-medicale-avocat\/\" \/>\n<meta property=\"og:locale\" content=\"fr_FR\" \/>\n<meta property=\"og:type\" content=\"article\" \/>\n<meta property=\"og:title\" content=\"Ibrahima Diallo, du FNDC b\u00e9n\u00e9fice d\u2019une prise en charge m\u00e9dicale (avocat) - Guineeline\" \/>\n<meta property=\"og:description\" content=\"C\u2019est un ouf de soulagement pour les avocats de Ibrahima Diallo, charg\u00e9 des op\u00e9rations du Front National pour la D\u00e9fense de la Constitution (FNDC). Selon ma\u00eetre Salifou B\u00e9avogui, le ministre de la Justice et des Droits de l\u2019Homme, Alphonse Charles Wright s\u2019est rendu ce mercredi matin,\u00a0 aux environs de 7 heures, \u00e0 la Maison Centrale [&hellip;]\" \/>\n<meta property=\"og:url\" content=\"https:\/\/www.guineeline.net\/index.php\/2022\/09\/15\/ibrahima-diallo-du-fndc-benefice-dune-prise-en-charge-medicale-avocat\/\" \/>\n<meta property=\"og:site_name\" content=\"Guineeline\" \/>\n<meta property=\"article:published_time\" content=\"2022-09-15T13:03:48+00:00\" \/>\n<meta property=\"article:modified_time\" content=\"2022-09-15T13:06:40+00:00\" \/>\n<meta property=\"og:image\" content=\"https:\/\/www.guineeline.net\/wp-content\/uploads\/2022\/09\/telechargement.jpg\" \/>\n\t<meta property=\"og:image:width\" content=\"299\" \/>\n\t<meta property=\"og:image:height\" content=\"169\" \/>\n\t<meta property=\"og:image:type\" content=\"image\/jpeg\" \/>\n<meta name=\"author\" content=\"Guineeline\" \/>\n<meta name=\"twitter:card\" content=\"summary_large_image\" \/>\n<meta name=\"twitter:label1\" content=\"\u00c9crit par\" \/>\n\t<meta name=\"twitter:data1\" content=\"Guineeline\" \/>\n\t<meta name=\"twitter:label2\" content=\"Dur\u00e9e de lecture estim\u00e9e\" \/>\n\t<meta name=\"twitter:data2\" content=\"2 minutes\" \/>\n<script type=\"application\/ld+json\" class=\"yoast-schema-graph\">{\"@context\":\"https:\/\/schema.org\",\"@graph\":[{\"@type\":\"Article\",\"@id\":\"https:\/\/www.guineeline.net\/index.php\/2022\/09\/15\/ibrahima-diallo-du-fndc-benefice-dune-prise-en-charge-medicale-avocat\/#article\",\"isPartOf\":{\"@id\":\"https:\/\/www.guineeline.net\/index.php\/2022\/09\/15\/ibrahima-diallo-du-fndc-benefice-dune-prise-en-charge-medicale-avocat\/\"},\"author\":{\"name\":\"Guineeline\",\"@id\":\"https:\/\/www.guineeline.net\/#\/schema\/person\/f5914e0a4c56cc8f4aa0922cc547a390\"},\"headline\":\"Ibrahima Diallo, du FNDC b\u00e9n\u00e9fice d\u2019une prise en charge m\u00e9dicale (avocat)\",\"datePublished\":\"2022-09-15T13:03:48+00:00\",\"dateModified\":\"2022-09-15T13:06:40+00:00\",\"mainEntityOfPage\":{\"@id\":\"https:\/\/www.guineeline.net\/index.php\/2022\/09\/15\/ibrahima-diallo-du-fndc-benefice-dune-prise-en-charge-medicale-avocat\/\"},\"wordCount\":336,\"commentCount\":0,\"image\":{\"@id\":\"https:\/\/www.guineeline.net\/index.php\/2022\/09\/15\/ibrahima-diallo-du-fndc-benefice-dune-prise-en-charge-medicale-avocat\/#primaryimage\"},\"thumbnailUrl\":\"https:\/\/www.guineeline.net\/wp-content\/uploads\/2022\/09\/telechargement.jpg\",\"articleSection\":[\"Actualit\u00e9s\"],\"inLanguage\":\"fr-FR\",\"potentialAction\":[{\"@type\":\"CommentAction\",\"name\":\"Comment\",\"target\":[\"https:\/\/www.guineeline.net\/index.php\/2022\/09\/15\/ibrahima-diallo-du-fndc-benefice-dune-prise-en-charge-medicale-avocat\/#respond\"]}]},{\"@type\":\"WebPage\",\"@id\":\"https:\/\/www.guineeline.net\/index.php\/2022\/09\/15\/ibrahima-diallo-du-fndc-benefice-dune-prise-en-charge-medicale-avocat\/\",\"url\":\"https:\/\/www.guineeline.net\/index.php\/2022\/09\/15\/ibrahima-diallo-du-fndc-benefice-dune-prise-en-charge-medicale-avocat\/\",\"name\":\"Ibrahima Diallo, du FNDC b\u00e9n\u00e9fice d\u2019une prise en charge m\u00e9dicale (avocat) - Guineeline\",\"isPartOf\":{\"@id\":\"https:\/\/www.guineeline.net\/#website\"},\"primaryImageOfPage\":{\"@id\":\"https:\/\/www.guineeline.net\/index.php\/2022\/09\/15\/ibrahima-diallo-du-fndc-benefice-dune-prise-en-charge-medicale-avocat\/#primaryimage\"},\"image\":{\"@id\":\"https:\/\/www.guineeline.net\/index.php\/2022\/09\/15\/ibrahima-diallo-du-fndc-benefice-dune-prise-en-charge-medicale-avocat\/#primaryimage\"},\"thumbnailUrl\":\"https:\/\/www.guineeline.net\/wp-content\/uploads\/2022\/09\/telechargement.jpg\",\"datePublished\":\"2022-09-15T13:03:48+00:00\",\"dateModified\":\"2022-09-15T13:06:40+00:00\",\"author\":{\"@id\":\"https:\/\/www.guineeline.net\/#\/schema\/person\/f5914e0a4c56cc8f4aa0922cc547a390\"},\"breadcrumb\":{\"@id\":\"https:\/\/www.guineeline.net\/index.php\/2022\/09\/15\/ibrahima-diallo-du-fndc-benefice-dune-prise-en-charge-medicale-avocat\/#breadcrumb\"},\"inLanguage\":\"fr-FR\",\"potentialAction\":[{\"@type\":\"ReadAction\",\"target\":[\"https:\/\/www.guineeline.net\/index.php\/2022\/09\/15\/ibrahima-diallo-du-fndc-benefice-dune-prise-en-charge-medicale-avocat\/\"]}]},{\"@type\":\"ImageObject\",\"inLanguage\":\"fr-FR\",\"@id\":\"https:\/\/www.guineeline.net\/index.php\/2022\/09\/15\/ibrahima-diallo-du-fndc-benefice-dune-prise-en-charge-medicale-avocat\/#primaryimage\",\"url\":\"https:\/\/www.guineeline.net\/wp-content\/uploads\/2022\/09\/telechargement.jpg\",\"contentUrl\":\"https:\/\/www.guineeline.net\/wp-content\/uploads\/2022\/09\/telechargement.jpg\",\"width\":299,\"height\":169},{\"@type\":\"BreadcrumbList\",\"@id\":\"https:\/\/www.guineeline.net\/index.php\/2022\/09\/15\/ibrahima-diallo-du-fndc-benefice-dune-prise-en-charge-medicale-avocat\/#breadcrumb\",\"itemListElement\":[{\"@type\":\"ListItem\",\"position\":1,\"name\":\"Accueil\",\"item\":\"https:\/\/www.guineeline.net\/\"},{\"@type\":\"ListItem\",\"position\":2,\"name\":\"Ibrahima Diallo, du FNDC b\u00e9n\u00e9fice d\u2019une prise en charge m\u00e9dicale (avocat)\"}]},{\"@type\":\"WebSite\",\"@id\":\"https:\/\/www.guineeline.net\/#website\",\"url\":\"https:\/\/www.guineeline.net\/\",\"name\":\"Guineeline\",\"description\":\"L&#039;information en un clic\",\"potentialAction\":[{\"@type\":\"SearchAction\",\"target\":{\"@type\":\"EntryPoint\",\"urlTemplate\":\"https:\/\/www.guineeline.net\/?s={search_term_string}\"},\"query-input\":{\"@type\":\"PropertyValueSpecification\",\"valueRequired\":true,\"valueName\":\"search_term_string\"}}],\"inLanguage\":\"fr-FR\"},{\"@type\":\"Person\",\"@id\":\"https:\/\/www.guineeline.net\/#\/schema\/person\/f5914e0a4c56cc8f4aa0922cc547a390\",\"name\":\"Guineeline\",\"image\":{\"@type\":\"ImageObject\",\"inLanguage\":\"fr-FR\",\"@id\":\"https:\/\/www.guineeline.net\/#\/schema\/person\/image\/\",\"url\":\"https:\/\/secure.gravatar.com\/avatar\/432ce140236c408fa05ea28acd193ba03163acdd0efbe444c1c44957b8a29a2a?s=96&d=mm&r=g\",\"contentUrl\":\"https:\/\/secure.gravatar.com\/avatar\/432ce140236c408fa05ea28acd193ba03163acdd0efbe444c1c44957b8a29a2a?s=96&d=mm&r=g\",\"caption\":\"Guineeline\"},\"url\":\"https:\/\/www.guineeline.net\/index.php\/author\/admin\/\"}]}<\/script>\n<!-- \/ Yoast SEO plugin. -->","yoast_head_json":{"title":"Ibrahima Diallo, du FNDC b\u00e9n\u00e9fice d\u2019une prise en charge m\u00e9dicale (avocat) - Guineeline","robots":{"index":"index","follow":"follow","max-snippet":"max-snippet:-1","max-image-preview":"max-image-preview:large","max-video-preview":"max-video-preview:-1"},"canonical":"https:\/\/www.guineeline.net\/index.php\/2022\/09\/15\/ibrahima-diallo-du-fndc-benefice-dune-prise-en-charge-medicale-avocat\/","og_locale":"fr_FR","og_type":"article","og_title":"Ibrahima Diallo, du FNDC b\u00e9n\u00e9fice d\u2019une prise en charge m\u00e9dicale (avocat) - Guineeline","og_description":"C\u2019est un ouf de soulagement pour les avocats de Ibrahima Diallo, charg\u00e9 des op\u00e9rations du Front National pour la D\u00e9fense de la Constitution (FNDC). Selon ma\u00eetre Salifou B\u00e9avogui, le ministre de la Justice et des Droits de l\u2019Homme, Alphonse Charles Wright s\u2019est rendu ce mercredi matin,\u00a0 aux environs de 7 heures, \u00e0 la Maison Centrale [&hellip;]","og_url":"https:\/\/www.guineeline.net\/index.php\/2022\/09\/15\/ibrahima-diallo-du-fndc-benefice-dune-prise-en-charge-medicale-avocat\/","og_site_name":"Guineeline","article_published_time":"2022-09-15T13:03:48+00:00","article_modified_time":"2022-09-15T13:06:40+00:00","og_image":[{"width":299,"height":169,"url":"https:\/\/www.guineeline.net\/wp-content\/uploads\/2022\/09\/telechargement.jpg","type":"image\/jpeg"}],"author":"Guineeline","twitter_card":"summary_large_image","twitter_misc":{"\u00c9crit par":"Guineeline","Dur\u00e9e de lecture estim\u00e9e":"2 minutes"},"schema":{"@context":"https:\/\/schema.org","@graph":[{"@type":"Article","@id":"https:\/\/www.guineeline.net\/index.php\/2022\/09\/15\/ibrahima-diallo-du-fndc-benefice-dune-prise-en-charge-medicale-avocat\/#article","isPartOf":{"@id":"https:\/\/www.guineeline.net\/index.php\/2022\/09\/15\/ibrahima-diallo-du-fndc-benefice-dune-prise-en-charge-medicale-avocat\/"},"author":{"name":"Guineeline","@id":"https:\/\/www.guineeline.net\/#\/schema\/person\/f5914e0a4c56cc8f4aa0922cc547a390"},"headline":"Ibrahima Diallo, du FNDC b\u00e9n\u00e9fice d\u2019une prise en charge m\u00e9dicale (avocat)","datePublished":"2022-09-15T13:03:48+00:00","dateModified":"2022-09-15T13:06:40+00:00","mainEntityOfPage":{"@id":"https:\/\/www.guineeline.net\/index.php\/2022\/09\/15\/ibrahima-diallo-du-fndc-benefice-dune-prise-en-charge-medicale-avocat\/"},"wordCount":336,"commentCount":0,"image":{"@id":"https:\/\/www.guineeline.net\/index.php\/2022\/09\/15\/ibrahima-diallo-du-fndc-benefice-dune-prise-en-charge-medicale-avocat\/#primaryimage"},"thumbnailUrl":"https:\/\/www.guineeline.net\/wp-content\/uploads\/2022\/09\/telechargement.jpg","articleSection":["Actualit\u00e9s"],"inLanguage":"fr-FR","potentialAction":[{"@type":"CommentAction","name":"Comment","target":["https:\/\/www.guineeline.net\/index.php\/2022\/09\/15\/ibrahima-diallo-du-fndc-benefice-dune-prise-en-charge-medicale-avocat\/#respond"]}]},{"@type":"WebPage","@id":"https:\/\/www.guineeline.net\/index.php\/2022\/09\/15\/ibrahima-diallo-du-fndc-benefice-dune-prise-en-charge-medicale-avocat\/","url":"https:\/\/www.guineeline.net\/index.php\/2022\/09\/15\/ibrahima-diallo-du-fndc-benefice-dune-prise-en-charge-medicale-avocat\/","name":"Ibrahima Diallo, du FNDC b\u00e9n\u00e9fice d\u2019une prise en charge m\u00e9dicale (avocat) - Guineeline","isPartOf":{"@id":"https:\/\/www.guineeline.net\/#website"},"primaryImageOfPage":{"@id":"https:\/\/www.guineeline.net\/index.php\/2022\/09\/15\/ibrahima-diallo-du-fndc-benefice-dune-prise-en-charge-medicale-avocat\/#primaryimage"},"image":{"@id":"https:\/\/www.guineeline.net\/index.php\/2022\/09\/15\/ibrahima-diallo-du-fndc-benefice-dune-prise-en-charge-medicale-avocat\/#primaryimage"},"thumbnailUrl":"https:\/\/www.guineeline.net\/wp-content\/uploads\/2022\/09\/telechargement.jpg","datePublished":"2022-09-15T13:03:48+00:00","dateModified":"2022-09-15T13:06:40+00:00","author":{"@id":"https:\/\/www.guineeline.net\/#\/schema\/person\/f5914e0a4c56cc8f4aa0922cc547a390"},"breadcrumb":{"@id":"https:\/\/www.guineeline.net\/index.php\/2022\/09\/15\/ibrahima-diallo-du-fndc-benefice-dune-prise-en-charge-medicale-avocat\/#breadcrumb"},"inLanguage":"fr-FR","potentialAction":[{"@type":"ReadAction","target":["https:\/\/www.guineeline.net\/index.php\/2022\/09\/15\/ibrahima-diallo-du-fndc-benefice-dune-prise-en-charge-medicale-avocat\/"]}]},{"@type":"ImageObject","inLanguage":"fr-FR","@id":"https:\/\/www.guineeline.net\/index.php\/2022\/09\/15\/ibrahima-diallo-du-fndc-benefice-dune-prise-en-charge-medicale-avocat\/#primaryimage","url":"https:\/\/www.guineeline.net\/wp-content\/uploads\/2022\/09\/telechargement.jpg","contentUrl":"https:\/\/www.guineeline.net\/wp-content\/uploads\/2022\/09\/telechargement.jpg","width":299,"height":169},{"@type":"BreadcrumbList","@id":"https:\/\/www.guineeline.net\/index.php\/2022\/09\/15\/ibrahima-diallo-du-fndc-benefice-dune-prise-en-charge-medicale-avocat\/#breadcrumb","itemListElement":[{"@type":"ListItem","position":1,"name":"Accueil","item":"https:\/\/www.guineeline.net\/"},{"@type":"ListItem","position":2,"name":"Ibrahima Diallo, du FNDC b\u00e9n\u00e9fice d\u2019une prise en charge m\u00e9dicale (avocat)"}]},{"@type":"WebSite","@id":"https:\/\/www.guineeline.net\/#website","url":"https:\/\/www.guineeline.net\/","name":"Guineeline","description":"L&#039;information en un clic","potentialAction":[{"@type":"SearchAction","target":{"@type":"EntryPoint","urlTemplate":"https:\/\/www.guineeline.net\/?s={search_term_string}"},"query-input":{"@type":"PropertyValueSpecification","valueRequired":true,"valueName":"search_term_string"}}],"inLanguage":"fr-FR"},{"@type":"Person","@id":"https:\/\/www.guineeline.net\/#\/schema\/person\/f5914e0a4c56cc8f4aa0922cc547a390","name":"Guineeline","image":{"@type":"ImageObject","inLanguage":"fr-FR","@id":"https:\/\/www.guineeline.net\/#\/schema\/person\/image\/","url":"https:\/\/secure.gravatar.com\/avatar\/432ce140236c408fa05ea28acd193ba03163acdd0efbe444c1c44957b8a29a2a?s=96&d=mm&r=g","contentUrl":"https:\/\/secure.gravatar.com\/avatar\/432ce140236c408fa05ea28acd193ba03163acdd0efbe444c1c44957b8a29a2a?s=96&d=mm&r=g","caption":"Guineeline"},"url":"https:\/\/www.guineeline.net\/index.php\/author\/admin\/"}]}},"_links":{"self":[{"href":"https:\/\/www.guineeline.net\/index.php\/wp-json\/wp\/v2\/posts\/838","targetHints":{"allow":["GET"]}}],"collection":[{"href":"https:\/\/www.guineeline.net\/index.php\/wp-json\/wp\/v2\/posts"}],"about":[{"href":"https:\/\/www.guineeline.net\/index.php\/wp-json\/wp\/v2\/types\/post"}],"author":[{"embeddable":true,"href":"https:\/\/www.guineeline.net\/index.php\/wp-json\/wp\/v2\/users\/3"}],"replies":[{"embeddable":true,"href":"https:\/\/www.guineeline.net\/index.php\/wp-json\/wp\/v2\/comments?post=838"}],"version-history":[{"count":1,"href":"https:\/\/www.guineeline.net\/index.php\/wp-json\/wp\/v2\/posts\/838\/revisions"}],"predecessor-version":[{"id":840,"href":"https:\/\/www.guineeline.net\/index.php\/wp-json\/wp\/v2\/posts\/838\/revisions\/840"}],"wp:featuredmedia":[{"embeddable":true,"href":"https:\/\/www.guineeline.net\/index.php\/wp-json\/wp\/v2\/media\/839"}],"wp:attachment":[{"href":"https:\/\/www.guineeline.net\/index.php\/wp-json\/wp\/v2\/media?parent=838"}],"wp:term":[{"taxonomy":"category","embeddable":true,"href":"https:\/\/www.guineeline.net\/index.php\/wp-json\/wp\/v2\/categories?post=838"},{"taxonomy":"post_tag","embeddable":true,"href":"https:\/\/www.guineeline.net\/index.php\/wp-json\/wp\/v2\/tags?post=838"}],"curies":[{"name":"wp","href":"https:\/\/api.w.org\/{rel}","templated":true}]}}