{"id":809,"date":"2022-08-30T13:05:48","date_gmt":"2022-08-30T11:05:48","guid":{"rendered":"https:\/\/www.guineeline.net\/?p=809"},"modified":"2022-08-30T13:05:48","modified_gmt":"2022-08-30T11:05:48","slug":"organisation-de-la-can-2025-en-guinee-le-president-doumbouya-signe-trois-decrets","status":"publish","type":"post","link":"https:\/\/www.guineeline.net\/index.php\/2022\/08\/30\/organisation-de-la-can-2025-en-guinee-le-president-doumbouya-signe-trois-decrets\/","title":{"rendered":"Organisation de la CAN 2025 en Guin\u00e9e: le Pr\u00e9sident Doumbouya signe trois d\u00e9crets"},"content":{"rendered":"<p>Dans le cadre de l\u2019organisation de la Coupe d\u2019Afrique des Nations de football (CAN) 2025 en Guin\u00e9e, le pr\u00e9sident de la transition, Colonel Mamadi Doumbouya, a pris trois d\u00e9crets ce lundi 29 ao\u00fbt 2022. Ces d\u00e9cisions donnent un coup d\u2019acc\u00e9l\u00e9rateur \u00e0 la pr\u00e9paration de l\u2019organisation de la cette comp\u00e9tition africaine jamais tenue en terre guin\u00e9enne.<\/p>\n<p>Dans\u00a0<strong>le premier d\u00e9cret<\/strong>, est d\u00e9clar\u00e9 d\u2019int\u00e9r\u00eat national et prioritaire le programme d\u2019organisation de la CAN 2025 en Guin\u00e9e. Le Comit\u00e9 d\u2019organisation (COCAN), plac\u00e9 sous l\u2019autorit\u00e9 du pr\u00e9sident de la transition, est charg\u00e9 d\u2019une mission d\u2019int\u00e9r\u00eat public temporaire et\u00a0 jouit d\u2019une autonomie de gestion administrative et financi\u00e8re.<\/p>\n<p>Dans\u00a0<strong>le second d\u00e9cret,<\/strong>\u00a0un transfert de cr\u00e9dits de quatre milliards trois cents douze millions deux cents quatre-vingt dix-sept mille (4.312.297.000 ) francs guin\u00e9ens est autoris\u00e9 par le pr\u00e9sident de la transition au profit du minist\u00e8re des Sports et destin\u00e9 \u00e0 supporter les d\u00e9penses de fonctionnement du COCAN 2025 exercice 2022.<\/p>\n<p>Le <strong>troisi\u00e8me\u00a0<\/strong><b>d\u00e9cret<\/b> est la cr\u00e9ation d\u2019un Comit\u00e9 interminist\u00e9riel d\u2019orientation de la CAN Guin\u00e9e 2025 (COMIOR CAN 2025). En charge des directives relatives \u00e0 l\u2019organisation de la Coupe d\u2019Afrique des Nations de football 2025 en Guin\u00e9e, il est pr\u00e9sid\u00e9 par le Premier ministre. Ledit comit\u00e9 est charg\u00e9 particuli\u00e8rement d\u2019assurer la coordination des interventions des administrations et des partenaires, examiner et orienter toutes les questions d\u00e9passant les comp\u00e9tences du minist\u00e8re des Sports et du COCAN et soumettre \u00e0 la d\u00e9cision du conseil des ministres, concevoir un portefeuille de projets, rechercher des financements et des partenaires dans le cadre de l\u2019ex\u00e9cution des projets identifi\u00e9s en lien avec les administrations concern\u00e9es.<\/p>\n<p>B. B\u00e9avogui<\/p>\n","protected":false},"excerpt":{"rendered":"<p>Dans le cadre de l\u2019organisation de la Coupe d\u2019Afrique des Nations de football (CAN) 2025 en Guin\u00e9e, le pr\u00e9sident de la transition, Colonel Mamadi Doumbouya, a pris trois d\u00e9crets ce lundi 29 ao\u00fbt 2022. Ces d\u00e9cisions donnent un coup d\u2019acc\u00e9l\u00e9rateur \u00e0 la pr\u00e9paration de l\u2019organisation de la cette comp\u00e9tition africaine jamais tenue en terre guin\u00e9enne. [&hellip;]<\/p>\n","protected":false},"author":3,"featured_media":796,"comment_status":"open","ping_status":"open","sticky":false,"template":"","format":"standard","meta":{"jnews-multi-image_gallery":[],"jnews_single_post":{"subtitle":"","format":"standard","video":"","gallery":"","source_name":"","source_url":"","via_name":"","via_url":"","override":[{"single_blog_custom":"","sidebar":"","second_sidebar":"","share_position":"","share_float_style":"","post_date_format":"","post_date_format_custom":"","number_popup_post":"1"}],"image_override":[{"single_post_thumbnail_size":"","single_post_gallery_size":""}],"trending_post_position":"","trending_post_label":""},"jnews_primary_category":{"id":""},"jnews_override_counter":{"view_counter_number":"0","share_counter_number":"0","like_counter_number":"0","dislike_counter_number":"0"},"footnotes":""},"categories":[2],"tags":[],"class_list":["post-809","post","type-post","status-publish","format-standard","has-post-thumbnail","hentry","category-actualites"],"yoast_head":"<!-- This site is optimized with the Yoast SEO plugin v26.9 - https:\/\/yoast.com\/product\/yoast-seo-wordpress\/ -->\n<title>Organisation de la CAN 2025 en Guin\u00e9e: le Pr\u00e9sident Doumbouya signe trois d\u00e9crets - Guineeline<\/title>\n<meta name=\"robots\" content=\"index, follow, max-snippet:-1, max-image-preview:large, max-video-preview:-1\" \/>\n<link rel=\"canonical\" href=\"https:\/\/www.guineeline.net\/index.php\/2022\/08\/30\/organisation-de-la-can-2025-en-guinee-le-president-doumbouya-signe-trois-decrets\/\" \/>\n<meta property=\"og:locale\" content=\"fr_FR\" \/>\n<meta property=\"og:type\" content=\"article\" \/>\n<meta property=\"og:title\" content=\"Organisation de la CAN 2025 en Guin\u00e9e: le Pr\u00e9sident Doumbouya signe trois d\u00e9crets - Guineeline\" \/>\n<meta property=\"og:description\" content=\"Dans le cadre de l\u2019organisation de la Coupe d\u2019Afrique des Nations de football (CAN) 2025 en Guin\u00e9e, le pr\u00e9sident de la transition, Colonel Mamadi Doumbouya, a pris trois d\u00e9crets ce lundi 29 ao\u00fbt 2022. Ces d\u00e9cisions donnent un coup d\u2019acc\u00e9l\u00e9rateur \u00e0 la pr\u00e9paration de l\u2019organisation de la cette comp\u00e9tition africaine jamais tenue en terre guin\u00e9enne. [&hellip;]\" \/>\n<meta property=\"og:url\" content=\"https:\/\/www.guineeline.net\/index.php\/2022\/08\/30\/organisation-de-la-can-2025-en-guinee-le-president-doumbouya-signe-trois-decrets\/\" \/>\n<meta property=\"og:site_name\" content=\"Guineeline\" \/>\n<meta property=\"article:published_time\" content=\"2022-08-30T11:05:48+00:00\" \/>\n<meta property=\"og:image\" content=\"https:\/\/www.guineeline.net\/wp-content\/uploads\/2022\/08\/Mamadi-Doumbouya-1140x570-1.jpg\" \/>\n\t<meta property=\"og:image:width\" content=\"1140\" \/>\n\t<meta property=\"og:image:height\" content=\"570\" \/>\n\t<meta property=\"og:image:type\" content=\"image\/jpeg\" \/>\n<meta name=\"author\" content=\"Guineeline\" \/>\n<meta name=\"twitter:card\" content=\"summary_large_image\" \/>\n<meta name=\"twitter:label1\" content=\"\u00c9crit par\" \/>\n\t<meta name=\"twitter:data1\" content=\"Guineeline\" \/>\n\t<meta name=\"twitter:label2\" content=\"Dur\u00e9e de lecture estim\u00e9e\" \/>\n\t<meta name=\"twitter:data2\" content=\"2 minutes\" \/>\n<script type=\"application\/ld+json\" class=\"yoast-schema-graph\">{\"@context\":\"https:\/\/schema.org\",\"@graph\":[{\"@type\":\"Article\",\"@id\":\"https:\/\/www.guineeline.net\/index.php\/2022\/08\/30\/organisation-de-la-can-2025-en-guinee-le-president-doumbouya-signe-trois-decrets\/#article\",\"isPartOf\":{\"@id\":\"https:\/\/www.guineeline.net\/index.php\/2022\/08\/30\/organisation-de-la-can-2025-en-guinee-le-president-doumbouya-signe-trois-decrets\/\"},\"author\":{\"name\":\"Guineeline\",\"@id\":\"https:\/\/www.guineeline.net\/#\/schema\/person\/f5914e0a4c56cc8f4aa0922cc547a390\"},\"headline\":\"Organisation de la CAN 2025 en Guin\u00e9e: le Pr\u00e9sident Doumbouya signe trois d\u00e9crets\",\"datePublished\":\"2022-08-30T11:05:48+00:00\",\"mainEntityOfPage\":{\"@id\":\"https:\/\/www.guineeline.net\/index.php\/2022\/08\/30\/organisation-de-la-can-2025-en-guinee-le-president-doumbouya-signe-trois-decrets\/\"},\"wordCount\":321,\"commentCount\":0,\"image\":{\"@id\":\"https:\/\/www.guineeline.net\/index.php\/2022\/08\/30\/organisation-de-la-can-2025-en-guinee-le-president-doumbouya-signe-trois-decrets\/#primaryimage\"},\"thumbnailUrl\":\"https:\/\/www.guineeline.net\/wp-content\/uploads\/2022\/08\/Mamadi-Doumbouya-1140x570-1.jpg\",\"articleSection\":[\"Actualit\u00e9s\"],\"inLanguage\":\"fr-FR\",\"potentialAction\":[{\"@type\":\"CommentAction\",\"name\":\"Comment\",\"target\":[\"https:\/\/www.guineeline.net\/index.php\/2022\/08\/30\/organisation-de-la-can-2025-en-guinee-le-president-doumbouya-signe-trois-decrets\/#respond\"]}]},{\"@type\":\"WebPage\",\"@id\":\"https:\/\/www.guineeline.net\/index.php\/2022\/08\/30\/organisation-de-la-can-2025-en-guinee-le-president-doumbouya-signe-trois-decrets\/\",\"url\":\"https:\/\/www.guineeline.net\/index.php\/2022\/08\/30\/organisation-de-la-can-2025-en-guinee-le-president-doumbouya-signe-trois-decrets\/\",\"name\":\"Organisation de la CAN 2025 en Guin\u00e9e: le Pr\u00e9sident Doumbouya signe trois d\u00e9crets - Guineeline\",\"isPartOf\":{\"@id\":\"https:\/\/www.guineeline.net\/#website\"},\"primaryImageOfPage\":{\"@id\":\"https:\/\/www.guineeline.net\/index.php\/2022\/08\/30\/organisation-de-la-can-2025-en-guinee-le-president-doumbouya-signe-trois-decrets\/#primaryimage\"},\"image\":{\"@id\":\"https:\/\/www.guineeline.net\/index.php\/2022\/08\/30\/organisation-de-la-can-2025-en-guinee-le-president-doumbouya-signe-trois-decrets\/#primaryimage\"},\"thumbnailUrl\":\"https:\/\/www.guineeline.net\/wp-content\/uploads\/2022\/08\/Mamadi-Doumbouya-1140x570-1.jpg\",\"datePublished\":\"2022-08-30T11:05:48+00:00\",\"author\":{\"@id\":\"https:\/\/www.guineeline.net\/#\/schema\/person\/f5914e0a4c56cc8f4aa0922cc547a390\"},\"breadcrumb\":{\"@id\":\"https:\/\/www.guineeline.net\/index.php\/2022\/08\/30\/organisation-de-la-can-2025-en-guinee-le-president-doumbouya-signe-trois-decrets\/#breadcrumb\"},\"inLanguage\":\"fr-FR\",\"potentialAction\":[{\"@type\":\"ReadAction\",\"target\":[\"https:\/\/www.guineeline.net\/index.php\/2022\/08\/30\/organisation-de-la-can-2025-en-guinee-le-president-doumbouya-signe-trois-decrets\/\"]}]},{\"@type\":\"ImageObject\",\"inLanguage\":\"fr-FR\",\"@id\":\"https:\/\/www.guineeline.net\/index.php\/2022\/08\/30\/organisation-de-la-can-2025-en-guinee-le-president-doumbouya-signe-trois-decrets\/#primaryimage\",\"url\":\"https:\/\/www.guineeline.net\/wp-content\/uploads\/2022\/08\/Mamadi-Doumbouya-1140x570-1.jpg\",\"contentUrl\":\"https:\/\/www.guineeline.net\/wp-content\/uploads\/2022\/08\/Mamadi-Doumbouya-1140x570-1.jpg\",\"width\":1140,\"height\":570},{\"@type\":\"BreadcrumbList\",\"@id\":\"https:\/\/www.guineeline.net\/index.php\/2022\/08\/30\/organisation-de-la-can-2025-en-guinee-le-president-doumbouya-signe-trois-decrets\/#breadcrumb\",\"itemListElement\":[{\"@type\":\"ListItem\",\"position\":1,\"name\":\"Accueil\",\"item\":\"https:\/\/www.guineeline.net\/\"},{\"@type\":\"ListItem\",\"position\":2,\"name\":\"Organisation de la CAN 2025 en Guin\u00e9e: le Pr\u00e9sident Doumbouya signe trois d\u00e9crets\"}]},{\"@type\":\"WebSite\",\"@id\":\"https:\/\/www.guineeline.net\/#website\",\"url\":\"https:\/\/www.guineeline.net\/\",\"name\":\"Guineeline\",\"description\":\"L&#039;information en un clic\",\"potentialAction\":[{\"@type\":\"SearchAction\",\"target\":{\"@type\":\"EntryPoint\",\"urlTemplate\":\"https:\/\/www.guineeline.net\/?s={search_term_string}\"},\"query-input\":{\"@type\":\"PropertyValueSpecification\",\"valueRequired\":true,\"valueName\":\"search_term_string\"}}],\"inLanguage\":\"fr-FR\"},{\"@type\":\"Person\",\"@id\":\"https:\/\/www.guineeline.net\/#\/schema\/person\/f5914e0a4c56cc8f4aa0922cc547a390\",\"name\":\"Guineeline\",\"image\":{\"@type\":\"ImageObject\",\"inLanguage\":\"fr-FR\",\"@id\":\"https:\/\/www.guineeline.net\/#\/schema\/person\/image\/\",\"url\":\"https:\/\/secure.gravatar.com\/avatar\/432ce140236c408fa05ea28acd193ba03163acdd0efbe444c1c44957b8a29a2a?s=96&d=mm&r=g\",\"contentUrl\":\"https:\/\/secure.gravatar.com\/avatar\/432ce140236c408fa05ea28acd193ba03163acdd0efbe444c1c44957b8a29a2a?s=96&d=mm&r=g\",\"caption\":\"Guineeline\"},\"url\":\"https:\/\/www.guineeline.net\/index.php\/author\/admin\/\"}]}<\/script>\n<!-- \/ Yoast SEO plugin. -->","yoast_head_json":{"title":"Organisation de la CAN 2025 en Guin\u00e9e: le Pr\u00e9sident Doumbouya signe trois d\u00e9crets - Guineeline","robots":{"index":"index","follow":"follow","max-snippet":"max-snippet:-1","max-image-preview":"max-image-preview:large","max-video-preview":"max-video-preview:-1"},"canonical":"https:\/\/www.guineeline.net\/index.php\/2022\/08\/30\/organisation-de-la-can-2025-en-guinee-le-president-doumbouya-signe-trois-decrets\/","og_locale":"fr_FR","og_type":"article","og_title":"Organisation de la CAN 2025 en Guin\u00e9e: le Pr\u00e9sident Doumbouya signe trois d\u00e9crets - Guineeline","og_description":"Dans le cadre de l\u2019organisation de la Coupe d\u2019Afrique des Nations de football (CAN) 2025 en Guin\u00e9e, le pr\u00e9sident de la transition, Colonel Mamadi Doumbouya, a pris trois d\u00e9crets ce lundi 29 ao\u00fbt 2022. Ces d\u00e9cisions donnent un coup d\u2019acc\u00e9l\u00e9rateur \u00e0 la pr\u00e9paration de l\u2019organisation de la cette comp\u00e9tition africaine jamais tenue en terre guin\u00e9enne. [&hellip;]","og_url":"https:\/\/www.guineeline.net\/index.php\/2022\/08\/30\/organisation-de-la-can-2025-en-guinee-le-president-doumbouya-signe-trois-decrets\/","og_site_name":"Guineeline","article_published_time":"2022-08-30T11:05:48+00:00","og_image":[{"width":1140,"height":570,"url":"https:\/\/www.guineeline.net\/wp-content\/uploads\/2022\/08\/Mamadi-Doumbouya-1140x570-1.jpg","type":"image\/jpeg"}],"author":"Guineeline","twitter_card":"summary_large_image","twitter_misc":{"\u00c9crit par":"Guineeline","Dur\u00e9e de lecture estim\u00e9e":"2 minutes"},"schema":{"@context":"https:\/\/schema.org","@graph":[{"@type":"Article","@id":"https:\/\/www.guineeline.net\/index.php\/2022\/08\/30\/organisation-de-la-can-2025-en-guinee-le-president-doumbouya-signe-trois-decrets\/#article","isPartOf":{"@id":"https:\/\/www.guineeline.net\/index.php\/2022\/08\/30\/organisation-de-la-can-2025-en-guinee-le-president-doumbouya-signe-trois-decrets\/"},"author":{"name":"Guineeline","@id":"https:\/\/www.guineeline.net\/#\/schema\/person\/f5914e0a4c56cc8f4aa0922cc547a390"},"headline":"Organisation de la CAN 2025 en Guin\u00e9e: le Pr\u00e9sident Doumbouya signe trois d\u00e9crets","datePublished":"2022-08-30T11:05:48+00:00","mainEntityOfPage":{"@id":"https:\/\/www.guineeline.net\/index.php\/2022\/08\/30\/organisation-de-la-can-2025-en-guinee-le-president-doumbouya-signe-trois-decrets\/"},"wordCount":321,"commentCount":0,"image":{"@id":"https:\/\/www.guineeline.net\/index.php\/2022\/08\/30\/organisation-de-la-can-2025-en-guinee-le-president-doumbouya-signe-trois-decrets\/#primaryimage"},"thumbnailUrl":"https:\/\/www.guineeline.net\/wp-content\/uploads\/2022\/08\/Mamadi-Doumbouya-1140x570-1.jpg","articleSection":["Actualit\u00e9s"],"inLanguage":"fr-FR","potentialAction":[{"@type":"CommentAction","name":"Comment","target":["https:\/\/www.guineeline.net\/index.php\/2022\/08\/30\/organisation-de-la-can-2025-en-guinee-le-president-doumbouya-signe-trois-decrets\/#respond"]}]},{"@type":"WebPage","@id":"https:\/\/www.guineeline.net\/index.php\/2022\/08\/30\/organisation-de-la-can-2025-en-guinee-le-president-doumbouya-signe-trois-decrets\/","url":"https:\/\/www.guineeline.net\/index.php\/2022\/08\/30\/organisation-de-la-can-2025-en-guinee-le-president-doumbouya-signe-trois-decrets\/","name":"Organisation de la CAN 2025 en Guin\u00e9e: le Pr\u00e9sident Doumbouya signe trois d\u00e9crets - Guineeline","isPartOf":{"@id":"https:\/\/www.guineeline.net\/#website"},"primaryImageOfPage":{"@id":"https:\/\/www.guineeline.net\/index.php\/2022\/08\/30\/organisation-de-la-can-2025-en-guinee-le-president-doumbouya-signe-trois-decrets\/#primaryimage"},"image":{"@id":"https:\/\/www.guineeline.net\/index.php\/2022\/08\/30\/organisation-de-la-can-2025-en-guinee-le-president-doumbouya-signe-trois-decrets\/#primaryimage"},"thumbnailUrl":"https:\/\/www.guineeline.net\/wp-content\/uploads\/2022\/08\/Mamadi-Doumbouya-1140x570-1.jpg","datePublished":"2022-08-30T11:05:48+00:00","author":{"@id":"https:\/\/www.guineeline.net\/#\/schema\/person\/f5914e0a4c56cc8f4aa0922cc547a390"},"breadcrumb":{"@id":"https:\/\/www.guineeline.net\/index.php\/2022\/08\/30\/organisation-de-la-can-2025-en-guinee-le-president-doumbouya-signe-trois-decrets\/#breadcrumb"},"inLanguage":"fr-FR","potentialAction":[{"@type":"ReadAction","target":["https:\/\/www.guineeline.net\/index.php\/2022\/08\/30\/organisation-de-la-can-2025-en-guinee-le-president-doumbouya-signe-trois-decrets\/"]}]},{"@type":"ImageObject","inLanguage":"fr-FR","@id":"https:\/\/www.guineeline.net\/index.php\/2022\/08\/30\/organisation-de-la-can-2025-en-guinee-le-president-doumbouya-signe-trois-decrets\/#primaryimage","url":"https:\/\/www.guineeline.net\/wp-content\/uploads\/2022\/08\/Mamadi-Doumbouya-1140x570-1.jpg","contentUrl":"https:\/\/www.guineeline.net\/wp-content\/uploads\/2022\/08\/Mamadi-Doumbouya-1140x570-1.jpg","width":1140,"height":570},{"@type":"BreadcrumbList","@id":"https:\/\/www.guineeline.net\/index.php\/2022\/08\/30\/organisation-de-la-can-2025-en-guinee-le-president-doumbouya-signe-trois-decrets\/#breadcrumb","itemListElement":[{"@type":"ListItem","position":1,"name":"Accueil","item":"https:\/\/www.guineeline.net\/"},{"@type":"ListItem","position":2,"name":"Organisation de la CAN 2025 en Guin\u00e9e: le Pr\u00e9sident Doumbouya signe trois d\u00e9crets"}]},{"@type":"WebSite","@id":"https:\/\/www.guineeline.net\/#website","url":"https:\/\/www.guineeline.net\/","name":"Guineeline","description":"L&#039;information en un clic","potentialAction":[{"@type":"SearchAction","target":{"@type":"EntryPoint","urlTemplate":"https:\/\/www.guineeline.net\/?s={search_term_string}"},"query-input":{"@type":"PropertyValueSpecification","valueRequired":true,"valueName":"search_term_string"}}],"inLanguage":"fr-FR"},{"@type":"Person","@id":"https:\/\/www.guineeline.net\/#\/schema\/person\/f5914e0a4c56cc8f4aa0922cc547a390","name":"Guineeline","image":{"@type":"ImageObject","inLanguage":"fr-FR","@id":"https:\/\/www.guineeline.net\/#\/schema\/person\/image\/","url":"https:\/\/secure.gravatar.com\/avatar\/432ce140236c408fa05ea28acd193ba03163acdd0efbe444c1c44957b8a29a2a?s=96&d=mm&r=g","contentUrl":"https:\/\/secure.gravatar.com\/avatar\/432ce140236c408fa05ea28acd193ba03163acdd0efbe444c1c44957b8a29a2a?s=96&d=mm&r=g","caption":"Guineeline"},"url":"https:\/\/www.guineeline.net\/index.php\/author\/admin\/"}]}},"_links":{"self":[{"href":"https:\/\/www.guineeline.net\/index.php\/wp-json\/wp\/v2\/posts\/809","targetHints":{"allow":["GET"]}}],"collection":[{"href":"https:\/\/www.guineeline.net\/index.php\/wp-json\/wp\/v2\/posts"}],"about":[{"href":"https:\/\/www.guineeline.net\/index.php\/wp-json\/wp\/v2\/types\/post"}],"author":[{"embeddable":true,"href":"https:\/\/www.guineeline.net\/index.php\/wp-json\/wp\/v2\/users\/3"}],"replies":[{"embeddable":true,"href":"https:\/\/www.guineeline.net\/index.php\/wp-json\/wp\/v2\/comments?post=809"}],"version-history":[{"count":1,"href":"https:\/\/www.guineeline.net\/index.php\/wp-json\/wp\/v2\/posts\/809\/revisions"}],"predecessor-version":[{"id":810,"href":"https:\/\/www.guineeline.net\/index.php\/wp-json\/wp\/v2\/posts\/809\/revisions\/810"}],"wp:featuredmedia":[{"embeddable":true,"href":"https:\/\/www.guineeline.net\/index.php\/wp-json\/wp\/v2\/media\/796"}],"wp:attachment":[{"href":"https:\/\/www.guineeline.net\/index.php\/wp-json\/wp\/v2\/media?parent=809"}],"wp:term":[{"taxonomy":"category","embeddable":true,"href":"https:\/\/www.guineeline.net\/index.php\/wp-json\/wp\/v2\/categories?post=809"},{"taxonomy":"post_tag","embeddable":true,"href":"https:\/\/www.guineeline.net\/index.php\/wp-json\/wp\/v2\/tags?post=809"}],"curies":[{"name":"wp","href":"https:\/\/api.w.org\/{rel}","templated":true}]}}