{"id":8,"date":"2021-04-20T17:36:13","date_gmt":"2021-04-20T17:36:13","guid":{"rendered":"https:\/\/influencesnews.com\/?p=8"},"modified":"2021-04-20T17:36:13","modified_gmt":"2021-04-20T17:36:13","slug":"le-proces-du-journaliste-amadou-dioulde-souvre-le-13-avril","status":"publish","type":"post","link":"https:\/\/www.guineeline.net\/index.php\/2021\/04\/20\/le-proces-du-journaliste-amadou-dioulde-souvre-le-13-avril\/","title":{"rendered":"Le proc\u00e8s du journaliste Amadou Diould\u00e9 s\u2019ouvre le 13 Avril"},"content":{"rendered":"<p>Amadou Diould\u00e9 Diallo sera bient\u00f4t situ\u00e9 sur son sort. Le proc\u00e8s du journaliste guin\u00e9en va s\u2019ouvrir le mardi 13 avril 2021, au TPI de Dixinn (Conakry). L\u2019information \u00e0 \u00e9t\u00e9 annonc\u00e9 par le procureur de la R\u00e9publique pr\u00e8s le tribunal de premi\u00e8re instance de Dixinn, Sidy Souleymane N\u2019Diaye, \u00e0 nos confr\u00e8res Guineematin.com, ce jeudi 8 avril.<\/p>\n<p>AIPS Sport Media Awards 2020: Un Guin\u00e9en Sacr\u00e9 2\u00e8me Meilleur Reporter D\u2019Afrique!<\/p>\n<p>Le guin\u00e9en Sayon Kourouma a \u00e9t\u00e9 class\u00e9 2\u00e8me meilleur reporter d\u2019Afrique par l\u2019Association Internationale de la Presse Sportive (AIPS). Le jeune journaliste reporter d\u2019images a obtenu le prix dans la cat\u00e9gorie \u201cProfil Athlete\u201d gr\u00e2ce \u00e0 son magazine intitul\u00e9 \u201cWatap, un supporter pas comme les autres\u201d. Un reportage de 13 minutes qui retrace la vie d\u2019un supporter devenu c\u00e9l\u00e8bre par sa passion du foot.<\/p>\n<p>C\u2019est un classement fait par l\u2019institution au lendemain de la c\u00e9r\u00e9monie de remise virtuelle effectu\u00e9e par l\u2019AIPS pour le compte de la 3\u00e8me \u00e9dition de ses Awards. La seconde production du journaliste guin\u00e9en intitul\u00e9e \u2018\u2019Etoile de Guin\u00e9e la vie apr\u00e8s l\u2019accident, a \u00e9t\u00e9 elle class\u00e9e 5\u00e8me sur le continent dans la cat\u00e9gorie Court M\u00e9trage. Un autre magazine in\u00e9dit dans lequel le reporter donne la parole aux rescap\u00e9s de l\u2019accident de l\u2019\u00e9toile de Guin\u00e9e, un drame qui a fait alors 10 morts dont 8 joueurs. Les deux productions du journaliste form\u00e9 \u00e0 l\u2019ISIC de Kountia ont figur\u00e9 dans le top 15 au monde sur 1871 productions venant de 129 pays y compris la Guin\u00e9e.<\/p>\n<p>\u2019\u2019Je suis vraiment fier d\u2019\u00eatre guin\u00e9en, honor\u00e9 d\u2019\u00eatre parmi les meilleurs en Afrique et dans le monde. Voir son travail appr\u00e9ci\u00e9 par des professionnels du monde entier c\u2019est vraiment une grosse satisfaction. Le meilleur reste \u00e0 venir\u2019\u2019 s\u2019est f\u00e9licit\u00e9 le guin\u00e9en.<\/p>\n<p>Outre ce classement, l\u2019ann\u00e9e derni\u00e8re, le journaliste a termin\u00e9 3\u00e8me meilleur reporter d\u2019Afrique francophone et 10\u00e8me sur le continent dans la cat\u00e9gorie \u2018\u2019profil athlete\u2019\u2019 avec ses reportages, \u2018\u2019Gnagna Barry le crack\u2019\u2019 et Mohamed Bobo, buteur providentiel.<\/p>\n<p>Une r\u00e9compense qui a \u00e9t\u00e9 plusieurs fois comment\u00e9e par les fans et confr\u00e8res du jeune journaliste sur les r\u00e9seaux sociaux.<\/p>\n<p>Source: planete7<\/p>\n","protected":false},"excerpt":{"rendered":"<p>Amadou Diould\u00e9 Diallo sera bient\u00f4t situ\u00e9 sur son sort. Le proc\u00e8s du journaliste guin\u00e9en va s\u2019ouvrir le mardi 13 avril 2021, au TPI de Dixinn (Conakry). L\u2019information \u00e0 \u00e9t\u00e9 annonc\u00e9 par le procureur de la R\u00e9publique pr\u00e8s le tribunal de premi\u00e8re instance de Dixinn, Sidy Souleymane N\u2019Diaye, \u00e0 nos confr\u00e8res Guineematin.com, ce jeudi 8 avril. [&hellip;]<\/p>\n","protected":false},"author":1,"featured_media":9,"comment_status":"open","ping_status":"open","sticky":false,"template":"","format":"standard","meta":{"jnews-multi-image_gallery":[],"jnews_single_post":[],"jnews_primary_category":[],"jnews_override_counter":[],"footnotes":""},"categories":[1],"tags":[14],"class_list":["post-8","post","type-post","status-publish","format-standard","has-post-thumbnail","hentry","category-non-classe","tag-laune"],"yoast_head":"<!-- This site is optimized with the Yoast SEO plugin v26.9 - https:\/\/yoast.com\/product\/yoast-seo-wordpress\/ -->\n<title>Le proc\u00e8s du journaliste Amadou Diould\u00e9 s\u2019ouvre le 13 Avril - Guineeline<\/title>\n<meta name=\"robots\" content=\"index, follow, max-snippet:-1, max-image-preview:large, max-video-preview:-1\" \/>\n<link rel=\"canonical\" href=\"https:\/\/www.guineeline.net\/index.php\/2021\/04\/20\/le-proces-du-journaliste-amadou-dioulde-souvre-le-13-avril\/\" \/>\n<meta property=\"og:locale\" content=\"fr_FR\" \/>\n<meta property=\"og:type\" content=\"article\" \/>\n<meta property=\"og:title\" content=\"Le proc\u00e8s du journaliste Amadou Diould\u00e9 s\u2019ouvre le 13 Avril\" \/>\n<meta property=\"og:description\" content=\"Amadou Diould\u00e9 Diallo sera bient\u00f4t situ\u00e9 sur son sort. Le proc\u00e8s du journaliste guin\u00e9en va s\u2019ouvrir le mardi 13 avril 2021, au TPI de Dixinn (Conakry). L\u2019information \u00e0 \u00e9t\u00e9 annonc\u00e9 par le procureur de la R\u00e9publique pr\u00e8s le tribunal de premi\u00e8re instance de Dixinn, Sidy Souleymane N\u2019Diaye, \u00e0 nos confr\u00e8res Guineematin.com, ce jeudi 8 avril.\" \/>\n<meta property=\"og:url\" content=\"https:\/\/www.guineeline.net\/index.php\/2021\/04\/20\/le-proces-du-journaliste-amadou-dioulde-souvre-le-13-avril\/\" \/>\n<meta property=\"og:site_name\" content=\"Guineeline\" \/>\n<meta property=\"article:published_time\" content=\"2021-04-20T17:36:13+00:00\" \/>\n<meta property=\"og:image\" content=\"https:\/\/www.guineeline.net\/wp-content\/uploads\/2021\/04\/amadou_dioulde_diallo-Copie.jpg\" \/>\n\t<meta property=\"og:image:width\" content=\"715\" \/>\n\t<meta property=\"og:image:height\" content=\"574\" \/>\n\t<meta property=\"og:image:type\" content=\"image\/jpeg\" \/>\n<meta name=\"author\" content=\"Ouryamine\" \/>\n<meta name=\"twitter:card\" content=\"summary_large_image\" \/>\n<meta name=\"twitter:label1\" content=\"\u00c9crit par\" \/>\n\t<meta name=\"twitter:data1\" content=\"Ouryamine\" \/>\n\t<meta name=\"twitter:label2\" content=\"Dur\u00e9e de lecture estim\u00e9e\" \/>\n\t<meta name=\"twitter:data2\" content=\"2 minutes\" \/>\n<script type=\"application\/ld+json\" class=\"yoast-schema-graph\">{\"@context\":\"https:\/\/schema.org\",\"@graph\":[{\"@type\":\"Article\",\"@id\":\"https:\/\/www.guineeline.net\/index.php\/2021\/04\/20\/le-proces-du-journaliste-amadou-dioulde-souvre-le-13-avril\/#article\",\"isPartOf\":{\"@id\":\"https:\/\/www.guineeline.net\/index.php\/2021\/04\/20\/le-proces-du-journaliste-amadou-dioulde-souvre-le-13-avril\/\"},\"author\":{\"name\":\"Ouryamine\",\"@id\":\"https:\/\/www.guineeline.net\/#\/schema\/person\/398a877dffd4163ff8ffd48db1ebc8df\"},\"headline\":\"Le proc\u00e8s du journaliste Amadou Diould\u00e9 s\u2019ouvre le 13 Avril\",\"datePublished\":\"2021-04-20T17:36:13+00:00\",\"mainEntityOfPage\":{\"@id\":\"https:\/\/www.guineeline.net\/index.php\/2021\/04\/20\/le-proces-du-journaliste-amadou-dioulde-souvre-le-13-avril\/\"},\"wordCount\":398,\"commentCount\":0,\"image\":{\"@id\":\"https:\/\/www.guineeline.net\/index.php\/2021\/04\/20\/le-proces-du-journaliste-amadou-dioulde-souvre-le-13-avril\/#primaryimage\"},\"thumbnailUrl\":\"https:\/\/www.guineeline.net\/wp-content\/uploads\/2021\/04\/amadou_dioulde_diallo-Copie.jpg\",\"keywords\":[\"La une\"],\"inLanguage\":\"fr-FR\",\"potentialAction\":[{\"@type\":\"CommentAction\",\"name\":\"Comment\",\"target\":[\"https:\/\/www.guineeline.net\/index.php\/2021\/04\/20\/le-proces-du-journaliste-amadou-dioulde-souvre-le-13-avril\/#respond\"]}]},{\"@type\":\"WebPage\",\"@id\":\"https:\/\/www.guineeline.net\/index.php\/2021\/04\/20\/le-proces-du-journaliste-amadou-dioulde-souvre-le-13-avril\/\",\"url\":\"https:\/\/www.guineeline.net\/index.php\/2021\/04\/20\/le-proces-du-journaliste-amadou-dioulde-souvre-le-13-avril\/\",\"name\":\"Le proc\u00e8s du journaliste Amadou Diould\u00e9 s\u2019ouvre le 13 Avril - Guineeline\",\"isPartOf\":{\"@id\":\"https:\/\/www.guineeline.net\/#website\"},\"primaryImageOfPage\":{\"@id\":\"https:\/\/www.guineeline.net\/index.php\/2021\/04\/20\/le-proces-du-journaliste-amadou-dioulde-souvre-le-13-avril\/#primaryimage\"},\"image\":{\"@id\":\"https:\/\/www.guineeline.net\/index.php\/2021\/04\/20\/le-proces-du-journaliste-amadou-dioulde-souvre-le-13-avril\/#primaryimage\"},\"thumbnailUrl\":\"https:\/\/www.guineeline.net\/wp-content\/uploads\/2021\/04\/amadou_dioulde_diallo-Copie.jpg\",\"datePublished\":\"2021-04-20T17:36:13+00:00\",\"author\":{\"@id\":\"https:\/\/www.guineeline.net\/#\/schema\/person\/398a877dffd4163ff8ffd48db1ebc8df\"},\"breadcrumb\":{\"@id\":\"https:\/\/www.guineeline.net\/index.php\/2021\/04\/20\/le-proces-du-journaliste-amadou-dioulde-souvre-le-13-avril\/#breadcrumb\"},\"inLanguage\":\"fr-FR\",\"potentialAction\":[{\"@type\":\"ReadAction\",\"target\":[\"https:\/\/www.guineeline.net\/index.php\/2021\/04\/20\/le-proces-du-journaliste-amadou-dioulde-souvre-le-13-avril\/\"]}]},{\"@type\":\"ImageObject\",\"inLanguage\":\"fr-FR\",\"@id\":\"https:\/\/www.guineeline.net\/index.php\/2021\/04\/20\/le-proces-du-journaliste-amadou-dioulde-souvre-le-13-avril\/#primaryimage\",\"url\":\"https:\/\/www.guineeline.net\/wp-content\/uploads\/2021\/04\/amadou_dioulde_diallo-Copie.jpg\",\"contentUrl\":\"https:\/\/www.guineeline.net\/wp-content\/uploads\/2021\/04\/amadou_dioulde_diallo-Copie.jpg\",\"width\":715,\"height\":574},{\"@type\":\"BreadcrumbList\",\"@id\":\"https:\/\/www.guineeline.net\/index.php\/2021\/04\/20\/le-proces-du-journaliste-amadou-dioulde-souvre-le-13-avril\/#breadcrumb\",\"itemListElement\":[{\"@type\":\"ListItem\",\"position\":1,\"name\":\"Accueil\",\"item\":\"https:\/\/www.guineeline.net\/\"},{\"@type\":\"ListItem\",\"position\":2,\"name\":\"Le proc\u00e8s du journaliste Amadou Diould\u00e9 s\u2019ouvre le 13 Avril\"}]},{\"@type\":\"WebSite\",\"@id\":\"https:\/\/www.guineeline.net\/#website\",\"url\":\"https:\/\/www.guineeline.net\/\",\"name\":\"Guineeline\",\"description\":\"L&#039;information en un clic\",\"potentialAction\":[{\"@type\":\"SearchAction\",\"target\":{\"@type\":\"EntryPoint\",\"urlTemplate\":\"https:\/\/www.guineeline.net\/?s={search_term_string}\"},\"query-input\":{\"@type\":\"PropertyValueSpecification\",\"valueRequired\":true,\"valueName\":\"search_term_string\"}}],\"inLanguage\":\"fr-FR\"},{\"@type\":\"Person\",\"@id\":\"https:\/\/www.guineeline.net\/#\/schema\/person\/398a877dffd4163ff8ffd48db1ebc8df\",\"name\":\"Ouryamine\",\"image\":{\"@type\":\"ImageObject\",\"inLanguage\":\"fr-FR\",\"@id\":\"https:\/\/www.guineeline.net\/#\/schema\/person\/image\/\",\"url\":\"https:\/\/secure.gravatar.com\/avatar\/c0faa0f472c43eff99fecb0bd2a1c6782e80a162c9fcb7ed2d48bb42ea619f30?s=96&d=mm&r=g\",\"contentUrl\":\"https:\/\/secure.gravatar.com\/avatar\/c0faa0f472c43eff99fecb0bd2a1c6782e80a162c9fcb7ed2d48bb42ea619f30?s=96&d=mm&r=g\",\"caption\":\"Ouryamine\"},\"sameAs\":[\"https:\/\/www.guineeline.net\"],\"url\":\"https:\/\/www.guineeline.net\/index.php\/author\/ouryamine\/\"}]}<\/script>\n<!-- \/ Yoast SEO plugin. -->","yoast_head_json":{"title":"Le proc\u00e8s du journaliste Amadou Diould\u00e9 s\u2019ouvre le 13 Avril - Guineeline","robots":{"index":"index","follow":"follow","max-snippet":"max-snippet:-1","max-image-preview":"max-image-preview:large","max-video-preview":"max-video-preview:-1"},"canonical":"https:\/\/www.guineeline.net\/index.php\/2021\/04\/20\/le-proces-du-journaliste-amadou-dioulde-souvre-le-13-avril\/","og_locale":"fr_FR","og_type":"article","og_title":"Le proc\u00e8s du journaliste Amadou Diould\u00e9 s\u2019ouvre le 13 Avril","og_description":"Amadou Diould\u00e9 Diallo sera bient\u00f4t situ\u00e9 sur son sort. Le proc\u00e8s du journaliste guin\u00e9en va s\u2019ouvrir le mardi 13 avril 2021, au TPI de Dixinn (Conakry). L\u2019information \u00e0 \u00e9t\u00e9 annonc\u00e9 par le procureur de la R\u00e9publique pr\u00e8s le tribunal de premi\u00e8re instance de Dixinn, Sidy Souleymane N\u2019Diaye, \u00e0 nos confr\u00e8res Guineematin.com, ce jeudi 8 avril.","og_url":"https:\/\/www.guineeline.net\/index.php\/2021\/04\/20\/le-proces-du-journaliste-amadou-dioulde-souvre-le-13-avril\/","og_site_name":"Guineeline","article_published_time":"2021-04-20T17:36:13+00:00","og_image":[{"width":715,"height":574,"url":"https:\/\/www.guineeline.net\/wp-content\/uploads\/2021\/04\/amadou_dioulde_diallo-Copie.jpg","type":"image\/jpeg"}],"author":"Ouryamine","twitter_card":"summary_large_image","twitter_misc":{"\u00c9crit par":"Ouryamine","Dur\u00e9e de lecture estim\u00e9e":"2 minutes"},"schema":{"@context":"https:\/\/schema.org","@graph":[{"@type":"Article","@id":"https:\/\/www.guineeline.net\/index.php\/2021\/04\/20\/le-proces-du-journaliste-amadou-dioulde-souvre-le-13-avril\/#article","isPartOf":{"@id":"https:\/\/www.guineeline.net\/index.php\/2021\/04\/20\/le-proces-du-journaliste-amadou-dioulde-souvre-le-13-avril\/"},"author":{"name":"Ouryamine","@id":"https:\/\/www.guineeline.net\/#\/schema\/person\/398a877dffd4163ff8ffd48db1ebc8df"},"headline":"Le proc\u00e8s du journaliste Amadou Diould\u00e9 s\u2019ouvre le 13 Avril","datePublished":"2021-04-20T17:36:13+00:00","mainEntityOfPage":{"@id":"https:\/\/www.guineeline.net\/index.php\/2021\/04\/20\/le-proces-du-journaliste-amadou-dioulde-souvre-le-13-avril\/"},"wordCount":398,"commentCount":0,"image":{"@id":"https:\/\/www.guineeline.net\/index.php\/2021\/04\/20\/le-proces-du-journaliste-amadou-dioulde-souvre-le-13-avril\/#primaryimage"},"thumbnailUrl":"https:\/\/www.guineeline.net\/wp-content\/uploads\/2021\/04\/amadou_dioulde_diallo-Copie.jpg","keywords":["La une"],"inLanguage":"fr-FR","potentialAction":[{"@type":"CommentAction","name":"Comment","target":["https:\/\/www.guineeline.net\/index.php\/2021\/04\/20\/le-proces-du-journaliste-amadou-dioulde-souvre-le-13-avril\/#respond"]}]},{"@type":"WebPage","@id":"https:\/\/www.guineeline.net\/index.php\/2021\/04\/20\/le-proces-du-journaliste-amadou-dioulde-souvre-le-13-avril\/","url":"https:\/\/www.guineeline.net\/index.php\/2021\/04\/20\/le-proces-du-journaliste-amadou-dioulde-souvre-le-13-avril\/","name":"Le proc\u00e8s du journaliste Amadou Diould\u00e9 s\u2019ouvre le 13 Avril - Guineeline","isPartOf":{"@id":"https:\/\/www.guineeline.net\/#website"},"primaryImageOfPage":{"@id":"https:\/\/www.guineeline.net\/index.php\/2021\/04\/20\/le-proces-du-journaliste-amadou-dioulde-souvre-le-13-avril\/#primaryimage"},"image":{"@id":"https:\/\/www.guineeline.net\/index.php\/2021\/04\/20\/le-proces-du-journaliste-amadou-dioulde-souvre-le-13-avril\/#primaryimage"},"thumbnailUrl":"https:\/\/www.guineeline.net\/wp-content\/uploads\/2021\/04\/amadou_dioulde_diallo-Copie.jpg","datePublished":"2021-04-20T17:36:13+00:00","author":{"@id":"https:\/\/www.guineeline.net\/#\/schema\/person\/398a877dffd4163ff8ffd48db1ebc8df"},"breadcrumb":{"@id":"https:\/\/www.guineeline.net\/index.php\/2021\/04\/20\/le-proces-du-journaliste-amadou-dioulde-souvre-le-13-avril\/#breadcrumb"},"inLanguage":"fr-FR","potentialAction":[{"@type":"ReadAction","target":["https:\/\/www.guineeline.net\/index.php\/2021\/04\/20\/le-proces-du-journaliste-amadou-dioulde-souvre-le-13-avril\/"]}]},{"@type":"ImageObject","inLanguage":"fr-FR","@id":"https:\/\/www.guineeline.net\/index.php\/2021\/04\/20\/le-proces-du-journaliste-amadou-dioulde-souvre-le-13-avril\/#primaryimage","url":"https:\/\/www.guineeline.net\/wp-content\/uploads\/2021\/04\/amadou_dioulde_diallo-Copie.jpg","contentUrl":"https:\/\/www.guineeline.net\/wp-content\/uploads\/2021\/04\/amadou_dioulde_diallo-Copie.jpg","width":715,"height":574},{"@type":"BreadcrumbList","@id":"https:\/\/www.guineeline.net\/index.php\/2021\/04\/20\/le-proces-du-journaliste-amadou-dioulde-souvre-le-13-avril\/#breadcrumb","itemListElement":[{"@type":"ListItem","position":1,"name":"Accueil","item":"https:\/\/www.guineeline.net\/"},{"@type":"ListItem","position":2,"name":"Le proc\u00e8s du journaliste Amadou Diould\u00e9 s\u2019ouvre le 13 Avril"}]},{"@type":"WebSite","@id":"https:\/\/www.guineeline.net\/#website","url":"https:\/\/www.guineeline.net\/","name":"Guineeline","description":"L&#039;information en un clic","potentialAction":[{"@type":"SearchAction","target":{"@type":"EntryPoint","urlTemplate":"https:\/\/www.guineeline.net\/?s={search_term_string}"},"query-input":{"@type":"PropertyValueSpecification","valueRequired":true,"valueName":"search_term_string"}}],"inLanguage":"fr-FR"},{"@type":"Person","@id":"https:\/\/www.guineeline.net\/#\/schema\/person\/398a877dffd4163ff8ffd48db1ebc8df","name":"Ouryamine","image":{"@type":"ImageObject","inLanguage":"fr-FR","@id":"https:\/\/www.guineeline.net\/#\/schema\/person\/image\/","url":"https:\/\/secure.gravatar.com\/avatar\/c0faa0f472c43eff99fecb0bd2a1c6782e80a162c9fcb7ed2d48bb42ea619f30?s=96&d=mm&r=g","contentUrl":"https:\/\/secure.gravatar.com\/avatar\/c0faa0f472c43eff99fecb0bd2a1c6782e80a162c9fcb7ed2d48bb42ea619f30?s=96&d=mm&r=g","caption":"Ouryamine"},"sameAs":["https:\/\/www.guineeline.net"],"url":"https:\/\/www.guineeline.net\/index.php\/author\/ouryamine\/"}]}},"_links":{"self":[{"href":"https:\/\/www.guineeline.net\/index.php\/wp-json\/wp\/v2\/posts\/8","targetHints":{"allow":["GET"]}}],"collection":[{"href":"https:\/\/www.guineeline.net\/index.php\/wp-json\/wp\/v2\/posts"}],"about":[{"href":"https:\/\/www.guineeline.net\/index.php\/wp-json\/wp\/v2\/types\/post"}],"author":[{"embeddable":true,"href":"https:\/\/www.guineeline.net\/index.php\/wp-json\/wp\/v2\/users\/1"}],"replies":[{"embeddable":true,"href":"https:\/\/www.guineeline.net\/index.php\/wp-json\/wp\/v2\/comments?post=8"}],"version-history":[{"count":0,"href":"https:\/\/www.guineeline.net\/index.php\/wp-json\/wp\/v2\/posts\/8\/revisions"}],"wp:featuredmedia":[{"embeddable":true,"href":"https:\/\/www.guineeline.net\/index.php\/wp-json\/wp\/v2\/media\/9"}],"wp:attachment":[{"href":"https:\/\/www.guineeline.net\/index.php\/wp-json\/wp\/v2\/media?parent=8"}],"wp:term":[{"taxonomy":"category","embeddable":true,"href":"https:\/\/www.guineeline.net\/index.php\/wp-json\/wp\/v2\/categories?post=8"},{"taxonomy":"post_tag","embeddable":true,"href":"https:\/\/www.guineeline.net\/index.php\/wp-json\/wp\/v2\/tags?post=8"}],"curies":[{"name":"wp","href":"https:\/\/api.w.org\/{rel}","templated":true}]}}