{"id":760,"date":"2022-08-15T17:29:27","date_gmt":"2022-08-15T15:29:27","guid":{"rendered":"https:\/\/www.guineeline.net\/?p=760"},"modified":"2022-08-15T17:29:39","modified_gmt":"2022-08-15T15:29:39","slug":"le-president-en-exercice-de-lunion-africaine-macky-sall-est-a-bamako","status":"publish","type":"post","link":"https:\/\/www.guineeline.net\/index.php\/2022\/08\/15\/le-president-en-exercice-de-lunion-africaine-macky-sall-est-a-bamako\/","title":{"rendered":"Le Pr\u00e9sident en exercice de l\u2019Union Africaine Macky Sall est \u00e0 Bamako"},"content":{"rendered":"<p>Visite d\u2019amiti\u00e9 et de travail du Pr\u00e9sident Macky Sall \u00e0 Bamako et Gabon<\/p>\n<p>Ce Lundi 15 Ao\u00fbt 2022, le Pr\u00e9sident Macky Sall effectue une visite d\u2019amiti\u00e9 et de travail au Mali. Il a \u00e9t\u00e9 accueilli par le Pr\u00e9sident de la Transition, chef de l\u2019\u00e9tat, le Colonel Assimi Goita. Les deux chefs d\u2019\u00e9tat auront un entretien en t\u00eate \u00e0 t\u00eate suivi d\u2019une s\u00e9ance de travail \u00e9largie pour renforcer la coop\u00e9ration entre nos deux pays fr\u00e8res et amis.<img fetchpriority=\"high\" decoding=\"async\" class=\"size-medium wp-image-762 alignleft\" src=\"https:\/\/www.guineeline.net\/wp-content\/uploads\/2022\/08\/macky-mali-300x200.jpg\" alt=\"\" width=\"300\" height=\"200\" srcset=\"https:\/\/www.guineeline.net\/wp-content\/uploads\/2022\/08\/macky-mali-300x200.jpg 300w, https:\/\/www.guineeline.net\/wp-content\/uploads\/2022\/08\/macky-mali.jpg 720w\" sizes=\"(max-width: 300px) 100vw, 300px\" \/><\/p>\n<p>Le Chef de l\u2019\u00c9tat participera ensuite en qualit\u00e9 d\u2019invit\u00e9 d\u2019honneur aux activit\u00e9s comm\u00e9moratives de la f\u00eate nationale du Gabon<br \/>\nLe retour de son Excellence le Pr\u00e9sident Macky Sall est pr\u00e9vu le 19 ao\u00fbt 2022 .<\/p>\n<p>Le pr\u00e9sident Macky Sall assure la Pr\u00e9sidence en exercice de l\u2019Union Africaine.<\/p>\n<p>Idiatou Souar\u00e9<\/p>\n","protected":false},"excerpt":{"rendered":"<p>Visite d\u2019amiti\u00e9 et de travail du Pr\u00e9sident Macky Sall \u00e0 Bamako et Gabon Ce Lundi 15 Ao\u00fbt 2022, le Pr\u00e9sident Macky Sall effectue une visite d\u2019amiti\u00e9 et de travail au Mali. Il a \u00e9t\u00e9 accueilli par le Pr\u00e9sident de la Transition, chef de l\u2019\u00e9tat, le Colonel Assimi Goita. Les deux chefs d\u2019\u00e9tat auront un entretien [&hellip;]<\/p>\n","protected":false},"author":3,"featured_media":761,"comment_status":"open","ping_status":"open","sticky":false,"template":"","format":"standard","meta":{"jnews-multi-image_gallery":[],"jnews_single_post":{"subtitle":"","format":"standard","video":"","gallery":"","source_name":"","source_url":"","via_name":"","via_url":"","override":[{"single_blog_custom":"","sidebar":"","second_sidebar":"","share_position":"","share_float_style":"","post_date_format":"","post_date_format_custom":"","number_popup_post":"1"}],"image_override":[{"single_post_thumbnail_size":"","single_post_gallery_size":""}],"trending_post_position":"","trending_post_label":""},"jnews_primary_category":{"id":""},"jnews_override_counter":{"view_counter_number":"0","share_counter_number":"0","like_counter_number":"0","dislike_counter_number":"0"},"footnotes":""},"categories":[2],"tags":[],"class_list":["post-760","post","type-post","status-publish","format-standard","has-post-thumbnail","hentry","category-actualites"],"yoast_head":"<!-- This site is optimized with the Yoast SEO plugin v26.9 - https:\/\/yoast.com\/product\/yoast-seo-wordpress\/ -->\n<title>Le Pr\u00e9sident en exercice de l\u2019Union Africaine Macky Sall est \u00e0 Bamako - Guineeline<\/title>\n<meta name=\"robots\" content=\"index, follow, max-snippet:-1, max-image-preview:large, max-video-preview:-1\" \/>\n<link rel=\"canonical\" href=\"https:\/\/www.guineeline.net\/index.php\/2022\/08\/15\/le-president-en-exercice-de-lunion-africaine-macky-sall-est-a-bamako\/\" \/>\n<meta property=\"og:locale\" content=\"fr_FR\" \/>\n<meta property=\"og:type\" content=\"article\" \/>\n<meta property=\"og:title\" content=\"Le Pr\u00e9sident en exercice de l\u2019Union Africaine Macky Sall est \u00e0 Bamako - Guineeline\" \/>\n<meta property=\"og:description\" content=\"Visite d\u2019amiti\u00e9 et de travail du Pr\u00e9sident Macky Sall \u00e0 Bamako et Gabon Ce Lundi 15 Ao\u00fbt 2022, le Pr\u00e9sident Macky Sall effectue une visite d\u2019amiti\u00e9 et de travail au Mali. Il a \u00e9t\u00e9 accueilli par le Pr\u00e9sident de la Transition, chef de l\u2019\u00e9tat, le Colonel Assimi Goita. Les deux chefs d\u2019\u00e9tat auront un entretien [&hellip;]\" \/>\n<meta property=\"og:url\" content=\"https:\/\/www.guineeline.net\/index.php\/2022\/08\/15\/le-president-en-exercice-de-lunion-africaine-macky-sall-est-a-bamako\/\" \/>\n<meta property=\"og:site_name\" content=\"Guineeline\" \/>\n<meta property=\"article:published_time\" content=\"2022-08-15T15:29:27+00:00\" \/>\n<meta property=\"article:modified_time\" content=\"2022-08-15T15:29:39+00:00\" \/>\n<meta property=\"og:image\" content=\"https:\/\/www.guineeline.net\/wp-content\/uploads\/2022\/08\/Macky-sall-a-Bamako.jpg\" \/>\n\t<meta property=\"og:image:width\" content=\"720\" \/>\n\t<meta property=\"og:image:height\" content=\"480\" \/>\n\t<meta property=\"og:image:type\" content=\"image\/jpeg\" \/>\n<meta name=\"author\" content=\"Guineeline\" \/>\n<meta name=\"twitter:card\" content=\"summary_large_image\" \/>\n<meta name=\"twitter:label1\" content=\"\u00c9crit par\" \/>\n\t<meta name=\"twitter:data1\" content=\"Guineeline\" \/>\n\t<meta name=\"twitter:label2\" content=\"Dur\u00e9e de lecture estim\u00e9e\" \/>\n\t<meta name=\"twitter:data2\" content=\"1 minute\" \/>\n<script type=\"application\/ld+json\" class=\"yoast-schema-graph\">{\"@context\":\"https:\/\/schema.org\",\"@graph\":[{\"@type\":\"Article\",\"@id\":\"https:\/\/www.guineeline.net\/index.php\/2022\/08\/15\/le-president-en-exercice-de-lunion-africaine-macky-sall-est-a-bamako\/#article\",\"isPartOf\":{\"@id\":\"https:\/\/www.guineeline.net\/index.php\/2022\/08\/15\/le-president-en-exercice-de-lunion-africaine-macky-sall-est-a-bamako\/\"},\"author\":{\"name\":\"Guineeline\",\"@id\":\"https:\/\/www.guineeline.net\/#\/schema\/person\/f5914e0a4c56cc8f4aa0922cc547a390\"},\"headline\":\"Le Pr\u00e9sident en exercice de l\u2019Union Africaine Macky Sall est \u00e0 Bamako\",\"datePublished\":\"2022-08-15T15:29:27+00:00\",\"dateModified\":\"2022-08-15T15:29:39+00:00\",\"mainEntityOfPage\":{\"@id\":\"https:\/\/www.guineeline.net\/index.php\/2022\/08\/15\/le-president-en-exercice-de-lunion-africaine-macky-sall-est-a-bamako\/\"},\"wordCount\":157,\"commentCount\":0,\"image\":{\"@id\":\"https:\/\/www.guineeline.net\/index.php\/2022\/08\/15\/le-president-en-exercice-de-lunion-africaine-macky-sall-est-a-bamako\/#primaryimage\"},\"thumbnailUrl\":\"https:\/\/www.guineeline.net\/wp-content\/uploads\/2022\/08\/Macky-sall-a-Bamako.jpg\",\"articleSection\":[\"Actualit\u00e9s\"],\"inLanguage\":\"fr-FR\",\"potentialAction\":[{\"@type\":\"CommentAction\",\"name\":\"Comment\",\"target\":[\"https:\/\/www.guineeline.net\/index.php\/2022\/08\/15\/le-president-en-exercice-de-lunion-africaine-macky-sall-est-a-bamako\/#respond\"]}]},{\"@type\":\"WebPage\",\"@id\":\"https:\/\/www.guineeline.net\/index.php\/2022\/08\/15\/le-president-en-exercice-de-lunion-africaine-macky-sall-est-a-bamako\/\",\"url\":\"https:\/\/www.guineeline.net\/index.php\/2022\/08\/15\/le-president-en-exercice-de-lunion-africaine-macky-sall-est-a-bamako\/\",\"name\":\"Le Pr\u00e9sident en exercice de l\u2019Union Africaine Macky Sall est \u00e0 Bamako - Guineeline\",\"isPartOf\":{\"@id\":\"https:\/\/www.guineeline.net\/#website\"},\"primaryImageOfPage\":{\"@id\":\"https:\/\/www.guineeline.net\/index.php\/2022\/08\/15\/le-president-en-exercice-de-lunion-africaine-macky-sall-est-a-bamako\/#primaryimage\"},\"image\":{\"@id\":\"https:\/\/www.guineeline.net\/index.php\/2022\/08\/15\/le-president-en-exercice-de-lunion-africaine-macky-sall-est-a-bamako\/#primaryimage\"},\"thumbnailUrl\":\"https:\/\/www.guineeline.net\/wp-content\/uploads\/2022\/08\/Macky-sall-a-Bamako.jpg\",\"datePublished\":\"2022-08-15T15:29:27+00:00\",\"dateModified\":\"2022-08-15T15:29:39+00:00\",\"author\":{\"@id\":\"https:\/\/www.guineeline.net\/#\/schema\/person\/f5914e0a4c56cc8f4aa0922cc547a390\"},\"breadcrumb\":{\"@id\":\"https:\/\/www.guineeline.net\/index.php\/2022\/08\/15\/le-president-en-exercice-de-lunion-africaine-macky-sall-est-a-bamako\/#breadcrumb\"},\"inLanguage\":\"fr-FR\",\"potentialAction\":[{\"@type\":\"ReadAction\",\"target\":[\"https:\/\/www.guineeline.net\/index.php\/2022\/08\/15\/le-president-en-exercice-de-lunion-africaine-macky-sall-est-a-bamako\/\"]}]},{\"@type\":\"ImageObject\",\"inLanguage\":\"fr-FR\",\"@id\":\"https:\/\/www.guineeline.net\/index.php\/2022\/08\/15\/le-president-en-exercice-de-lunion-africaine-macky-sall-est-a-bamako\/#primaryimage\",\"url\":\"https:\/\/www.guineeline.net\/wp-content\/uploads\/2022\/08\/Macky-sall-a-Bamako.jpg\",\"contentUrl\":\"https:\/\/www.guineeline.net\/wp-content\/uploads\/2022\/08\/Macky-sall-a-Bamako.jpg\",\"width\":720,\"height\":480},{\"@type\":\"BreadcrumbList\",\"@id\":\"https:\/\/www.guineeline.net\/index.php\/2022\/08\/15\/le-president-en-exercice-de-lunion-africaine-macky-sall-est-a-bamako\/#breadcrumb\",\"itemListElement\":[{\"@type\":\"ListItem\",\"position\":1,\"name\":\"Accueil\",\"item\":\"https:\/\/www.guineeline.net\/\"},{\"@type\":\"ListItem\",\"position\":2,\"name\":\"Le Pr\u00e9sident en exercice de l\u2019Union Africaine Macky Sall est \u00e0 Bamako\"}]},{\"@type\":\"WebSite\",\"@id\":\"https:\/\/www.guineeline.net\/#website\",\"url\":\"https:\/\/www.guineeline.net\/\",\"name\":\"Guineeline\",\"description\":\"L&#039;information en un clic\",\"potentialAction\":[{\"@type\":\"SearchAction\",\"target\":{\"@type\":\"EntryPoint\",\"urlTemplate\":\"https:\/\/www.guineeline.net\/?s={search_term_string}\"},\"query-input\":{\"@type\":\"PropertyValueSpecification\",\"valueRequired\":true,\"valueName\":\"search_term_string\"}}],\"inLanguage\":\"fr-FR\"},{\"@type\":\"Person\",\"@id\":\"https:\/\/www.guineeline.net\/#\/schema\/person\/f5914e0a4c56cc8f4aa0922cc547a390\",\"name\":\"Guineeline\",\"image\":{\"@type\":\"ImageObject\",\"inLanguage\":\"fr-FR\",\"@id\":\"https:\/\/www.guineeline.net\/#\/schema\/person\/image\/\",\"url\":\"https:\/\/secure.gravatar.com\/avatar\/432ce140236c408fa05ea28acd193ba03163acdd0efbe444c1c44957b8a29a2a?s=96&d=mm&r=g\",\"contentUrl\":\"https:\/\/secure.gravatar.com\/avatar\/432ce140236c408fa05ea28acd193ba03163acdd0efbe444c1c44957b8a29a2a?s=96&d=mm&r=g\",\"caption\":\"Guineeline\"},\"url\":\"https:\/\/www.guineeline.net\/index.php\/author\/admin\/\"}]}<\/script>\n<!-- \/ Yoast SEO plugin. -->","yoast_head_json":{"title":"Le Pr\u00e9sident en exercice de l\u2019Union Africaine Macky Sall est \u00e0 Bamako - Guineeline","robots":{"index":"index","follow":"follow","max-snippet":"max-snippet:-1","max-image-preview":"max-image-preview:large","max-video-preview":"max-video-preview:-1"},"canonical":"https:\/\/www.guineeline.net\/index.php\/2022\/08\/15\/le-president-en-exercice-de-lunion-africaine-macky-sall-est-a-bamako\/","og_locale":"fr_FR","og_type":"article","og_title":"Le Pr\u00e9sident en exercice de l\u2019Union Africaine Macky Sall est \u00e0 Bamako - Guineeline","og_description":"Visite d\u2019amiti\u00e9 et de travail du Pr\u00e9sident Macky Sall \u00e0 Bamako et Gabon Ce Lundi 15 Ao\u00fbt 2022, le Pr\u00e9sident Macky Sall effectue une visite d\u2019amiti\u00e9 et de travail au Mali. Il a \u00e9t\u00e9 accueilli par le Pr\u00e9sident de la Transition, chef de l\u2019\u00e9tat, le Colonel Assimi Goita. Les deux chefs d\u2019\u00e9tat auront un entretien [&hellip;]","og_url":"https:\/\/www.guineeline.net\/index.php\/2022\/08\/15\/le-president-en-exercice-de-lunion-africaine-macky-sall-est-a-bamako\/","og_site_name":"Guineeline","article_published_time":"2022-08-15T15:29:27+00:00","article_modified_time":"2022-08-15T15:29:39+00:00","og_image":[{"width":720,"height":480,"url":"https:\/\/www.guineeline.net\/wp-content\/uploads\/2022\/08\/Macky-sall-a-Bamako.jpg","type":"image\/jpeg"}],"author":"Guineeline","twitter_card":"summary_large_image","twitter_misc":{"\u00c9crit par":"Guineeline","Dur\u00e9e de lecture estim\u00e9e":"1 minute"},"schema":{"@context":"https:\/\/schema.org","@graph":[{"@type":"Article","@id":"https:\/\/www.guineeline.net\/index.php\/2022\/08\/15\/le-president-en-exercice-de-lunion-africaine-macky-sall-est-a-bamako\/#article","isPartOf":{"@id":"https:\/\/www.guineeline.net\/index.php\/2022\/08\/15\/le-president-en-exercice-de-lunion-africaine-macky-sall-est-a-bamako\/"},"author":{"name":"Guineeline","@id":"https:\/\/www.guineeline.net\/#\/schema\/person\/f5914e0a4c56cc8f4aa0922cc547a390"},"headline":"Le Pr\u00e9sident en exercice de l\u2019Union Africaine Macky Sall est \u00e0 Bamako","datePublished":"2022-08-15T15:29:27+00:00","dateModified":"2022-08-15T15:29:39+00:00","mainEntityOfPage":{"@id":"https:\/\/www.guineeline.net\/index.php\/2022\/08\/15\/le-president-en-exercice-de-lunion-africaine-macky-sall-est-a-bamako\/"},"wordCount":157,"commentCount":0,"image":{"@id":"https:\/\/www.guineeline.net\/index.php\/2022\/08\/15\/le-president-en-exercice-de-lunion-africaine-macky-sall-est-a-bamako\/#primaryimage"},"thumbnailUrl":"https:\/\/www.guineeline.net\/wp-content\/uploads\/2022\/08\/Macky-sall-a-Bamako.jpg","articleSection":["Actualit\u00e9s"],"inLanguage":"fr-FR","potentialAction":[{"@type":"CommentAction","name":"Comment","target":["https:\/\/www.guineeline.net\/index.php\/2022\/08\/15\/le-president-en-exercice-de-lunion-africaine-macky-sall-est-a-bamako\/#respond"]}]},{"@type":"WebPage","@id":"https:\/\/www.guineeline.net\/index.php\/2022\/08\/15\/le-president-en-exercice-de-lunion-africaine-macky-sall-est-a-bamako\/","url":"https:\/\/www.guineeline.net\/index.php\/2022\/08\/15\/le-president-en-exercice-de-lunion-africaine-macky-sall-est-a-bamako\/","name":"Le Pr\u00e9sident en exercice de l\u2019Union Africaine Macky Sall est \u00e0 Bamako - Guineeline","isPartOf":{"@id":"https:\/\/www.guineeline.net\/#website"},"primaryImageOfPage":{"@id":"https:\/\/www.guineeline.net\/index.php\/2022\/08\/15\/le-president-en-exercice-de-lunion-africaine-macky-sall-est-a-bamako\/#primaryimage"},"image":{"@id":"https:\/\/www.guineeline.net\/index.php\/2022\/08\/15\/le-president-en-exercice-de-lunion-africaine-macky-sall-est-a-bamako\/#primaryimage"},"thumbnailUrl":"https:\/\/www.guineeline.net\/wp-content\/uploads\/2022\/08\/Macky-sall-a-Bamako.jpg","datePublished":"2022-08-15T15:29:27+00:00","dateModified":"2022-08-15T15:29:39+00:00","author":{"@id":"https:\/\/www.guineeline.net\/#\/schema\/person\/f5914e0a4c56cc8f4aa0922cc547a390"},"breadcrumb":{"@id":"https:\/\/www.guineeline.net\/index.php\/2022\/08\/15\/le-president-en-exercice-de-lunion-africaine-macky-sall-est-a-bamako\/#breadcrumb"},"inLanguage":"fr-FR","potentialAction":[{"@type":"ReadAction","target":["https:\/\/www.guineeline.net\/index.php\/2022\/08\/15\/le-president-en-exercice-de-lunion-africaine-macky-sall-est-a-bamako\/"]}]},{"@type":"ImageObject","inLanguage":"fr-FR","@id":"https:\/\/www.guineeline.net\/index.php\/2022\/08\/15\/le-president-en-exercice-de-lunion-africaine-macky-sall-est-a-bamako\/#primaryimage","url":"https:\/\/www.guineeline.net\/wp-content\/uploads\/2022\/08\/Macky-sall-a-Bamako.jpg","contentUrl":"https:\/\/www.guineeline.net\/wp-content\/uploads\/2022\/08\/Macky-sall-a-Bamako.jpg","width":720,"height":480},{"@type":"BreadcrumbList","@id":"https:\/\/www.guineeline.net\/index.php\/2022\/08\/15\/le-president-en-exercice-de-lunion-africaine-macky-sall-est-a-bamako\/#breadcrumb","itemListElement":[{"@type":"ListItem","position":1,"name":"Accueil","item":"https:\/\/www.guineeline.net\/"},{"@type":"ListItem","position":2,"name":"Le Pr\u00e9sident en exercice de l\u2019Union Africaine Macky Sall est \u00e0 Bamako"}]},{"@type":"WebSite","@id":"https:\/\/www.guineeline.net\/#website","url":"https:\/\/www.guineeline.net\/","name":"Guineeline","description":"L&#039;information en un clic","potentialAction":[{"@type":"SearchAction","target":{"@type":"EntryPoint","urlTemplate":"https:\/\/www.guineeline.net\/?s={search_term_string}"},"query-input":{"@type":"PropertyValueSpecification","valueRequired":true,"valueName":"search_term_string"}}],"inLanguage":"fr-FR"},{"@type":"Person","@id":"https:\/\/www.guineeline.net\/#\/schema\/person\/f5914e0a4c56cc8f4aa0922cc547a390","name":"Guineeline","image":{"@type":"ImageObject","inLanguage":"fr-FR","@id":"https:\/\/www.guineeline.net\/#\/schema\/person\/image\/","url":"https:\/\/secure.gravatar.com\/avatar\/432ce140236c408fa05ea28acd193ba03163acdd0efbe444c1c44957b8a29a2a?s=96&d=mm&r=g","contentUrl":"https:\/\/secure.gravatar.com\/avatar\/432ce140236c408fa05ea28acd193ba03163acdd0efbe444c1c44957b8a29a2a?s=96&d=mm&r=g","caption":"Guineeline"},"url":"https:\/\/www.guineeline.net\/index.php\/author\/admin\/"}]}},"_links":{"self":[{"href":"https:\/\/www.guineeline.net\/index.php\/wp-json\/wp\/v2\/posts\/760","targetHints":{"allow":["GET"]}}],"collection":[{"href":"https:\/\/www.guineeline.net\/index.php\/wp-json\/wp\/v2\/posts"}],"about":[{"href":"https:\/\/www.guineeline.net\/index.php\/wp-json\/wp\/v2\/types\/post"}],"author":[{"embeddable":true,"href":"https:\/\/www.guineeline.net\/index.php\/wp-json\/wp\/v2\/users\/3"}],"replies":[{"embeddable":true,"href":"https:\/\/www.guineeline.net\/index.php\/wp-json\/wp\/v2\/comments?post=760"}],"version-history":[{"count":2,"href":"https:\/\/www.guineeline.net\/index.php\/wp-json\/wp\/v2\/posts\/760\/revisions"}],"predecessor-version":[{"id":764,"href":"https:\/\/www.guineeline.net\/index.php\/wp-json\/wp\/v2\/posts\/760\/revisions\/764"}],"wp:featuredmedia":[{"embeddable":true,"href":"https:\/\/www.guineeline.net\/index.php\/wp-json\/wp\/v2\/media\/761"}],"wp:attachment":[{"href":"https:\/\/www.guineeline.net\/index.php\/wp-json\/wp\/v2\/media?parent=760"}],"wp:term":[{"taxonomy":"category","embeddable":true,"href":"https:\/\/www.guineeline.net\/index.php\/wp-json\/wp\/v2\/categories?post=760"},{"taxonomy":"post_tag","embeddable":true,"href":"https:\/\/www.guineeline.net\/index.php\/wp-json\/wp\/v2\/tags?post=760"}],"curies":[{"name":"wp","href":"https:\/\/api.w.org\/{rel}","templated":true}]}}