{"id":75,"date":"2021-04-20T17:44:04","date_gmt":"2021-04-20T17:44:04","guid":{"rendered":"https:\/\/influencesnews.com\/?p=75"},"modified":"2021-04-20T17:44:04","modified_gmt":"2021-04-20T17:44:04","slug":"obseques-nationales-du-president-tchadien-idriss-deby-vendredi-presidence","status":"publish","type":"post","link":"https:\/\/www.guineeline.net\/index.php\/2021\/04\/20\/obseques-nationales-du-president-tchadien-idriss-deby-vendredi-presidence\/","title":{"rendered":"Obs\u00e8ques nationales du pr\u00e9sident tchadien Idriss D\u00e9by vendredi (pr\u00e9sidence)"},"content":{"rendered":"<p>Les obs\u00e8ques nationales du pr\u00e9sident du Tchad Idriss D\u00e9by Itno, tu\u00e9 lundi 19 avril en dirigeant des combats de son arm\u00e9e contre des rebelles, auront lieu vendredi 23 avril \u00e0 Ndjamena avant son inhumation dans sa r\u00e9gion natale dans l&rsquo;extr\u00eame Est, a annonc\u00e9 la pr\u00e9sidence ce mardi 20 avril. \u00abLes obs\u00e8ques officielles du Mar\u00e9chal du Tchad, Pr\u00e9sident de la R\u00e9publique [&#8230;] Idriss D\u00e9by Itno, d\u00e9c\u00e9d\u00e9 le 19 avril, se d\u00e9rouleront sur la place de la Nation le vendredi 23 avril\u00bb, en pr\u00e9sence \u00abde chefs d&rsquo;\u00c9tat et de gouvernement des pays amis\u00bb, lit-on dans un communiqu\u00e9 du protocole de la pr\u00e9sidence, en r\u00e9f\u00e9rence \u00e0 la grande place centrale de la capitale.<\/p>\n","protected":false},"excerpt":{"rendered":"<p>Les obs\u00e8ques nationales du pr\u00e9sident du Tchad Idriss D\u00e9by Itno, tu\u00e9 lundi 19 avril en dirigeant des combats de son arm\u00e9e contre des rebelles, auront lieu vendredi 23 avril \u00e0 Ndjamena avant son inhumation dans sa r\u00e9gion natale dans l&rsquo;extr\u00eame Est, a annonc\u00e9 la pr\u00e9sidence ce mardi 20 avril. \u00abLes obs\u00e8ques officielles du Mar\u00e9chal du [&hellip;]<\/p>\n","protected":false},"author":1,"featured_media":76,"comment_status":"open","ping_status":"open","sticky":false,"template":"","format":"standard","meta":{"jnews-multi-image_gallery":[],"jnews_single_post":[],"jnews_primary_category":[],"jnews_override_counter":[],"footnotes":""},"categories":[1],"tags":[14],"class_list":["post-75","post","type-post","status-publish","format-standard","has-post-thumbnail","hentry","category-non-classe","tag-laune"],"yoast_head":"<!-- This site is optimized with the Yoast SEO plugin v26.9 - https:\/\/yoast.com\/product\/yoast-seo-wordpress\/ -->\n<title>Obs\u00e8ques nationales du pr\u00e9sident tchadien Idriss D\u00e9by vendredi (pr\u00e9sidence) - Guineeline<\/title>\n<meta name=\"robots\" content=\"index, follow, max-snippet:-1, max-image-preview:large, max-video-preview:-1\" \/>\n<link rel=\"canonical\" href=\"https:\/\/www.guineeline.net\/index.php\/2021\/04\/20\/obseques-nationales-du-president-tchadien-idriss-deby-vendredi-presidence\/\" \/>\n<meta property=\"og:locale\" content=\"fr_FR\" \/>\n<meta property=\"og:type\" content=\"article\" \/>\n<meta property=\"og:title\" content=\"Obs\u00e8ques nationales du pr\u00e9sident tchadien Idriss D\u00e9by vendredi (pr\u00e9sidence) - Guineeline\" \/>\n<meta property=\"og:description\" content=\"Les obs\u00e8ques nationales du pr\u00e9sident du Tchad Idriss D\u00e9by Itno, tu\u00e9 lundi 19 avril en dirigeant des combats de son arm\u00e9e contre des rebelles, auront lieu vendredi 23 avril \u00e0 Ndjamena avant son inhumation dans sa r\u00e9gion natale dans l&rsquo;extr\u00eame Est, a annonc\u00e9 la pr\u00e9sidence ce mardi 20 avril. \u00abLes obs\u00e8ques officielles du Mar\u00e9chal du [&hellip;]\" \/>\n<meta property=\"og:url\" content=\"https:\/\/www.guineeline.net\/index.php\/2021\/04\/20\/obseques-nationales-du-president-tchadien-idriss-deby-vendredi-presidence\/\" \/>\n<meta property=\"og:site_name\" content=\"Guineeline\" \/>\n<meta property=\"article:published_time\" content=\"2021-04-20T17:44:04+00:00\" \/>\n<meta property=\"og:image\" content=\"https:\/\/www.guineeline.net\/wp-content\/uploads\/2021\/04\/607eb12a25cef2.75404084.png\" \/>\n\t<meta property=\"og:image:width\" content=\"970\" \/>\n\t<meta property=\"og:image:height\" content=\"541\" \/>\n\t<meta property=\"og:image:type\" content=\"image\/png\" \/>\n<meta name=\"author\" content=\"Ouryamine\" \/>\n<meta name=\"twitter:card\" content=\"summary_large_image\" \/>\n<meta name=\"twitter:label1\" content=\"\u00c9crit par\" \/>\n\t<meta name=\"twitter:data1\" content=\"Ouryamine\" \/>\n\t<meta name=\"twitter:label2\" content=\"Dur\u00e9e de lecture estim\u00e9e\" \/>\n\t<meta name=\"twitter:data2\" content=\"1 minute\" \/>\n<script type=\"application\/ld+json\" class=\"yoast-schema-graph\">{\"@context\":\"https:\/\/schema.org\",\"@graph\":[{\"@type\":\"Article\",\"@id\":\"https:\/\/www.guineeline.net\/index.php\/2021\/04\/20\/obseques-nationales-du-president-tchadien-idriss-deby-vendredi-presidence\/#article\",\"isPartOf\":{\"@id\":\"https:\/\/www.guineeline.net\/index.php\/2021\/04\/20\/obseques-nationales-du-president-tchadien-idriss-deby-vendredi-presidence\/\"},\"author\":{\"name\":\"Ouryamine\",\"@id\":\"https:\/\/www.guineeline.net\/#\/schema\/person\/398a877dffd4163ff8ffd48db1ebc8df\"},\"headline\":\"Obs\u00e8ques nationales du pr\u00e9sident tchadien Idriss D\u00e9by vendredi (pr\u00e9sidence)\",\"datePublished\":\"2021-04-20T17:44:04+00:00\",\"mainEntityOfPage\":{\"@id\":\"https:\/\/www.guineeline.net\/index.php\/2021\/04\/20\/obseques-nationales-du-president-tchadien-idriss-deby-vendredi-presidence\/\"},\"wordCount\":136,\"commentCount\":0,\"image\":{\"@id\":\"https:\/\/www.guineeline.net\/index.php\/2021\/04\/20\/obseques-nationales-du-president-tchadien-idriss-deby-vendredi-presidence\/#primaryimage\"},\"thumbnailUrl\":\"https:\/\/www.guineeline.net\/wp-content\/uploads\/2021\/04\/607eb12a25cef2.75404084.png\",\"keywords\":[\"La une\"],\"inLanguage\":\"fr-FR\",\"potentialAction\":[{\"@type\":\"CommentAction\",\"name\":\"Comment\",\"target\":[\"https:\/\/www.guineeline.net\/index.php\/2021\/04\/20\/obseques-nationales-du-president-tchadien-idriss-deby-vendredi-presidence\/#respond\"]}]},{\"@type\":\"WebPage\",\"@id\":\"https:\/\/www.guineeline.net\/index.php\/2021\/04\/20\/obseques-nationales-du-president-tchadien-idriss-deby-vendredi-presidence\/\",\"url\":\"https:\/\/www.guineeline.net\/index.php\/2021\/04\/20\/obseques-nationales-du-president-tchadien-idriss-deby-vendredi-presidence\/\",\"name\":\"Obs\u00e8ques nationales du pr\u00e9sident tchadien Idriss D\u00e9by vendredi (pr\u00e9sidence) - Guineeline\",\"isPartOf\":{\"@id\":\"https:\/\/www.guineeline.net\/#website\"},\"primaryImageOfPage\":{\"@id\":\"https:\/\/www.guineeline.net\/index.php\/2021\/04\/20\/obseques-nationales-du-president-tchadien-idriss-deby-vendredi-presidence\/#primaryimage\"},\"image\":{\"@id\":\"https:\/\/www.guineeline.net\/index.php\/2021\/04\/20\/obseques-nationales-du-president-tchadien-idriss-deby-vendredi-presidence\/#primaryimage\"},\"thumbnailUrl\":\"https:\/\/www.guineeline.net\/wp-content\/uploads\/2021\/04\/607eb12a25cef2.75404084.png\",\"datePublished\":\"2021-04-20T17:44:04+00:00\",\"author\":{\"@id\":\"https:\/\/www.guineeline.net\/#\/schema\/person\/398a877dffd4163ff8ffd48db1ebc8df\"},\"breadcrumb\":{\"@id\":\"https:\/\/www.guineeline.net\/index.php\/2021\/04\/20\/obseques-nationales-du-president-tchadien-idriss-deby-vendredi-presidence\/#breadcrumb\"},\"inLanguage\":\"fr-FR\",\"potentialAction\":[{\"@type\":\"ReadAction\",\"target\":[\"https:\/\/www.guineeline.net\/index.php\/2021\/04\/20\/obseques-nationales-du-president-tchadien-idriss-deby-vendredi-presidence\/\"]}]},{\"@type\":\"ImageObject\",\"inLanguage\":\"fr-FR\",\"@id\":\"https:\/\/www.guineeline.net\/index.php\/2021\/04\/20\/obseques-nationales-du-president-tchadien-idriss-deby-vendredi-presidence\/#primaryimage\",\"url\":\"https:\/\/www.guineeline.net\/wp-content\/uploads\/2021\/04\/607eb12a25cef2.75404084.png\",\"contentUrl\":\"https:\/\/www.guineeline.net\/wp-content\/uploads\/2021\/04\/607eb12a25cef2.75404084.png\",\"width\":970,\"height\":541},{\"@type\":\"BreadcrumbList\",\"@id\":\"https:\/\/www.guineeline.net\/index.php\/2021\/04\/20\/obseques-nationales-du-president-tchadien-idriss-deby-vendredi-presidence\/#breadcrumb\",\"itemListElement\":[{\"@type\":\"ListItem\",\"position\":1,\"name\":\"Accueil\",\"item\":\"https:\/\/www.guineeline.net\/\"},{\"@type\":\"ListItem\",\"position\":2,\"name\":\"Obs\u00e8ques nationales du pr\u00e9sident tchadien Idriss D\u00e9by vendredi (pr\u00e9sidence)\"}]},{\"@type\":\"WebSite\",\"@id\":\"https:\/\/www.guineeline.net\/#website\",\"url\":\"https:\/\/www.guineeline.net\/\",\"name\":\"Guineeline\",\"description\":\"L&#039;information en un clic\",\"potentialAction\":[{\"@type\":\"SearchAction\",\"target\":{\"@type\":\"EntryPoint\",\"urlTemplate\":\"https:\/\/www.guineeline.net\/?s={search_term_string}\"},\"query-input\":{\"@type\":\"PropertyValueSpecification\",\"valueRequired\":true,\"valueName\":\"search_term_string\"}}],\"inLanguage\":\"fr-FR\"},{\"@type\":\"Person\",\"@id\":\"https:\/\/www.guineeline.net\/#\/schema\/person\/398a877dffd4163ff8ffd48db1ebc8df\",\"name\":\"Ouryamine\",\"image\":{\"@type\":\"ImageObject\",\"inLanguage\":\"fr-FR\",\"@id\":\"https:\/\/www.guineeline.net\/#\/schema\/person\/image\/\",\"url\":\"https:\/\/secure.gravatar.com\/avatar\/c0faa0f472c43eff99fecb0bd2a1c6782e80a162c9fcb7ed2d48bb42ea619f30?s=96&d=mm&r=g\",\"contentUrl\":\"https:\/\/secure.gravatar.com\/avatar\/c0faa0f472c43eff99fecb0bd2a1c6782e80a162c9fcb7ed2d48bb42ea619f30?s=96&d=mm&r=g\",\"caption\":\"Ouryamine\"},\"sameAs\":[\"https:\/\/www.guineeline.net\"],\"url\":\"https:\/\/www.guineeline.net\/index.php\/author\/ouryamine\/\"}]}<\/script>\n<!-- \/ Yoast SEO plugin. -->","yoast_head_json":{"title":"Obs\u00e8ques nationales du pr\u00e9sident tchadien Idriss D\u00e9by vendredi (pr\u00e9sidence) - Guineeline","robots":{"index":"index","follow":"follow","max-snippet":"max-snippet:-1","max-image-preview":"max-image-preview:large","max-video-preview":"max-video-preview:-1"},"canonical":"https:\/\/www.guineeline.net\/index.php\/2021\/04\/20\/obseques-nationales-du-president-tchadien-idriss-deby-vendredi-presidence\/","og_locale":"fr_FR","og_type":"article","og_title":"Obs\u00e8ques nationales du pr\u00e9sident tchadien Idriss D\u00e9by vendredi (pr\u00e9sidence) - Guineeline","og_description":"Les obs\u00e8ques nationales du pr\u00e9sident du Tchad Idriss D\u00e9by Itno, tu\u00e9 lundi 19 avril en dirigeant des combats de son arm\u00e9e contre des rebelles, auront lieu vendredi 23 avril \u00e0 Ndjamena avant son inhumation dans sa r\u00e9gion natale dans l&rsquo;extr\u00eame Est, a annonc\u00e9 la pr\u00e9sidence ce mardi 20 avril. \u00abLes obs\u00e8ques officielles du Mar\u00e9chal du [&hellip;]","og_url":"https:\/\/www.guineeline.net\/index.php\/2021\/04\/20\/obseques-nationales-du-president-tchadien-idriss-deby-vendredi-presidence\/","og_site_name":"Guineeline","article_published_time":"2021-04-20T17:44:04+00:00","og_image":[{"width":970,"height":541,"url":"https:\/\/www.guineeline.net\/wp-content\/uploads\/2021\/04\/607eb12a25cef2.75404084.png","type":"image\/png"}],"author":"Ouryamine","twitter_card":"summary_large_image","twitter_misc":{"\u00c9crit par":"Ouryamine","Dur\u00e9e de lecture estim\u00e9e":"1 minute"},"schema":{"@context":"https:\/\/schema.org","@graph":[{"@type":"Article","@id":"https:\/\/www.guineeline.net\/index.php\/2021\/04\/20\/obseques-nationales-du-president-tchadien-idriss-deby-vendredi-presidence\/#article","isPartOf":{"@id":"https:\/\/www.guineeline.net\/index.php\/2021\/04\/20\/obseques-nationales-du-president-tchadien-idriss-deby-vendredi-presidence\/"},"author":{"name":"Ouryamine","@id":"https:\/\/www.guineeline.net\/#\/schema\/person\/398a877dffd4163ff8ffd48db1ebc8df"},"headline":"Obs\u00e8ques nationales du pr\u00e9sident tchadien Idriss D\u00e9by vendredi (pr\u00e9sidence)","datePublished":"2021-04-20T17:44:04+00:00","mainEntityOfPage":{"@id":"https:\/\/www.guineeline.net\/index.php\/2021\/04\/20\/obseques-nationales-du-president-tchadien-idriss-deby-vendredi-presidence\/"},"wordCount":136,"commentCount":0,"image":{"@id":"https:\/\/www.guineeline.net\/index.php\/2021\/04\/20\/obseques-nationales-du-president-tchadien-idriss-deby-vendredi-presidence\/#primaryimage"},"thumbnailUrl":"https:\/\/www.guineeline.net\/wp-content\/uploads\/2021\/04\/607eb12a25cef2.75404084.png","keywords":["La une"],"inLanguage":"fr-FR","potentialAction":[{"@type":"CommentAction","name":"Comment","target":["https:\/\/www.guineeline.net\/index.php\/2021\/04\/20\/obseques-nationales-du-president-tchadien-idriss-deby-vendredi-presidence\/#respond"]}]},{"@type":"WebPage","@id":"https:\/\/www.guineeline.net\/index.php\/2021\/04\/20\/obseques-nationales-du-president-tchadien-idriss-deby-vendredi-presidence\/","url":"https:\/\/www.guineeline.net\/index.php\/2021\/04\/20\/obseques-nationales-du-president-tchadien-idriss-deby-vendredi-presidence\/","name":"Obs\u00e8ques nationales du pr\u00e9sident tchadien Idriss D\u00e9by vendredi (pr\u00e9sidence) - Guineeline","isPartOf":{"@id":"https:\/\/www.guineeline.net\/#website"},"primaryImageOfPage":{"@id":"https:\/\/www.guineeline.net\/index.php\/2021\/04\/20\/obseques-nationales-du-president-tchadien-idriss-deby-vendredi-presidence\/#primaryimage"},"image":{"@id":"https:\/\/www.guineeline.net\/index.php\/2021\/04\/20\/obseques-nationales-du-president-tchadien-idriss-deby-vendredi-presidence\/#primaryimage"},"thumbnailUrl":"https:\/\/www.guineeline.net\/wp-content\/uploads\/2021\/04\/607eb12a25cef2.75404084.png","datePublished":"2021-04-20T17:44:04+00:00","author":{"@id":"https:\/\/www.guineeline.net\/#\/schema\/person\/398a877dffd4163ff8ffd48db1ebc8df"},"breadcrumb":{"@id":"https:\/\/www.guineeline.net\/index.php\/2021\/04\/20\/obseques-nationales-du-president-tchadien-idriss-deby-vendredi-presidence\/#breadcrumb"},"inLanguage":"fr-FR","potentialAction":[{"@type":"ReadAction","target":["https:\/\/www.guineeline.net\/index.php\/2021\/04\/20\/obseques-nationales-du-president-tchadien-idriss-deby-vendredi-presidence\/"]}]},{"@type":"ImageObject","inLanguage":"fr-FR","@id":"https:\/\/www.guineeline.net\/index.php\/2021\/04\/20\/obseques-nationales-du-president-tchadien-idriss-deby-vendredi-presidence\/#primaryimage","url":"https:\/\/www.guineeline.net\/wp-content\/uploads\/2021\/04\/607eb12a25cef2.75404084.png","contentUrl":"https:\/\/www.guineeline.net\/wp-content\/uploads\/2021\/04\/607eb12a25cef2.75404084.png","width":970,"height":541},{"@type":"BreadcrumbList","@id":"https:\/\/www.guineeline.net\/index.php\/2021\/04\/20\/obseques-nationales-du-president-tchadien-idriss-deby-vendredi-presidence\/#breadcrumb","itemListElement":[{"@type":"ListItem","position":1,"name":"Accueil","item":"https:\/\/www.guineeline.net\/"},{"@type":"ListItem","position":2,"name":"Obs\u00e8ques nationales du pr\u00e9sident tchadien Idriss D\u00e9by vendredi (pr\u00e9sidence)"}]},{"@type":"WebSite","@id":"https:\/\/www.guineeline.net\/#website","url":"https:\/\/www.guineeline.net\/","name":"Guineeline","description":"L&#039;information en un clic","potentialAction":[{"@type":"SearchAction","target":{"@type":"EntryPoint","urlTemplate":"https:\/\/www.guineeline.net\/?s={search_term_string}"},"query-input":{"@type":"PropertyValueSpecification","valueRequired":true,"valueName":"search_term_string"}}],"inLanguage":"fr-FR"},{"@type":"Person","@id":"https:\/\/www.guineeline.net\/#\/schema\/person\/398a877dffd4163ff8ffd48db1ebc8df","name":"Ouryamine","image":{"@type":"ImageObject","inLanguage":"fr-FR","@id":"https:\/\/www.guineeline.net\/#\/schema\/person\/image\/","url":"https:\/\/secure.gravatar.com\/avatar\/c0faa0f472c43eff99fecb0bd2a1c6782e80a162c9fcb7ed2d48bb42ea619f30?s=96&d=mm&r=g","contentUrl":"https:\/\/secure.gravatar.com\/avatar\/c0faa0f472c43eff99fecb0bd2a1c6782e80a162c9fcb7ed2d48bb42ea619f30?s=96&d=mm&r=g","caption":"Ouryamine"},"sameAs":["https:\/\/www.guineeline.net"],"url":"https:\/\/www.guineeline.net\/index.php\/author\/ouryamine\/"}]}},"_links":{"self":[{"href":"https:\/\/www.guineeline.net\/index.php\/wp-json\/wp\/v2\/posts\/75","targetHints":{"allow":["GET"]}}],"collection":[{"href":"https:\/\/www.guineeline.net\/index.php\/wp-json\/wp\/v2\/posts"}],"about":[{"href":"https:\/\/www.guineeline.net\/index.php\/wp-json\/wp\/v2\/types\/post"}],"author":[{"embeddable":true,"href":"https:\/\/www.guineeline.net\/index.php\/wp-json\/wp\/v2\/users\/1"}],"replies":[{"embeddable":true,"href":"https:\/\/www.guineeline.net\/index.php\/wp-json\/wp\/v2\/comments?post=75"}],"version-history":[{"count":0,"href":"https:\/\/www.guineeline.net\/index.php\/wp-json\/wp\/v2\/posts\/75\/revisions"}],"wp:featuredmedia":[{"embeddable":true,"href":"https:\/\/www.guineeline.net\/index.php\/wp-json\/wp\/v2\/media\/76"}],"wp:attachment":[{"href":"https:\/\/www.guineeline.net\/index.php\/wp-json\/wp\/v2\/media?parent=75"}],"wp:term":[{"taxonomy":"category","embeddable":true,"href":"https:\/\/www.guineeline.net\/index.php\/wp-json\/wp\/v2\/categories?post=75"},{"taxonomy":"post_tag","embeddable":true,"href":"https:\/\/www.guineeline.net\/index.php\/wp-json\/wp\/v2\/tags?post=75"}],"curies":[{"name":"wp","href":"https:\/\/api.w.org\/{rel}","templated":true}]}}