{"id":71,"date":"2021-04-20T17:39:35","date_gmt":"2021-04-20T17:39:35","guid":{"rendered":"https:\/\/influencesnews.com\/?p=71"},"modified":"2025-04-28T14:12:39","modified_gmt":"2025-04-28T12:12:39","slug":"les-dommages-sanitaires-causes-par-lenvolee-de-la-poudre-dalumine-de-rusal-friguia","status":"publish","type":"post","link":"https:\/\/www.guineeline.net\/index.php\/2021\/04\/20\/les-dommages-sanitaires-causes-par-lenvolee-de-la-poudre-dalumine-de-rusal-friguia\/","title":{"rendered":"Les dommages sanitaires caus\u00e9s par l\u2019envol\u00e9e de la poudre d\u2019alumine de Rusal Friguia"},"content":{"rendered":"<p><em><strong>Ag\u00e9e d\u2019une soixantaine d\u2019ann\u00e9es, Mme Thierno Kadiatou Diallo est citoyenne de Fria, habitante dans le quartier Tigu\u00e9-Lak\u00f4, situ\u00e9 \u00e0 environ 1 km \u00e0 l\u2019ouest de l\u2019usine Rusal Friguia. Assise sous un manguier avec une de ses petites filles, la vielle dame contemple avec pr\u00e9occupation sa concession envelopp\u00e9e par la poudre d\u2019alumine qui s\u2019est \u00e9vapor\u00e9e de l\u2019usine Rusal Friguia.<\/strong><\/em><\/p>\n<p>\u00ab\u00a0<em>Depuis que la poudre a commenc\u00e9, tous nos enfants sont malades. Ils ont des toux, des maux de gorges et de ventre. Cette fille-l\u00e0, souffre de maux de ventre depuis quelques jours. Chaque fois, son papa l\u2019envoi \u00e0 l\u2019h\u00f4pital. Mais elle n\u2019est pas encore gu\u00e9rie<\/em>\u00a0\u00bb, raconte madame Diallo. \u00ab\u00a0<em>Aujourd\u2019hui, ajoute-t-elle, on ne consomme pas les feuilles de manioc, de patate et autres. Nous ne pouvons pas pr\u00e9parer dehors, ni boire l\u2019eau de la rivi\u00e8re. Tous nos aliments sont pollu\u00e9s par la poussi\u00e8re qui vient de l\u2019usine. Au d\u00e9part on pensait que c\u2019\u00e9tait du rhume, on a cherch\u00e9 des m\u00e9dicaments traditionnels, mais on n\u2019est pas parvenu<\/em>\u00a0\u00bb.<\/p>\n<p>Cette histoire est un exemple parmi tant d\u2019autres qu\u2019ont v\u00e9cus plusieurs citoyens de Fria. En effet, la pr\u00e9fecture de Fria a \u00e9t\u00e9 envahie depuis 2020 par une pollution atmosph\u00e9rique. Cette situation est due aux activit\u00e9s de la compagnie Rusal\/Friguia, dont la raffinerie d\u2019exploitation aurait eu des probl\u00e8mes \u00ab <em>au niveau des battages des fours <\/em>\u00bb.<\/p>\n<p>Sur place, les constats li\u00e9s \u00e0 la pollution de l\u2019environnement sont palpables. Les nuages de poudre blanches qui se sont pos\u00e9s sur les surfaces sont visibles sur les sols, les b\u00e2timents, les feuillages, les cultures, les engins stationn\u00e9s, etc. L\u2019\u00e9vaporation de la poudre d\u2019alumine a aussi impact\u00e9 la sant\u00e9 humaine, selon plusieurs t\u00e9moignages.<\/p>\n<p>\u00ab\u00a0<em>Je dois aller demain \u00e0 Kamsar pour suivre des soins m\u00e9dicaux. Parce que depuis que la poudre a commenc\u00e9, je ne me porte pas bien. Je tousse, et mon ventre chauffe beaucoup<\/em>\u00a0\u00bb, t\u00e9moigne Hadja Mb\u00e2liya Sylla, une autre habitante de Tigu\u00e9-Lak\u00f4. Pire, se d\u00e9sole-t-elle, \u00ab\u00a0<em>tout le quartier n\u2019a qu\u2019un seul puits am\u00e9lior\u00e9 pour l\u2019usage domestique. Nous vivons de nos arbres fruitiers, mais aujourd\u2019hui la soude caustique a tout g\u00e2t\u00e9. Toutes les mangues, oranges, les r\u00e9gimes de palmistes et m\u00eame les ananas ne sont pas consommables<\/em>\u00a0\u00bb.<\/p>\n<p><strong>La situation vue par les sp\u00e9cialistes de la sante<\/strong><\/p>\n<p>Dans un rapport r\u00e9dig\u00e9 par une mission d\u2019experts du laboratoire d\u2019analyses environnementale du minist\u00e8re de l\u2019Environnement, des eaux et for\u00eats, au terme d\u2019un s\u00e9jour\u00a0effectu\u00e9 les 23 et 24 novembre dernier, la mission a eu des rencontres d\u2019\u00e9changes avec diff\u00e9rents responsables de l\u2019administration pr\u00e9fectorale de Fria, des t\u00e9moignages des populations riveraines, de l\u2019administration de Friguia et le Directeur par int\u00e9rim de l\u2019h\u00f4pital pr\u00e9fectoral de Fria.<\/p>\n<p>Parmi les entretiens rapport\u00e9s dans ce document, il y a celui de ce dernier, le Chirurgien, le Dr Mamadouba Camara.<\/p>\n<p>\u00ab<em>Je suis personnellement malade depuis trois (3) jours suite \u00e0 ces envol\u00e9es de poussi\u00e8res d\u2019alumine \u00e0 Fria, et toute ma famille se trouve dans les m\u00eames conditions de m\u00e9forme physique<\/em>,\u00bb lit-on dans le rapport. Plus grave poursuit-il, \u00ab\u2026<em>tous mes collaborateurs directs de services sont malades aussi \u00e0 telle enseigne que toutes les interventions chirurgicales sont ajourn\u00e9es depuis trois (3) jours, car la maladie du chirurgien est incompatible avec son intervention<\/em>. \u00bb<\/p>\n<p>Par ailleurs, le m\u00e9decin pr\u00e9cise que \u00ab <em>la toux et les maux d\u2019yeux sont les principaux signes des malaises li\u00e9s aux envol\u00e9es de poussi\u00e8res et qui font l\u2019objet de plaintes actuellement des patients qui arrivent \u00e0 l\u2019h\u00f4pital pr\u00e9fectoral. Le registre de consultations m\u00e9dicales en fait foi <\/em>\u00bb.<\/p>\n<p>Pour sa part, le directeur pr\u00e9fectoral de la sant\u00e9 de Fria, le docteur Ibrahima Diallo a fait une analyse comparative entre deux p\u00e9riodes similaires. Alors que la pollution est survenue entre novembre et d\u00e9cembre 2020, l\u2019analyse comparative est de novembre et d\u00e9cembre 2018.<\/p>\n<p>\u00ab\u00a0<em>En novembre 2018 dit-il, nous avons enregistr\u00e9 417 cas d\u2019infections respiratoires aigus avec 0 cas de d\u00e9c\u00e8s. Et pour le mois de d\u00e9cembre 2018, il y a eu 304 cas\u00a0recens\u00e9s dans les structures sanitaires, avec 0 cas de d\u00e9c\u00e8s \u00e9galement. Au total, pour l\u2019ann\u00e9e 2018, il y a eu 721 cas dont 0 d\u00e9c\u00e8s. Et pour l\u2019ann\u00e9e 2020, le mois de novembre a couvert 228 cas avec 0 d\u00e9c\u00e8s, et le mois de d\u00e9cembre 321 cas avec 0 d\u00e9c\u00e8s \u00e9galement, soit un total de 749 cas. Neuf (9) cas ont \u00e9t\u00e9 hospitalis\u00e9s\u00a0et qui relevaient de la p\u00e9diatrie au niveau de l\u2019h\u00f4pital pr\u00e9fectoral. Il faut reconnaitre qu\u2019il s\u2019agit des donn\u00e9es de la\u00a0commune urbaine o\u00f9 il y\u2019avait cette envol\u00e9e de poussi\u00e8re. Donc l\u2019\u00e9cart faisait \u00e9tat de 28 cas soit 4% d\u2019augmentation entre 2018 et 2019. Faut-il pr\u00e9ciser qu\u2019il s\u2019agit d\u2019une infection respiratoire\u00a0aigu\u00eb inferieure \u00e0 deux semaines et un pulmon\u00e9 simple, d\u2019une grippe, etc. et toutes ces maladies sont de courte dur\u00e9e ne d\u00e9passant pas cinq (5) jours<\/em>\u00a0\u00bb, a d\u00e9velopp\u00e9 le directeur pr\u00e9fectoral de la sant\u00e9.<\/p>\n<p>Dans le rapport de la mission du Laboratoire d\u2019analyses, une question \u00e9t\u00e9 pos\u00e9e aux citoyens de Fria\u00a0: \u00ab<em>Quelle est votre appr\u00e9ciation face aux envol\u00e9es de poussi\u00e8res d\u2019alumine constat\u00e9es actuellement \u00e0 Fria ?<\/em> \u00bb Soriba Bangoura, membre du bureau de la jeunesse de Fria a r\u00e9pondu en ces termes\u00a0:\u00a0\u00ab \u2026\u00a0<em>Toute la Guin\u00e9e dit que Fria est r\u00e9 ouverte car quand l\u2019usine \u00e9tait ferm\u00e9e, la sant\u00e9 n\u2019\u00e9tait pas menac\u00e9e. Mais avec la r\u00e9ouverture, Rusal ne fait qu\u2019empoisonner les populations et les travailleurs, m\u00eame si ces derniers b\u00e9n\u00e9ficient de moyens de protections<\/em>\u00a0\u00bb.<\/p>\n<p>Alors qu\u2019une solution palliative a \u00e9t\u00e9 trouv\u00e9e par l\u2019administration de Friguia face \u00e0 l\u2019envol\u00e9e de la poussi\u00e8re, les communaut\u00e9s ayant inhal\u00e9 la poudre d\u2019alumine se pr\u00e9occupent des cons\u00e9quences lointaines sur leur sant\u00e9. A cette pr\u00e9occupation, le DPS de Fria reste indiff\u00e9rent.<\/p>\n<p>\u00ab\u00a0<em>La poussi\u00e8re de l\u2019usine c\u2019est juste qu\u2019elle a exist\u00e9e. L\u2019usine \u00e0 mon entendement n\u2019utilise que la soude caustique qui est nocive en grande quantit\u00e9. Mais, c\u2019est des petites quantit\u00e9s qu\u2019on utilise ici et qui n\u2019\u00e9taient que vraiment quelque chose d\u2019irritative et qui provoquait une toute petite toux et qui passe soudainement. Mais \u00e0 long terme, je n\u2019ai pas encore vu des \u00e9tudes l\u00e0-dessus pour dire que \u00e7a peut entrainer ceci ou cela. Il faut connaitre que l\u2019usine a \u00e9t\u00e9 cr\u00e9\u00e9e en 1960. Et depuis lors, des travailleurs sont expos\u00e9s, certains sont \u00e0 la retraite. Mais pour le moment, \u00e7a ne se mat\u00e9rialise pas au niveau de nos structures sanitaires ou au niveau de nos familles pour dire voil\u00e0 telle famille a eu un cancer ou il y a eu d\u00e9c\u00e8s sous l\u2019effet de la pollution. M\u00eame s\u2019il y a des soucis par rapport \u00e0 cela, c\u2019est simplement des petites toux par rapport \u00e0 la poussi\u00e8re et qui s\u00e8chent soudainement. \u00c7a n\u2019a m\u00eame pas besoin de traitement<\/em>\u00a0\u00bb, rassure le Dr Ibrahima Diallo.<\/p>\n<p>A cela, ajoute-t-il, la panne de l\u2019usine a co\u00efncid\u00e9 au d\u00e9but de l\u2019harmattan. Il s\u2019agit d\u2019un vent sec qui souffle de l\u2019int\u00e9rieur vers la mer et ce vent am\u00e8ne avec lui la poussi\u00e8re venue de loin. Cette poussi\u00e8re aussi est tr\u00e8s irritante\u00a0 pour les muqueuses et l\u2019appareil respiratoire. \u00ab\u00a0<em>Voil\u00e0 quelque part une autre alternative de la gen\u00e8se de ces petits maux dont les populations se plaignent<\/em>\u00a0\u00bb, argumente le premier responsable pr\u00e9fectoral de la sant\u00e9.<\/p>\n<p>Nos diff\u00e9rentes tentatives pour \u00e9changer avec les responsables de l\u2019usine sont rest\u00e9es infructueuses.<\/p>\n<p>Oury BAH depuis Fria<\/p>\n","protected":false},"excerpt":{"rendered":"<p>Ag\u00e9e d\u2019une soixantaine d\u2019ann\u00e9es, Mme Thierno Kadiatou Diallo est citoyenne de Fria, habitante dans le quartier Tigu\u00e9-Lak\u00f4, situ\u00e9 \u00e0 environ 1 km \u00e0 l\u2019ouest de l\u2019usine Rusal Friguia. Assise sous un manguier avec une de ses petites filles, la vielle dame contemple avec pr\u00e9occupation sa concession envelopp\u00e9e par la poudre d\u2019alumine qui s\u2019est \u00e9vapor\u00e9e de [&hellip;]<\/p>\n","protected":false},"author":1,"featured_media":2585,"comment_status":"open","ping_status":"open","sticky":false,"template":"","format":"standard","meta":{"jnews-multi-image_gallery":[],"jnews_single_post":{"source_name":"","source_url":"","via_name":"","via_url":"","override_template":"0","override":[{"template":"1","single_blog_custom":"","parallax":"1","fullscreen":"1","layout":"right-sidebar","sidebar":"default-sidebar","second_sidebar":"default-sidebar","sticky_sidebar":"1","share_position":"top","share_float_style":"share-monocrhome","show_share_counter":"0","show_view_counter":"0","show_featured":"1","show_post_meta":"1","show_post_author":"1","show_post_author_image":"1","show_post_date":"1","post_date_format":"default","post_date_format_custom":"Y\/m\/d","show_post_category":"1","show_post_reading_time":"0","post_reading_time_wpm":"300","show_zoom_button":"0","zoom_button_out_step":"2","zoom_button_in_step":"3","show_post_tag":"1","show_prev_next_post":"1","show_popup_post":"1","number_popup_post":"1","show_author_box":"0","show_post_related":"0","show_inline_post_related":"0"}],"override_image_size":"0","image_override":[{"single_post_thumbnail_size":"crop-500","single_post_gallery_size":"crop-500"}],"trending_post":"0","trending_post_position":"meta","trending_post_label":"Trending","sponsored_post":"0","sponsored_post_label":"Sponsored by","sponsored_post_name":"","sponsored_post_url":"","sponsored_post_logo_enable":"0","sponsored_post_logo":"","sponsored_post_desc":"","disable_ad":"0"},"jnews_primary_category":{"id":"","hide":""},"jnews_override_counter":[],"footnotes":""},"categories":[19,23],"tags":[],"class_list":["post-71","post","type-post","status-publish","format-standard","has-post-thumbnail","hentry","category-environnement","category-sante"],"yoast_head":"<!-- This site is optimized with the Yoast SEO plugin v26.9 - https:\/\/yoast.com\/product\/yoast-seo-wordpress\/ -->\n<title>Les dommages sanitaires caus\u00e9s par l\u2019envol\u00e9e de la poudre d\u2019alumine de Rusal Friguia - Guineeline<\/title>\n<meta name=\"robots\" content=\"index, follow, max-snippet:-1, max-image-preview:large, max-video-preview:-1\" \/>\n<link rel=\"canonical\" href=\"https:\/\/www.guineeline.net\/index.php\/2021\/04\/20\/les-dommages-sanitaires-causes-par-lenvolee-de-la-poudre-dalumine-de-rusal-friguia\/\" \/>\n<meta property=\"og:locale\" content=\"fr_FR\" \/>\n<meta property=\"og:type\" content=\"article\" \/>\n<meta property=\"og:title\" content=\"Les dommages sanitaires caus\u00e9s par l\u2019envol\u00e9e de la poudre d\u2019alumine de Rusal Friguia - Guineeline\" \/>\n<meta property=\"og:description\" content=\"Ag\u00e9e d\u2019une soixantaine d\u2019ann\u00e9es, Mme Thierno Kadiatou Diallo est citoyenne de Fria, habitante dans le quartier Tigu\u00e9-Lak\u00f4, situ\u00e9 \u00e0 environ 1 km \u00e0 l\u2019ouest de l\u2019usine Rusal Friguia. Assise sous un manguier avec une de ses petites filles, la vielle dame contemple avec pr\u00e9occupation sa concession envelopp\u00e9e par la poudre d\u2019alumine qui s\u2019est \u00e9vapor\u00e9e de [&hellip;]\" \/>\n<meta property=\"og:url\" content=\"https:\/\/www.guineeline.net\/index.php\/2021\/04\/20\/les-dommages-sanitaires-causes-par-lenvolee-de-la-poudre-dalumine-de-rusal-friguia\/\" \/>\n<meta property=\"og:site_name\" content=\"Guineeline\" \/>\n<meta property=\"article:published_time\" content=\"2021-04-20T17:39:35+00:00\" \/>\n<meta property=\"article:modified_time\" content=\"2025-04-28T12:12:39+00:00\" \/>\n<meta property=\"og:image\" content=\"https:\/\/www.guineeline.net\/wp-content\/uploads\/2021\/04\/envolee-poussiere-fria.jpg\" \/>\n\t<meta property=\"og:image:width\" content=\"296\" \/>\n\t<meta property=\"og:image:height\" content=\"170\" \/>\n\t<meta property=\"og:image:type\" content=\"image\/jpeg\" \/>\n<meta name=\"author\" content=\"Ouryamine\" \/>\n<meta name=\"twitter:card\" content=\"summary_large_image\" \/>\n<meta name=\"twitter:label1\" content=\"\u00c9crit par\" \/>\n\t<meta name=\"twitter:data1\" content=\"Ouryamine\" \/>\n\t<meta name=\"twitter:label2\" content=\"Dur\u00e9e de lecture estim\u00e9e\" \/>\n\t<meta name=\"twitter:data2\" content=\"7 minutes\" \/>\n<script type=\"application\/ld+json\" class=\"yoast-schema-graph\">{\"@context\":\"https:\/\/schema.org\",\"@graph\":[{\"@type\":\"Article\",\"@id\":\"https:\/\/www.guineeline.net\/index.php\/2021\/04\/20\/les-dommages-sanitaires-causes-par-lenvolee-de-la-poudre-dalumine-de-rusal-friguia\/#article\",\"isPartOf\":{\"@id\":\"https:\/\/www.guineeline.net\/index.php\/2021\/04\/20\/les-dommages-sanitaires-causes-par-lenvolee-de-la-poudre-dalumine-de-rusal-friguia\/\"},\"author\":{\"name\":\"Ouryamine\",\"@id\":\"https:\/\/www.guineeline.net\/#\/schema\/person\/398a877dffd4163ff8ffd48db1ebc8df\"},\"headline\":\"Les dommages sanitaires caus\u00e9s par l\u2019envol\u00e9e de la poudre d\u2019alumine de Rusal Friguia\",\"datePublished\":\"2021-04-20T17:39:35+00:00\",\"dateModified\":\"2025-04-28T12:12:39+00:00\",\"mainEntityOfPage\":{\"@id\":\"https:\/\/www.guineeline.net\/index.php\/2021\/04\/20\/les-dommages-sanitaires-causes-par-lenvolee-de-la-poudre-dalumine-de-rusal-friguia\/\"},\"wordCount\":1360,\"commentCount\":0,\"image\":{\"@id\":\"https:\/\/www.guineeline.net\/index.php\/2021\/04\/20\/les-dommages-sanitaires-causes-par-lenvolee-de-la-poudre-dalumine-de-rusal-friguia\/#primaryimage\"},\"thumbnailUrl\":\"https:\/\/www.guineeline.net\/wp-content\/uploads\/2021\/04\/envolee-poussiere-fria.jpg\",\"articleSection\":[\"Environnement\",\"Sant\u00e9\"],\"inLanguage\":\"fr-FR\",\"potentialAction\":[{\"@type\":\"CommentAction\",\"name\":\"Comment\",\"target\":[\"https:\/\/www.guineeline.net\/index.php\/2021\/04\/20\/les-dommages-sanitaires-causes-par-lenvolee-de-la-poudre-dalumine-de-rusal-friguia\/#respond\"]}]},{\"@type\":\"WebPage\",\"@id\":\"https:\/\/www.guineeline.net\/index.php\/2021\/04\/20\/les-dommages-sanitaires-causes-par-lenvolee-de-la-poudre-dalumine-de-rusal-friguia\/\",\"url\":\"https:\/\/www.guineeline.net\/index.php\/2021\/04\/20\/les-dommages-sanitaires-causes-par-lenvolee-de-la-poudre-dalumine-de-rusal-friguia\/\",\"name\":\"Les dommages sanitaires caus\u00e9s par l\u2019envol\u00e9e de la poudre d\u2019alumine de Rusal Friguia - Guineeline\",\"isPartOf\":{\"@id\":\"https:\/\/www.guineeline.net\/#website\"},\"primaryImageOfPage\":{\"@id\":\"https:\/\/www.guineeline.net\/index.php\/2021\/04\/20\/les-dommages-sanitaires-causes-par-lenvolee-de-la-poudre-dalumine-de-rusal-friguia\/#primaryimage\"},\"image\":{\"@id\":\"https:\/\/www.guineeline.net\/index.php\/2021\/04\/20\/les-dommages-sanitaires-causes-par-lenvolee-de-la-poudre-dalumine-de-rusal-friguia\/#primaryimage\"},\"thumbnailUrl\":\"https:\/\/www.guineeline.net\/wp-content\/uploads\/2021\/04\/envolee-poussiere-fria.jpg\",\"datePublished\":\"2021-04-20T17:39:35+00:00\",\"dateModified\":\"2025-04-28T12:12:39+00:00\",\"author\":{\"@id\":\"https:\/\/www.guineeline.net\/#\/schema\/person\/398a877dffd4163ff8ffd48db1ebc8df\"},\"breadcrumb\":{\"@id\":\"https:\/\/www.guineeline.net\/index.php\/2021\/04\/20\/les-dommages-sanitaires-causes-par-lenvolee-de-la-poudre-dalumine-de-rusal-friguia\/#breadcrumb\"},\"inLanguage\":\"fr-FR\",\"potentialAction\":[{\"@type\":\"ReadAction\",\"target\":[\"https:\/\/www.guineeline.net\/index.php\/2021\/04\/20\/les-dommages-sanitaires-causes-par-lenvolee-de-la-poudre-dalumine-de-rusal-friguia\/\"]}]},{\"@type\":\"ImageObject\",\"inLanguage\":\"fr-FR\",\"@id\":\"https:\/\/www.guineeline.net\/index.php\/2021\/04\/20\/les-dommages-sanitaires-causes-par-lenvolee-de-la-poudre-dalumine-de-rusal-friguia\/#primaryimage\",\"url\":\"https:\/\/www.guineeline.net\/wp-content\/uploads\/2021\/04\/envolee-poussiere-fria.jpg\",\"contentUrl\":\"https:\/\/www.guineeline.net\/wp-content\/uploads\/2021\/04\/envolee-poussiere-fria.jpg\",\"width\":296,\"height\":170},{\"@type\":\"BreadcrumbList\",\"@id\":\"https:\/\/www.guineeline.net\/index.php\/2021\/04\/20\/les-dommages-sanitaires-causes-par-lenvolee-de-la-poudre-dalumine-de-rusal-friguia\/#breadcrumb\",\"itemListElement\":[{\"@type\":\"ListItem\",\"position\":1,\"name\":\"Accueil\",\"item\":\"https:\/\/www.guineeline.net\/\"},{\"@type\":\"ListItem\",\"position\":2,\"name\":\"Les dommages sanitaires caus\u00e9s par l\u2019envol\u00e9e de la poudre d\u2019alumine de Rusal Friguia\"}]},{\"@type\":\"WebSite\",\"@id\":\"https:\/\/www.guineeline.net\/#website\",\"url\":\"https:\/\/www.guineeline.net\/\",\"name\":\"Guineeline\",\"description\":\"L&#039;information en un clic\",\"potentialAction\":[{\"@type\":\"SearchAction\",\"target\":{\"@type\":\"EntryPoint\",\"urlTemplate\":\"https:\/\/www.guineeline.net\/?s={search_term_string}\"},\"query-input\":{\"@type\":\"PropertyValueSpecification\",\"valueRequired\":true,\"valueName\":\"search_term_string\"}}],\"inLanguage\":\"fr-FR\"},{\"@type\":\"Person\",\"@id\":\"https:\/\/www.guineeline.net\/#\/schema\/person\/398a877dffd4163ff8ffd48db1ebc8df\",\"name\":\"Ouryamine\",\"image\":{\"@type\":\"ImageObject\",\"inLanguage\":\"fr-FR\",\"@id\":\"https:\/\/www.guineeline.net\/#\/schema\/person\/image\/\",\"url\":\"https:\/\/secure.gravatar.com\/avatar\/c0faa0f472c43eff99fecb0bd2a1c6782e80a162c9fcb7ed2d48bb42ea619f30?s=96&d=mm&r=g\",\"contentUrl\":\"https:\/\/secure.gravatar.com\/avatar\/c0faa0f472c43eff99fecb0bd2a1c6782e80a162c9fcb7ed2d48bb42ea619f30?s=96&d=mm&r=g\",\"caption\":\"Ouryamine\"},\"sameAs\":[\"https:\/\/www.guineeline.net\"],\"url\":\"https:\/\/www.guineeline.net\/index.php\/author\/ouryamine\/\"}]}<\/script>\n<!-- \/ Yoast SEO plugin. -->","yoast_head_json":{"title":"Les dommages sanitaires caus\u00e9s par l\u2019envol\u00e9e de la poudre d\u2019alumine de Rusal Friguia - Guineeline","robots":{"index":"index","follow":"follow","max-snippet":"max-snippet:-1","max-image-preview":"max-image-preview:large","max-video-preview":"max-video-preview:-1"},"canonical":"https:\/\/www.guineeline.net\/index.php\/2021\/04\/20\/les-dommages-sanitaires-causes-par-lenvolee-de-la-poudre-dalumine-de-rusal-friguia\/","og_locale":"fr_FR","og_type":"article","og_title":"Les dommages sanitaires caus\u00e9s par l\u2019envol\u00e9e de la poudre d\u2019alumine de Rusal Friguia - Guineeline","og_description":"Ag\u00e9e d\u2019une soixantaine d\u2019ann\u00e9es, Mme Thierno Kadiatou Diallo est citoyenne de Fria, habitante dans le quartier Tigu\u00e9-Lak\u00f4, situ\u00e9 \u00e0 environ 1 km \u00e0 l\u2019ouest de l\u2019usine Rusal Friguia. Assise sous un manguier avec une de ses petites filles, la vielle dame contemple avec pr\u00e9occupation sa concession envelopp\u00e9e par la poudre d\u2019alumine qui s\u2019est \u00e9vapor\u00e9e de [&hellip;]","og_url":"https:\/\/www.guineeline.net\/index.php\/2021\/04\/20\/les-dommages-sanitaires-causes-par-lenvolee-de-la-poudre-dalumine-de-rusal-friguia\/","og_site_name":"Guineeline","article_published_time":"2021-04-20T17:39:35+00:00","article_modified_time":"2025-04-28T12:12:39+00:00","og_image":[{"width":296,"height":170,"url":"https:\/\/www.guineeline.net\/wp-content\/uploads\/2021\/04\/envolee-poussiere-fria.jpg","type":"image\/jpeg"}],"author":"Ouryamine","twitter_card":"summary_large_image","twitter_misc":{"\u00c9crit par":"Ouryamine","Dur\u00e9e de lecture estim\u00e9e":"7 minutes"},"schema":{"@context":"https:\/\/schema.org","@graph":[{"@type":"Article","@id":"https:\/\/www.guineeline.net\/index.php\/2021\/04\/20\/les-dommages-sanitaires-causes-par-lenvolee-de-la-poudre-dalumine-de-rusal-friguia\/#article","isPartOf":{"@id":"https:\/\/www.guineeline.net\/index.php\/2021\/04\/20\/les-dommages-sanitaires-causes-par-lenvolee-de-la-poudre-dalumine-de-rusal-friguia\/"},"author":{"name":"Ouryamine","@id":"https:\/\/www.guineeline.net\/#\/schema\/person\/398a877dffd4163ff8ffd48db1ebc8df"},"headline":"Les dommages sanitaires caus\u00e9s par l\u2019envol\u00e9e de la poudre d\u2019alumine de Rusal Friguia","datePublished":"2021-04-20T17:39:35+00:00","dateModified":"2025-04-28T12:12:39+00:00","mainEntityOfPage":{"@id":"https:\/\/www.guineeline.net\/index.php\/2021\/04\/20\/les-dommages-sanitaires-causes-par-lenvolee-de-la-poudre-dalumine-de-rusal-friguia\/"},"wordCount":1360,"commentCount":0,"image":{"@id":"https:\/\/www.guineeline.net\/index.php\/2021\/04\/20\/les-dommages-sanitaires-causes-par-lenvolee-de-la-poudre-dalumine-de-rusal-friguia\/#primaryimage"},"thumbnailUrl":"https:\/\/www.guineeline.net\/wp-content\/uploads\/2021\/04\/envolee-poussiere-fria.jpg","articleSection":["Environnement","Sant\u00e9"],"inLanguage":"fr-FR","potentialAction":[{"@type":"CommentAction","name":"Comment","target":["https:\/\/www.guineeline.net\/index.php\/2021\/04\/20\/les-dommages-sanitaires-causes-par-lenvolee-de-la-poudre-dalumine-de-rusal-friguia\/#respond"]}]},{"@type":"WebPage","@id":"https:\/\/www.guineeline.net\/index.php\/2021\/04\/20\/les-dommages-sanitaires-causes-par-lenvolee-de-la-poudre-dalumine-de-rusal-friguia\/","url":"https:\/\/www.guineeline.net\/index.php\/2021\/04\/20\/les-dommages-sanitaires-causes-par-lenvolee-de-la-poudre-dalumine-de-rusal-friguia\/","name":"Les dommages sanitaires caus\u00e9s par l\u2019envol\u00e9e de la poudre d\u2019alumine de Rusal Friguia - Guineeline","isPartOf":{"@id":"https:\/\/www.guineeline.net\/#website"},"primaryImageOfPage":{"@id":"https:\/\/www.guineeline.net\/index.php\/2021\/04\/20\/les-dommages-sanitaires-causes-par-lenvolee-de-la-poudre-dalumine-de-rusal-friguia\/#primaryimage"},"image":{"@id":"https:\/\/www.guineeline.net\/index.php\/2021\/04\/20\/les-dommages-sanitaires-causes-par-lenvolee-de-la-poudre-dalumine-de-rusal-friguia\/#primaryimage"},"thumbnailUrl":"https:\/\/www.guineeline.net\/wp-content\/uploads\/2021\/04\/envolee-poussiere-fria.jpg","datePublished":"2021-04-20T17:39:35+00:00","dateModified":"2025-04-28T12:12:39+00:00","author":{"@id":"https:\/\/www.guineeline.net\/#\/schema\/person\/398a877dffd4163ff8ffd48db1ebc8df"},"breadcrumb":{"@id":"https:\/\/www.guineeline.net\/index.php\/2021\/04\/20\/les-dommages-sanitaires-causes-par-lenvolee-de-la-poudre-dalumine-de-rusal-friguia\/#breadcrumb"},"inLanguage":"fr-FR","potentialAction":[{"@type":"ReadAction","target":["https:\/\/www.guineeline.net\/index.php\/2021\/04\/20\/les-dommages-sanitaires-causes-par-lenvolee-de-la-poudre-dalumine-de-rusal-friguia\/"]}]},{"@type":"ImageObject","inLanguage":"fr-FR","@id":"https:\/\/www.guineeline.net\/index.php\/2021\/04\/20\/les-dommages-sanitaires-causes-par-lenvolee-de-la-poudre-dalumine-de-rusal-friguia\/#primaryimage","url":"https:\/\/www.guineeline.net\/wp-content\/uploads\/2021\/04\/envolee-poussiere-fria.jpg","contentUrl":"https:\/\/www.guineeline.net\/wp-content\/uploads\/2021\/04\/envolee-poussiere-fria.jpg","width":296,"height":170},{"@type":"BreadcrumbList","@id":"https:\/\/www.guineeline.net\/index.php\/2021\/04\/20\/les-dommages-sanitaires-causes-par-lenvolee-de-la-poudre-dalumine-de-rusal-friguia\/#breadcrumb","itemListElement":[{"@type":"ListItem","position":1,"name":"Accueil","item":"https:\/\/www.guineeline.net\/"},{"@type":"ListItem","position":2,"name":"Les dommages sanitaires caus\u00e9s par l\u2019envol\u00e9e de la poudre d\u2019alumine de Rusal Friguia"}]},{"@type":"WebSite","@id":"https:\/\/www.guineeline.net\/#website","url":"https:\/\/www.guineeline.net\/","name":"Guineeline","description":"L&#039;information en un clic","potentialAction":[{"@type":"SearchAction","target":{"@type":"EntryPoint","urlTemplate":"https:\/\/www.guineeline.net\/?s={search_term_string}"},"query-input":{"@type":"PropertyValueSpecification","valueRequired":true,"valueName":"search_term_string"}}],"inLanguage":"fr-FR"},{"@type":"Person","@id":"https:\/\/www.guineeline.net\/#\/schema\/person\/398a877dffd4163ff8ffd48db1ebc8df","name":"Ouryamine","image":{"@type":"ImageObject","inLanguage":"fr-FR","@id":"https:\/\/www.guineeline.net\/#\/schema\/person\/image\/","url":"https:\/\/secure.gravatar.com\/avatar\/c0faa0f472c43eff99fecb0bd2a1c6782e80a162c9fcb7ed2d48bb42ea619f30?s=96&d=mm&r=g","contentUrl":"https:\/\/secure.gravatar.com\/avatar\/c0faa0f472c43eff99fecb0bd2a1c6782e80a162c9fcb7ed2d48bb42ea619f30?s=96&d=mm&r=g","caption":"Ouryamine"},"sameAs":["https:\/\/www.guineeline.net"],"url":"https:\/\/www.guineeline.net\/index.php\/author\/ouryamine\/"}]}},"_links":{"self":[{"href":"https:\/\/www.guineeline.net\/index.php\/wp-json\/wp\/v2\/posts\/71","targetHints":{"allow":["GET"]}}],"collection":[{"href":"https:\/\/www.guineeline.net\/index.php\/wp-json\/wp\/v2\/posts"}],"about":[{"href":"https:\/\/www.guineeline.net\/index.php\/wp-json\/wp\/v2\/types\/post"}],"author":[{"embeddable":true,"href":"https:\/\/www.guineeline.net\/index.php\/wp-json\/wp\/v2\/users\/1"}],"replies":[{"embeddable":true,"href":"https:\/\/www.guineeline.net\/index.php\/wp-json\/wp\/v2\/comments?post=71"}],"version-history":[{"count":2,"href":"https:\/\/www.guineeline.net\/index.php\/wp-json\/wp\/v2\/posts\/71\/revisions"}],"predecessor-version":[{"id":2586,"href":"https:\/\/www.guineeline.net\/index.php\/wp-json\/wp\/v2\/posts\/71\/revisions\/2586"}],"wp:featuredmedia":[{"embeddable":true,"href":"https:\/\/www.guineeline.net\/index.php\/wp-json\/wp\/v2\/media\/2585"}],"wp:attachment":[{"href":"https:\/\/www.guineeline.net\/index.php\/wp-json\/wp\/v2\/media?parent=71"}],"wp:term":[{"taxonomy":"category","embeddable":true,"href":"https:\/\/www.guineeline.net\/index.php\/wp-json\/wp\/v2\/categories?post=71"},{"taxonomy":"post_tag","embeddable":true,"href":"https:\/\/www.guineeline.net\/index.php\/wp-json\/wp\/v2\/tags?post=71"}],"curies":[{"name":"wp","href":"https:\/\/api.w.org\/{rel}","templated":true}]}}