{"id":703,"date":"2022-06-13T15:19:18","date_gmt":"2022-06-13T13:19:18","guid":{"rendered":"https:\/\/www.guineeline.net\/?p=703"},"modified":"2022-06-13T15:19:18","modified_gmt":"2022-06-13T13:19:18","slug":"accident-a-kolaboui-le-gouvernement-parle-de-6-morts-et-de-blesses-communique","status":"publish","type":"post","link":"https:\/\/www.guineeline.net\/index.php\/2022\/06\/13\/accident-a-kolaboui-le-gouvernement-parle-de-6-morts-et-de-blesses-communique\/","title":{"rendered":"Accident \u00e0 Kolaboui: le gouvernement parle de 6 morts et de bless\u00e9s (Communiqu\u00e9)"},"content":{"rendered":"<p>Un accident terrible s&rsquo;est pass\u00e9 ce lundi 13 juin 2022, dans la matin\u00e9e \u00e0 Kolaboui, impliquant le cort\u00e8ge du Ministre de la s\u00e9curit\u00e9. Le gouvernement fait \u00e9tat de 6 morts et de bless\u00e9s, pendant que les citoyens parlent de 8 morts sur place et 5 bless\u00e9s graves.<\/p>\n<p>Lisez le communiqu\u00e9 du gouvernement &#8230;&#8230;<\/p>\n<p>\ud835\udc02\ud835\udc0e\ud835\udc0c\ud835\udc0c\ud835\udc14\ud835\udc0d\ud835\udc08\ud835\udc10\ud835\udc14\ud835\udc04 : \ud835\udc14\ud835\udc0d \ud835\udc00\ud835\udc02\ud835\udc02\ud835\udc08\ud835\udc03\ud835\udc04\ud835\udc0d\ud835\udc13 \ud835\udc13\ud835\udc11\ud835\udc00\ud835\udc06\ud835\udc08\ud835\udc10\ud835\udc14\ud835\udc04 \ud835\udc00\u0300 \ud835\udc01\ud835\udc0e\ud835\udc0a\ud835\udc04\u0301<br \/>\nLundi 13 juin 2022 &#8211; Un tragique accident s\u2019est produit \u00e0 la sortie de Bok\u00e9 en ce premier jour de l&rsquo;immersion gouvernementale dans la r\u00e9gion de la Basse Guin\u00e9e.<br \/>\nUn v\u00e9hicule de cort\u00e8ge minist\u00e9riel est entr\u00e9 en collision avec un v\u00e9hicule de transport. Depuis Kindia, le Premier ministre a imm\u00e9diatement suspendu sa mission pour se rendre sur les lieux de l&rsquo;accident accompagn\u00e9 de membres du Gouvernement.<br \/>\nUn bilan provisoire fait \u00e9tat de 6 morts et de bless\u00e9s.<br \/>\nLe Gouvernement pr\u00e9sente ses condol\u00e9ances aux victimes et \u00e0 leurs proches et exprime sa compassion au peuple de Guin\u00e9e tout en renouvelant ses condol\u00e9ances aux familles des victimes des accidents survenus \u00e0 T\u00e9lim\u00e9l\u00e9 et \u00e0 Dubr\u00e9ka. Toutes les dispositions sont en train d&rsquo;\u00eatre prises pour apporter les secours n\u00e9cessaires aux bless\u00e9s et la solidarit\u00e9 du gouvernement \u00e0 toutes les familles.<br \/>\nSur instruction du Premier ministre, un comit\u00e9 de crise est mis en place.<br \/>\nLe Porte-parole du Gouvernement<\/p>\n","protected":false},"excerpt":{"rendered":"<p>Un accident terrible s&rsquo;est pass\u00e9 ce lundi 13 juin 2022, dans la matin\u00e9e \u00e0 Kolaboui, impliquant le cort\u00e8ge du Ministre de la s\u00e9curit\u00e9. Le gouvernement fait \u00e9tat de 6 morts et de bless\u00e9s, pendant que les citoyens parlent de 8 morts sur place et 5 bless\u00e9s graves. Lisez le communiqu\u00e9 du gouvernement &#8230;&#8230; \ud835\udc02\ud835\udc0e\ud835\udc0c\ud835\udc0c\ud835\udc14\ud835\udc0d\ud835\udc08\ud835\udc10\ud835\udc14\ud835\udc04 : [&hellip;]<\/p>\n","protected":false},"author":3,"featured_media":704,"comment_status":"open","ping_status":"open","sticky":false,"template":"","format":"standard","meta":{"jnews-multi-image_gallery":[],"jnews_single_post":{"subtitle":"","format":"standard","video":"","gallery":"","source_name":"","source_url":"","via_name":"","via_url":"","override":[{"single_blog_custom":"","sidebar":"","second_sidebar":"","share_position":"","share_float_style":"","post_date_format":"","post_date_format_custom":"","number_popup_post":"1"}],"image_override":[{"single_post_thumbnail_size":"","single_post_gallery_size":""}],"trending_post_position":"","trending_post_label":""},"jnews_primary_category":{"id":""},"jnews_override_counter":{"view_counter_number":"0","share_counter_number":"0","like_counter_number":"0","dislike_counter_number":"0"},"footnotes":""},"categories":[2],"tags":[],"class_list":["post-703","post","type-post","status-publish","format-standard","has-post-thumbnail","hentry","category-actualites"],"yoast_head":"<!-- This site is optimized with the Yoast SEO plugin v26.9 - https:\/\/yoast.com\/product\/yoast-seo-wordpress\/ -->\n<title>Accident \u00e0 Kolaboui: le gouvernement parle de 6 morts et de bless\u00e9s (Communiqu\u00e9) - Guineeline<\/title>\n<meta name=\"robots\" content=\"index, follow, max-snippet:-1, max-image-preview:large, max-video-preview:-1\" \/>\n<link rel=\"canonical\" href=\"https:\/\/www.guineeline.net\/index.php\/2022\/06\/13\/accident-a-kolaboui-le-gouvernement-parle-de-6-morts-et-de-blesses-communique\/\" \/>\n<meta property=\"og:locale\" content=\"fr_FR\" \/>\n<meta property=\"og:type\" content=\"article\" \/>\n<meta property=\"og:title\" content=\"Accident \u00e0 Kolaboui: le gouvernement parle de 6 morts et de bless\u00e9s (Communiqu\u00e9) - Guineeline\" \/>\n<meta property=\"og:description\" content=\"Un accident terrible s&rsquo;est pass\u00e9 ce lundi 13 juin 2022, dans la matin\u00e9e \u00e0 Kolaboui, impliquant le cort\u00e8ge du Ministre de la s\u00e9curit\u00e9. Le gouvernement fait \u00e9tat de 6 morts et de bless\u00e9s, pendant que les citoyens parlent de 8 morts sur place et 5 bless\u00e9s graves. Lisez le communiqu\u00e9 du gouvernement &#8230;&#8230; \ud835\udc02\ud835\udc0e\ud835\udc0c\ud835\udc0c\ud835\udc14\ud835\udc0d\ud835\udc08\ud835\udc10\ud835\udc14\ud835\udc04 : [&hellip;]\" \/>\n<meta property=\"og:url\" content=\"https:\/\/www.guineeline.net\/index.php\/2022\/06\/13\/accident-a-kolaboui-le-gouvernement-parle-de-6-morts-et-de-blesses-communique\/\" \/>\n<meta property=\"og:site_name\" content=\"Guineeline\" \/>\n<meta property=\"article:published_time\" content=\"2022-06-13T13:19:18+00:00\" \/>\n<meta property=\"og:image\" content=\"https:\/\/www.guineeline.net\/wp-content\/uploads\/2022\/06\/accident-kolaboui1.jpg\" \/>\n\t<meta property=\"og:image:width\" content=\"260\" \/>\n\t<meta property=\"og:image:height\" content=\"194\" \/>\n\t<meta property=\"og:image:type\" content=\"image\/jpeg\" \/>\n<meta name=\"author\" content=\"Guineeline\" \/>\n<meta name=\"twitter:card\" content=\"summary_large_image\" \/>\n<meta name=\"twitter:label1\" content=\"\u00c9crit par\" \/>\n\t<meta name=\"twitter:data1\" content=\"Guineeline\" \/>\n\t<meta name=\"twitter:label2\" content=\"Dur\u00e9e de lecture estim\u00e9e\" \/>\n\t<meta name=\"twitter:data2\" content=\"1 minute\" \/>\n<script type=\"application\/ld+json\" class=\"yoast-schema-graph\">{\"@context\":\"https:\/\/schema.org\",\"@graph\":[{\"@type\":\"Article\",\"@id\":\"https:\/\/www.guineeline.net\/index.php\/2022\/06\/13\/accident-a-kolaboui-le-gouvernement-parle-de-6-morts-et-de-blesses-communique\/#article\",\"isPartOf\":{\"@id\":\"https:\/\/www.guineeline.net\/index.php\/2022\/06\/13\/accident-a-kolaboui-le-gouvernement-parle-de-6-morts-et-de-blesses-communique\/\"},\"author\":{\"name\":\"Guineeline\",\"@id\":\"https:\/\/www.guineeline.net\/#\/schema\/person\/f5914e0a4c56cc8f4aa0922cc547a390\"},\"headline\":\"Accident \u00e0 Kolaboui: le gouvernement parle de 6 morts et de bless\u00e9s (Communiqu\u00e9)\",\"datePublished\":\"2022-06-13T13:19:18+00:00\",\"mainEntityOfPage\":{\"@id\":\"https:\/\/www.guineeline.net\/index.php\/2022\/06\/13\/accident-a-kolaboui-le-gouvernement-parle-de-6-morts-et-de-blesses-communique\/\"},\"wordCount\":231,\"commentCount\":0,\"image\":{\"@id\":\"https:\/\/www.guineeline.net\/index.php\/2022\/06\/13\/accident-a-kolaboui-le-gouvernement-parle-de-6-morts-et-de-blesses-communique\/#primaryimage\"},\"thumbnailUrl\":\"https:\/\/www.guineeline.net\/wp-content\/uploads\/2022\/06\/accident-kolaboui1.jpg\",\"articleSection\":[\"Actualit\u00e9s\"],\"inLanguage\":\"fr-FR\",\"potentialAction\":[{\"@type\":\"CommentAction\",\"name\":\"Comment\",\"target\":[\"https:\/\/www.guineeline.net\/index.php\/2022\/06\/13\/accident-a-kolaboui-le-gouvernement-parle-de-6-morts-et-de-blesses-communique\/#respond\"]}]},{\"@type\":\"WebPage\",\"@id\":\"https:\/\/www.guineeline.net\/index.php\/2022\/06\/13\/accident-a-kolaboui-le-gouvernement-parle-de-6-morts-et-de-blesses-communique\/\",\"url\":\"https:\/\/www.guineeline.net\/index.php\/2022\/06\/13\/accident-a-kolaboui-le-gouvernement-parle-de-6-morts-et-de-blesses-communique\/\",\"name\":\"Accident \u00e0 Kolaboui: le gouvernement parle de 6 morts et de bless\u00e9s (Communiqu\u00e9) - Guineeline\",\"isPartOf\":{\"@id\":\"https:\/\/www.guineeline.net\/#website\"},\"primaryImageOfPage\":{\"@id\":\"https:\/\/www.guineeline.net\/index.php\/2022\/06\/13\/accident-a-kolaboui-le-gouvernement-parle-de-6-morts-et-de-blesses-communique\/#primaryimage\"},\"image\":{\"@id\":\"https:\/\/www.guineeline.net\/index.php\/2022\/06\/13\/accident-a-kolaboui-le-gouvernement-parle-de-6-morts-et-de-blesses-communique\/#primaryimage\"},\"thumbnailUrl\":\"https:\/\/www.guineeline.net\/wp-content\/uploads\/2022\/06\/accident-kolaboui1.jpg\",\"datePublished\":\"2022-06-13T13:19:18+00:00\",\"author\":{\"@id\":\"https:\/\/www.guineeline.net\/#\/schema\/person\/f5914e0a4c56cc8f4aa0922cc547a390\"},\"breadcrumb\":{\"@id\":\"https:\/\/www.guineeline.net\/index.php\/2022\/06\/13\/accident-a-kolaboui-le-gouvernement-parle-de-6-morts-et-de-blesses-communique\/#breadcrumb\"},\"inLanguage\":\"fr-FR\",\"potentialAction\":[{\"@type\":\"ReadAction\",\"target\":[\"https:\/\/www.guineeline.net\/index.php\/2022\/06\/13\/accident-a-kolaboui-le-gouvernement-parle-de-6-morts-et-de-blesses-communique\/\"]}]},{\"@type\":\"ImageObject\",\"inLanguage\":\"fr-FR\",\"@id\":\"https:\/\/www.guineeline.net\/index.php\/2022\/06\/13\/accident-a-kolaboui-le-gouvernement-parle-de-6-morts-et-de-blesses-communique\/#primaryimage\",\"url\":\"https:\/\/www.guineeline.net\/wp-content\/uploads\/2022\/06\/accident-kolaboui1.jpg\",\"contentUrl\":\"https:\/\/www.guineeline.net\/wp-content\/uploads\/2022\/06\/accident-kolaboui1.jpg\",\"width\":260,\"height\":194},{\"@type\":\"BreadcrumbList\",\"@id\":\"https:\/\/www.guineeline.net\/index.php\/2022\/06\/13\/accident-a-kolaboui-le-gouvernement-parle-de-6-morts-et-de-blesses-communique\/#breadcrumb\",\"itemListElement\":[{\"@type\":\"ListItem\",\"position\":1,\"name\":\"Accueil\",\"item\":\"https:\/\/www.guineeline.net\/\"},{\"@type\":\"ListItem\",\"position\":2,\"name\":\"Accident \u00e0 Kolaboui: le gouvernement parle de 6 morts et de bless\u00e9s (Communiqu\u00e9)\"}]},{\"@type\":\"WebSite\",\"@id\":\"https:\/\/www.guineeline.net\/#website\",\"url\":\"https:\/\/www.guineeline.net\/\",\"name\":\"Guineeline\",\"description\":\"L&#039;information en un clic\",\"potentialAction\":[{\"@type\":\"SearchAction\",\"target\":{\"@type\":\"EntryPoint\",\"urlTemplate\":\"https:\/\/www.guineeline.net\/?s={search_term_string}\"},\"query-input\":{\"@type\":\"PropertyValueSpecification\",\"valueRequired\":true,\"valueName\":\"search_term_string\"}}],\"inLanguage\":\"fr-FR\"},{\"@type\":\"Person\",\"@id\":\"https:\/\/www.guineeline.net\/#\/schema\/person\/f5914e0a4c56cc8f4aa0922cc547a390\",\"name\":\"Guineeline\",\"image\":{\"@type\":\"ImageObject\",\"inLanguage\":\"fr-FR\",\"@id\":\"https:\/\/www.guineeline.net\/#\/schema\/person\/image\/\",\"url\":\"https:\/\/secure.gravatar.com\/avatar\/432ce140236c408fa05ea28acd193ba03163acdd0efbe444c1c44957b8a29a2a?s=96&d=mm&r=g\",\"contentUrl\":\"https:\/\/secure.gravatar.com\/avatar\/432ce140236c408fa05ea28acd193ba03163acdd0efbe444c1c44957b8a29a2a?s=96&d=mm&r=g\",\"caption\":\"Guineeline\"},\"url\":\"https:\/\/www.guineeline.net\/index.php\/author\/admin\/\"}]}<\/script>\n<!-- \/ Yoast SEO plugin. -->","yoast_head_json":{"title":"Accident \u00e0 Kolaboui: le gouvernement parle de 6 morts et de bless\u00e9s (Communiqu\u00e9) - Guineeline","robots":{"index":"index","follow":"follow","max-snippet":"max-snippet:-1","max-image-preview":"max-image-preview:large","max-video-preview":"max-video-preview:-1"},"canonical":"https:\/\/www.guineeline.net\/index.php\/2022\/06\/13\/accident-a-kolaboui-le-gouvernement-parle-de-6-morts-et-de-blesses-communique\/","og_locale":"fr_FR","og_type":"article","og_title":"Accident \u00e0 Kolaboui: le gouvernement parle de 6 morts et de bless\u00e9s (Communiqu\u00e9) - Guineeline","og_description":"Un accident terrible s&rsquo;est pass\u00e9 ce lundi 13 juin 2022, dans la matin\u00e9e \u00e0 Kolaboui, impliquant le cort\u00e8ge du Ministre de la s\u00e9curit\u00e9. Le gouvernement fait \u00e9tat de 6 morts et de bless\u00e9s, pendant que les citoyens parlent de 8 morts sur place et 5 bless\u00e9s graves. Lisez le communiqu\u00e9 du gouvernement &#8230;&#8230; \ud835\udc02\ud835\udc0e\ud835\udc0c\ud835\udc0c\ud835\udc14\ud835\udc0d\ud835\udc08\ud835\udc10\ud835\udc14\ud835\udc04 : [&hellip;]","og_url":"https:\/\/www.guineeline.net\/index.php\/2022\/06\/13\/accident-a-kolaboui-le-gouvernement-parle-de-6-morts-et-de-blesses-communique\/","og_site_name":"Guineeline","article_published_time":"2022-06-13T13:19:18+00:00","og_image":[{"width":260,"height":194,"url":"https:\/\/www.guineeline.net\/wp-content\/uploads\/2022\/06\/accident-kolaboui1.jpg","type":"image\/jpeg"}],"author":"Guineeline","twitter_card":"summary_large_image","twitter_misc":{"\u00c9crit par":"Guineeline","Dur\u00e9e de lecture estim\u00e9e":"1 minute"},"schema":{"@context":"https:\/\/schema.org","@graph":[{"@type":"Article","@id":"https:\/\/www.guineeline.net\/index.php\/2022\/06\/13\/accident-a-kolaboui-le-gouvernement-parle-de-6-morts-et-de-blesses-communique\/#article","isPartOf":{"@id":"https:\/\/www.guineeline.net\/index.php\/2022\/06\/13\/accident-a-kolaboui-le-gouvernement-parle-de-6-morts-et-de-blesses-communique\/"},"author":{"name":"Guineeline","@id":"https:\/\/www.guineeline.net\/#\/schema\/person\/f5914e0a4c56cc8f4aa0922cc547a390"},"headline":"Accident \u00e0 Kolaboui: le gouvernement parle de 6 morts et de bless\u00e9s (Communiqu\u00e9)","datePublished":"2022-06-13T13:19:18+00:00","mainEntityOfPage":{"@id":"https:\/\/www.guineeline.net\/index.php\/2022\/06\/13\/accident-a-kolaboui-le-gouvernement-parle-de-6-morts-et-de-blesses-communique\/"},"wordCount":231,"commentCount":0,"image":{"@id":"https:\/\/www.guineeline.net\/index.php\/2022\/06\/13\/accident-a-kolaboui-le-gouvernement-parle-de-6-morts-et-de-blesses-communique\/#primaryimage"},"thumbnailUrl":"https:\/\/www.guineeline.net\/wp-content\/uploads\/2022\/06\/accident-kolaboui1.jpg","articleSection":["Actualit\u00e9s"],"inLanguage":"fr-FR","potentialAction":[{"@type":"CommentAction","name":"Comment","target":["https:\/\/www.guineeline.net\/index.php\/2022\/06\/13\/accident-a-kolaboui-le-gouvernement-parle-de-6-morts-et-de-blesses-communique\/#respond"]}]},{"@type":"WebPage","@id":"https:\/\/www.guineeline.net\/index.php\/2022\/06\/13\/accident-a-kolaboui-le-gouvernement-parle-de-6-morts-et-de-blesses-communique\/","url":"https:\/\/www.guineeline.net\/index.php\/2022\/06\/13\/accident-a-kolaboui-le-gouvernement-parle-de-6-morts-et-de-blesses-communique\/","name":"Accident \u00e0 Kolaboui: le gouvernement parle de 6 morts et de bless\u00e9s (Communiqu\u00e9) - Guineeline","isPartOf":{"@id":"https:\/\/www.guineeline.net\/#website"},"primaryImageOfPage":{"@id":"https:\/\/www.guineeline.net\/index.php\/2022\/06\/13\/accident-a-kolaboui-le-gouvernement-parle-de-6-morts-et-de-blesses-communique\/#primaryimage"},"image":{"@id":"https:\/\/www.guineeline.net\/index.php\/2022\/06\/13\/accident-a-kolaboui-le-gouvernement-parle-de-6-morts-et-de-blesses-communique\/#primaryimage"},"thumbnailUrl":"https:\/\/www.guineeline.net\/wp-content\/uploads\/2022\/06\/accident-kolaboui1.jpg","datePublished":"2022-06-13T13:19:18+00:00","author":{"@id":"https:\/\/www.guineeline.net\/#\/schema\/person\/f5914e0a4c56cc8f4aa0922cc547a390"},"breadcrumb":{"@id":"https:\/\/www.guineeline.net\/index.php\/2022\/06\/13\/accident-a-kolaboui-le-gouvernement-parle-de-6-morts-et-de-blesses-communique\/#breadcrumb"},"inLanguage":"fr-FR","potentialAction":[{"@type":"ReadAction","target":["https:\/\/www.guineeline.net\/index.php\/2022\/06\/13\/accident-a-kolaboui-le-gouvernement-parle-de-6-morts-et-de-blesses-communique\/"]}]},{"@type":"ImageObject","inLanguage":"fr-FR","@id":"https:\/\/www.guineeline.net\/index.php\/2022\/06\/13\/accident-a-kolaboui-le-gouvernement-parle-de-6-morts-et-de-blesses-communique\/#primaryimage","url":"https:\/\/www.guineeline.net\/wp-content\/uploads\/2022\/06\/accident-kolaboui1.jpg","contentUrl":"https:\/\/www.guineeline.net\/wp-content\/uploads\/2022\/06\/accident-kolaboui1.jpg","width":260,"height":194},{"@type":"BreadcrumbList","@id":"https:\/\/www.guineeline.net\/index.php\/2022\/06\/13\/accident-a-kolaboui-le-gouvernement-parle-de-6-morts-et-de-blesses-communique\/#breadcrumb","itemListElement":[{"@type":"ListItem","position":1,"name":"Accueil","item":"https:\/\/www.guineeline.net\/"},{"@type":"ListItem","position":2,"name":"Accident \u00e0 Kolaboui: le gouvernement parle de 6 morts et de bless\u00e9s (Communiqu\u00e9)"}]},{"@type":"WebSite","@id":"https:\/\/www.guineeline.net\/#website","url":"https:\/\/www.guineeline.net\/","name":"Guineeline","description":"L&#039;information en un clic","potentialAction":[{"@type":"SearchAction","target":{"@type":"EntryPoint","urlTemplate":"https:\/\/www.guineeline.net\/?s={search_term_string}"},"query-input":{"@type":"PropertyValueSpecification","valueRequired":true,"valueName":"search_term_string"}}],"inLanguage":"fr-FR"},{"@type":"Person","@id":"https:\/\/www.guineeline.net\/#\/schema\/person\/f5914e0a4c56cc8f4aa0922cc547a390","name":"Guineeline","image":{"@type":"ImageObject","inLanguage":"fr-FR","@id":"https:\/\/www.guineeline.net\/#\/schema\/person\/image\/","url":"https:\/\/secure.gravatar.com\/avatar\/432ce140236c408fa05ea28acd193ba03163acdd0efbe444c1c44957b8a29a2a?s=96&d=mm&r=g","contentUrl":"https:\/\/secure.gravatar.com\/avatar\/432ce140236c408fa05ea28acd193ba03163acdd0efbe444c1c44957b8a29a2a?s=96&d=mm&r=g","caption":"Guineeline"},"url":"https:\/\/www.guineeline.net\/index.php\/author\/admin\/"}]}},"_links":{"self":[{"href":"https:\/\/www.guineeline.net\/index.php\/wp-json\/wp\/v2\/posts\/703","targetHints":{"allow":["GET"]}}],"collection":[{"href":"https:\/\/www.guineeline.net\/index.php\/wp-json\/wp\/v2\/posts"}],"about":[{"href":"https:\/\/www.guineeline.net\/index.php\/wp-json\/wp\/v2\/types\/post"}],"author":[{"embeddable":true,"href":"https:\/\/www.guineeline.net\/index.php\/wp-json\/wp\/v2\/users\/3"}],"replies":[{"embeddable":true,"href":"https:\/\/www.guineeline.net\/index.php\/wp-json\/wp\/v2\/comments?post=703"}],"version-history":[{"count":1,"href":"https:\/\/www.guineeline.net\/index.php\/wp-json\/wp\/v2\/posts\/703\/revisions"}],"predecessor-version":[{"id":705,"href":"https:\/\/www.guineeline.net\/index.php\/wp-json\/wp\/v2\/posts\/703\/revisions\/705"}],"wp:featuredmedia":[{"embeddable":true,"href":"https:\/\/www.guineeline.net\/index.php\/wp-json\/wp\/v2\/media\/704"}],"wp:attachment":[{"href":"https:\/\/www.guineeline.net\/index.php\/wp-json\/wp\/v2\/media?parent=703"}],"wp:term":[{"taxonomy":"category","embeddable":true,"href":"https:\/\/www.guineeline.net\/index.php\/wp-json\/wp\/v2\/categories?post=703"},{"taxonomy":"post_tag","embeddable":true,"href":"https:\/\/www.guineeline.net\/index.php\/wp-json\/wp\/v2\/tags?post=703"}],"curies":[{"name":"wp","href":"https:\/\/api.w.org\/{rel}","templated":true}]}}