{"id":696,"date":"2022-06-13T14:14:15","date_gmt":"2022-06-13T12:14:15","guid":{"rendered":"https:\/\/www.guineeline.net\/?p=696"},"modified":"2022-06-13T14:14:15","modified_gmt":"2022-06-13T12:14:15","slug":"retour-a-lordre-constitutionnel-le-fndc-devoile-litineraire-de-la-marche-pacifique","status":"publish","type":"post","link":"https:\/\/www.guineeline.net\/index.php\/2022\/06\/13\/retour-a-lordre-constitutionnel-le-fndc-devoile-litineraire-de-la-marche-pacifique\/","title":{"rendered":"Retour \u00e0 l\u2019ordre constitutionnel : le FNDC d\u00e9voile l\u2019itin\u00e9raire de la marche pacifique"},"content":{"rendered":"<p>Le comit\u00e9 d\u2019organisation de la marche citoyenne et pacifique du Jeudi 23 Juin 2022, informe que sa marche pour le retour \u00e0 l\u2019ordre constitutionnel partira du Rond-point de la Tannerie au Palais du peuple o\u00f9 les discours seront prononc\u00e9s pour interpeller les autorit\u00e9s de la transition sur la n\u00e9cessit\u00e9 pour notre pays de renouer avec l\u2019ordre constitutionnel normal, afin que la Guin\u00e9e soit un pays d\u00e9mocratique et vertueux.<\/p>\n<p>Ainsi, nous demandons aux citoyen.nes pro-d\u00e9mocratie de respecter les consignes du guide du manifestant pour que cette mobilisation citoyenne soit une autre preuve \u00e9loquente de notre volont\u00e9 de r\u00e9ussir la transition entam\u00e9e le 05 septembre 2021.<\/p>\n<p>vous propose l\u2019itin\u00e9raire de cette importante mobilisation.<\/p>\n<p>Point de rassemblement : Rond point Tanerie<\/p>\n<p>Point d\u2019arriv\u00e9e: Esplanade du Palais du peuple<\/p>\n<p>Zones travers\u00e9es: YIMBAYA, A\u00e9roport Gbessia, Gbessia kondebougni, Bonfi, carri\u00e8re, kenien, madina , Donka, moussodougou, Esplanade du Palais du peuple.<\/p>\n<p>Que l\u2019esprit citoyen et civique guide nos pas !<img decoding=\"async\" class=\"emoji\" role=\"img\" draggable=\"false\" src=\"https:\/\/s.w.org\/images\/core\/emoji\/13.1.0\/svg\/2705.svg\" alt=\"\u2705\" \/><img decoding=\"async\" class=\"emoji\" role=\"img\" draggable=\"false\" src=\"https:\/\/s.w.org\/images\/core\/emoji\/13.1.0\/svg\/1f1ec-1f1f3.svg\" alt=\"\ud83c\uddec\ud83c\uddf3\" \/><img decoding=\"async\" class=\"emoji\" role=\"img\" draggable=\"false\" src=\"https:\/\/s.w.org\/images\/core\/emoji\/13.1.0\/svg\/1f64f.svg\" alt=\"\ud83d\ude4f\" \/><img decoding=\"async\" class=\"emoji\" role=\"img\" draggable=\"false\" src=\"https:\/\/s.w.org\/images\/core\/emoji\/13.1.0\/svg\/2696.svg\" alt=\"\u2696\" \/><\/p>\n<p>Ensemble unis et solidaires, nous vaincrons.<\/p>\n<p>guineeline.net<\/p>\n","protected":false},"excerpt":{"rendered":"<p>Le comit\u00e9 d\u2019organisation de la marche citoyenne et pacifique du Jeudi 23 Juin 2022, informe que sa marche pour le retour \u00e0 l\u2019ordre constitutionnel partira du Rond-point de la Tannerie au Palais du peuple o\u00f9 les discours seront prononc\u00e9s pour interpeller les autorit\u00e9s de la transition sur la n\u00e9cessit\u00e9 pour notre pays de renouer avec [&hellip;]<\/p>\n","protected":false},"author":3,"featured_media":416,"comment_status":"open","ping_status":"open","sticky":false,"template":"","format":"standard","meta":{"jnews-multi-image_gallery":[],"jnews_single_post":{"subtitle":"","format":"standard","video":"","gallery":"","source_name":"","source_url":"","via_name":"","via_url":"","override":[{"single_blog_custom":"","sidebar":"","second_sidebar":"","share_position":"","share_float_style":"","post_date_format":"","post_date_format_custom":"","number_popup_post":"1"}],"image_override":[{"single_post_thumbnail_size":"","single_post_gallery_size":""}],"trending_post_position":"","trending_post_label":""},"jnews_primary_category":{"id":""},"jnews_override_counter":{"view_counter_number":"0","share_counter_number":"0","like_counter_number":"0","dislike_counter_number":"0"},"footnotes":""},"categories":[2],"tags":[],"class_list":["post-696","post","type-post","status-publish","format-standard","has-post-thumbnail","hentry","category-actualites"],"yoast_head":"<!-- This site is optimized with the Yoast SEO plugin v26.9 - https:\/\/yoast.com\/product\/yoast-seo-wordpress\/ -->\n<title>Retour \u00e0 l\u2019ordre constitutionnel : le FNDC d\u00e9voile l\u2019itin\u00e9raire de la marche pacifique - Guineeline<\/title>\n<meta name=\"robots\" content=\"index, follow, max-snippet:-1, max-image-preview:large, max-video-preview:-1\" \/>\n<link rel=\"canonical\" href=\"https:\/\/www.guineeline.net\/index.php\/2022\/06\/13\/retour-a-lordre-constitutionnel-le-fndc-devoile-litineraire-de-la-marche-pacifique\/\" \/>\n<meta property=\"og:locale\" content=\"fr_FR\" \/>\n<meta property=\"og:type\" content=\"article\" \/>\n<meta property=\"og:title\" content=\"Retour \u00e0 l\u2019ordre constitutionnel : le FNDC d\u00e9voile l\u2019itin\u00e9raire de la marche pacifique - Guineeline\" \/>\n<meta property=\"og:description\" content=\"Le comit\u00e9 d\u2019organisation de la marche citoyenne et pacifique du Jeudi 23 Juin 2022, informe que sa marche pour le retour \u00e0 l\u2019ordre constitutionnel partira du Rond-point de la Tannerie au Palais du peuple o\u00f9 les discours seront prononc\u00e9s pour interpeller les autorit\u00e9s de la transition sur la n\u00e9cessit\u00e9 pour notre pays de renouer avec [&hellip;]\" \/>\n<meta property=\"og:url\" content=\"https:\/\/www.guineeline.net\/index.php\/2022\/06\/13\/retour-a-lordre-constitutionnel-le-fndc-devoile-litineraire-de-la-marche-pacifique\/\" \/>\n<meta property=\"og:site_name\" content=\"Guineeline\" \/>\n<meta property=\"article:published_time\" content=\"2022-06-13T12:14:15+00:00\" \/>\n<meta property=\"og:image\" content=\"https:\/\/www.guineeline.net\/wp-content\/uploads\/2021\/07\/Fonike-Mengue.jpg\" \/>\n\t<meta property=\"og:image:width\" content=\"486\" \/>\n\t<meta property=\"og:image:height\" content=\"383\" \/>\n\t<meta property=\"og:image:type\" content=\"image\/jpeg\" \/>\n<meta name=\"author\" content=\"Guineeline\" \/>\n<meta name=\"twitter:card\" content=\"summary_large_image\" \/>\n<meta name=\"twitter:label1\" content=\"\u00c9crit par\" \/>\n\t<meta name=\"twitter:data1\" content=\"Guineeline\" \/>\n\t<meta name=\"twitter:label2\" content=\"Dur\u00e9e de lecture estim\u00e9e\" \/>\n\t<meta name=\"twitter:data2\" content=\"2 minutes\" \/>\n<script type=\"application\/ld+json\" class=\"yoast-schema-graph\">{\"@context\":\"https:\/\/schema.org\",\"@graph\":[{\"@type\":\"Article\",\"@id\":\"https:\/\/www.guineeline.net\/index.php\/2022\/06\/13\/retour-a-lordre-constitutionnel-le-fndc-devoile-litineraire-de-la-marche-pacifique\/#article\",\"isPartOf\":{\"@id\":\"https:\/\/www.guineeline.net\/index.php\/2022\/06\/13\/retour-a-lordre-constitutionnel-le-fndc-devoile-litineraire-de-la-marche-pacifique\/\"},\"author\":{\"name\":\"Guineeline\",\"@id\":\"https:\/\/www.guineeline.net\/#\/schema\/person\/f5914e0a4c56cc8f4aa0922cc547a390\"},\"headline\":\"Retour \u00e0 l\u2019ordre constitutionnel : le FNDC d\u00e9voile l\u2019itin\u00e9raire de la marche pacifique\",\"datePublished\":\"2022-06-13T12:14:15+00:00\",\"mainEntityOfPage\":{\"@id\":\"https:\/\/www.guineeline.net\/index.php\/2022\/06\/13\/retour-a-lordre-constitutionnel-le-fndc-devoile-litineraire-de-la-marche-pacifique\/\"},\"wordCount\":188,\"commentCount\":0,\"image\":{\"@id\":\"https:\/\/www.guineeline.net\/index.php\/2022\/06\/13\/retour-a-lordre-constitutionnel-le-fndc-devoile-litineraire-de-la-marche-pacifique\/#primaryimage\"},\"thumbnailUrl\":\"https:\/\/www.guineeline.net\/wp-content\/uploads\/2021\/07\/Fonike-Mengue.jpg\",\"articleSection\":[\"Actualit\u00e9s\"],\"inLanguage\":\"fr-FR\",\"potentialAction\":[{\"@type\":\"CommentAction\",\"name\":\"Comment\",\"target\":[\"https:\/\/www.guineeline.net\/index.php\/2022\/06\/13\/retour-a-lordre-constitutionnel-le-fndc-devoile-litineraire-de-la-marche-pacifique\/#respond\"]}]},{\"@type\":\"WebPage\",\"@id\":\"https:\/\/www.guineeline.net\/index.php\/2022\/06\/13\/retour-a-lordre-constitutionnel-le-fndc-devoile-litineraire-de-la-marche-pacifique\/\",\"url\":\"https:\/\/www.guineeline.net\/index.php\/2022\/06\/13\/retour-a-lordre-constitutionnel-le-fndc-devoile-litineraire-de-la-marche-pacifique\/\",\"name\":\"Retour \u00e0 l\u2019ordre constitutionnel : le FNDC d\u00e9voile l\u2019itin\u00e9raire de la marche pacifique - Guineeline\",\"isPartOf\":{\"@id\":\"https:\/\/www.guineeline.net\/#website\"},\"primaryImageOfPage\":{\"@id\":\"https:\/\/www.guineeline.net\/index.php\/2022\/06\/13\/retour-a-lordre-constitutionnel-le-fndc-devoile-litineraire-de-la-marche-pacifique\/#primaryimage\"},\"image\":{\"@id\":\"https:\/\/www.guineeline.net\/index.php\/2022\/06\/13\/retour-a-lordre-constitutionnel-le-fndc-devoile-litineraire-de-la-marche-pacifique\/#primaryimage\"},\"thumbnailUrl\":\"https:\/\/www.guineeline.net\/wp-content\/uploads\/2021\/07\/Fonike-Mengue.jpg\",\"datePublished\":\"2022-06-13T12:14:15+00:00\",\"author\":{\"@id\":\"https:\/\/www.guineeline.net\/#\/schema\/person\/f5914e0a4c56cc8f4aa0922cc547a390\"},\"breadcrumb\":{\"@id\":\"https:\/\/www.guineeline.net\/index.php\/2022\/06\/13\/retour-a-lordre-constitutionnel-le-fndc-devoile-litineraire-de-la-marche-pacifique\/#breadcrumb\"},\"inLanguage\":\"fr-FR\",\"potentialAction\":[{\"@type\":\"ReadAction\",\"target\":[\"https:\/\/www.guineeline.net\/index.php\/2022\/06\/13\/retour-a-lordre-constitutionnel-le-fndc-devoile-litineraire-de-la-marche-pacifique\/\"]}]},{\"@type\":\"ImageObject\",\"inLanguage\":\"fr-FR\",\"@id\":\"https:\/\/www.guineeline.net\/index.php\/2022\/06\/13\/retour-a-lordre-constitutionnel-le-fndc-devoile-litineraire-de-la-marche-pacifique\/#primaryimage\",\"url\":\"https:\/\/www.guineeline.net\/wp-content\/uploads\/2021\/07\/Fonike-Mengue.jpg\",\"contentUrl\":\"https:\/\/www.guineeline.net\/wp-content\/uploads\/2021\/07\/Fonike-Mengue.jpg\",\"width\":486,\"height\":383},{\"@type\":\"BreadcrumbList\",\"@id\":\"https:\/\/www.guineeline.net\/index.php\/2022\/06\/13\/retour-a-lordre-constitutionnel-le-fndc-devoile-litineraire-de-la-marche-pacifique\/#breadcrumb\",\"itemListElement\":[{\"@type\":\"ListItem\",\"position\":1,\"name\":\"Accueil\",\"item\":\"https:\/\/www.guineeline.net\/\"},{\"@type\":\"ListItem\",\"position\":2,\"name\":\"Retour \u00e0 l\u2019ordre constitutionnel : le FNDC d\u00e9voile l\u2019itin\u00e9raire de la marche pacifique\"}]},{\"@type\":\"WebSite\",\"@id\":\"https:\/\/www.guineeline.net\/#website\",\"url\":\"https:\/\/www.guineeline.net\/\",\"name\":\"Guineeline\",\"description\":\"L&#039;information en un clic\",\"potentialAction\":[{\"@type\":\"SearchAction\",\"target\":{\"@type\":\"EntryPoint\",\"urlTemplate\":\"https:\/\/www.guineeline.net\/?s={search_term_string}\"},\"query-input\":{\"@type\":\"PropertyValueSpecification\",\"valueRequired\":true,\"valueName\":\"search_term_string\"}}],\"inLanguage\":\"fr-FR\"},{\"@type\":\"Person\",\"@id\":\"https:\/\/www.guineeline.net\/#\/schema\/person\/f5914e0a4c56cc8f4aa0922cc547a390\",\"name\":\"Guineeline\",\"image\":{\"@type\":\"ImageObject\",\"inLanguage\":\"fr-FR\",\"@id\":\"https:\/\/www.guineeline.net\/#\/schema\/person\/image\/\",\"url\":\"https:\/\/secure.gravatar.com\/avatar\/432ce140236c408fa05ea28acd193ba03163acdd0efbe444c1c44957b8a29a2a?s=96&d=mm&r=g\",\"contentUrl\":\"https:\/\/secure.gravatar.com\/avatar\/432ce140236c408fa05ea28acd193ba03163acdd0efbe444c1c44957b8a29a2a?s=96&d=mm&r=g\",\"caption\":\"Guineeline\"},\"url\":\"https:\/\/www.guineeline.net\/index.php\/author\/admin\/\"}]}<\/script>\n<!-- \/ Yoast SEO plugin. -->","yoast_head_json":{"title":"Retour \u00e0 l\u2019ordre constitutionnel : le FNDC d\u00e9voile l\u2019itin\u00e9raire de la marche pacifique - Guineeline","robots":{"index":"index","follow":"follow","max-snippet":"max-snippet:-1","max-image-preview":"max-image-preview:large","max-video-preview":"max-video-preview:-1"},"canonical":"https:\/\/www.guineeline.net\/index.php\/2022\/06\/13\/retour-a-lordre-constitutionnel-le-fndc-devoile-litineraire-de-la-marche-pacifique\/","og_locale":"fr_FR","og_type":"article","og_title":"Retour \u00e0 l\u2019ordre constitutionnel : le FNDC d\u00e9voile l\u2019itin\u00e9raire de la marche pacifique - Guineeline","og_description":"Le comit\u00e9 d\u2019organisation de la marche citoyenne et pacifique du Jeudi 23 Juin 2022, informe que sa marche pour le retour \u00e0 l\u2019ordre constitutionnel partira du Rond-point de la Tannerie au Palais du peuple o\u00f9 les discours seront prononc\u00e9s pour interpeller les autorit\u00e9s de la transition sur la n\u00e9cessit\u00e9 pour notre pays de renouer avec [&hellip;]","og_url":"https:\/\/www.guineeline.net\/index.php\/2022\/06\/13\/retour-a-lordre-constitutionnel-le-fndc-devoile-litineraire-de-la-marche-pacifique\/","og_site_name":"Guineeline","article_published_time":"2022-06-13T12:14:15+00:00","og_image":[{"width":486,"height":383,"url":"https:\/\/www.guineeline.net\/wp-content\/uploads\/2021\/07\/Fonike-Mengue.jpg","type":"image\/jpeg"}],"author":"Guineeline","twitter_card":"summary_large_image","twitter_misc":{"\u00c9crit par":"Guineeline","Dur\u00e9e de lecture estim\u00e9e":"2 minutes"},"schema":{"@context":"https:\/\/schema.org","@graph":[{"@type":"Article","@id":"https:\/\/www.guineeline.net\/index.php\/2022\/06\/13\/retour-a-lordre-constitutionnel-le-fndc-devoile-litineraire-de-la-marche-pacifique\/#article","isPartOf":{"@id":"https:\/\/www.guineeline.net\/index.php\/2022\/06\/13\/retour-a-lordre-constitutionnel-le-fndc-devoile-litineraire-de-la-marche-pacifique\/"},"author":{"name":"Guineeline","@id":"https:\/\/www.guineeline.net\/#\/schema\/person\/f5914e0a4c56cc8f4aa0922cc547a390"},"headline":"Retour \u00e0 l\u2019ordre constitutionnel : le FNDC d\u00e9voile l\u2019itin\u00e9raire de la marche pacifique","datePublished":"2022-06-13T12:14:15+00:00","mainEntityOfPage":{"@id":"https:\/\/www.guineeline.net\/index.php\/2022\/06\/13\/retour-a-lordre-constitutionnel-le-fndc-devoile-litineraire-de-la-marche-pacifique\/"},"wordCount":188,"commentCount":0,"image":{"@id":"https:\/\/www.guineeline.net\/index.php\/2022\/06\/13\/retour-a-lordre-constitutionnel-le-fndc-devoile-litineraire-de-la-marche-pacifique\/#primaryimage"},"thumbnailUrl":"https:\/\/www.guineeline.net\/wp-content\/uploads\/2021\/07\/Fonike-Mengue.jpg","articleSection":["Actualit\u00e9s"],"inLanguage":"fr-FR","potentialAction":[{"@type":"CommentAction","name":"Comment","target":["https:\/\/www.guineeline.net\/index.php\/2022\/06\/13\/retour-a-lordre-constitutionnel-le-fndc-devoile-litineraire-de-la-marche-pacifique\/#respond"]}]},{"@type":"WebPage","@id":"https:\/\/www.guineeline.net\/index.php\/2022\/06\/13\/retour-a-lordre-constitutionnel-le-fndc-devoile-litineraire-de-la-marche-pacifique\/","url":"https:\/\/www.guineeline.net\/index.php\/2022\/06\/13\/retour-a-lordre-constitutionnel-le-fndc-devoile-litineraire-de-la-marche-pacifique\/","name":"Retour \u00e0 l\u2019ordre constitutionnel : le FNDC d\u00e9voile l\u2019itin\u00e9raire de la marche pacifique - Guineeline","isPartOf":{"@id":"https:\/\/www.guineeline.net\/#website"},"primaryImageOfPage":{"@id":"https:\/\/www.guineeline.net\/index.php\/2022\/06\/13\/retour-a-lordre-constitutionnel-le-fndc-devoile-litineraire-de-la-marche-pacifique\/#primaryimage"},"image":{"@id":"https:\/\/www.guineeline.net\/index.php\/2022\/06\/13\/retour-a-lordre-constitutionnel-le-fndc-devoile-litineraire-de-la-marche-pacifique\/#primaryimage"},"thumbnailUrl":"https:\/\/www.guineeline.net\/wp-content\/uploads\/2021\/07\/Fonike-Mengue.jpg","datePublished":"2022-06-13T12:14:15+00:00","author":{"@id":"https:\/\/www.guineeline.net\/#\/schema\/person\/f5914e0a4c56cc8f4aa0922cc547a390"},"breadcrumb":{"@id":"https:\/\/www.guineeline.net\/index.php\/2022\/06\/13\/retour-a-lordre-constitutionnel-le-fndc-devoile-litineraire-de-la-marche-pacifique\/#breadcrumb"},"inLanguage":"fr-FR","potentialAction":[{"@type":"ReadAction","target":["https:\/\/www.guineeline.net\/index.php\/2022\/06\/13\/retour-a-lordre-constitutionnel-le-fndc-devoile-litineraire-de-la-marche-pacifique\/"]}]},{"@type":"ImageObject","inLanguage":"fr-FR","@id":"https:\/\/www.guineeline.net\/index.php\/2022\/06\/13\/retour-a-lordre-constitutionnel-le-fndc-devoile-litineraire-de-la-marche-pacifique\/#primaryimage","url":"https:\/\/www.guineeline.net\/wp-content\/uploads\/2021\/07\/Fonike-Mengue.jpg","contentUrl":"https:\/\/www.guineeline.net\/wp-content\/uploads\/2021\/07\/Fonike-Mengue.jpg","width":486,"height":383},{"@type":"BreadcrumbList","@id":"https:\/\/www.guineeline.net\/index.php\/2022\/06\/13\/retour-a-lordre-constitutionnel-le-fndc-devoile-litineraire-de-la-marche-pacifique\/#breadcrumb","itemListElement":[{"@type":"ListItem","position":1,"name":"Accueil","item":"https:\/\/www.guineeline.net\/"},{"@type":"ListItem","position":2,"name":"Retour \u00e0 l\u2019ordre constitutionnel : le FNDC d\u00e9voile l\u2019itin\u00e9raire de la marche pacifique"}]},{"@type":"WebSite","@id":"https:\/\/www.guineeline.net\/#website","url":"https:\/\/www.guineeline.net\/","name":"Guineeline","description":"L&#039;information en un clic","potentialAction":[{"@type":"SearchAction","target":{"@type":"EntryPoint","urlTemplate":"https:\/\/www.guineeline.net\/?s={search_term_string}"},"query-input":{"@type":"PropertyValueSpecification","valueRequired":true,"valueName":"search_term_string"}}],"inLanguage":"fr-FR"},{"@type":"Person","@id":"https:\/\/www.guineeline.net\/#\/schema\/person\/f5914e0a4c56cc8f4aa0922cc547a390","name":"Guineeline","image":{"@type":"ImageObject","inLanguage":"fr-FR","@id":"https:\/\/www.guineeline.net\/#\/schema\/person\/image\/","url":"https:\/\/secure.gravatar.com\/avatar\/432ce140236c408fa05ea28acd193ba03163acdd0efbe444c1c44957b8a29a2a?s=96&d=mm&r=g","contentUrl":"https:\/\/secure.gravatar.com\/avatar\/432ce140236c408fa05ea28acd193ba03163acdd0efbe444c1c44957b8a29a2a?s=96&d=mm&r=g","caption":"Guineeline"},"url":"https:\/\/www.guineeline.net\/index.php\/author\/admin\/"}]}},"_links":{"self":[{"href":"https:\/\/www.guineeline.net\/index.php\/wp-json\/wp\/v2\/posts\/696","targetHints":{"allow":["GET"]}}],"collection":[{"href":"https:\/\/www.guineeline.net\/index.php\/wp-json\/wp\/v2\/posts"}],"about":[{"href":"https:\/\/www.guineeline.net\/index.php\/wp-json\/wp\/v2\/types\/post"}],"author":[{"embeddable":true,"href":"https:\/\/www.guineeline.net\/index.php\/wp-json\/wp\/v2\/users\/3"}],"replies":[{"embeddable":true,"href":"https:\/\/www.guineeline.net\/index.php\/wp-json\/wp\/v2\/comments?post=696"}],"version-history":[{"count":1,"href":"https:\/\/www.guineeline.net\/index.php\/wp-json\/wp\/v2\/posts\/696\/revisions"}],"predecessor-version":[{"id":697,"href":"https:\/\/www.guineeline.net\/index.php\/wp-json\/wp\/v2\/posts\/696\/revisions\/697"}],"wp:featuredmedia":[{"embeddable":true,"href":"https:\/\/www.guineeline.net\/index.php\/wp-json\/wp\/v2\/media\/416"}],"wp:attachment":[{"href":"https:\/\/www.guineeline.net\/index.php\/wp-json\/wp\/v2\/media?parent=696"}],"wp:term":[{"taxonomy":"category","embeddable":true,"href":"https:\/\/www.guineeline.net\/index.php\/wp-json\/wp\/v2\/categories?post=696"},{"taxonomy":"post_tag","embeddable":true,"href":"https:\/\/www.guineeline.net\/index.php\/wp-json\/wp\/v2\/tags?post=696"}],"curies":[{"name":"wp","href":"https:\/\/api.w.org\/{rel}","templated":true}]}}