{"id":660,"date":"2022-05-30T12:26:56","date_gmt":"2022-05-30T10:26:56","guid":{"rendered":"https:\/\/www.guineeline.net\/?p=660"},"modified":"2022-05-30T12:26:56","modified_gmt":"2022-05-30T10:26:56","slug":"talents-de-guinee-le-colonel-mamadi-doumbouya-nomme-homme-de-lannee","status":"publish","type":"post","link":"https:\/\/www.guineeline.net\/index.php\/2022\/05\/30\/talents-de-guinee-le-colonel-mamadi-doumbouya-nomme-homme-de-lannee\/","title":{"rendered":"Talents de Guin\u00e9e: le Colonel Mamadi Doumbouya nomm\u00e9 Homme de l&rsquo;ann\u00e9e"},"content":{"rendered":"<p>A l\u2019occasion de la quatri\u00e8me \u00e9dition de Talents de Guin\u00e9e tenue samedi, 28 mai 2022, \u00e0 Paris, le Colonel Mamadi Doumbouya, Pr\u00e9sident de la transition en Guin\u00e9e, a eu une nouvelle distinction. D\u00e9sign\u00e9 \u00abHomme de l\u2019ann\u00e9e\u00bb, c\u2019est son Conseiller Personnel, l\u2019ancien journaliste Thierno Mamadou Bah, TMB pour les intimes, qui a re\u00e7u le troph\u00e9e au nom du r\u00e9cipiendaire.<\/p>\n<p>L\u2019\u00e9v\u00e9nement a eu lieu samedi 28 mai 2022 dans la r\u00e9gion parisienne, pr\u00e9cis\u00e9ment dans le d\u00e9partement du Val-du-Marne avec une forte pr\u00e9sence de la communaut\u00e9 guin\u00e9enne r\u00e9sident dans en France, en Belgique, en Suisse et en Allemagne, selon guinee114.com. Cette grande mobilisation de la diaspora guin\u00e9enne et d\u2019autres pays amis, pour parler de culture, de paix et de d\u00e9veloppement, a \u00e9t\u00e9 marqu\u00e9e par la pr\u00e9sence de TMB, Conseiller personnel du Colonel Mamadi Doumbouya, le pr\u00e9sident de la transition.<\/p>\n<p>Il faut aussi noter la pr\u00e9sence de madame la maire de Limeil-Brevannes, madame Francoise Lecoufle et plusieurs \u00e9lus de sa circonscription \u00e0 cet \u00e9v\u00e9nement, rapporte un participant. Plusieurs autres personnalit\u00e9s publiques guin\u00e9ennes et fran\u00e7aises \u00e9taient pr\u00e9sentes \u00e0 cette grande c\u00e9r\u00e9monie qui a mobilis\u00e9 des milliers de nos compatriotes de la diaspora africaine.<\/p>\n<p>A noter que cette distinction qui ne souffre d\u2019aucune contestation, est le fruit de meilleure lecture de l\u2019actualit\u00e9 par les organisateurs. Pour tous les Guin\u00e9ens, en lib\u00e9rant le pays le 05 septembre 2021, le Colonel Mamadi Doumbouya entrait d\u00e9finitivement dans le c\u0153ur de tous et devenait ainsi la personnalit\u00e9 de l\u2019ann\u00e9e.<\/p>\n<p>guinee114.com<\/p>\n","protected":false},"excerpt":{"rendered":"<p>A l\u2019occasion de la quatri\u00e8me \u00e9dition de Talents de Guin\u00e9e tenue samedi, 28 mai 2022, \u00e0 Paris, le Colonel Mamadi Doumbouya, Pr\u00e9sident de la transition en Guin\u00e9e, a eu une nouvelle distinction. D\u00e9sign\u00e9 \u00abHomme de l\u2019ann\u00e9e\u00bb, c\u2019est son Conseiller Personnel, l\u2019ancien journaliste Thierno Mamadou Bah, TMB pour les intimes, qui a re\u00e7u le troph\u00e9e au [&hellip;]<\/p>\n","protected":false},"author":3,"featured_media":531,"comment_status":"open","ping_status":"open","sticky":false,"template":"","format":"standard","meta":{"jnews-multi-image_gallery":[],"jnews_single_post":{"subtitle":"","format":"standard","video":"","gallery":"","source_name":"","source_url":"","via_name":"","via_url":"","override":[{"single_blog_custom":"","sidebar":"","second_sidebar":"","share_position":"","share_float_style":"","post_date_format":"","post_date_format_custom":"","number_popup_post":"1"}],"image_override":[{"single_post_thumbnail_size":"","single_post_gallery_size":""}],"trending_post_position":"","trending_post_label":""},"jnews_primary_category":{"id":""},"jnews_override_counter":{"view_counter_number":"0","share_counter_number":"0","like_counter_number":"0","dislike_counter_number":"0"},"footnotes":""},"categories":[2],"tags":[],"class_list":["post-660","post","type-post","status-publish","format-standard","has-post-thumbnail","hentry","category-actualites"],"yoast_head":"<!-- This site is optimized with the Yoast SEO plugin v26.9 - https:\/\/yoast.com\/product\/yoast-seo-wordpress\/ -->\n<title>Talents de Guin\u00e9e: le Colonel Mamadi Doumbouya nomm\u00e9 Homme de l&#039;ann\u00e9e - Guineeline<\/title>\n<meta name=\"robots\" content=\"index, follow, max-snippet:-1, max-image-preview:large, max-video-preview:-1\" \/>\n<link rel=\"canonical\" href=\"https:\/\/www.guineeline.net\/index.php\/2022\/05\/30\/talents-de-guinee-le-colonel-mamadi-doumbouya-nomme-homme-de-lannee\/\" \/>\n<meta property=\"og:locale\" content=\"fr_FR\" \/>\n<meta property=\"og:type\" content=\"article\" \/>\n<meta property=\"og:title\" content=\"Talents de Guin\u00e9e: le Colonel Mamadi Doumbouya nomm\u00e9 Homme de l&#039;ann\u00e9e - Guineeline\" \/>\n<meta property=\"og:description\" content=\"A l\u2019occasion de la quatri\u00e8me \u00e9dition de Talents de Guin\u00e9e tenue samedi, 28 mai 2022, \u00e0 Paris, le Colonel Mamadi Doumbouya, Pr\u00e9sident de la transition en Guin\u00e9e, a eu une nouvelle distinction. D\u00e9sign\u00e9 \u00abHomme de l\u2019ann\u00e9e\u00bb, c\u2019est son Conseiller Personnel, l\u2019ancien journaliste Thierno Mamadou Bah, TMB pour les intimes, qui a re\u00e7u le troph\u00e9e au [&hellip;]\" \/>\n<meta property=\"og:url\" content=\"https:\/\/www.guineeline.net\/index.php\/2022\/05\/30\/talents-de-guinee-le-colonel-mamadi-doumbouya-nomme-homme-de-lannee\/\" \/>\n<meta property=\"og:site_name\" content=\"Guineeline\" \/>\n<meta property=\"article:published_time\" content=\"2022-05-30T10:26:56+00:00\" \/>\n<meta property=\"og:image\" content=\"https:\/\/www.guineeline.net\/wp-content\/uploads\/2022\/03\/cnrd3.jpg\" \/>\n\t<meta property=\"og:image:width\" content=\"313\" \/>\n\t<meta property=\"og:image:height\" content=\"161\" \/>\n\t<meta property=\"og:image:type\" content=\"image\/jpeg\" \/>\n<meta name=\"author\" content=\"Guineeline\" \/>\n<meta name=\"twitter:card\" content=\"summary_large_image\" \/>\n<meta name=\"twitter:label1\" content=\"\u00c9crit par\" \/>\n\t<meta name=\"twitter:data1\" content=\"Guineeline\" \/>\n\t<meta name=\"twitter:label2\" content=\"Dur\u00e9e de lecture estim\u00e9e\" \/>\n\t<meta name=\"twitter:data2\" content=\"2 minutes\" \/>\n<script type=\"application\/ld+json\" class=\"yoast-schema-graph\">{\"@context\":\"https:\/\/schema.org\",\"@graph\":[{\"@type\":\"Article\",\"@id\":\"https:\/\/www.guineeline.net\/index.php\/2022\/05\/30\/talents-de-guinee-le-colonel-mamadi-doumbouya-nomme-homme-de-lannee\/#article\",\"isPartOf\":{\"@id\":\"https:\/\/www.guineeline.net\/index.php\/2022\/05\/30\/talents-de-guinee-le-colonel-mamadi-doumbouya-nomme-homme-de-lannee\/\"},\"author\":{\"name\":\"Guineeline\",\"@id\":\"https:\/\/www.guineeline.net\/#\/schema\/person\/f5914e0a4c56cc8f4aa0922cc547a390\"},\"headline\":\"Talents de Guin\u00e9e: le Colonel Mamadi Doumbouya nomm\u00e9 Homme de l&rsquo;ann\u00e9e\",\"datePublished\":\"2022-05-30T10:26:56+00:00\",\"mainEntityOfPage\":{\"@id\":\"https:\/\/www.guineeline.net\/index.php\/2022\/05\/30\/talents-de-guinee-le-colonel-mamadi-doumbouya-nomme-homme-de-lannee\/\"},\"wordCount\":291,\"commentCount\":0,\"image\":{\"@id\":\"https:\/\/www.guineeline.net\/index.php\/2022\/05\/30\/talents-de-guinee-le-colonel-mamadi-doumbouya-nomme-homme-de-lannee\/#primaryimage\"},\"thumbnailUrl\":\"https:\/\/www.guineeline.net\/wp-content\/uploads\/2022\/03\/cnrd3.jpg\",\"articleSection\":[\"Actualit\u00e9s\"],\"inLanguage\":\"fr-FR\",\"potentialAction\":[{\"@type\":\"CommentAction\",\"name\":\"Comment\",\"target\":[\"https:\/\/www.guineeline.net\/index.php\/2022\/05\/30\/talents-de-guinee-le-colonel-mamadi-doumbouya-nomme-homme-de-lannee\/#respond\"]}]},{\"@type\":\"WebPage\",\"@id\":\"https:\/\/www.guineeline.net\/index.php\/2022\/05\/30\/talents-de-guinee-le-colonel-mamadi-doumbouya-nomme-homme-de-lannee\/\",\"url\":\"https:\/\/www.guineeline.net\/index.php\/2022\/05\/30\/talents-de-guinee-le-colonel-mamadi-doumbouya-nomme-homme-de-lannee\/\",\"name\":\"Talents de Guin\u00e9e: le Colonel Mamadi Doumbouya nomm\u00e9 Homme de l'ann\u00e9e - Guineeline\",\"isPartOf\":{\"@id\":\"https:\/\/www.guineeline.net\/#website\"},\"primaryImageOfPage\":{\"@id\":\"https:\/\/www.guineeline.net\/index.php\/2022\/05\/30\/talents-de-guinee-le-colonel-mamadi-doumbouya-nomme-homme-de-lannee\/#primaryimage\"},\"image\":{\"@id\":\"https:\/\/www.guineeline.net\/index.php\/2022\/05\/30\/talents-de-guinee-le-colonel-mamadi-doumbouya-nomme-homme-de-lannee\/#primaryimage\"},\"thumbnailUrl\":\"https:\/\/www.guineeline.net\/wp-content\/uploads\/2022\/03\/cnrd3.jpg\",\"datePublished\":\"2022-05-30T10:26:56+00:00\",\"author\":{\"@id\":\"https:\/\/www.guineeline.net\/#\/schema\/person\/f5914e0a4c56cc8f4aa0922cc547a390\"},\"breadcrumb\":{\"@id\":\"https:\/\/www.guineeline.net\/index.php\/2022\/05\/30\/talents-de-guinee-le-colonel-mamadi-doumbouya-nomme-homme-de-lannee\/#breadcrumb\"},\"inLanguage\":\"fr-FR\",\"potentialAction\":[{\"@type\":\"ReadAction\",\"target\":[\"https:\/\/www.guineeline.net\/index.php\/2022\/05\/30\/talents-de-guinee-le-colonel-mamadi-doumbouya-nomme-homme-de-lannee\/\"]}]},{\"@type\":\"ImageObject\",\"inLanguage\":\"fr-FR\",\"@id\":\"https:\/\/www.guineeline.net\/index.php\/2022\/05\/30\/talents-de-guinee-le-colonel-mamadi-doumbouya-nomme-homme-de-lannee\/#primaryimage\",\"url\":\"https:\/\/www.guineeline.net\/wp-content\/uploads\/2022\/03\/cnrd3.jpg\",\"contentUrl\":\"https:\/\/www.guineeline.net\/wp-content\/uploads\/2022\/03\/cnrd3.jpg\",\"width\":313,\"height\":161},{\"@type\":\"BreadcrumbList\",\"@id\":\"https:\/\/www.guineeline.net\/index.php\/2022\/05\/30\/talents-de-guinee-le-colonel-mamadi-doumbouya-nomme-homme-de-lannee\/#breadcrumb\",\"itemListElement\":[{\"@type\":\"ListItem\",\"position\":1,\"name\":\"Accueil\",\"item\":\"https:\/\/www.guineeline.net\/\"},{\"@type\":\"ListItem\",\"position\":2,\"name\":\"Talents de Guin\u00e9e: le Colonel Mamadi Doumbouya nomm\u00e9 Homme de l&rsquo;ann\u00e9e\"}]},{\"@type\":\"WebSite\",\"@id\":\"https:\/\/www.guineeline.net\/#website\",\"url\":\"https:\/\/www.guineeline.net\/\",\"name\":\"Guineeline\",\"description\":\"L&#039;information en un clic\",\"potentialAction\":[{\"@type\":\"SearchAction\",\"target\":{\"@type\":\"EntryPoint\",\"urlTemplate\":\"https:\/\/www.guineeline.net\/?s={search_term_string}\"},\"query-input\":{\"@type\":\"PropertyValueSpecification\",\"valueRequired\":true,\"valueName\":\"search_term_string\"}}],\"inLanguage\":\"fr-FR\"},{\"@type\":\"Person\",\"@id\":\"https:\/\/www.guineeline.net\/#\/schema\/person\/f5914e0a4c56cc8f4aa0922cc547a390\",\"name\":\"Guineeline\",\"image\":{\"@type\":\"ImageObject\",\"inLanguage\":\"fr-FR\",\"@id\":\"https:\/\/www.guineeline.net\/#\/schema\/person\/image\/\",\"url\":\"https:\/\/secure.gravatar.com\/avatar\/432ce140236c408fa05ea28acd193ba03163acdd0efbe444c1c44957b8a29a2a?s=96&d=mm&r=g\",\"contentUrl\":\"https:\/\/secure.gravatar.com\/avatar\/432ce140236c408fa05ea28acd193ba03163acdd0efbe444c1c44957b8a29a2a?s=96&d=mm&r=g\",\"caption\":\"Guineeline\"},\"url\":\"https:\/\/www.guineeline.net\/index.php\/author\/admin\/\"}]}<\/script>\n<!-- \/ Yoast SEO plugin. -->","yoast_head_json":{"title":"Talents de Guin\u00e9e: le Colonel Mamadi Doumbouya nomm\u00e9 Homme de l'ann\u00e9e - Guineeline","robots":{"index":"index","follow":"follow","max-snippet":"max-snippet:-1","max-image-preview":"max-image-preview:large","max-video-preview":"max-video-preview:-1"},"canonical":"https:\/\/www.guineeline.net\/index.php\/2022\/05\/30\/talents-de-guinee-le-colonel-mamadi-doumbouya-nomme-homme-de-lannee\/","og_locale":"fr_FR","og_type":"article","og_title":"Talents de Guin\u00e9e: le Colonel Mamadi Doumbouya nomm\u00e9 Homme de l'ann\u00e9e - Guineeline","og_description":"A l\u2019occasion de la quatri\u00e8me \u00e9dition de Talents de Guin\u00e9e tenue samedi, 28 mai 2022, \u00e0 Paris, le Colonel Mamadi Doumbouya, Pr\u00e9sident de la transition en Guin\u00e9e, a eu une nouvelle distinction. D\u00e9sign\u00e9 \u00abHomme de l\u2019ann\u00e9e\u00bb, c\u2019est son Conseiller Personnel, l\u2019ancien journaliste Thierno Mamadou Bah, TMB pour les intimes, qui a re\u00e7u le troph\u00e9e au [&hellip;]","og_url":"https:\/\/www.guineeline.net\/index.php\/2022\/05\/30\/talents-de-guinee-le-colonel-mamadi-doumbouya-nomme-homme-de-lannee\/","og_site_name":"Guineeline","article_published_time":"2022-05-30T10:26:56+00:00","og_image":[{"width":313,"height":161,"url":"https:\/\/www.guineeline.net\/wp-content\/uploads\/2022\/03\/cnrd3.jpg","type":"image\/jpeg"}],"author":"Guineeline","twitter_card":"summary_large_image","twitter_misc":{"\u00c9crit par":"Guineeline","Dur\u00e9e de lecture estim\u00e9e":"2 minutes"},"schema":{"@context":"https:\/\/schema.org","@graph":[{"@type":"Article","@id":"https:\/\/www.guineeline.net\/index.php\/2022\/05\/30\/talents-de-guinee-le-colonel-mamadi-doumbouya-nomme-homme-de-lannee\/#article","isPartOf":{"@id":"https:\/\/www.guineeline.net\/index.php\/2022\/05\/30\/talents-de-guinee-le-colonel-mamadi-doumbouya-nomme-homme-de-lannee\/"},"author":{"name":"Guineeline","@id":"https:\/\/www.guineeline.net\/#\/schema\/person\/f5914e0a4c56cc8f4aa0922cc547a390"},"headline":"Talents de Guin\u00e9e: le Colonel Mamadi Doumbouya nomm\u00e9 Homme de l&rsquo;ann\u00e9e","datePublished":"2022-05-30T10:26:56+00:00","mainEntityOfPage":{"@id":"https:\/\/www.guineeline.net\/index.php\/2022\/05\/30\/talents-de-guinee-le-colonel-mamadi-doumbouya-nomme-homme-de-lannee\/"},"wordCount":291,"commentCount":0,"image":{"@id":"https:\/\/www.guineeline.net\/index.php\/2022\/05\/30\/talents-de-guinee-le-colonel-mamadi-doumbouya-nomme-homme-de-lannee\/#primaryimage"},"thumbnailUrl":"https:\/\/www.guineeline.net\/wp-content\/uploads\/2022\/03\/cnrd3.jpg","articleSection":["Actualit\u00e9s"],"inLanguage":"fr-FR","potentialAction":[{"@type":"CommentAction","name":"Comment","target":["https:\/\/www.guineeline.net\/index.php\/2022\/05\/30\/talents-de-guinee-le-colonel-mamadi-doumbouya-nomme-homme-de-lannee\/#respond"]}]},{"@type":"WebPage","@id":"https:\/\/www.guineeline.net\/index.php\/2022\/05\/30\/talents-de-guinee-le-colonel-mamadi-doumbouya-nomme-homme-de-lannee\/","url":"https:\/\/www.guineeline.net\/index.php\/2022\/05\/30\/talents-de-guinee-le-colonel-mamadi-doumbouya-nomme-homme-de-lannee\/","name":"Talents de Guin\u00e9e: le Colonel Mamadi Doumbouya nomm\u00e9 Homme de l'ann\u00e9e - Guineeline","isPartOf":{"@id":"https:\/\/www.guineeline.net\/#website"},"primaryImageOfPage":{"@id":"https:\/\/www.guineeline.net\/index.php\/2022\/05\/30\/talents-de-guinee-le-colonel-mamadi-doumbouya-nomme-homme-de-lannee\/#primaryimage"},"image":{"@id":"https:\/\/www.guineeline.net\/index.php\/2022\/05\/30\/talents-de-guinee-le-colonel-mamadi-doumbouya-nomme-homme-de-lannee\/#primaryimage"},"thumbnailUrl":"https:\/\/www.guineeline.net\/wp-content\/uploads\/2022\/03\/cnrd3.jpg","datePublished":"2022-05-30T10:26:56+00:00","author":{"@id":"https:\/\/www.guineeline.net\/#\/schema\/person\/f5914e0a4c56cc8f4aa0922cc547a390"},"breadcrumb":{"@id":"https:\/\/www.guineeline.net\/index.php\/2022\/05\/30\/talents-de-guinee-le-colonel-mamadi-doumbouya-nomme-homme-de-lannee\/#breadcrumb"},"inLanguage":"fr-FR","potentialAction":[{"@type":"ReadAction","target":["https:\/\/www.guineeline.net\/index.php\/2022\/05\/30\/talents-de-guinee-le-colonel-mamadi-doumbouya-nomme-homme-de-lannee\/"]}]},{"@type":"ImageObject","inLanguage":"fr-FR","@id":"https:\/\/www.guineeline.net\/index.php\/2022\/05\/30\/talents-de-guinee-le-colonel-mamadi-doumbouya-nomme-homme-de-lannee\/#primaryimage","url":"https:\/\/www.guineeline.net\/wp-content\/uploads\/2022\/03\/cnrd3.jpg","contentUrl":"https:\/\/www.guineeline.net\/wp-content\/uploads\/2022\/03\/cnrd3.jpg","width":313,"height":161},{"@type":"BreadcrumbList","@id":"https:\/\/www.guineeline.net\/index.php\/2022\/05\/30\/talents-de-guinee-le-colonel-mamadi-doumbouya-nomme-homme-de-lannee\/#breadcrumb","itemListElement":[{"@type":"ListItem","position":1,"name":"Accueil","item":"https:\/\/www.guineeline.net\/"},{"@type":"ListItem","position":2,"name":"Talents de Guin\u00e9e: le Colonel Mamadi Doumbouya nomm\u00e9 Homme de l&rsquo;ann\u00e9e"}]},{"@type":"WebSite","@id":"https:\/\/www.guineeline.net\/#website","url":"https:\/\/www.guineeline.net\/","name":"Guineeline","description":"L&#039;information en un clic","potentialAction":[{"@type":"SearchAction","target":{"@type":"EntryPoint","urlTemplate":"https:\/\/www.guineeline.net\/?s={search_term_string}"},"query-input":{"@type":"PropertyValueSpecification","valueRequired":true,"valueName":"search_term_string"}}],"inLanguage":"fr-FR"},{"@type":"Person","@id":"https:\/\/www.guineeline.net\/#\/schema\/person\/f5914e0a4c56cc8f4aa0922cc547a390","name":"Guineeline","image":{"@type":"ImageObject","inLanguage":"fr-FR","@id":"https:\/\/www.guineeline.net\/#\/schema\/person\/image\/","url":"https:\/\/secure.gravatar.com\/avatar\/432ce140236c408fa05ea28acd193ba03163acdd0efbe444c1c44957b8a29a2a?s=96&d=mm&r=g","contentUrl":"https:\/\/secure.gravatar.com\/avatar\/432ce140236c408fa05ea28acd193ba03163acdd0efbe444c1c44957b8a29a2a?s=96&d=mm&r=g","caption":"Guineeline"},"url":"https:\/\/www.guineeline.net\/index.php\/author\/admin\/"}]}},"_links":{"self":[{"href":"https:\/\/www.guineeline.net\/index.php\/wp-json\/wp\/v2\/posts\/660","targetHints":{"allow":["GET"]}}],"collection":[{"href":"https:\/\/www.guineeline.net\/index.php\/wp-json\/wp\/v2\/posts"}],"about":[{"href":"https:\/\/www.guineeline.net\/index.php\/wp-json\/wp\/v2\/types\/post"}],"author":[{"embeddable":true,"href":"https:\/\/www.guineeline.net\/index.php\/wp-json\/wp\/v2\/users\/3"}],"replies":[{"embeddable":true,"href":"https:\/\/www.guineeline.net\/index.php\/wp-json\/wp\/v2\/comments?post=660"}],"version-history":[{"count":1,"href":"https:\/\/www.guineeline.net\/index.php\/wp-json\/wp\/v2\/posts\/660\/revisions"}],"predecessor-version":[{"id":661,"href":"https:\/\/www.guineeline.net\/index.php\/wp-json\/wp\/v2\/posts\/660\/revisions\/661"}],"wp:featuredmedia":[{"embeddable":true,"href":"https:\/\/www.guineeline.net\/index.php\/wp-json\/wp\/v2\/media\/531"}],"wp:attachment":[{"href":"https:\/\/www.guineeline.net\/index.php\/wp-json\/wp\/v2\/media?parent=660"}],"wp:term":[{"taxonomy":"category","embeddable":true,"href":"https:\/\/www.guineeline.net\/index.php\/wp-json\/wp\/v2\/categories?post=660"},{"taxonomy":"post_tag","embeddable":true,"href":"https:\/\/www.guineeline.net\/index.php\/wp-json\/wp\/v2\/tags?post=660"}],"curies":[{"name":"wp","href":"https:\/\/api.w.org\/{rel}","templated":true}]}}