{"id":640,"date":"2022-05-10T15:26:11","date_gmt":"2022-05-10T13:26:11","guid":{"rendered":"https:\/\/www.guineeline.net\/?p=640"},"modified":"2022-05-10T15:26:33","modified_gmt":"2022-05-10T13:26:33","slug":"afrique-du-sud-action-mines-guinee-au-centre-des-debats-sur-les-droits-des-communautes-impactees-par-les-industries-extractives","status":"publish","type":"post","link":"https:\/\/www.guineeline.net\/index.php\/2022\/05\/10\/afrique-du-sud-action-mines-guinee-au-centre-des-debats-sur-les-droits-des-communautes-impactees-par-les-industries-extractives\/","title":{"rendered":"Afrique du Sud : Action Mines Guin\u00e9e au centre des d\u00e9bats sur les droits des communaut\u00e9s impact\u00e9es par les industries extractives"},"content":{"rendered":"<p><strong>Sur invitation du centre pour les droits humains de l\u2019universit\u00e9 de pr\u00e9toria et de la coalition Africaine pour la responsabilit\u00e9 des entreprises (ACCA), le Directeur Ex\u00e9cutif d\u2019Action Mines Guin\u00e9e participe \u00e0 Cape Town en Afrique du sud, aux travaux d\u2019Alternative Mining Indaba. Les d\u00e9bats tournent autour des politiques de d\u00e9veloppement de l\u2019industrie extractive tenant compte de la volont\u00e9 et des droits des communaut\u00e9s impact\u00e9es. <\/strong><\/p>\n<p><strong>Amadou Bah a expliqu\u00e9 en substance les tenants et les aboutissants de cette rencontre multi acteurs sur sa page Facebook en ces termes<\/strong>. \u00ab\u00a0<strong><em>Des acteurs \u00c9tatiques, de la soci\u00e9t\u00e9 civile et des entreprises extractives de plus de 30 pays \u00e9changent sur l\u2019impact des industries extractives sur le changement climatique et les droits humains. Des technologies bas carbone et des solutions endog\u00e8nes doivent aller de paire avec la volont\u00e9 politique des Etats Africains, afin qu\u2019ils s\u2019engagent pleinement et progressivement dans le processus de transition \u00e9nerg\u00e9tique\u00a0\u00bb.\u00a0\u00a0<\/em><\/strong><\/p>\n<p><strong>\u00c9tant un des repr\u00e9sentants de l\u2019Afrique de l\u2019ouest, M. Bah affirme que son organisation, Action Mines Guin\u00e9e travaille avec les acteurs internationaux pour une exploitation durable des ressources naturelles au profit des populations.\u00a0<\/strong><\/p>\n<p><strong><em>\u00ab\u00a0Avec ma modeste exp\u00e9rience, je participe effectivement aux r\u00e9flexions strat\u00e9giques continentales visant \u00e0 r\u00e9pondre aux d\u00e9fis de la gouvernance des industries extractives sur un continent qui focalise l\u2019attention des multinationales notamment sur les minerais strat\u00e9giques (cobalt, bauxite, lithium\u2026) entre autres\u00a0\u00bb, <\/em><\/strong><strong>pr\u00e9cise le Directeur Ex\u00e9cutif d\u2019AMINES depuis Cape Town. <\/strong><\/p>\n<p>#AMI2022<\/p>\n<p>#MiningIndaba2022<\/p>\n<p>#ACCA<\/p>\n<p>#ACTIONMINES<\/p>\n<p>#universit\u00e9depr\u00e9toria<\/p>\n","protected":false},"excerpt":{"rendered":"<p>Sur invitation du centre pour les droits humains de l\u2019universit\u00e9 de pr\u00e9toria et de la coalition Africaine pour la responsabilit\u00e9 des entreprises (ACCA), le Directeur Ex\u00e9cutif d\u2019Action Mines Guin\u00e9e participe \u00e0 Cape Town en Afrique du sud, aux travaux d\u2019Alternative Mining Indaba. Les d\u00e9bats tournent autour des politiques de d\u00e9veloppement de l\u2019industrie extractive tenant compte [&hellip;]<\/p>\n","protected":false},"author":3,"featured_media":641,"comment_status":"open","ping_status":"open","sticky":false,"template":"","format":"standard","meta":{"jnews-multi-image_gallery":[],"jnews_single_post":{"subtitle":"","format":"standard","video":"","gallery":"","source_name":"","source_url":"","via_name":"","via_url":"","override":[{"single_blog_custom":"","sidebar":"","second_sidebar":"","share_position":"","share_float_style":"","post_date_format":"","post_date_format_custom":"","number_popup_post":"1"}],"image_override":[{"single_post_thumbnail_size":"","single_post_gallery_size":""}],"trending_post_position":"","trending_post_label":""},"jnews_primary_category":{"id":""},"jnews_override_counter":{"view_counter_number":"0","share_counter_number":"0","like_counter_number":"0","dislike_counter_number":"0"},"footnotes":""},"categories":[2],"tags":[],"class_list":["post-640","post","type-post","status-publish","format-standard","has-post-thumbnail","hentry","category-actualites"],"yoast_head":"<!-- This site is optimized with the Yoast SEO plugin v26.9 - https:\/\/yoast.com\/product\/yoast-seo-wordpress\/ -->\n<title>Afrique du Sud : Action Mines Guin\u00e9e au centre des d\u00e9bats sur les droits des communaut\u00e9s impact\u00e9es par les industries extractives - Guineeline<\/title>\n<meta name=\"robots\" content=\"index, follow, max-snippet:-1, max-image-preview:large, max-video-preview:-1\" \/>\n<link rel=\"canonical\" href=\"https:\/\/www.guineeline.net\/index.php\/2022\/05\/10\/afrique-du-sud-action-mines-guinee-au-centre-des-debats-sur-les-droits-des-communautes-impactees-par-les-industries-extractives\/\" \/>\n<meta property=\"og:locale\" content=\"fr_FR\" \/>\n<meta property=\"og:type\" content=\"article\" \/>\n<meta property=\"og:title\" content=\"Afrique du Sud : Action Mines Guin\u00e9e au centre des d\u00e9bats sur les droits des communaut\u00e9s impact\u00e9es par les industries extractives - Guineeline\" \/>\n<meta property=\"og:description\" content=\"Sur invitation du centre pour les droits humains de l\u2019universit\u00e9 de pr\u00e9toria et de la coalition Africaine pour la responsabilit\u00e9 des entreprises (ACCA), le Directeur Ex\u00e9cutif d\u2019Action Mines Guin\u00e9e participe \u00e0 Cape Town en Afrique du sud, aux travaux d\u2019Alternative Mining Indaba. Les d\u00e9bats tournent autour des politiques de d\u00e9veloppement de l\u2019industrie extractive tenant compte [&hellip;]\" \/>\n<meta property=\"og:url\" content=\"https:\/\/www.guineeline.net\/index.php\/2022\/05\/10\/afrique-du-sud-action-mines-guinee-au-centre-des-debats-sur-les-droits-des-communautes-impactees-par-les-industries-extractives\/\" \/>\n<meta property=\"og:site_name\" content=\"Guineeline\" \/>\n<meta property=\"article:published_time\" content=\"2022-05-10T13:26:11+00:00\" \/>\n<meta property=\"article:modified_time\" content=\"2022-05-10T13:26:33+00:00\" \/>\n<meta property=\"og:image\" content=\"https:\/\/www.guineeline.net\/wp-content\/uploads\/2022\/05\/Amadou-bah.jpg\" \/>\n\t<meta property=\"og:image:width\" content=\"657\" \/>\n\t<meta property=\"og:image:height\" content=\"613\" \/>\n\t<meta property=\"og:image:type\" content=\"image\/jpeg\" \/>\n<meta name=\"author\" content=\"Guineeline\" \/>\n<meta name=\"twitter:card\" content=\"summary_large_image\" \/>\n<meta name=\"twitter:label1\" content=\"\u00c9crit par\" \/>\n\t<meta name=\"twitter:data1\" content=\"Guineeline\" \/>\n\t<meta name=\"twitter:label2\" content=\"Dur\u00e9e de lecture estim\u00e9e\" \/>\n\t<meta name=\"twitter:data2\" content=\"2 minutes\" \/>\n<script type=\"application\/ld+json\" class=\"yoast-schema-graph\">{\"@context\":\"https:\/\/schema.org\",\"@graph\":[{\"@type\":\"Article\",\"@id\":\"https:\/\/www.guineeline.net\/index.php\/2022\/05\/10\/afrique-du-sud-action-mines-guinee-au-centre-des-debats-sur-les-droits-des-communautes-impactees-par-les-industries-extractives\/#article\",\"isPartOf\":{\"@id\":\"https:\/\/www.guineeline.net\/index.php\/2022\/05\/10\/afrique-du-sud-action-mines-guinee-au-centre-des-debats-sur-les-droits-des-communautes-impactees-par-les-industries-extractives\/\"},\"author\":{\"name\":\"Guineeline\",\"@id\":\"https:\/\/www.guineeline.net\/#\/schema\/person\/f5914e0a4c56cc8f4aa0922cc547a390\"},\"headline\":\"Afrique du Sud : Action Mines Guin\u00e9e au centre des d\u00e9bats sur les droits des communaut\u00e9s impact\u00e9es par les industries extractives\",\"datePublished\":\"2022-05-10T13:26:11+00:00\",\"dateModified\":\"2022-05-10T13:26:33+00:00\",\"mainEntityOfPage\":{\"@id\":\"https:\/\/www.guineeline.net\/index.php\/2022\/05\/10\/afrique-du-sud-action-mines-guinee-au-centre-des-debats-sur-les-droits-des-communautes-impactees-par-les-industries-extractives\/\"},\"wordCount\":288,\"commentCount\":0,\"image\":{\"@id\":\"https:\/\/www.guineeline.net\/index.php\/2022\/05\/10\/afrique-du-sud-action-mines-guinee-au-centre-des-debats-sur-les-droits-des-communautes-impactees-par-les-industries-extractives\/#primaryimage\"},\"thumbnailUrl\":\"https:\/\/www.guineeline.net\/wp-content\/uploads\/2022\/05\/Amadou-bah.jpg\",\"articleSection\":[\"Actualit\u00e9s\"],\"inLanguage\":\"fr-FR\",\"potentialAction\":[{\"@type\":\"CommentAction\",\"name\":\"Comment\",\"target\":[\"https:\/\/www.guineeline.net\/index.php\/2022\/05\/10\/afrique-du-sud-action-mines-guinee-au-centre-des-debats-sur-les-droits-des-communautes-impactees-par-les-industries-extractives\/#respond\"]}]},{\"@type\":\"WebPage\",\"@id\":\"https:\/\/www.guineeline.net\/index.php\/2022\/05\/10\/afrique-du-sud-action-mines-guinee-au-centre-des-debats-sur-les-droits-des-communautes-impactees-par-les-industries-extractives\/\",\"url\":\"https:\/\/www.guineeline.net\/index.php\/2022\/05\/10\/afrique-du-sud-action-mines-guinee-au-centre-des-debats-sur-les-droits-des-communautes-impactees-par-les-industries-extractives\/\",\"name\":\"Afrique du Sud : Action Mines Guin\u00e9e au centre des d\u00e9bats sur les droits des communaut\u00e9s impact\u00e9es par les industries extractives - Guineeline\",\"isPartOf\":{\"@id\":\"https:\/\/www.guineeline.net\/#website\"},\"primaryImageOfPage\":{\"@id\":\"https:\/\/www.guineeline.net\/index.php\/2022\/05\/10\/afrique-du-sud-action-mines-guinee-au-centre-des-debats-sur-les-droits-des-communautes-impactees-par-les-industries-extractives\/#primaryimage\"},\"image\":{\"@id\":\"https:\/\/www.guineeline.net\/index.php\/2022\/05\/10\/afrique-du-sud-action-mines-guinee-au-centre-des-debats-sur-les-droits-des-communautes-impactees-par-les-industries-extractives\/#primaryimage\"},\"thumbnailUrl\":\"https:\/\/www.guineeline.net\/wp-content\/uploads\/2022\/05\/Amadou-bah.jpg\",\"datePublished\":\"2022-05-10T13:26:11+00:00\",\"dateModified\":\"2022-05-10T13:26:33+00:00\",\"author\":{\"@id\":\"https:\/\/www.guineeline.net\/#\/schema\/person\/f5914e0a4c56cc8f4aa0922cc547a390\"},\"breadcrumb\":{\"@id\":\"https:\/\/www.guineeline.net\/index.php\/2022\/05\/10\/afrique-du-sud-action-mines-guinee-au-centre-des-debats-sur-les-droits-des-communautes-impactees-par-les-industries-extractives\/#breadcrumb\"},\"inLanguage\":\"fr-FR\",\"potentialAction\":[{\"@type\":\"ReadAction\",\"target\":[\"https:\/\/www.guineeline.net\/index.php\/2022\/05\/10\/afrique-du-sud-action-mines-guinee-au-centre-des-debats-sur-les-droits-des-communautes-impactees-par-les-industries-extractives\/\"]}]},{\"@type\":\"ImageObject\",\"inLanguage\":\"fr-FR\",\"@id\":\"https:\/\/www.guineeline.net\/index.php\/2022\/05\/10\/afrique-du-sud-action-mines-guinee-au-centre-des-debats-sur-les-droits-des-communautes-impactees-par-les-industries-extractives\/#primaryimage\",\"url\":\"https:\/\/www.guineeline.net\/wp-content\/uploads\/2022\/05\/Amadou-bah.jpg\",\"contentUrl\":\"https:\/\/www.guineeline.net\/wp-content\/uploads\/2022\/05\/Amadou-bah.jpg\",\"width\":657,\"height\":613},{\"@type\":\"BreadcrumbList\",\"@id\":\"https:\/\/www.guineeline.net\/index.php\/2022\/05\/10\/afrique-du-sud-action-mines-guinee-au-centre-des-debats-sur-les-droits-des-communautes-impactees-par-les-industries-extractives\/#breadcrumb\",\"itemListElement\":[{\"@type\":\"ListItem\",\"position\":1,\"name\":\"Accueil\",\"item\":\"https:\/\/www.guineeline.net\/\"},{\"@type\":\"ListItem\",\"position\":2,\"name\":\"Afrique du Sud : Action Mines Guin\u00e9e au centre des d\u00e9bats sur les droits des communaut\u00e9s impact\u00e9es par les industries extractives\"}]},{\"@type\":\"WebSite\",\"@id\":\"https:\/\/www.guineeline.net\/#website\",\"url\":\"https:\/\/www.guineeline.net\/\",\"name\":\"Guineeline\",\"description\":\"L&#039;information en un clic\",\"potentialAction\":[{\"@type\":\"SearchAction\",\"target\":{\"@type\":\"EntryPoint\",\"urlTemplate\":\"https:\/\/www.guineeline.net\/?s={search_term_string}\"},\"query-input\":{\"@type\":\"PropertyValueSpecification\",\"valueRequired\":true,\"valueName\":\"search_term_string\"}}],\"inLanguage\":\"fr-FR\"},{\"@type\":\"Person\",\"@id\":\"https:\/\/www.guineeline.net\/#\/schema\/person\/f5914e0a4c56cc8f4aa0922cc547a390\",\"name\":\"Guineeline\",\"image\":{\"@type\":\"ImageObject\",\"inLanguage\":\"fr-FR\",\"@id\":\"https:\/\/www.guineeline.net\/#\/schema\/person\/image\/\",\"url\":\"https:\/\/secure.gravatar.com\/avatar\/432ce140236c408fa05ea28acd193ba03163acdd0efbe444c1c44957b8a29a2a?s=96&d=mm&r=g\",\"contentUrl\":\"https:\/\/secure.gravatar.com\/avatar\/432ce140236c408fa05ea28acd193ba03163acdd0efbe444c1c44957b8a29a2a?s=96&d=mm&r=g\",\"caption\":\"Guineeline\"},\"url\":\"https:\/\/www.guineeline.net\/index.php\/author\/admin\/\"}]}<\/script>\n<!-- \/ Yoast SEO plugin. -->","yoast_head_json":{"title":"Afrique du Sud : Action Mines Guin\u00e9e au centre des d\u00e9bats sur les droits des communaut\u00e9s impact\u00e9es par les industries extractives - Guineeline","robots":{"index":"index","follow":"follow","max-snippet":"max-snippet:-1","max-image-preview":"max-image-preview:large","max-video-preview":"max-video-preview:-1"},"canonical":"https:\/\/www.guineeline.net\/index.php\/2022\/05\/10\/afrique-du-sud-action-mines-guinee-au-centre-des-debats-sur-les-droits-des-communautes-impactees-par-les-industries-extractives\/","og_locale":"fr_FR","og_type":"article","og_title":"Afrique du Sud : Action Mines Guin\u00e9e au centre des d\u00e9bats sur les droits des communaut\u00e9s impact\u00e9es par les industries extractives - Guineeline","og_description":"Sur invitation du centre pour les droits humains de l\u2019universit\u00e9 de pr\u00e9toria et de la coalition Africaine pour la responsabilit\u00e9 des entreprises (ACCA), le Directeur Ex\u00e9cutif d\u2019Action Mines Guin\u00e9e participe \u00e0 Cape Town en Afrique du sud, aux travaux d\u2019Alternative Mining Indaba. Les d\u00e9bats tournent autour des politiques de d\u00e9veloppement de l\u2019industrie extractive tenant compte [&hellip;]","og_url":"https:\/\/www.guineeline.net\/index.php\/2022\/05\/10\/afrique-du-sud-action-mines-guinee-au-centre-des-debats-sur-les-droits-des-communautes-impactees-par-les-industries-extractives\/","og_site_name":"Guineeline","article_published_time":"2022-05-10T13:26:11+00:00","article_modified_time":"2022-05-10T13:26:33+00:00","og_image":[{"width":657,"height":613,"url":"https:\/\/www.guineeline.net\/wp-content\/uploads\/2022\/05\/Amadou-bah.jpg","type":"image\/jpeg"}],"author":"Guineeline","twitter_card":"summary_large_image","twitter_misc":{"\u00c9crit par":"Guineeline","Dur\u00e9e de lecture estim\u00e9e":"2 minutes"},"schema":{"@context":"https:\/\/schema.org","@graph":[{"@type":"Article","@id":"https:\/\/www.guineeline.net\/index.php\/2022\/05\/10\/afrique-du-sud-action-mines-guinee-au-centre-des-debats-sur-les-droits-des-communautes-impactees-par-les-industries-extractives\/#article","isPartOf":{"@id":"https:\/\/www.guineeline.net\/index.php\/2022\/05\/10\/afrique-du-sud-action-mines-guinee-au-centre-des-debats-sur-les-droits-des-communautes-impactees-par-les-industries-extractives\/"},"author":{"name":"Guineeline","@id":"https:\/\/www.guineeline.net\/#\/schema\/person\/f5914e0a4c56cc8f4aa0922cc547a390"},"headline":"Afrique du Sud : Action Mines Guin\u00e9e au centre des d\u00e9bats sur les droits des communaut\u00e9s impact\u00e9es par les industries extractives","datePublished":"2022-05-10T13:26:11+00:00","dateModified":"2022-05-10T13:26:33+00:00","mainEntityOfPage":{"@id":"https:\/\/www.guineeline.net\/index.php\/2022\/05\/10\/afrique-du-sud-action-mines-guinee-au-centre-des-debats-sur-les-droits-des-communautes-impactees-par-les-industries-extractives\/"},"wordCount":288,"commentCount":0,"image":{"@id":"https:\/\/www.guineeline.net\/index.php\/2022\/05\/10\/afrique-du-sud-action-mines-guinee-au-centre-des-debats-sur-les-droits-des-communautes-impactees-par-les-industries-extractives\/#primaryimage"},"thumbnailUrl":"https:\/\/www.guineeline.net\/wp-content\/uploads\/2022\/05\/Amadou-bah.jpg","articleSection":["Actualit\u00e9s"],"inLanguage":"fr-FR","potentialAction":[{"@type":"CommentAction","name":"Comment","target":["https:\/\/www.guineeline.net\/index.php\/2022\/05\/10\/afrique-du-sud-action-mines-guinee-au-centre-des-debats-sur-les-droits-des-communautes-impactees-par-les-industries-extractives\/#respond"]}]},{"@type":"WebPage","@id":"https:\/\/www.guineeline.net\/index.php\/2022\/05\/10\/afrique-du-sud-action-mines-guinee-au-centre-des-debats-sur-les-droits-des-communautes-impactees-par-les-industries-extractives\/","url":"https:\/\/www.guineeline.net\/index.php\/2022\/05\/10\/afrique-du-sud-action-mines-guinee-au-centre-des-debats-sur-les-droits-des-communautes-impactees-par-les-industries-extractives\/","name":"Afrique du Sud : Action Mines Guin\u00e9e au centre des d\u00e9bats sur les droits des communaut\u00e9s impact\u00e9es par les industries extractives - Guineeline","isPartOf":{"@id":"https:\/\/www.guineeline.net\/#website"},"primaryImageOfPage":{"@id":"https:\/\/www.guineeline.net\/index.php\/2022\/05\/10\/afrique-du-sud-action-mines-guinee-au-centre-des-debats-sur-les-droits-des-communautes-impactees-par-les-industries-extractives\/#primaryimage"},"image":{"@id":"https:\/\/www.guineeline.net\/index.php\/2022\/05\/10\/afrique-du-sud-action-mines-guinee-au-centre-des-debats-sur-les-droits-des-communautes-impactees-par-les-industries-extractives\/#primaryimage"},"thumbnailUrl":"https:\/\/www.guineeline.net\/wp-content\/uploads\/2022\/05\/Amadou-bah.jpg","datePublished":"2022-05-10T13:26:11+00:00","dateModified":"2022-05-10T13:26:33+00:00","author":{"@id":"https:\/\/www.guineeline.net\/#\/schema\/person\/f5914e0a4c56cc8f4aa0922cc547a390"},"breadcrumb":{"@id":"https:\/\/www.guineeline.net\/index.php\/2022\/05\/10\/afrique-du-sud-action-mines-guinee-au-centre-des-debats-sur-les-droits-des-communautes-impactees-par-les-industries-extractives\/#breadcrumb"},"inLanguage":"fr-FR","potentialAction":[{"@type":"ReadAction","target":["https:\/\/www.guineeline.net\/index.php\/2022\/05\/10\/afrique-du-sud-action-mines-guinee-au-centre-des-debats-sur-les-droits-des-communautes-impactees-par-les-industries-extractives\/"]}]},{"@type":"ImageObject","inLanguage":"fr-FR","@id":"https:\/\/www.guineeline.net\/index.php\/2022\/05\/10\/afrique-du-sud-action-mines-guinee-au-centre-des-debats-sur-les-droits-des-communautes-impactees-par-les-industries-extractives\/#primaryimage","url":"https:\/\/www.guineeline.net\/wp-content\/uploads\/2022\/05\/Amadou-bah.jpg","contentUrl":"https:\/\/www.guineeline.net\/wp-content\/uploads\/2022\/05\/Amadou-bah.jpg","width":657,"height":613},{"@type":"BreadcrumbList","@id":"https:\/\/www.guineeline.net\/index.php\/2022\/05\/10\/afrique-du-sud-action-mines-guinee-au-centre-des-debats-sur-les-droits-des-communautes-impactees-par-les-industries-extractives\/#breadcrumb","itemListElement":[{"@type":"ListItem","position":1,"name":"Accueil","item":"https:\/\/www.guineeline.net\/"},{"@type":"ListItem","position":2,"name":"Afrique du Sud : Action Mines Guin\u00e9e au centre des d\u00e9bats sur les droits des communaut\u00e9s impact\u00e9es par les industries extractives"}]},{"@type":"WebSite","@id":"https:\/\/www.guineeline.net\/#website","url":"https:\/\/www.guineeline.net\/","name":"Guineeline","description":"L&#039;information en un clic","potentialAction":[{"@type":"SearchAction","target":{"@type":"EntryPoint","urlTemplate":"https:\/\/www.guineeline.net\/?s={search_term_string}"},"query-input":{"@type":"PropertyValueSpecification","valueRequired":true,"valueName":"search_term_string"}}],"inLanguage":"fr-FR"},{"@type":"Person","@id":"https:\/\/www.guineeline.net\/#\/schema\/person\/f5914e0a4c56cc8f4aa0922cc547a390","name":"Guineeline","image":{"@type":"ImageObject","inLanguage":"fr-FR","@id":"https:\/\/www.guineeline.net\/#\/schema\/person\/image\/","url":"https:\/\/secure.gravatar.com\/avatar\/432ce140236c408fa05ea28acd193ba03163acdd0efbe444c1c44957b8a29a2a?s=96&d=mm&r=g","contentUrl":"https:\/\/secure.gravatar.com\/avatar\/432ce140236c408fa05ea28acd193ba03163acdd0efbe444c1c44957b8a29a2a?s=96&d=mm&r=g","caption":"Guineeline"},"url":"https:\/\/www.guineeline.net\/index.php\/author\/admin\/"}]}},"_links":{"self":[{"href":"https:\/\/www.guineeline.net\/index.php\/wp-json\/wp\/v2\/posts\/640","targetHints":{"allow":["GET"]}}],"collection":[{"href":"https:\/\/www.guineeline.net\/index.php\/wp-json\/wp\/v2\/posts"}],"about":[{"href":"https:\/\/www.guineeline.net\/index.php\/wp-json\/wp\/v2\/types\/post"}],"author":[{"embeddable":true,"href":"https:\/\/www.guineeline.net\/index.php\/wp-json\/wp\/v2\/users\/3"}],"replies":[{"embeddable":true,"href":"https:\/\/www.guineeline.net\/index.php\/wp-json\/wp\/v2\/comments?post=640"}],"version-history":[{"count":2,"href":"https:\/\/www.guineeline.net\/index.php\/wp-json\/wp\/v2\/posts\/640\/revisions"}],"predecessor-version":[{"id":643,"href":"https:\/\/www.guineeline.net\/index.php\/wp-json\/wp\/v2\/posts\/640\/revisions\/643"}],"wp:featuredmedia":[{"embeddable":true,"href":"https:\/\/www.guineeline.net\/index.php\/wp-json\/wp\/v2\/media\/641"}],"wp:attachment":[{"href":"https:\/\/www.guineeline.net\/index.php\/wp-json\/wp\/v2\/media?parent=640"}],"wp:term":[{"taxonomy":"category","embeddable":true,"href":"https:\/\/www.guineeline.net\/index.php\/wp-json\/wp\/v2\/categories?post=640"},{"taxonomy":"post_tag","embeddable":true,"href":"https:\/\/www.guineeline.net\/index.php\/wp-json\/wp\/v2\/tags?post=640"}],"curies":[{"name":"wp","href":"https:\/\/api.w.org\/{rel}","templated":true}]}}