{"id":638,"date":"2022-05-10T15:22:27","date_gmt":"2022-05-10T13:22:27","guid":{"rendered":"https:\/\/www.guineeline.net\/?p=638"},"modified":"2022-05-10T15:22:27","modified_gmt":"2022-05-10T13:22:27","slug":"decret-le-president-de-la-transition-nomme-des-magistrats-dans-les-cours-et-tribunaux-liste","status":"publish","type":"post","link":"https:\/\/www.guineeline.net\/index.php\/2022\/05\/10\/decret-le-president-de-la-transition-nomme-des-magistrats-dans-les-cours-et-tribunaux-liste\/","title":{"rendered":"D\u00e9cret : le Pr\u00e9sident de la transition nomme des magistrats dans les Cours et Tribunaux (liste)"},"content":{"rendered":"<p>Dans une s\u00e9rie de d\u00e9crets lus dans la soir\u00e9e d\u2019hier lundi \u00e0 la RTG, le Pr\u00e9sident de la Transition, le Colonel Mamadi Doumbouya a proc\u00e9d\u00e9 \u00e0 la nomination de plusieurs cadres dans les services du Minist\u00e8re de la justice, mais aussi \u00e0 la nomination d\u2019une quarantaine des magistrats dans les Cours et Tribunaux du pays.<\/p>\n<p>Laguinee.info vous propose ci-dessous la liste de ces cadres nomm\u00e9s.<\/p>\n<p>I- Administration centrale :<\/p>\n<p>\u2013 Direction nationale de l\u2019\u00e9ducation surveill\u00e9e et de la protection judiciaire de la jeunesse : Monsieur Sanoussy B\u00e9r\u00e9t\u00e9, \u00e9conomiste, pr\u00e9c\u00e9demment Directeur national adjoint de l\u2019\u00e9ducation surveill\u00e9e et de la protection judiciaire de la jeunesse ;<\/p>\n<p>\u2013 Directeur national de l\u2019administration p\u00e9nitentiaire et de la r\u00e9insertion : Monsieur Mamadou Gandho Bah, pr\u00e9c\u00e9demment Directeur national de l\u2019\u00e9ducation surveill\u00e9e et de la protection judiciaire de la jeunesse ;<\/p>\n<p>\u2013 Directeur national adjoint de l\u2019administration p\u00e9nitentiaire et de la r\u00e9insertion : Monsieur Aim\u00e9 Raphael Lamah, juriste responsable d\u2019ONG de d\u00e9fense des droits de l\u2019Homme ;<\/p>\n<p>II- Inspection des services judiciaires et p\u00e9nitentiaires :<\/p>\n<p>\u2013 Monsieur Boubacar Bah, pr\u00e9c\u00e9demment conseiller \u00e0 la cour d\u2019appel de Kankan ;<\/p>\n<p>\u2013 Madame Tiguidank\u00e9 Diallo, pr\u00e9c\u00e9demment pr\u00e9sidente d\u2019une section au TPI de Mafanco ;<\/p>\n<p>\u2013 Madame Fanta Toya Cond\u00e9, pr\u00e9c\u00e9demment de la cour d\u2019arbitrage de Guin\u00e9e ;<\/p>\n<p>III- Cour supr\u00eame<\/p>\n<p>Conseillers :<\/p>\n<p>\u2013 Monsieur Mamdouba Keita, pr\u00e9c\u00e9demment Directeur national de l\u2019administration p\u00e9nitantiaire et de la r\u00e9insertion ;<\/p>\n<p>\u2013 Madame M\u2019Balou Keita, pr\u00e9c\u00e9demment pr\u00e9sidente du tribunal de travail ;<\/p>\n<p>IV- Cour de r\u00e9pression des infractions \u00e9conomiques et financi\u00e8res<\/p>\n<p>Chambre des appels :<\/p>\n<p>\u2013 Monsieur Poghomou Gomou, pr\u00e9c\u00e9demment juge de paix de Dabola ;<\/p>\n<p>\u2013 Monsieur Dominique Loua, pr\u00e9c\u00e9demment juge \u00e0 la chambre de jugement de ladite cour ;<\/p>\n<p>V- Cour d\u2019appel de Conakry<\/p>\n<p>Pr\u00e9sidente de la deuxi\u00e8me chambre de contr\u00f4le : Madame Lala Keita, pr\u00e9c\u00e9demment pr\u00e9sidente du tribunal militaire permanant de premi\u00e8re instance de Conakry ;<\/p>\n<p>Conseillers :<\/p>\n<p>\u2013 Madame Fatou Tour\u00e9, pr\u00e9c\u00e9demment juge au tribunal de commerce de Conakry ;<\/p>\n<p>\u2013 Monsieur S\u00e9kou Sylla, pr\u00e9c\u00e9demment juge d\u2019instruction au TPI de Mafanco ;<\/p>\n<p>VI- Cour d\u2019appel de Kankan<\/p>\n<p>Conseillers :<\/p>\n<p>\u2013 Monsieur Abdoulaye Morlaye Soumah, pr\u00e9c\u00e9demment juge d\u2019instructions \u00e0 la justice de paix de Beyla ;<\/p>\n<p>\u2013 Monsieur Mohamed Sylla, pr\u00e9c\u00e9demment procureur sp\u00e9cial pr\u00e8s le tribunal pour enfants de Conakry ;<\/p>\n<p>\u2013 Monsieur Sinkoun Kant\u00e9, pr\u00e9c\u00e9demment juge d\u2019instruction au TPI de Bok\u00e9 ;<\/p>\n<p>\u2013 Monsieur Abdoulaye Komah, pr\u00e9c\u00e9demment pr\u00e9sident de sections au TPI de Mafanco ;<\/p>\n<p>VII- Tribunal de premi\u00e8re instance de Kaloum<\/p>\n<p>Juges :<\/p>\n<p>\u2013 Madame Mariame Camara, pr\u00e9c\u00e9demment juge d\u2019instruction \u00e0 la justice de paix de Boffa ;<\/p>\n<p>\u2013 Madame Gomou Apollinaire Th\u00e9a, pr\u00e9c\u00e9demment juge au TPI de Dixinn ;<\/p>\n<p>VIII- Tribunal de premi\u00e8re instance de Kindia<\/p>\n<p>Juges :<\/p>\n<p>\u2013 Madame Ramatoulaye Barry, pr\u00e9c\u00e9demment juge d\u2019instructions au tribunal pour enfants de Conakry ;<\/p>\n<p>Substitut du procureur de la R\u00e9publique :<\/p>\n<p>\u2013 Monsieur Kaman Gomana Konomou, magistrat de la 6\u00e8me promotion ;<\/p>\n<p>IX- Tribunal de premi\u00e8re instance de For\u00e9cariah<\/p>\n<p>Substitut du procureur :<\/p>\n<p>\u2013 Monsieur Paul Millimouno, 6\u00e8me promotion<\/p>\n<p>X- Tribunal de premi\u00e8re instance de Bok\u00e9<\/p>\n<p>Juge :<\/p>\n<p>\u2013 Monsieur Banon Koli\u00e9, pr\u00e9c\u00e9demment juge de paix de Dinguiraye ;<\/p>\n<p>XI- Tribunal de premi\u00e8re instance de Lab\u00e9<\/p>\n<p>Substitut du procureur de la R\u00e9publique :<\/p>\n<p>\u2013 Monsieur Pierre Koli\u00e9, confirm\u00e9<\/p>\n<p>\u2013 Monsieur Boubacar Bah, confirm\u00e9 ;<\/p>\n<p>XII- Tribunal de premi\u00e8re instance de Pita<\/p>\n<p>Procureur :<\/p>\n<p>\u2013 Monsieur Bacary Camara, pr\u00e9c\u00e9demment juge d\u2019instructions \u00e0 la justice de paix de Mali ;<\/p>\n<p>Substitut du procureur de la R\u00e9publique :<\/p>\n<p>\u2013 Monsieur Ousmane Sankhon, procureur de la R\u00e9publique pr\u00e8s ledit tribunal ;<\/p>\n<p>XIII- Tribunal pour enfants<\/p>\n<p>Juges :<\/p>\n<p>\u2013 Monsieur Mohamed Barry, pr\u00e9c\u00e9demment juge au TPI de Mafanco ;<\/p>\n<p>\u2013 Monsieur Ibrahima Kaba, 6\u00e8me promotion ;<\/p>\n<p>Juges d\u2019instructions :<\/p>\n<p>\u2013 Monsieur Somon Pierre Millimouno, pr\u00e9c\u00e9demment juge \u00e0 la justice de paix de Fria ;<\/p>\n<p>\u2013 Monsieur C\u00e9c\u00e9rou Koli\u00e9, pr\u00e9c\u00e9demment juge d\u2019instructions au TPI de T\u00e9lim\u00e9l\u00e9 ;<\/p>\n<p>Substitut du procureur de la R\u00e9publique :<\/p>\n<p>\u2013 Monsieur Ibrahima Bah, pr\u00e9c\u00e9demment juge au TPI de Mafanco ;<\/p>\n<p>\u2013 Monsieur Lamine Tour\u00e9, pr\u00e9c\u00e9demment juge au TPI de Siguiri ;<\/p>\n<p>XIV- Tribunal de travail<\/p>\n<p>Pr\u00e9sident:<\/p>\n<p>\u2013 Elhadj Mahmoud Camara, pr\u00e9c\u00e9demment vice-pr\u00e9sident du m\u00eame tribunal ;<\/p>\n<p>Vice-pr\u00e9sident :<\/p>\n<p>\u2013 Monsieur Mamadou Saliou Diallo, pr\u00e9c\u00e9demment juge d\u2019instructions au TPI de N\u2019Z\u00e9r\u00e9kor\u00e9 ;<\/p>\n<p>XV- Tribunal militaire permanant de premi\u00e8re instance de Conakry ;<\/p>\n<p>Pr\u00e9sident :<\/p>\n<p>\u2013 Monsieur S\u00e9kouba Cond\u00e9, pr\u00e9c\u00e9demment de la deuxi\u00e8me chambre de contr\u00f4le de l\u2019inspection de la cour d\u2019appel de Conakry ;<\/p>\n<p>XVI- Tribunal militaire permanant de premi\u00e8re instance sp\u00e9ciale en formation de N\u2019Z\u00e9r\u00e9kor\u00e9<\/p>\n<p>Accesseur :<\/p>\n<p>\u2013 Sous-lieutenant Louis Lamah, pr\u00e9c\u00e9demment du tribunal militaire de premi\u00e8re instance en formation sp\u00e9ciale de Kankan ;<\/p>\n<p>Substitut du procureur de la R\u00e9publique :<\/p>\n<p>\u2013 Chef d\u2019escadron Alseny Camara, pr\u00e9c\u00e9demment substitut au tribunal militaire de premi\u00e8re instance en formation sp\u00e9ciale de Kankan ;<\/p>\n<p>XVII- Tribunal de commerce<\/p>\n<p>Pr\u00e9sidents de sections<\/p>\n<p>\u2013 Monsieur Kaman Magloire Th\u00e9ophile Kouadjo, pr\u00e9c\u00e9demment juge au TPI de Bok\u00e9 ;<\/p>\n<p>\u2013 Monsieur Mamoudou Camara, pr\u00e9c\u00e9demment juge \u00e0 la justice de paix de Dabola ;<\/p>\n<p>XVIII- Justice de paix de Boffa<\/p>\n<p>Juge :<\/p>\n<p>\u2013 Madame Foul\u00e9matou Ciss\u00e9, pr\u00e9c\u00e9demment juge d\u2019instruction au TPI de Mafanco ;<\/p>\n<p>XIX- Justice de paix de Mandiana<\/p>\n<p>Juge :<\/p>\n<p>\u2013 Mo\u00efse Sa\u00e2 Malo Kamano, 6\u00e8me promotion ;<\/p>\n<p>XX- Justice de paix de Dabola<\/p>\n<p>Juge de paix :<\/p>\n<p>\u2013 Monsieur Ibrahima Camara, pr\u00e9c\u00e9demment juge au TPI de Faranah ;<\/p>\n<p>Juge d\u2019instructions :<\/p>\n<p>\u2013 Monsieur David Kpogomou, pr\u00e9c\u00e9demment juge au TPI de Koundara ;<\/p>\n<p>XXI- Tribunal de premi\u00e8re instance de Faranah<\/p>\n<p>Juge d\u2019instructions<\/p>\n<p>\u2013 Monsieur Sadou Diangolo Bald\u00e9, pr\u00e9c\u00e9demment juge \u00e0 ladite juridiction ;<\/p>\n<p>XXII- Tribunal de premi\u00e8re instance de N\u2019Z\u00e9r\u00e9kor\u00e9<\/p>\n<p>Juge d\u2019instructions :<\/p>\n<p>\u2013 Monsieur Zogo Soua Gomou, pr\u00e9c\u00e9demment substitut au TPI de Siguiri ;<\/p>\n<p>XXIII- Justice de paix de Lola<\/p>\n<p>Juge :<\/p>\n<p>\u2013 Monsieur Tidiane Kourouma, 6\u00e8me promotion ;<\/p>\n<p>XXIV- Justice de paix de Yomou<\/p>\n<p>Juge d\u2019instructions :<\/p>\n<p>\u2013 Bangaly Feindouno, pr\u00e9c\u00e9demment substitut du procureur pr\u00e8s le TPI de Kankan.<\/p>\n<p>guineeline.net<\/p>\n","protected":false},"excerpt":{"rendered":"<p>Dans une s\u00e9rie de d\u00e9crets lus dans la soir\u00e9e d\u2019hier lundi \u00e0 la RTG, le Pr\u00e9sident de la Transition, le Colonel Mamadi Doumbouya a proc\u00e9d\u00e9 \u00e0 la nomination de plusieurs cadres dans les services du Minist\u00e8re de la justice, mais aussi \u00e0 la nomination d\u2019une quarantaine des magistrats dans les Cours et Tribunaux du pays. [&hellip;]<\/p>\n","protected":false},"author":3,"featured_media":592,"comment_status":"open","ping_status":"open","sticky":false,"template":"","format":"standard","meta":{"jnews-multi-image_gallery":[],"jnews_single_post":{"subtitle":"","format":"standard","video":"","gallery":"","source_name":"","source_url":"","via_name":"","via_url":"","override":[{"single_blog_custom":"","sidebar":"","second_sidebar":"","share_position":"","share_float_style":"","post_date_format":"","post_date_format_custom":"","number_popup_post":"1"}],"image_override":[{"single_post_thumbnail_size":"","single_post_gallery_size":""}],"trending_post_position":"","trending_post_label":""},"jnews_primary_category":{"id":""},"jnews_override_counter":{"view_counter_number":"0","share_counter_number":"0","like_counter_number":"0","dislike_counter_number":"0"},"footnotes":""},"categories":[2],"tags":[],"class_list":["post-638","post","type-post","status-publish","format-standard","has-post-thumbnail","hentry","category-actualites"],"yoast_head":"<!-- This site is optimized with the Yoast SEO plugin v26.9 - https:\/\/yoast.com\/product\/yoast-seo-wordpress\/ -->\n<title>D\u00e9cret : le Pr\u00e9sident de la transition nomme des magistrats dans les Cours et Tribunaux (liste) - Guineeline<\/title>\n<meta name=\"robots\" content=\"index, follow, max-snippet:-1, max-image-preview:large, max-video-preview:-1\" \/>\n<link rel=\"canonical\" href=\"https:\/\/www.guineeline.net\/index.php\/2022\/05\/10\/decret-le-president-de-la-transition-nomme-des-magistrats-dans-les-cours-et-tribunaux-liste\/\" \/>\n<meta property=\"og:locale\" content=\"fr_FR\" \/>\n<meta property=\"og:type\" content=\"article\" \/>\n<meta property=\"og:title\" content=\"D\u00e9cret : le Pr\u00e9sident de la transition nomme des magistrats dans les Cours et Tribunaux (liste) - Guineeline\" \/>\n<meta property=\"og:description\" content=\"Dans une s\u00e9rie de d\u00e9crets lus dans la soir\u00e9e d\u2019hier lundi \u00e0 la RTG, le Pr\u00e9sident de la Transition, le Colonel Mamadi Doumbouya a proc\u00e9d\u00e9 \u00e0 la nomination de plusieurs cadres dans les services du Minist\u00e8re de la justice, mais aussi \u00e0 la nomination d\u2019une quarantaine des magistrats dans les Cours et Tribunaux du pays. [&hellip;]\" \/>\n<meta property=\"og:url\" content=\"https:\/\/www.guineeline.net\/index.php\/2022\/05\/10\/decret-le-president-de-la-transition-nomme-des-magistrats-dans-les-cours-et-tribunaux-liste\/\" \/>\n<meta property=\"og:site_name\" content=\"Guineeline\" \/>\n<meta property=\"article:published_time\" content=\"2022-05-10T13:22:27+00:00\" \/>\n<meta property=\"og:image\" content=\"https:\/\/www.guineeline.net\/wp-content\/uploads\/2022\/04\/CNRD-SS.jpg\" \/>\n\t<meta property=\"og:image:width\" content=\"592\" \/>\n\t<meta property=\"og:image:height\" content=\"296\" \/>\n\t<meta property=\"og:image:type\" content=\"image\/jpeg\" \/>\n<meta name=\"author\" content=\"Guineeline\" \/>\n<meta name=\"twitter:card\" content=\"summary_large_image\" \/>\n<meta name=\"twitter:label1\" content=\"\u00c9crit par\" \/>\n\t<meta name=\"twitter:data1\" content=\"Guineeline\" \/>\n\t<meta name=\"twitter:label2\" content=\"Dur\u00e9e de lecture estim\u00e9e\" \/>\n\t<meta name=\"twitter:data2\" content=\"4 minutes\" \/>\n<script type=\"application\/ld+json\" class=\"yoast-schema-graph\">{\"@context\":\"https:\/\/schema.org\",\"@graph\":[{\"@type\":\"Article\",\"@id\":\"https:\/\/www.guineeline.net\/index.php\/2022\/05\/10\/decret-le-president-de-la-transition-nomme-des-magistrats-dans-les-cours-et-tribunaux-liste\/#article\",\"isPartOf\":{\"@id\":\"https:\/\/www.guineeline.net\/index.php\/2022\/05\/10\/decret-le-president-de-la-transition-nomme-des-magistrats-dans-les-cours-et-tribunaux-liste\/\"},\"author\":{\"name\":\"Guineeline\",\"@id\":\"https:\/\/www.guineeline.net\/#\/schema\/person\/f5914e0a4c56cc8f4aa0922cc547a390\"},\"headline\":\"D\u00e9cret : le Pr\u00e9sident de la transition nomme des magistrats dans les Cours et Tribunaux (liste)\",\"datePublished\":\"2022-05-10T13:22:27+00:00\",\"mainEntityOfPage\":{\"@id\":\"https:\/\/www.guineeline.net\/index.php\/2022\/05\/10\/decret-le-president-de-la-transition-nomme-des-magistrats-dans-les-cours-et-tribunaux-liste\/\"},\"wordCount\":1042,\"commentCount\":0,\"image\":{\"@id\":\"https:\/\/www.guineeline.net\/index.php\/2022\/05\/10\/decret-le-president-de-la-transition-nomme-des-magistrats-dans-les-cours-et-tribunaux-liste\/#primaryimage\"},\"thumbnailUrl\":\"https:\/\/www.guineeline.net\/wp-content\/uploads\/2022\/04\/CNRD-SS.jpg\",\"articleSection\":[\"Actualit\u00e9s\"],\"inLanguage\":\"fr-FR\",\"potentialAction\":[{\"@type\":\"CommentAction\",\"name\":\"Comment\",\"target\":[\"https:\/\/www.guineeline.net\/index.php\/2022\/05\/10\/decret-le-president-de-la-transition-nomme-des-magistrats-dans-les-cours-et-tribunaux-liste\/#respond\"]}]},{\"@type\":\"WebPage\",\"@id\":\"https:\/\/www.guineeline.net\/index.php\/2022\/05\/10\/decret-le-president-de-la-transition-nomme-des-magistrats-dans-les-cours-et-tribunaux-liste\/\",\"url\":\"https:\/\/www.guineeline.net\/index.php\/2022\/05\/10\/decret-le-president-de-la-transition-nomme-des-magistrats-dans-les-cours-et-tribunaux-liste\/\",\"name\":\"D\u00e9cret : le Pr\u00e9sident de la transition nomme des magistrats dans les Cours et Tribunaux (liste) - Guineeline\",\"isPartOf\":{\"@id\":\"https:\/\/www.guineeline.net\/#website\"},\"primaryImageOfPage\":{\"@id\":\"https:\/\/www.guineeline.net\/index.php\/2022\/05\/10\/decret-le-president-de-la-transition-nomme-des-magistrats-dans-les-cours-et-tribunaux-liste\/#primaryimage\"},\"image\":{\"@id\":\"https:\/\/www.guineeline.net\/index.php\/2022\/05\/10\/decret-le-president-de-la-transition-nomme-des-magistrats-dans-les-cours-et-tribunaux-liste\/#primaryimage\"},\"thumbnailUrl\":\"https:\/\/www.guineeline.net\/wp-content\/uploads\/2022\/04\/CNRD-SS.jpg\",\"datePublished\":\"2022-05-10T13:22:27+00:00\",\"author\":{\"@id\":\"https:\/\/www.guineeline.net\/#\/schema\/person\/f5914e0a4c56cc8f4aa0922cc547a390\"},\"breadcrumb\":{\"@id\":\"https:\/\/www.guineeline.net\/index.php\/2022\/05\/10\/decret-le-president-de-la-transition-nomme-des-magistrats-dans-les-cours-et-tribunaux-liste\/#breadcrumb\"},\"inLanguage\":\"fr-FR\",\"potentialAction\":[{\"@type\":\"ReadAction\",\"target\":[\"https:\/\/www.guineeline.net\/index.php\/2022\/05\/10\/decret-le-president-de-la-transition-nomme-des-magistrats-dans-les-cours-et-tribunaux-liste\/\"]}]},{\"@type\":\"ImageObject\",\"inLanguage\":\"fr-FR\",\"@id\":\"https:\/\/www.guineeline.net\/index.php\/2022\/05\/10\/decret-le-president-de-la-transition-nomme-des-magistrats-dans-les-cours-et-tribunaux-liste\/#primaryimage\",\"url\":\"https:\/\/www.guineeline.net\/wp-content\/uploads\/2022\/04\/CNRD-SS.jpg\",\"contentUrl\":\"https:\/\/www.guineeline.net\/wp-content\/uploads\/2022\/04\/CNRD-SS.jpg\",\"width\":592,\"height\":296},{\"@type\":\"BreadcrumbList\",\"@id\":\"https:\/\/www.guineeline.net\/index.php\/2022\/05\/10\/decret-le-president-de-la-transition-nomme-des-magistrats-dans-les-cours-et-tribunaux-liste\/#breadcrumb\",\"itemListElement\":[{\"@type\":\"ListItem\",\"position\":1,\"name\":\"Accueil\",\"item\":\"https:\/\/www.guineeline.net\/\"},{\"@type\":\"ListItem\",\"position\":2,\"name\":\"D\u00e9cret : le Pr\u00e9sident de la transition nomme des magistrats dans les Cours et Tribunaux (liste)\"}]},{\"@type\":\"WebSite\",\"@id\":\"https:\/\/www.guineeline.net\/#website\",\"url\":\"https:\/\/www.guineeline.net\/\",\"name\":\"Guineeline\",\"description\":\"L&#039;information en un clic\",\"potentialAction\":[{\"@type\":\"SearchAction\",\"target\":{\"@type\":\"EntryPoint\",\"urlTemplate\":\"https:\/\/www.guineeline.net\/?s={search_term_string}\"},\"query-input\":{\"@type\":\"PropertyValueSpecification\",\"valueRequired\":true,\"valueName\":\"search_term_string\"}}],\"inLanguage\":\"fr-FR\"},{\"@type\":\"Person\",\"@id\":\"https:\/\/www.guineeline.net\/#\/schema\/person\/f5914e0a4c56cc8f4aa0922cc547a390\",\"name\":\"Guineeline\",\"image\":{\"@type\":\"ImageObject\",\"inLanguage\":\"fr-FR\",\"@id\":\"https:\/\/www.guineeline.net\/#\/schema\/person\/image\/\",\"url\":\"https:\/\/secure.gravatar.com\/avatar\/432ce140236c408fa05ea28acd193ba03163acdd0efbe444c1c44957b8a29a2a?s=96&d=mm&r=g\",\"contentUrl\":\"https:\/\/secure.gravatar.com\/avatar\/432ce140236c408fa05ea28acd193ba03163acdd0efbe444c1c44957b8a29a2a?s=96&d=mm&r=g\",\"caption\":\"Guineeline\"},\"url\":\"https:\/\/www.guineeline.net\/index.php\/author\/admin\/\"}]}<\/script>\n<!-- \/ Yoast SEO plugin. -->","yoast_head_json":{"title":"D\u00e9cret : le Pr\u00e9sident de la transition nomme des magistrats dans les Cours et Tribunaux (liste) - Guineeline","robots":{"index":"index","follow":"follow","max-snippet":"max-snippet:-1","max-image-preview":"max-image-preview:large","max-video-preview":"max-video-preview:-1"},"canonical":"https:\/\/www.guineeline.net\/index.php\/2022\/05\/10\/decret-le-president-de-la-transition-nomme-des-magistrats-dans-les-cours-et-tribunaux-liste\/","og_locale":"fr_FR","og_type":"article","og_title":"D\u00e9cret : le Pr\u00e9sident de la transition nomme des magistrats dans les Cours et Tribunaux (liste) - Guineeline","og_description":"Dans une s\u00e9rie de d\u00e9crets lus dans la soir\u00e9e d\u2019hier lundi \u00e0 la RTG, le Pr\u00e9sident de la Transition, le Colonel Mamadi Doumbouya a proc\u00e9d\u00e9 \u00e0 la nomination de plusieurs cadres dans les services du Minist\u00e8re de la justice, mais aussi \u00e0 la nomination d\u2019une quarantaine des magistrats dans les Cours et Tribunaux du pays. [&hellip;]","og_url":"https:\/\/www.guineeline.net\/index.php\/2022\/05\/10\/decret-le-president-de-la-transition-nomme-des-magistrats-dans-les-cours-et-tribunaux-liste\/","og_site_name":"Guineeline","article_published_time":"2022-05-10T13:22:27+00:00","og_image":[{"width":592,"height":296,"url":"https:\/\/www.guineeline.net\/wp-content\/uploads\/2022\/04\/CNRD-SS.jpg","type":"image\/jpeg"}],"author":"Guineeline","twitter_card":"summary_large_image","twitter_misc":{"\u00c9crit par":"Guineeline","Dur\u00e9e de lecture estim\u00e9e":"4 minutes"},"schema":{"@context":"https:\/\/schema.org","@graph":[{"@type":"Article","@id":"https:\/\/www.guineeline.net\/index.php\/2022\/05\/10\/decret-le-president-de-la-transition-nomme-des-magistrats-dans-les-cours-et-tribunaux-liste\/#article","isPartOf":{"@id":"https:\/\/www.guineeline.net\/index.php\/2022\/05\/10\/decret-le-president-de-la-transition-nomme-des-magistrats-dans-les-cours-et-tribunaux-liste\/"},"author":{"name":"Guineeline","@id":"https:\/\/www.guineeline.net\/#\/schema\/person\/f5914e0a4c56cc8f4aa0922cc547a390"},"headline":"D\u00e9cret : le Pr\u00e9sident de la transition nomme des magistrats dans les Cours et Tribunaux (liste)","datePublished":"2022-05-10T13:22:27+00:00","mainEntityOfPage":{"@id":"https:\/\/www.guineeline.net\/index.php\/2022\/05\/10\/decret-le-president-de-la-transition-nomme-des-magistrats-dans-les-cours-et-tribunaux-liste\/"},"wordCount":1042,"commentCount":0,"image":{"@id":"https:\/\/www.guineeline.net\/index.php\/2022\/05\/10\/decret-le-president-de-la-transition-nomme-des-magistrats-dans-les-cours-et-tribunaux-liste\/#primaryimage"},"thumbnailUrl":"https:\/\/www.guineeline.net\/wp-content\/uploads\/2022\/04\/CNRD-SS.jpg","articleSection":["Actualit\u00e9s"],"inLanguage":"fr-FR","potentialAction":[{"@type":"CommentAction","name":"Comment","target":["https:\/\/www.guineeline.net\/index.php\/2022\/05\/10\/decret-le-president-de-la-transition-nomme-des-magistrats-dans-les-cours-et-tribunaux-liste\/#respond"]}]},{"@type":"WebPage","@id":"https:\/\/www.guineeline.net\/index.php\/2022\/05\/10\/decret-le-president-de-la-transition-nomme-des-magistrats-dans-les-cours-et-tribunaux-liste\/","url":"https:\/\/www.guineeline.net\/index.php\/2022\/05\/10\/decret-le-president-de-la-transition-nomme-des-magistrats-dans-les-cours-et-tribunaux-liste\/","name":"D\u00e9cret : le Pr\u00e9sident de la transition nomme des magistrats dans les Cours et Tribunaux (liste) - Guineeline","isPartOf":{"@id":"https:\/\/www.guineeline.net\/#website"},"primaryImageOfPage":{"@id":"https:\/\/www.guineeline.net\/index.php\/2022\/05\/10\/decret-le-president-de-la-transition-nomme-des-magistrats-dans-les-cours-et-tribunaux-liste\/#primaryimage"},"image":{"@id":"https:\/\/www.guineeline.net\/index.php\/2022\/05\/10\/decret-le-president-de-la-transition-nomme-des-magistrats-dans-les-cours-et-tribunaux-liste\/#primaryimage"},"thumbnailUrl":"https:\/\/www.guineeline.net\/wp-content\/uploads\/2022\/04\/CNRD-SS.jpg","datePublished":"2022-05-10T13:22:27+00:00","author":{"@id":"https:\/\/www.guineeline.net\/#\/schema\/person\/f5914e0a4c56cc8f4aa0922cc547a390"},"breadcrumb":{"@id":"https:\/\/www.guineeline.net\/index.php\/2022\/05\/10\/decret-le-president-de-la-transition-nomme-des-magistrats-dans-les-cours-et-tribunaux-liste\/#breadcrumb"},"inLanguage":"fr-FR","potentialAction":[{"@type":"ReadAction","target":["https:\/\/www.guineeline.net\/index.php\/2022\/05\/10\/decret-le-president-de-la-transition-nomme-des-magistrats-dans-les-cours-et-tribunaux-liste\/"]}]},{"@type":"ImageObject","inLanguage":"fr-FR","@id":"https:\/\/www.guineeline.net\/index.php\/2022\/05\/10\/decret-le-president-de-la-transition-nomme-des-magistrats-dans-les-cours-et-tribunaux-liste\/#primaryimage","url":"https:\/\/www.guineeline.net\/wp-content\/uploads\/2022\/04\/CNRD-SS.jpg","contentUrl":"https:\/\/www.guineeline.net\/wp-content\/uploads\/2022\/04\/CNRD-SS.jpg","width":592,"height":296},{"@type":"BreadcrumbList","@id":"https:\/\/www.guineeline.net\/index.php\/2022\/05\/10\/decret-le-president-de-la-transition-nomme-des-magistrats-dans-les-cours-et-tribunaux-liste\/#breadcrumb","itemListElement":[{"@type":"ListItem","position":1,"name":"Accueil","item":"https:\/\/www.guineeline.net\/"},{"@type":"ListItem","position":2,"name":"D\u00e9cret : le Pr\u00e9sident de la transition nomme des magistrats dans les Cours et Tribunaux (liste)"}]},{"@type":"WebSite","@id":"https:\/\/www.guineeline.net\/#website","url":"https:\/\/www.guineeline.net\/","name":"Guineeline","description":"L&#039;information en un clic","potentialAction":[{"@type":"SearchAction","target":{"@type":"EntryPoint","urlTemplate":"https:\/\/www.guineeline.net\/?s={search_term_string}"},"query-input":{"@type":"PropertyValueSpecification","valueRequired":true,"valueName":"search_term_string"}}],"inLanguage":"fr-FR"},{"@type":"Person","@id":"https:\/\/www.guineeline.net\/#\/schema\/person\/f5914e0a4c56cc8f4aa0922cc547a390","name":"Guineeline","image":{"@type":"ImageObject","inLanguage":"fr-FR","@id":"https:\/\/www.guineeline.net\/#\/schema\/person\/image\/","url":"https:\/\/secure.gravatar.com\/avatar\/432ce140236c408fa05ea28acd193ba03163acdd0efbe444c1c44957b8a29a2a?s=96&d=mm&r=g","contentUrl":"https:\/\/secure.gravatar.com\/avatar\/432ce140236c408fa05ea28acd193ba03163acdd0efbe444c1c44957b8a29a2a?s=96&d=mm&r=g","caption":"Guineeline"},"url":"https:\/\/www.guineeline.net\/index.php\/author\/admin\/"}]}},"_links":{"self":[{"href":"https:\/\/www.guineeline.net\/index.php\/wp-json\/wp\/v2\/posts\/638","targetHints":{"allow":["GET"]}}],"collection":[{"href":"https:\/\/www.guineeline.net\/index.php\/wp-json\/wp\/v2\/posts"}],"about":[{"href":"https:\/\/www.guineeline.net\/index.php\/wp-json\/wp\/v2\/types\/post"}],"author":[{"embeddable":true,"href":"https:\/\/www.guineeline.net\/index.php\/wp-json\/wp\/v2\/users\/3"}],"replies":[{"embeddable":true,"href":"https:\/\/www.guineeline.net\/index.php\/wp-json\/wp\/v2\/comments?post=638"}],"version-history":[{"count":1,"href":"https:\/\/www.guineeline.net\/index.php\/wp-json\/wp\/v2\/posts\/638\/revisions"}],"predecessor-version":[{"id":639,"href":"https:\/\/www.guineeline.net\/index.php\/wp-json\/wp\/v2\/posts\/638\/revisions\/639"}],"wp:featuredmedia":[{"embeddable":true,"href":"https:\/\/www.guineeline.net\/index.php\/wp-json\/wp\/v2\/media\/592"}],"wp:attachment":[{"href":"https:\/\/www.guineeline.net\/index.php\/wp-json\/wp\/v2\/media?parent=638"}],"wp:term":[{"taxonomy":"category","embeddable":true,"href":"https:\/\/www.guineeline.net\/index.php\/wp-json\/wp\/v2\/categories?post=638"},{"taxonomy":"post_tag","embeddable":true,"href":"https:\/\/www.guineeline.net\/index.php\/wp-json\/wp\/v2\/tags?post=638"}],"curies":[{"name":"wp","href":"https:\/\/api.w.org\/{rel}","templated":true}]}}