{"id":631,"date":"2022-04-29T10:11:52","date_gmt":"2022-04-29T08:11:52","guid":{"rendered":"https:\/\/www.guineeline.net\/?p=631"},"modified":"2022-04-29T10:11:52","modified_gmt":"2022-04-29T08:11:52","slug":"justice-damaro-et-lounceny-camara-aussi-inculpes-et-deferes-a-la-maison-centrale-de-conakry","status":"publish","type":"post","link":"https:\/\/www.guineeline.net\/index.php\/2022\/04\/29\/justice-damaro-et-lounceny-camara-aussi-inculpes-et-deferes-a-la-maison-centrale-de-conakry\/","title":{"rendered":"Justice: Damaro et Lounceny Camara aussi inculp\u00e9s et d\u00e9f\u00e9r\u00e9s \u00e0 la maison centrale de Conakry"},"content":{"rendered":"<p>Les ennuis continuent pour les anciens du r\u00e9gime d\u2019Alpha Cond\u00e9. Apr\u00e8s plusieurs heures d\u2019audition \u00e0 la CRIEF, Amadou Damaro Camara et Lounceny Camara ont, \u00e0 leur tour, \u00e9t\u00e9 inculp\u00e9s de d\u00e9tournement de fonds publics et d\u00e9f\u00e9r\u00e9s \u00e0 la maison centrale de Conakry dans la nuit du mercredi 27 au jeudi 28 avril 2022, rapporte Laguinee.info \u00e0 travers un de ses reporters.<\/p>\n<p>C\u2019est \u00e0 minuit et quarante deux minutes que les deux nouveaux inculp\u00e9s ont \u00e9t\u00e9 embarqu\u00e9s pour la maison centrale de Conakry. Comme Kassory et cie, ils sont accus\u00e9s de malversations financi\u00e8res.<\/p>\n<p>A rappeler que plusieurs autres anciens du r\u00e9gime d\u00e9chu sont dans le collimateur de la CRIEF.<\/p>\n<p>Karim Camara<\/p>\n","protected":false},"excerpt":{"rendered":"<p>Les ennuis continuent pour les anciens du r\u00e9gime d\u2019Alpha Cond\u00e9. Apr\u00e8s plusieurs heures d\u2019audition \u00e0 la CRIEF, Amadou Damaro Camara et Lounceny Camara ont, \u00e0 leur tour, \u00e9t\u00e9 inculp\u00e9s de d\u00e9tournement de fonds publics et d\u00e9f\u00e9r\u00e9s \u00e0 la maison centrale de Conakry dans la nuit du mercredi 27 au jeudi 28 avril 2022, rapporte Laguinee.info [&hellip;]<\/p>\n","protected":false},"author":3,"featured_media":632,"comment_status":"open","ping_status":"open","sticky":false,"template":"","format":"standard","meta":{"jnews-multi-image_gallery":[],"jnews_single_post":{"subtitle":"","format":"standard","video":"","gallery":"","source_name":"","source_url":"","via_name":"","via_url":"","override":[{"single_blog_custom":"","sidebar":"","second_sidebar":"","share_position":"","share_float_style":"","post_date_format":"","post_date_format_custom":"","number_popup_post":"1"}],"image_override":[{"single_post_thumbnail_size":"","single_post_gallery_size":""}],"trending_post_position":"","trending_post_label":""},"jnews_primary_category":{"id":""},"jnews_override_counter":{"view_counter_number":"0","share_counter_number":"0","like_counter_number":"0","dislike_counter_number":"0"},"footnotes":""},"categories":[2],"tags":[],"class_list":["post-631","post","type-post","status-publish","format-standard","has-post-thumbnail","hentry","category-actualites"],"yoast_head":"<!-- This site is optimized with the Yoast SEO plugin v26.9 - https:\/\/yoast.com\/product\/yoast-seo-wordpress\/ -->\n<title>Justice: Damaro et Lounceny Camara aussi inculp\u00e9s et d\u00e9f\u00e9r\u00e9s \u00e0 la maison centrale de Conakry - Guineeline<\/title>\n<meta name=\"robots\" content=\"index, follow, max-snippet:-1, max-image-preview:large, max-video-preview:-1\" \/>\n<link rel=\"canonical\" href=\"https:\/\/www.guineeline.net\/index.php\/2022\/04\/29\/justice-damaro-et-lounceny-camara-aussi-inculpes-et-deferes-a-la-maison-centrale-de-conakry\/\" \/>\n<meta property=\"og:locale\" content=\"fr_FR\" \/>\n<meta property=\"og:type\" content=\"article\" \/>\n<meta property=\"og:title\" content=\"Justice: Damaro et Lounceny Camara aussi inculp\u00e9s et d\u00e9f\u00e9r\u00e9s \u00e0 la maison centrale de Conakry - Guineeline\" \/>\n<meta property=\"og:description\" content=\"Les ennuis continuent pour les anciens du r\u00e9gime d\u2019Alpha Cond\u00e9. Apr\u00e8s plusieurs heures d\u2019audition \u00e0 la CRIEF, Amadou Damaro Camara et Lounceny Camara ont, \u00e0 leur tour, \u00e9t\u00e9 inculp\u00e9s de d\u00e9tournement de fonds publics et d\u00e9f\u00e9r\u00e9s \u00e0 la maison centrale de Conakry dans la nuit du mercredi 27 au jeudi 28 avril 2022, rapporte Laguinee.info [&hellip;]\" \/>\n<meta property=\"og:url\" content=\"https:\/\/www.guineeline.net\/index.php\/2022\/04\/29\/justice-damaro-et-lounceny-camara-aussi-inculpes-et-deferes-a-la-maison-centrale-de-conakry\/\" \/>\n<meta property=\"og:site_name\" content=\"Guineeline\" \/>\n<meta property=\"article:published_time\" content=\"2022-04-29T08:11:52+00:00\" \/>\n<meta property=\"og:image\" content=\"https:\/\/www.guineeline.net\/wp-content\/uploads\/2022\/04\/damaro_camara.jpeg\" \/>\n\t<meta property=\"og:image:width\" content=\"641\" \/>\n\t<meta property=\"og:image:height\" content=\"471\" \/>\n\t<meta property=\"og:image:type\" content=\"image\/jpeg\" \/>\n<meta name=\"author\" content=\"Guineeline\" \/>\n<meta name=\"twitter:card\" content=\"summary_large_image\" \/>\n<meta name=\"twitter:label1\" content=\"\u00c9crit par\" \/>\n\t<meta name=\"twitter:data1\" content=\"Guineeline\" \/>\n\t<meta name=\"twitter:label2\" content=\"Dur\u00e9e de lecture estim\u00e9e\" \/>\n\t<meta name=\"twitter:data2\" content=\"1 minute\" \/>\n<script type=\"application\/ld+json\" class=\"yoast-schema-graph\">{\"@context\":\"https:\/\/schema.org\",\"@graph\":[{\"@type\":\"Article\",\"@id\":\"https:\/\/www.guineeline.net\/index.php\/2022\/04\/29\/justice-damaro-et-lounceny-camara-aussi-inculpes-et-deferes-a-la-maison-centrale-de-conakry\/#article\",\"isPartOf\":{\"@id\":\"https:\/\/www.guineeline.net\/index.php\/2022\/04\/29\/justice-damaro-et-lounceny-camara-aussi-inculpes-et-deferes-a-la-maison-centrale-de-conakry\/\"},\"author\":{\"name\":\"Guineeline\",\"@id\":\"https:\/\/www.guineeline.net\/#\/schema\/person\/f5914e0a4c56cc8f4aa0922cc547a390\"},\"headline\":\"Justice: Damaro et Lounceny Camara aussi inculp\u00e9s et d\u00e9f\u00e9r\u00e9s \u00e0 la maison centrale de Conakry\",\"datePublished\":\"2022-04-29T08:11:52+00:00\",\"mainEntityOfPage\":{\"@id\":\"https:\/\/www.guineeline.net\/index.php\/2022\/04\/29\/justice-damaro-et-lounceny-camara-aussi-inculpes-et-deferes-a-la-maison-centrale-de-conakry\/\"},\"wordCount\":137,\"commentCount\":0,\"image\":{\"@id\":\"https:\/\/www.guineeline.net\/index.php\/2022\/04\/29\/justice-damaro-et-lounceny-camara-aussi-inculpes-et-deferes-a-la-maison-centrale-de-conakry\/#primaryimage\"},\"thumbnailUrl\":\"https:\/\/www.guineeline.net\/wp-content\/uploads\/2022\/04\/damaro_camara.jpeg\",\"articleSection\":[\"Actualit\u00e9s\"],\"inLanguage\":\"fr-FR\",\"potentialAction\":[{\"@type\":\"CommentAction\",\"name\":\"Comment\",\"target\":[\"https:\/\/www.guineeline.net\/index.php\/2022\/04\/29\/justice-damaro-et-lounceny-camara-aussi-inculpes-et-deferes-a-la-maison-centrale-de-conakry\/#respond\"]}]},{\"@type\":\"WebPage\",\"@id\":\"https:\/\/www.guineeline.net\/index.php\/2022\/04\/29\/justice-damaro-et-lounceny-camara-aussi-inculpes-et-deferes-a-la-maison-centrale-de-conakry\/\",\"url\":\"https:\/\/www.guineeline.net\/index.php\/2022\/04\/29\/justice-damaro-et-lounceny-camara-aussi-inculpes-et-deferes-a-la-maison-centrale-de-conakry\/\",\"name\":\"Justice: Damaro et Lounceny Camara aussi inculp\u00e9s et d\u00e9f\u00e9r\u00e9s \u00e0 la maison centrale de Conakry - Guineeline\",\"isPartOf\":{\"@id\":\"https:\/\/www.guineeline.net\/#website\"},\"primaryImageOfPage\":{\"@id\":\"https:\/\/www.guineeline.net\/index.php\/2022\/04\/29\/justice-damaro-et-lounceny-camara-aussi-inculpes-et-deferes-a-la-maison-centrale-de-conakry\/#primaryimage\"},\"image\":{\"@id\":\"https:\/\/www.guineeline.net\/index.php\/2022\/04\/29\/justice-damaro-et-lounceny-camara-aussi-inculpes-et-deferes-a-la-maison-centrale-de-conakry\/#primaryimage\"},\"thumbnailUrl\":\"https:\/\/www.guineeline.net\/wp-content\/uploads\/2022\/04\/damaro_camara.jpeg\",\"datePublished\":\"2022-04-29T08:11:52+00:00\",\"author\":{\"@id\":\"https:\/\/www.guineeline.net\/#\/schema\/person\/f5914e0a4c56cc8f4aa0922cc547a390\"},\"breadcrumb\":{\"@id\":\"https:\/\/www.guineeline.net\/index.php\/2022\/04\/29\/justice-damaro-et-lounceny-camara-aussi-inculpes-et-deferes-a-la-maison-centrale-de-conakry\/#breadcrumb\"},\"inLanguage\":\"fr-FR\",\"potentialAction\":[{\"@type\":\"ReadAction\",\"target\":[\"https:\/\/www.guineeline.net\/index.php\/2022\/04\/29\/justice-damaro-et-lounceny-camara-aussi-inculpes-et-deferes-a-la-maison-centrale-de-conakry\/\"]}]},{\"@type\":\"ImageObject\",\"inLanguage\":\"fr-FR\",\"@id\":\"https:\/\/www.guineeline.net\/index.php\/2022\/04\/29\/justice-damaro-et-lounceny-camara-aussi-inculpes-et-deferes-a-la-maison-centrale-de-conakry\/#primaryimage\",\"url\":\"https:\/\/www.guineeline.net\/wp-content\/uploads\/2022\/04\/damaro_camara.jpeg\",\"contentUrl\":\"https:\/\/www.guineeline.net\/wp-content\/uploads\/2022\/04\/damaro_camara.jpeg\",\"width\":641,\"height\":471},{\"@type\":\"BreadcrumbList\",\"@id\":\"https:\/\/www.guineeline.net\/index.php\/2022\/04\/29\/justice-damaro-et-lounceny-camara-aussi-inculpes-et-deferes-a-la-maison-centrale-de-conakry\/#breadcrumb\",\"itemListElement\":[{\"@type\":\"ListItem\",\"position\":1,\"name\":\"Accueil\",\"item\":\"https:\/\/www.guineeline.net\/\"},{\"@type\":\"ListItem\",\"position\":2,\"name\":\"Justice: Damaro et Lounceny Camara aussi inculp\u00e9s et d\u00e9f\u00e9r\u00e9s \u00e0 la maison centrale de Conakry\"}]},{\"@type\":\"WebSite\",\"@id\":\"https:\/\/www.guineeline.net\/#website\",\"url\":\"https:\/\/www.guineeline.net\/\",\"name\":\"Guineeline\",\"description\":\"L&#039;information en un clic\",\"potentialAction\":[{\"@type\":\"SearchAction\",\"target\":{\"@type\":\"EntryPoint\",\"urlTemplate\":\"https:\/\/www.guineeline.net\/?s={search_term_string}\"},\"query-input\":{\"@type\":\"PropertyValueSpecification\",\"valueRequired\":true,\"valueName\":\"search_term_string\"}}],\"inLanguage\":\"fr-FR\"},{\"@type\":\"Person\",\"@id\":\"https:\/\/www.guineeline.net\/#\/schema\/person\/f5914e0a4c56cc8f4aa0922cc547a390\",\"name\":\"Guineeline\",\"image\":{\"@type\":\"ImageObject\",\"inLanguage\":\"fr-FR\",\"@id\":\"https:\/\/www.guineeline.net\/#\/schema\/person\/image\/\",\"url\":\"https:\/\/secure.gravatar.com\/avatar\/432ce140236c408fa05ea28acd193ba03163acdd0efbe444c1c44957b8a29a2a?s=96&d=mm&r=g\",\"contentUrl\":\"https:\/\/secure.gravatar.com\/avatar\/432ce140236c408fa05ea28acd193ba03163acdd0efbe444c1c44957b8a29a2a?s=96&d=mm&r=g\",\"caption\":\"Guineeline\"},\"url\":\"https:\/\/www.guineeline.net\/index.php\/author\/admin\/\"}]}<\/script>\n<!-- \/ Yoast SEO plugin. -->","yoast_head_json":{"title":"Justice: Damaro et Lounceny Camara aussi inculp\u00e9s et d\u00e9f\u00e9r\u00e9s \u00e0 la maison centrale de Conakry - Guineeline","robots":{"index":"index","follow":"follow","max-snippet":"max-snippet:-1","max-image-preview":"max-image-preview:large","max-video-preview":"max-video-preview:-1"},"canonical":"https:\/\/www.guineeline.net\/index.php\/2022\/04\/29\/justice-damaro-et-lounceny-camara-aussi-inculpes-et-deferes-a-la-maison-centrale-de-conakry\/","og_locale":"fr_FR","og_type":"article","og_title":"Justice: Damaro et Lounceny Camara aussi inculp\u00e9s et d\u00e9f\u00e9r\u00e9s \u00e0 la maison centrale de Conakry - Guineeline","og_description":"Les ennuis continuent pour les anciens du r\u00e9gime d\u2019Alpha Cond\u00e9. Apr\u00e8s plusieurs heures d\u2019audition \u00e0 la CRIEF, Amadou Damaro Camara et Lounceny Camara ont, \u00e0 leur tour, \u00e9t\u00e9 inculp\u00e9s de d\u00e9tournement de fonds publics et d\u00e9f\u00e9r\u00e9s \u00e0 la maison centrale de Conakry dans la nuit du mercredi 27 au jeudi 28 avril 2022, rapporte Laguinee.info [&hellip;]","og_url":"https:\/\/www.guineeline.net\/index.php\/2022\/04\/29\/justice-damaro-et-lounceny-camara-aussi-inculpes-et-deferes-a-la-maison-centrale-de-conakry\/","og_site_name":"Guineeline","article_published_time":"2022-04-29T08:11:52+00:00","og_image":[{"width":641,"height":471,"url":"https:\/\/www.guineeline.net\/wp-content\/uploads\/2022\/04\/damaro_camara.jpeg","type":"image\/jpeg"}],"author":"Guineeline","twitter_card":"summary_large_image","twitter_misc":{"\u00c9crit par":"Guineeline","Dur\u00e9e de lecture estim\u00e9e":"1 minute"},"schema":{"@context":"https:\/\/schema.org","@graph":[{"@type":"Article","@id":"https:\/\/www.guineeline.net\/index.php\/2022\/04\/29\/justice-damaro-et-lounceny-camara-aussi-inculpes-et-deferes-a-la-maison-centrale-de-conakry\/#article","isPartOf":{"@id":"https:\/\/www.guineeline.net\/index.php\/2022\/04\/29\/justice-damaro-et-lounceny-camara-aussi-inculpes-et-deferes-a-la-maison-centrale-de-conakry\/"},"author":{"name":"Guineeline","@id":"https:\/\/www.guineeline.net\/#\/schema\/person\/f5914e0a4c56cc8f4aa0922cc547a390"},"headline":"Justice: Damaro et Lounceny Camara aussi inculp\u00e9s et d\u00e9f\u00e9r\u00e9s \u00e0 la maison centrale de Conakry","datePublished":"2022-04-29T08:11:52+00:00","mainEntityOfPage":{"@id":"https:\/\/www.guineeline.net\/index.php\/2022\/04\/29\/justice-damaro-et-lounceny-camara-aussi-inculpes-et-deferes-a-la-maison-centrale-de-conakry\/"},"wordCount":137,"commentCount":0,"image":{"@id":"https:\/\/www.guineeline.net\/index.php\/2022\/04\/29\/justice-damaro-et-lounceny-camara-aussi-inculpes-et-deferes-a-la-maison-centrale-de-conakry\/#primaryimage"},"thumbnailUrl":"https:\/\/www.guineeline.net\/wp-content\/uploads\/2022\/04\/damaro_camara.jpeg","articleSection":["Actualit\u00e9s"],"inLanguage":"fr-FR","potentialAction":[{"@type":"CommentAction","name":"Comment","target":["https:\/\/www.guineeline.net\/index.php\/2022\/04\/29\/justice-damaro-et-lounceny-camara-aussi-inculpes-et-deferes-a-la-maison-centrale-de-conakry\/#respond"]}]},{"@type":"WebPage","@id":"https:\/\/www.guineeline.net\/index.php\/2022\/04\/29\/justice-damaro-et-lounceny-camara-aussi-inculpes-et-deferes-a-la-maison-centrale-de-conakry\/","url":"https:\/\/www.guineeline.net\/index.php\/2022\/04\/29\/justice-damaro-et-lounceny-camara-aussi-inculpes-et-deferes-a-la-maison-centrale-de-conakry\/","name":"Justice: Damaro et Lounceny Camara aussi inculp\u00e9s et d\u00e9f\u00e9r\u00e9s \u00e0 la maison centrale de Conakry - Guineeline","isPartOf":{"@id":"https:\/\/www.guineeline.net\/#website"},"primaryImageOfPage":{"@id":"https:\/\/www.guineeline.net\/index.php\/2022\/04\/29\/justice-damaro-et-lounceny-camara-aussi-inculpes-et-deferes-a-la-maison-centrale-de-conakry\/#primaryimage"},"image":{"@id":"https:\/\/www.guineeline.net\/index.php\/2022\/04\/29\/justice-damaro-et-lounceny-camara-aussi-inculpes-et-deferes-a-la-maison-centrale-de-conakry\/#primaryimage"},"thumbnailUrl":"https:\/\/www.guineeline.net\/wp-content\/uploads\/2022\/04\/damaro_camara.jpeg","datePublished":"2022-04-29T08:11:52+00:00","author":{"@id":"https:\/\/www.guineeline.net\/#\/schema\/person\/f5914e0a4c56cc8f4aa0922cc547a390"},"breadcrumb":{"@id":"https:\/\/www.guineeline.net\/index.php\/2022\/04\/29\/justice-damaro-et-lounceny-camara-aussi-inculpes-et-deferes-a-la-maison-centrale-de-conakry\/#breadcrumb"},"inLanguage":"fr-FR","potentialAction":[{"@type":"ReadAction","target":["https:\/\/www.guineeline.net\/index.php\/2022\/04\/29\/justice-damaro-et-lounceny-camara-aussi-inculpes-et-deferes-a-la-maison-centrale-de-conakry\/"]}]},{"@type":"ImageObject","inLanguage":"fr-FR","@id":"https:\/\/www.guineeline.net\/index.php\/2022\/04\/29\/justice-damaro-et-lounceny-camara-aussi-inculpes-et-deferes-a-la-maison-centrale-de-conakry\/#primaryimage","url":"https:\/\/www.guineeline.net\/wp-content\/uploads\/2022\/04\/damaro_camara.jpeg","contentUrl":"https:\/\/www.guineeline.net\/wp-content\/uploads\/2022\/04\/damaro_camara.jpeg","width":641,"height":471},{"@type":"BreadcrumbList","@id":"https:\/\/www.guineeline.net\/index.php\/2022\/04\/29\/justice-damaro-et-lounceny-camara-aussi-inculpes-et-deferes-a-la-maison-centrale-de-conakry\/#breadcrumb","itemListElement":[{"@type":"ListItem","position":1,"name":"Accueil","item":"https:\/\/www.guineeline.net\/"},{"@type":"ListItem","position":2,"name":"Justice: Damaro et Lounceny Camara aussi inculp\u00e9s et d\u00e9f\u00e9r\u00e9s \u00e0 la maison centrale de Conakry"}]},{"@type":"WebSite","@id":"https:\/\/www.guineeline.net\/#website","url":"https:\/\/www.guineeline.net\/","name":"Guineeline","description":"L&#039;information en un clic","potentialAction":[{"@type":"SearchAction","target":{"@type":"EntryPoint","urlTemplate":"https:\/\/www.guineeline.net\/?s={search_term_string}"},"query-input":{"@type":"PropertyValueSpecification","valueRequired":true,"valueName":"search_term_string"}}],"inLanguage":"fr-FR"},{"@type":"Person","@id":"https:\/\/www.guineeline.net\/#\/schema\/person\/f5914e0a4c56cc8f4aa0922cc547a390","name":"Guineeline","image":{"@type":"ImageObject","inLanguage":"fr-FR","@id":"https:\/\/www.guineeline.net\/#\/schema\/person\/image\/","url":"https:\/\/secure.gravatar.com\/avatar\/432ce140236c408fa05ea28acd193ba03163acdd0efbe444c1c44957b8a29a2a?s=96&d=mm&r=g","contentUrl":"https:\/\/secure.gravatar.com\/avatar\/432ce140236c408fa05ea28acd193ba03163acdd0efbe444c1c44957b8a29a2a?s=96&d=mm&r=g","caption":"Guineeline"},"url":"https:\/\/www.guineeline.net\/index.php\/author\/admin\/"}]}},"_links":{"self":[{"href":"https:\/\/www.guineeline.net\/index.php\/wp-json\/wp\/v2\/posts\/631","targetHints":{"allow":["GET"]}}],"collection":[{"href":"https:\/\/www.guineeline.net\/index.php\/wp-json\/wp\/v2\/posts"}],"about":[{"href":"https:\/\/www.guineeline.net\/index.php\/wp-json\/wp\/v2\/types\/post"}],"author":[{"embeddable":true,"href":"https:\/\/www.guineeline.net\/index.php\/wp-json\/wp\/v2\/users\/3"}],"replies":[{"embeddable":true,"href":"https:\/\/www.guineeline.net\/index.php\/wp-json\/wp\/v2\/comments?post=631"}],"version-history":[{"count":1,"href":"https:\/\/www.guineeline.net\/index.php\/wp-json\/wp\/v2\/posts\/631\/revisions"}],"predecessor-version":[{"id":633,"href":"https:\/\/www.guineeline.net\/index.php\/wp-json\/wp\/v2\/posts\/631\/revisions\/633"}],"wp:featuredmedia":[{"embeddable":true,"href":"https:\/\/www.guineeline.net\/index.php\/wp-json\/wp\/v2\/media\/632"}],"wp:attachment":[{"href":"https:\/\/www.guineeline.net\/index.php\/wp-json\/wp\/v2\/media?parent=631"}],"wp:term":[{"taxonomy":"category","embeddable":true,"href":"https:\/\/www.guineeline.net\/index.php\/wp-json\/wp\/v2\/categories?post=631"},{"taxonomy":"post_tag","embeddable":true,"href":"https:\/\/www.guineeline.net\/index.php\/wp-json\/wp\/v2\/tags?post=631"}],"curies":[{"name":"wp","href":"https:\/\/api.w.org\/{rel}","templated":true}]}}