{"id":2278,"date":"2024-07-04T14:41:30","date_gmt":"2024-07-04T12:41:30","guid":{"rendered":"https:\/\/www.guineeline.net\/?p=2278"},"modified":"2024-07-04T23:32:41","modified_gmt":"2024-07-04T21:32:41","slug":"guinee-anaes-la-premiere-plateforme-nationale-officiellement-lancee-a-kindia","status":"publish","type":"post","link":"https:\/\/www.guineeline.net\/index.php\/2024\/07\/04\/guinee-anaes-la-premiere-plateforme-nationale-officiellement-lancee-a-kindia\/","title":{"rendered":"Guin\u00e9e-ANAES : la premi\u00e8re plateforme nationale officiellement lanc\u00e9e \u00e0 Kindia (interview)"},"content":{"rendered":"<p><strong>Rencontr\u00e9 \u00e0 Kindia lors du camp des jeunes pour le climat qui s\u2019est tenu du 26 au 30 juin 2024 Dr. SAM Kanyamibwa, Directeur g\u00e9n\u00e9ral de l&rsquo;ONG ARCOS nous parle de son organisation qui s\u2019\u00e9tend sur tout le continent Africain. Dans cette interview exclusive Dr SAM explique le contexte du lancement officiel de l&rsquo;ANAES. Profitant de l&rsquo;occasion il explique \u00e9galement l\u2019objectif, la vision et les activit\u00e9s que ARCOS met en \u0153uvre dans la protection et la conservation des montagnes ou \u00e9galement son programme sur les grands lacs d&rsquo;Afrique.<\/strong><\/p>\n<p><strong>Guineeline :<\/strong> <em>Bonjour Monsieur, pr\u00e9sentez-vous s\u2019il vous pla\u00eet et parlez-nous de votre organisation ?<\/em><\/p>\n<p><strong>Dr. Kanyamibwa :<\/strong> Je suis Dr. SAM Kanyamibwa, Directeur G\u00e9n\u00e9ral de ARCOS, une organisation Non Gouvernementale. \u00c7a veut dire soci\u00e9t\u00e9 de conservation de rift albertin. Elle se focalise sur la r\u00e9gion du rift albertin. C&rsquo;est-\u00e0-dire la branche occidentale du rift d&rsquo;Afrique qui passe entre les pays de l&rsquo;Est du Congo, l&rsquo;Ouganda, le Rwanda, le Burundi, la Tanzanie jusqu&rsquo;en Zambie. Nous avons aussi des programmes qui couvrent toute l&rsquo;Afrique jusqu&rsquo;au niveau de la protection et conservation des montagnes. Nous avons \u00e9galement un programme sur les grands lacs de l&rsquo;Afrique.<\/p>\n<p><strong>Guineeline :<\/strong> <strong>Vous \u00eates pr\u00e9sentement en Guin\u00e9e pr\u00e9cis\u00e9ment \u00e0 Kindia pour le camp de la jeunesse sur le climat o\u00f9 vous avez anim\u00e9 des panels et des modules. La particularit\u00e9 de tout \u00e7a, c&rsquo;est le lancement officiel et pour la premi\u00e8re fois de l&rsquo;ANAES. C&rsquo;est quoi l&rsquo;ANAES, qu&rsquo;est-ce que \u00e7a veut dire ?<\/strong><\/p>\n<p><strong>Dr. Kanyamibwa :<\/strong> Depuis l&rsquo;ann\u00e9e derni\u00e8re ARCOS en collaboration avec l&rsquo;Audit NEPAD particuli\u00e8rement l&rsquo;initiative sur la restauration des paysages en Afrique iferson a lanc\u00e9 une initiative qui s&rsquo;appelle ANAES. C&rsquo;est une abr\u00e9viation qui vient du texte anglais African NGOs Alliance for Environnemental Sustinability (ANAES) qui veut dire en fran\u00e7ais Alliance des ONG Africaines pour la conservation Durable de Environnement. Cette initiative qui a \u00e9t\u00e9 lanc\u00e9e l&rsquo;ann\u00e9e derni\u00e8re a commenc\u00e9 avec 16 pays et 35 ONGs d&rsquo;Afrique. Des ONGs qui ont \u00e9t\u00e9 s\u00e9lectionn\u00e9es avec des crit\u00e8res tr\u00e8s pr\u00e9cis de sorte qu&rsquo;on a environ une, deux ou trois ONG dans ces 16 pays. Et \u00e7a continu parce que d\u00e9j\u00e0 on a trois autres candidatures en cours et nous avons deux autres pays qui vont \u00eatres ajout\u00e9s bient\u00f4t.<br \/>\nL&rsquo;un des m\u00e9canisme d&rsquo;op\u00e9rationalisation de cette initiative est du fait qu&rsquo;elle va se passer au niveau national. ANAES vise la restauration de notre environnement qui est tellement d\u00e9grad\u00e9. Elle vise aussi l&rsquo;implication des populations locales pour qu&rsquo;elles soient championnes comme elles le m\u00e9ritent dans la restauration des passages. Parce que la restauration se fait dans les champs, sur le terrain et se sont les populations qui sont les premi\u00e8res.<br \/>\nAu niveau op\u00e9rationalisation, c&rsquo;est tr\u00e8s important qu&rsquo;il y ait des branches nationales. C&rsquo;est dans ce sens que nous avons lanc\u00e9 la plateforme de l&rsquo;ANAES au niveau de la r\u00e9publique de Guin\u00e9e pour qu&rsquo;il y ait l&rsquo;implication des organisations de base, les ONG qui sont actives sur le terrain qui vont travailler avec ces populations dans le cadre de la restauration des paysages.<\/p>\n<p><strong>Guineeline :<\/strong> <em>Vous avez dit que la Guin\u00e9e est le premier pays o\u00f9 il y a eu ce lancement. Pourquoi ce choix de la Guin\u00e9e ?<\/em><\/p>\n<p><strong>Dr. Kanyamibwa :<\/strong> C&rsquo;est par demande, nous sommes des ONG de diff\u00e9rents pays qui peuvent d\u00e9cider si elles veulent d&rsquo;\u00e9tablir les plateformes nationales. Donc nous avons une demande du repr\u00e9sentant de la Guin\u00e9e qui est le PRONG. Nous avons discut\u00e9 au niveau du comit\u00e9 r\u00e9gional et trouver que c&rsquo;est une bonne proposition. Nous sommes donc venus pour appuyer l&rsquo;ONG pour le lancement de la plateforme nationale.<\/p>\n<p><strong>Guineeline :<\/strong> <em>Ce sont des jeunes qui sont r\u00e9unis au camp national sur le climat qui co\u00efncide \u00e0 ce lancement. \u00c0 quoi ces jeunes peuvent s&rsquo;attendre de la part de cette plateforme ANAES ?<\/em><\/p>\n<p><strong>Dr. Kanyamibwa :<\/strong> J&rsquo;ai eu l&rsquo;occasion de discuter et d&rsquo;interagir avec les jeunes qui sont \u00e0 ce camp pour le climat. Je vois beaucoup d&rsquo;\u00e9nergie et de prise de conscience. Donc il y a quelque chose qui doit \u00eatre fait. Ces jeunes viennent des diff\u00e9rentes organisations. C&rsquo;est effectivement l&rsquo;id\u00e9e d&rsquo;ANAES qui est de d\u00e9velopper la capacit\u00e9 de ces organisations pour qu&rsquo;elles puissent bien assister les populations qui font la restauration. Mais ce n&rsquo;est pas que \u00e7a. Quand on dit restauration c&rsquo;est aussi le developpement communautaire, c&rsquo;est l&rsquo;adaptation au changement climatique, c&rsquo;est la lutte contre le r\u00e9chauffement climatique, c&rsquo;est de travailler avec les \u00e9coles surtout les \u00e9tudiants pour qu&rsquo;ils prennent conscience des actions n\u00e9cessaires pour affronter le grand probl\u00e8me que nous avons.<br \/>\nComme vous le savez surtout cette structure collabore avec le NEPAD, avec tous les pays de l\u2019Afrique qui se sont engag\u00e9s \u00e0 restaurer notre environnement d&rsquo;ici 2030. Nous sommes donc dans ce mouvement de renforcer les capacit\u00e9s et de regrouper toutes les organisations de base pour qu&rsquo;elles puissent appuyer les populations pour affronter ce d\u00e9fi.<\/p>\n<p><strong>Guineeline :<\/strong> <em>Quel est le d\u00e9fi que vous lancez \u00e0 ces jeunes d&rsquo;ici le prochain camp des jeunes pour le climat ?<\/em><\/p>\n<p><strong>Dr. Kanyamibwa :<\/strong> Je crois que l&rsquo;\u00e9nergie que ces jeunes d\u00e9gagent dans ce camp, il ne faudait pas que cela parte. Il faut qu&rsquo;ils continuent \u00e0 se r\u00e9examiner et \u00e0 travailler pour voir comment mettre sur place un plan d&rsquo;action afin de travailler ensemble parce que c&rsquo;est tr\u00e8s important le fait de travailler ensemble. C&rsquo;est pourquoi l&rsquo;un des objectifs de l&rsquo;ANAES c&rsquo;est d&rsquo;\u00e9changer, de collaborer dans leur r\u00e9gion respective, dans leurs zones d&rsquo;op\u00e9rations. Il faut bien engager des m\u00e9canismes de collaboration soit entre les ONG, soit avec les autorit\u00e9s pour qu&rsquo;elles prennent en compte ce qu&rsquo;il y a comme probl\u00e8me pour bien d\u00e9velopper un plan d\u2019action.<\/p>\n<p>Merci Dr. Dr Kanyamibwa<br \/>\nJe vous en prie.<\/p>\n<p style=\"text-align: right;\"><strong>Interview r\u00e9alis\u00e9e par Bo\u00e8bo\u00e8 B\u00e9avogui\u00a0<\/strong><\/p>\n","protected":false},"excerpt":{"rendered":"<p>Rencontr\u00e9 \u00e0 Kindia lors du camp des jeunes pour le climat qui s\u2019est tenu du 26 au 30 juin 2024 Dr. SAM Kanyamibwa, Directeur g\u00e9n\u00e9ral de l&rsquo;ONG ARCOS nous parle de son organisation qui s\u2019\u00e9tend sur tout le continent Africain. Dans cette interview exclusive Dr SAM explique le contexte du lancement officiel de l&rsquo;ANAES. Profitant [&hellip;]<\/p>\n","protected":false},"author":3,"featured_media":2279,"comment_status":"open","ping_status":"open","sticky":false,"template":"","format":"standard","meta":{"jnews-multi-image_gallery":[],"jnews_single_post":{"source_name":"","source_url":"","via_name":"","via_url":"","override_template":"0","override":[{"template":"1","single_blog_custom":"","parallax":"1","fullscreen":"1","layout":"right-sidebar","sidebar":"default-sidebar","second_sidebar":"default-sidebar","sticky_sidebar":"1","share_position":"top","share_float_style":"share-monocrhome","show_share_counter":"0","show_view_counter":"0","show_featured":"1","show_post_meta":"1","show_post_author":"1","show_post_author_image":"1","show_post_date":"1","post_date_format":"default","post_date_format_custom":"Y\/m\/d","show_post_category":"1","show_post_reading_time":"0","post_reading_time_wpm":"300","show_zoom_button":"0","zoom_button_out_step":"2","zoom_button_in_step":"3","show_post_tag":"1","show_prev_next_post":"1","show_popup_post":"1","number_popup_post":"1","show_author_box":"0","show_post_related":"0","show_inline_post_related":"0"}],"override_image_size":"0","image_override":[{"single_post_thumbnail_size":"crop-500","single_post_gallery_size":"crop-500"}],"trending_post":"0","trending_post_position":"meta","trending_post_label":"Trending","sponsored_post":"0","sponsored_post_label":"Sponsored by","sponsored_post_name":"","sponsored_post_url":"","sponsored_post_logo_enable":"0","sponsored_post_logo":"","sponsored_post_desc":"","disable_ad":"0"},"jnews_primary_category":{"id":"","hide":""},"jnews_override_counter":[],"footnotes":""},"categories":[2,20,19],"tags":[],"class_list":["post-2278","post","type-post","status-publish","format-standard","has-post-thumbnail","hentry","category-actualites","category-biodiversite","category-environnement"],"yoast_head":"<!-- This site is optimized with the Yoast SEO plugin v26.9 - https:\/\/yoast.com\/product\/yoast-seo-wordpress\/ -->\n<title>Guin\u00e9e-ANAES : la premi\u00e8re plateforme nationale officiellement lanc\u00e9e \u00e0 Kindia (interview) - Guineeline<\/title>\n<meta name=\"robots\" content=\"index, follow, max-snippet:-1, max-image-preview:large, max-video-preview:-1\" \/>\n<link rel=\"canonical\" href=\"https:\/\/www.guineeline.net\/index.php\/2024\/07\/04\/guinee-anaes-la-premiere-plateforme-nationale-officiellement-lancee-a-kindia\/\" \/>\n<meta property=\"og:locale\" content=\"fr_FR\" \/>\n<meta property=\"og:type\" content=\"article\" \/>\n<meta property=\"og:title\" content=\"Guin\u00e9e-ANAES : la premi\u00e8re plateforme nationale officiellement lanc\u00e9e \u00e0 Kindia (interview) - Guineeline\" \/>\n<meta property=\"og:description\" content=\"Rencontr\u00e9 \u00e0 Kindia lors du camp des jeunes pour le climat qui s\u2019est tenu du 26 au 30 juin 2024 Dr. SAM Kanyamibwa, Directeur g\u00e9n\u00e9ral de l&rsquo;ONG ARCOS nous parle de son organisation qui s\u2019\u00e9tend sur tout le continent Africain. Dans cette interview exclusive Dr SAM explique le contexte du lancement officiel de l&rsquo;ANAES. Profitant [&hellip;]\" \/>\n<meta property=\"og:url\" content=\"https:\/\/www.guineeline.net\/index.php\/2024\/07\/04\/guinee-anaes-la-premiere-plateforme-nationale-officiellement-lancee-a-kindia\/\" \/>\n<meta property=\"og:site_name\" content=\"Guineeline\" \/>\n<meta property=\"article:published_time\" content=\"2024-07-04T12:41:30+00:00\" \/>\n<meta property=\"article:modified_time\" content=\"2024-07-04T21:32:41+00:00\" \/>\n<meta property=\"og:image\" content=\"https:\/\/www.guineeline.net\/wp-content\/uploads\/2024\/07\/DSC_0138.jpg\" \/>\n\t<meta property=\"og:image:width\" content=\"1000\" \/>\n\t<meta property=\"og:image:height\" content=\"884\" \/>\n\t<meta property=\"og:image:type\" content=\"image\/jpeg\" \/>\n<meta name=\"author\" content=\"Guineeline\" \/>\n<meta name=\"twitter:card\" content=\"summary_large_image\" \/>\n<meta name=\"twitter:label1\" content=\"\u00c9crit par\" \/>\n\t<meta name=\"twitter:data1\" content=\"Guineeline\" \/>\n\t<meta name=\"twitter:label2\" content=\"Dur\u00e9e de lecture estim\u00e9e\" \/>\n\t<meta name=\"twitter:data2\" content=\"5 minutes\" \/>\n<script type=\"application\/ld+json\" class=\"yoast-schema-graph\">{\"@context\":\"https:\/\/schema.org\",\"@graph\":[{\"@type\":\"Article\",\"@id\":\"https:\/\/www.guineeline.net\/index.php\/2024\/07\/04\/guinee-anaes-la-premiere-plateforme-nationale-officiellement-lancee-a-kindia\/#article\",\"isPartOf\":{\"@id\":\"https:\/\/www.guineeline.net\/index.php\/2024\/07\/04\/guinee-anaes-la-premiere-plateforme-nationale-officiellement-lancee-a-kindia\/\"},\"author\":{\"name\":\"Guineeline\",\"@id\":\"https:\/\/www.guineeline.net\/#\/schema\/person\/f5914e0a4c56cc8f4aa0922cc547a390\"},\"headline\":\"Guin\u00e9e-ANAES : la premi\u00e8re plateforme nationale officiellement lanc\u00e9e \u00e0 Kindia (interview)\",\"datePublished\":\"2024-07-04T12:41:30+00:00\",\"dateModified\":\"2024-07-04T21:32:41+00:00\",\"mainEntityOfPage\":{\"@id\":\"https:\/\/www.guineeline.net\/index.php\/2024\/07\/04\/guinee-anaes-la-premiere-plateforme-nationale-officiellement-lancee-a-kindia\/\"},\"wordCount\":1072,\"commentCount\":2,\"image\":{\"@id\":\"https:\/\/www.guineeline.net\/index.php\/2024\/07\/04\/guinee-anaes-la-premiere-plateforme-nationale-officiellement-lancee-a-kindia\/#primaryimage\"},\"thumbnailUrl\":\"https:\/\/www.guineeline.net\/wp-content\/uploads\/2024\/07\/DSC_0138.jpg\",\"articleSection\":[\"Actualit\u00e9s\",\"Biodiversit\u00e9\",\"Environnement\"],\"inLanguage\":\"fr-FR\",\"potentialAction\":[{\"@type\":\"CommentAction\",\"name\":\"Comment\",\"target\":[\"https:\/\/www.guineeline.net\/index.php\/2024\/07\/04\/guinee-anaes-la-premiere-plateforme-nationale-officiellement-lancee-a-kindia\/#respond\"]}]},{\"@type\":\"WebPage\",\"@id\":\"https:\/\/www.guineeline.net\/index.php\/2024\/07\/04\/guinee-anaes-la-premiere-plateforme-nationale-officiellement-lancee-a-kindia\/\",\"url\":\"https:\/\/www.guineeline.net\/index.php\/2024\/07\/04\/guinee-anaes-la-premiere-plateforme-nationale-officiellement-lancee-a-kindia\/\",\"name\":\"Guin\u00e9e-ANAES : la premi\u00e8re plateforme nationale officiellement lanc\u00e9e \u00e0 Kindia (interview) - Guineeline\",\"isPartOf\":{\"@id\":\"https:\/\/www.guineeline.net\/#website\"},\"primaryImageOfPage\":{\"@id\":\"https:\/\/www.guineeline.net\/index.php\/2024\/07\/04\/guinee-anaes-la-premiere-plateforme-nationale-officiellement-lancee-a-kindia\/#primaryimage\"},\"image\":{\"@id\":\"https:\/\/www.guineeline.net\/index.php\/2024\/07\/04\/guinee-anaes-la-premiere-plateforme-nationale-officiellement-lancee-a-kindia\/#primaryimage\"},\"thumbnailUrl\":\"https:\/\/www.guineeline.net\/wp-content\/uploads\/2024\/07\/DSC_0138.jpg\",\"datePublished\":\"2024-07-04T12:41:30+00:00\",\"dateModified\":\"2024-07-04T21:32:41+00:00\",\"author\":{\"@id\":\"https:\/\/www.guineeline.net\/#\/schema\/person\/f5914e0a4c56cc8f4aa0922cc547a390\"},\"breadcrumb\":{\"@id\":\"https:\/\/www.guineeline.net\/index.php\/2024\/07\/04\/guinee-anaes-la-premiere-plateforme-nationale-officiellement-lancee-a-kindia\/#breadcrumb\"},\"inLanguage\":\"fr-FR\",\"potentialAction\":[{\"@type\":\"ReadAction\",\"target\":[\"https:\/\/www.guineeline.net\/index.php\/2024\/07\/04\/guinee-anaes-la-premiere-plateforme-nationale-officiellement-lancee-a-kindia\/\"]}]},{\"@type\":\"ImageObject\",\"inLanguage\":\"fr-FR\",\"@id\":\"https:\/\/www.guineeline.net\/index.php\/2024\/07\/04\/guinee-anaes-la-premiere-plateforme-nationale-officiellement-lancee-a-kindia\/#primaryimage\",\"url\":\"https:\/\/www.guineeline.net\/wp-content\/uploads\/2024\/07\/DSC_0138.jpg\",\"contentUrl\":\"https:\/\/www.guineeline.net\/wp-content\/uploads\/2024\/07\/DSC_0138.jpg\",\"width\":1000,\"height\":884},{\"@type\":\"BreadcrumbList\",\"@id\":\"https:\/\/www.guineeline.net\/index.php\/2024\/07\/04\/guinee-anaes-la-premiere-plateforme-nationale-officiellement-lancee-a-kindia\/#breadcrumb\",\"itemListElement\":[{\"@type\":\"ListItem\",\"position\":1,\"name\":\"Accueil\",\"item\":\"https:\/\/www.guineeline.net\/\"},{\"@type\":\"ListItem\",\"position\":2,\"name\":\"Guin\u00e9e-ANAES : la premi\u00e8re plateforme nationale officiellement lanc\u00e9e \u00e0 Kindia (interview)\"}]},{\"@type\":\"WebSite\",\"@id\":\"https:\/\/www.guineeline.net\/#website\",\"url\":\"https:\/\/www.guineeline.net\/\",\"name\":\"Guineeline\",\"description\":\"L&#039;information en un clic\",\"potentialAction\":[{\"@type\":\"SearchAction\",\"target\":{\"@type\":\"EntryPoint\",\"urlTemplate\":\"https:\/\/www.guineeline.net\/?s={search_term_string}\"},\"query-input\":{\"@type\":\"PropertyValueSpecification\",\"valueRequired\":true,\"valueName\":\"search_term_string\"}}],\"inLanguage\":\"fr-FR\"},{\"@type\":\"Person\",\"@id\":\"https:\/\/www.guineeline.net\/#\/schema\/person\/f5914e0a4c56cc8f4aa0922cc547a390\",\"name\":\"Guineeline\",\"image\":{\"@type\":\"ImageObject\",\"inLanguage\":\"fr-FR\",\"@id\":\"https:\/\/www.guineeline.net\/#\/schema\/person\/image\/\",\"url\":\"https:\/\/secure.gravatar.com\/avatar\/432ce140236c408fa05ea28acd193ba03163acdd0efbe444c1c44957b8a29a2a?s=96&d=mm&r=g\",\"contentUrl\":\"https:\/\/secure.gravatar.com\/avatar\/432ce140236c408fa05ea28acd193ba03163acdd0efbe444c1c44957b8a29a2a?s=96&d=mm&r=g\",\"caption\":\"Guineeline\"},\"url\":\"https:\/\/www.guineeline.net\/index.php\/author\/admin\/\"}]}<\/script>\n<!-- \/ Yoast SEO plugin. -->","yoast_head_json":{"title":"Guin\u00e9e-ANAES : la premi\u00e8re plateforme nationale officiellement lanc\u00e9e \u00e0 Kindia (interview) - Guineeline","robots":{"index":"index","follow":"follow","max-snippet":"max-snippet:-1","max-image-preview":"max-image-preview:large","max-video-preview":"max-video-preview:-1"},"canonical":"https:\/\/www.guineeline.net\/index.php\/2024\/07\/04\/guinee-anaes-la-premiere-plateforme-nationale-officiellement-lancee-a-kindia\/","og_locale":"fr_FR","og_type":"article","og_title":"Guin\u00e9e-ANAES : la premi\u00e8re plateforme nationale officiellement lanc\u00e9e \u00e0 Kindia (interview) - Guineeline","og_description":"Rencontr\u00e9 \u00e0 Kindia lors du camp des jeunes pour le climat qui s\u2019est tenu du 26 au 30 juin 2024 Dr. SAM Kanyamibwa, Directeur g\u00e9n\u00e9ral de l&rsquo;ONG ARCOS nous parle de son organisation qui s\u2019\u00e9tend sur tout le continent Africain. Dans cette interview exclusive Dr SAM explique le contexte du lancement officiel de l&rsquo;ANAES. Profitant [&hellip;]","og_url":"https:\/\/www.guineeline.net\/index.php\/2024\/07\/04\/guinee-anaes-la-premiere-plateforme-nationale-officiellement-lancee-a-kindia\/","og_site_name":"Guineeline","article_published_time":"2024-07-04T12:41:30+00:00","article_modified_time":"2024-07-04T21:32:41+00:00","og_image":[{"width":1000,"height":884,"url":"https:\/\/www.guineeline.net\/wp-content\/uploads\/2024\/07\/DSC_0138.jpg","type":"image\/jpeg"}],"author":"Guineeline","twitter_card":"summary_large_image","twitter_misc":{"\u00c9crit par":"Guineeline","Dur\u00e9e de lecture estim\u00e9e":"5 minutes"},"schema":{"@context":"https:\/\/schema.org","@graph":[{"@type":"Article","@id":"https:\/\/www.guineeline.net\/index.php\/2024\/07\/04\/guinee-anaes-la-premiere-plateforme-nationale-officiellement-lancee-a-kindia\/#article","isPartOf":{"@id":"https:\/\/www.guineeline.net\/index.php\/2024\/07\/04\/guinee-anaes-la-premiere-plateforme-nationale-officiellement-lancee-a-kindia\/"},"author":{"name":"Guineeline","@id":"https:\/\/www.guineeline.net\/#\/schema\/person\/f5914e0a4c56cc8f4aa0922cc547a390"},"headline":"Guin\u00e9e-ANAES : la premi\u00e8re plateforme nationale officiellement lanc\u00e9e \u00e0 Kindia (interview)","datePublished":"2024-07-04T12:41:30+00:00","dateModified":"2024-07-04T21:32:41+00:00","mainEntityOfPage":{"@id":"https:\/\/www.guineeline.net\/index.php\/2024\/07\/04\/guinee-anaes-la-premiere-plateforme-nationale-officiellement-lancee-a-kindia\/"},"wordCount":1072,"commentCount":2,"image":{"@id":"https:\/\/www.guineeline.net\/index.php\/2024\/07\/04\/guinee-anaes-la-premiere-plateforme-nationale-officiellement-lancee-a-kindia\/#primaryimage"},"thumbnailUrl":"https:\/\/www.guineeline.net\/wp-content\/uploads\/2024\/07\/DSC_0138.jpg","articleSection":["Actualit\u00e9s","Biodiversit\u00e9","Environnement"],"inLanguage":"fr-FR","potentialAction":[{"@type":"CommentAction","name":"Comment","target":["https:\/\/www.guineeline.net\/index.php\/2024\/07\/04\/guinee-anaes-la-premiere-plateforme-nationale-officiellement-lancee-a-kindia\/#respond"]}]},{"@type":"WebPage","@id":"https:\/\/www.guineeline.net\/index.php\/2024\/07\/04\/guinee-anaes-la-premiere-plateforme-nationale-officiellement-lancee-a-kindia\/","url":"https:\/\/www.guineeline.net\/index.php\/2024\/07\/04\/guinee-anaes-la-premiere-plateforme-nationale-officiellement-lancee-a-kindia\/","name":"Guin\u00e9e-ANAES : la premi\u00e8re plateforme nationale officiellement lanc\u00e9e \u00e0 Kindia (interview) - Guineeline","isPartOf":{"@id":"https:\/\/www.guineeline.net\/#website"},"primaryImageOfPage":{"@id":"https:\/\/www.guineeline.net\/index.php\/2024\/07\/04\/guinee-anaes-la-premiere-plateforme-nationale-officiellement-lancee-a-kindia\/#primaryimage"},"image":{"@id":"https:\/\/www.guineeline.net\/index.php\/2024\/07\/04\/guinee-anaes-la-premiere-plateforme-nationale-officiellement-lancee-a-kindia\/#primaryimage"},"thumbnailUrl":"https:\/\/www.guineeline.net\/wp-content\/uploads\/2024\/07\/DSC_0138.jpg","datePublished":"2024-07-04T12:41:30+00:00","dateModified":"2024-07-04T21:32:41+00:00","author":{"@id":"https:\/\/www.guineeline.net\/#\/schema\/person\/f5914e0a4c56cc8f4aa0922cc547a390"},"breadcrumb":{"@id":"https:\/\/www.guineeline.net\/index.php\/2024\/07\/04\/guinee-anaes-la-premiere-plateforme-nationale-officiellement-lancee-a-kindia\/#breadcrumb"},"inLanguage":"fr-FR","potentialAction":[{"@type":"ReadAction","target":["https:\/\/www.guineeline.net\/index.php\/2024\/07\/04\/guinee-anaes-la-premiere-plateforme-nationale-officiellement-lancee-a-kindia\/"]}]},{"@type":"ImageObject","inLanguage":"fr-FR","@id":"https:\/\/www.guineeline.net\/index.php\/2024\/07\/04\/guinee-anaes-la-premiere-plateforme-nationale-officiellement-lancee-a-kindia\/#primaryimage","url":"https:\/\/www.guineeline.net\/wp-content\/uploads\/2024\/07\/DSC_0138.jpg","contentUrl":"https:\/\/www.guineeline.net\/wp-content\/uploads\/2024\/07\/DSC_0138.jpg","width":1000,"height":884},{"@type":"BreadcrumbList","@id":"https:\/\/www.guineeline.net\/index.php\/2024\/07\/04\/guinee-anaes-la-premiere-plateforme-nationale-officiellement-lancee-a-kindia\/#breadcrumb","itemListElement":[{"@type":"ListItem","position":1,"name":"Accueil","item":"https:\/\/www.guineeline.net\/"},{"@type":"ListItem","position":2,"name":"Guin\u00e9e-ANAES : la premi\u00e8re plateforme nationale officiellement lanc\u00e9e \u00e0 Kindia (interview)"}]},{"@type":"WebSite","@id":"https:\/\/www.guineeline.net\/#website","url":"https:\/\/www.guineeline.net\/","name":"Guineeline","description":"L&#039;information en un clic","potentialAction":[{"@type":"SearchAction","target":{"@type":"EntryPoint","urlTemplate":"https:\/\/www.guineeline.net\/?s={search_term_string}"},"query-input":{"@type":"PropertyValueSpecification","valueRequired":true,"valueName":"search_term_string"}}],"inLanguage":"fr-FR"},{"@type":"Person","@id":"https:\/\/www.guineeline.net\/#\/schema\/person\/f5914e0a4c56cc8f4aa0922cc547a390","name":"Guineeline","image":{"@type":"ImageObject","inLanguage":"fr-FR","@id":"https:\/\/www.guineeline.net\/#\/schema\/person\/image\/","url":"https:\/\/secure.gravatar.com\/avatar\/432ce140236c408fa05ea28acd193ba03163acdd0efbe444c1c44957b8a29a2a?s=96&d=mm&r=g","contentUrl":"https:\/\/secure.gravatar.com\/avatar\/432ce140236c408fa05ea28acd193ba03163acdd0efbe444c1c44957b8a29a2a?s=96&d=mm&r=g","caption":"Guineeline"},"url":"https:\/\/www.guineeline.net\/index.php\/author\/admin\/"}]}},"_links":{"self":[{"href":"https:\/\/www.guineeline.net\/index.php\/wp-json\/wp\/v2\/posts\/2278","targetHints":{"allow":["GET"]}}],"collection":[{"href":"https:\/\/www.guineeline.net\/index.php\/wp-json\/wp\/v2\/posts"}],"about":[{"href":"https:\/\/www.guineeline.net\/index.php\/wp-json\/wp\/v2\/types\/post"}],"author":[{"embeddable":true,"href":"https:\/\/www.guineeline.net\/index.php\/wp-json\/wp\/v2\/users\/3"}],"replies":[{"embeddable":true,"href":"https:\/\/www.guineeline.net\/index.php\/wp-json\/wp\/v2\/comments?post=2278"}],"version-history":[{"count":4,"href":"https:\/\/www.guineeline.net\/index.php\/wp-json\/wp\/v2\/posts\/2278\/revisions"}],"predecessor-version":[{"id":2283,"href":"https:\/\/www.guineeline.net\/index.php\/wp-json\/wp\/v2\/posts\/2278\/revisions\/2283"}],"wp:featuredmedia":[{"embeddable":true,"href":"https:\/\/www.guineeline.net\/index.php\/wp-json\/wp\/v2\/media\/2279"}],"wp:attachment":[{"href":"https:\/\/www.guineeline.net\/index.php\/wp-json\/wp\/v2\/media?parent=2278"}],"wp:term":[{"taxonomy":"category","embeddable":true,"href":"https:\/\/www.guineeline.net\/index.php\/wp-json\/wp\/v2\/categories?post=2278"},{"taxonomy":"post_tag","embeddable":true,"href":"https:\/\/www.guineeline.net\/index.php\/wp-json\/wp\/v2\/tags?post=2278"}],"curies":[{"name":"wp","href":"https:\/\/api.w.org\/{rel}","templated":true}]}}