{"id":2176,"date":"2024-05-28T13:46:32","date_gmt":"2024-05-28T11:46:32","guid":{"rendered":"https:\/\/www.guineeline.net\/?p=2176"},"modified":"2024-05-28T13:56:06","modified_gmt":"2024-05-28T11:56:06","slug":"projet-terra-africa-habib-ly-activiste-de-la-societe-civile-guineenne-en-fait-des-eloges","status":"publish","type":"post","link":"https:\/\/www.guineeline.net\/index.php\/2024\/05\/28\/projet-terra-africa-habib-ly-activiste-de-la-societe-civile-guineenne-en-fait-des-eloges\/","title":{"rendered":"Projet Terra Africa : Habib Ly activiste de la soci\u00e9t\u00e9 civile guin\u00e9enne en fait des \u00e9loges"},"content":{"rendered":"<p>C&rsquo;est une avanc\u00e9e consid\u00e9rable dans la lutte contre les changements climatiques. Nous sommes en train de poser les jalons d&rsquo;un v\u00e9ritable processus d&rsquo;implication des acteurs \u00e0 tous les niveaux, interpeler L&rsquo;\u00c9tat<strong>,<\/strong> attirer l&rsquo;attention des institutions, sensibiliser les citoyens, sur la probl\u00e9matique du r\u00e9chauffement climatique, la destruction de l&rsquo;environnement, la biodiversit\u00e9.<\/p>\n<p>Pour une implication inclusive, un engagement commun, une synergie d&rsquo;action entre les acteurs (journaliste, scientifique, OSC) pour impacter positivement.<br \/>\nDesmond Tutu affirme, \u00ab Avant que les riches ne meurent \u00e0 cause du r\u00e9chauffement climatique, \u00e7a trouvera que les pauvres sont d\u00e9j\u00e0 morts. \u00bb<br \/>\nPour rench\u00e9rir cette citation, \u00ab actuellement, l&rsquo;humain m\u00e8ne une guerre contre la nature. \u00bb S&rsquo;il gagne, il est foutu. &gt;&gt;<br \/>\nC&rsquo;est la nature qui doit gagner, et non les humains.<\/p>\n<p>Au moment o\u00f9 beaucoup sombrent dans la sinitrose, Willy Randin montre que l&rsquo;\u00eatre humain peut faire preuve de ressources insoup\u00e7onn\u00e9es . D\u00e8s qu&rsquo;il a confiance, il renverse des montagnes de l\u00e9thargie, de lassitude ou d&rsquo;oubli.<br \/>\nCroire en une plan\u00e8te plus humaine est un sacr\u00e9 d\u00e9fi, que Willy randin rel\u00e8ve, \u00e9paul\u00e9 par une multitude d&rsquo;autres personnes de bonnes volont\u00e9s.<\/p>\n<p>Je rappelle cette boutade d&rsquo;une c\u00e9l\u00e8bre anthropologue am\u00e9ricaine : \u00ab Ne doutez jamais qu&rsquo;un groupe de personnes bien r\u00e9fl\u00e9chi et d\u00e9termin\u00e9 puisse changer le monde \u00bb.<br \/>\nNous sommes ce groupe de personnes qui travaillent dans le projet TERRA AFRICA, Ateliers Actions, pour lutter contre le r\u00e9chauffement climatique.<\/p>\n<p>Mes ovations les plus distingu\u00e9es \u00e0 tous les participant.e.s du projet TERRA AFRICA\/ ATELIERS ACTIONS, particuli\u00e8rement aux amazones de la lutte contre les changements climatiques en R\u00e9publique de Guin\u00e9e.<br \/>\nNantady Camara, Laleman Guinee Mabinty, Aissata Sidib\u00e9, Idiatou Souare, Fanta Barry, Aissatou Barry,\u00a0Oumou Hawa Diallo.<\/p>\n<p>Vous \u00eates une valeur ajout\u00e9e, une identit\u00e9 intelligente, une complicit\u00e9 parfaite, la force dans la sagesse, la d\u00e9finition de l&rsquo;engagement dans la protection de l&rsquo;environnement. Actrice et ressource indispensable pour le processus de d\u00e9veloppement harmonieux de tous les secteurs d\u2019activit\u00e9s, surtout dans le journalisme, la protection de l&rsquo;environnement.<\/p>\n<p>\u00ab Aux \u00e2mes bien n\u00e9es, la valeur n&rsquo;attend point le nombre des ann\u00e9es \u00bb.<br \/>\nVous n&rsquo;avez pas besoin d&rsquo;\u00e9loge, vous posez des actions, travaillez sur des projets. Les activit\u00e9s qui forcent l&rsquo;admiration m\u00e9ritent beaucoup d&rsquo;\u00e9loge, d&rsquo;admiration, de f\u00e9licit\u00e9.<\/p>\n<p style=\"text-align: right;\">Habib Ly<\/p>\n","protected":false},"excerpt":{"rendered":"<p>C&rsquo;est une avanc\u00e9e consid\u00e9rable dans la lutte contre les changements climatiques. Nous sommes en train de poser les jalons d&rsquo;un v\u00e9ritable processus d&rsquo;implication des acteurs \u00e0 tous les niveaux, interpeler L&rsquo;\u00c9tat, attirer l&rsquo;attention des institutions, sensibiliser les citoyens, sur la probl\u00e9matique du r\u00e9chauffement climatique, la destruction de l&rsquo;environnement, la biodiversit\u00e9. Pour une implication inclusive, un [&hellip;]<\/p>\n","protected":false},"author":3,"featured_media":2182,"comment_status":"open","ping_status":"open","sticky":false,"template":"","format":"standard","meta":{"jnews-multi-image_gallery":[],"jnews_single_post":{"source_name":"","source_url":"","via_name":"","via_url":"","override_template":"0","override":[{"template":"1","single_blog_custom":"","parallax":"1","fullscreen":"1","layout":"right-sidebar","sidebar":"default-sidebar","second_sidebar":"default-sidebar","sticky_sidebar":"1","share_position":"top","share_float_style":"share-monocrhome","show_share_counter":"0","show_view_counter":"0","show_featured":"1","show_post_meta":"1","show_post_author":"1","show_post_author_image":"1","show_post_date":"1","post_date_format":"default","post_date_format_custom":"Y\/m\/d","show_post_category":"1","show_post_reading_time":"0","post_reading_time_wpm":"300","show_zoom_button":"0","zoom_button_out_step":"2","zoom_button_in_step":"3","show_post_tag":"1","show_prev_next_post":"1","show_popup_post":"1","number_popup_post":"1","show_author_box":"0","show_post_related":"0","show_inline_post_related":"0"}],"override_image_size":"0","image_override":[{"single_post_thumbnail_size":"crop-500","single_post_gallery_size":"crop-500"}],"trending_post":"0","trending_post_position":"meta","trending_post_label":"Trending","sponsored_post":"0","sponsored_post_label":"Sponsored by","sponsored_post_name":"","sponsored_post_url":"","sponsored_post_logo_enable":"0","sponsored_post_logo":"","sponsored_post_desc":"","disable_ad":"0"},"jnews_primary_category":{"id":"","hide":""},"jnews_override_counter":[],"footnotes":""},"categories":[2,19],"tags":[],"class_list":["post-2176","post","type-post","status-publish","format-standard","has-post-thumbnail","hentry","category-actualites","category-environnement"],"yoast_head":"<!-- This site is optimized with the Yoast SEO plugin v26.9 - https:\/\/yoast.com\/product\/yoast-seo-wordpress\/ -->\n<title>Projet Terra Africa : Habib Ly activiste de la soci\u00e9t\u00e9 civile guin\u00e9enne en fait des \u00e9loges - Guineeline<\/title>\n<meta name=\"robots\" content=\"index, follow, max-snippet:-1, max-image-preview:large, max-video-preview:-1\" \/>\n<link rel=\"canonical\" href=\"https:\/\/www.guineeline.net\/index.php\/2024\/05\/28\/projet-terra-africa-habib-ly-activiste-de-la-societe-civile-guineenne-en-fait-des-eloges\/\" \/>\n<meta property=\"og:locale\" content=\"fr_FR\" \/>\n<meta property=\"og:type\" content=\"article\" \/>\n<meta property=\"og:title\" content=\"Projet Terra Africa : Habib Ly activiste de la soci\u00e9t\u00e9 civile guin\u00e9enne en fait des \u00e9loges - Guineeline\" \/>\n<meta property=\"og:description\" content=\"C&rsquo;est une avanc\u00e9e consid\u00e9rable dans la lutte contre les changements climatiques. Nous sommes en train de poser les jalons d&rsquo;un v\u00e9ritable processus d&rsquo;implication des acteurs \u00e0 tous les niveaux, interpeler L&rsquo;\u00c9tat, attirer l&rsquo;attention des institutions, sensibiliser les citoyens, sur la probl\u00e9matique du r\u00e9chauffement climatique, la destruction de l&rsquo;environnement, la biodiversit\u00e9. Pour une implication inclusive, un [&hellip;]\" \/>\n<meta property=\"og:url\" content=\"https:\/\/www.guineeline.net\/index.php\/2024\/05\/28\/projet-terra-africa-habib-ly-activiste-de-la-societe-civile-guineenne-en-fait-des-eloges\/\" \/>\n<meta property=\"og:site_name\" content=\"Guineeline\" \/>\n<meta property=\"article:published_time\" content=\"2024-05-28T11:46:32+00:00\" \/>\n<meta property=\"article:modified_time\" content=\"2024-05-28T11:56:06+00:00\" \/>\n<meta property=\"og:image\" content=\"https:\/\/www.guineeline.net\/wp-content\/uploads\/2024\/05\/IMG-20240528-WA0001.jpg\" \/>\n\t<meta property=\"og:image:width\" content=\"467\" \/>\n\t<meta property=\"og:image:height\" content=\"654\" \/>\n\t<meta property=\"og:image:type\" content=\"image\/jpeg\" \/>\n<meta name=\"author\" content=\"Guineeline\" \/>\n<meta name=\"twitter:card\" content=\"summary_large_image\" \/>\n<meta name=\"twitter:label1\" content=\"\u00c9crit par\" \/>\n\t<meta name=\"twitter:data1\" content=\"Guineeline\" \/>\n\t<meta name=\"twitter:label2\" content=\"Dur\u00e9e de lecture estim\u00e9e\" \/>\n\t<meta name=\"twitter:data2\" content=\"2 minutes\" \/>\n<script type=\"application\/ld+json\" class=\"yoast-schema-graph\">{\"@context\":\"https:\/\/schema.org\",\"@graph\":[{\"@type\":\"Article\",\"@id\":\"https:\/\/www.guineeline.net\/index.php\/2024\/05\/28\/projet-terra-africa-habib-ly-activiste-de-la-societe-civile-guineenne-en-fait-des-eloges\/#article\",\"isPartOf\":{\"@id\":\"https:\/\/www.guineeline.net\/index.php\/2024\/05\/28\/projet-terra-africa-habib-ly-activiste-de-la-societe-civile-guineenne-en-fait-des-eloges\/\"},\"author\":{\"name\":\"Guineeline\",\"@id\":\"https:\/\/www.guineeline.net\/#\/schema\/person\/f5914e0a4c56cc8f4aa0922cc547a390\"},\"headline\":\"Projet Terra Africa : Habib Ly activiste de la soci\u00e9t\u00e9 civile guin\u00e9enne en fait des \u00e9loges\",\"datePublished\":\"2024-05-28T11:46:32+00:00\",\"dateModified\":\"2024-05-28T11:56:06+00:00\",\"mainEntityOfPage\":{\"@id\":\"https:\/\/www.guineeline.net\/index.php\/2024\/05\/28\/projet-terra-africa-habib-ly-activiste-de-la-societe-civile-guineenne-en-fait-des-eloges\/\"},\"wordCount\":431,\"commentCount\":0,\"image\":{\"@id\":\"https:\/\/www.guineeline.net\/index.php\/2024\/05\/28\/projet-terra-africa-habib-ly-activiste-de-la-societe-civile-guineenne-en-fait-des-eloges\/#primaryimage\"},\"thumbnailUrl\":\"https:\/\/www.guineeline.net\/wp-content\/uploads\/2024\/05\/IMG-20240528-WA0001.jpg\",\"articleSection\":[\"Actualit\u00e9s\",\"Environnement\"],\"inLanguage\":\"fr-FR\",\"potentialAction\":[{\"@type\":\"CommentAction\",\"name\":\"Comment\",\"target\":[\"https:\/\/www.guineeline.net\/index.php\/2024\/05\/28\/projet-terra-africa-habib-ly-activiste-de-la-societe-civile-guineenne-en-fait-des-eloges\/#respond\"]}]},{\"@type\":\"WebPage\",\"@id\":\"https:\/\/www.guineeline.net\/index.php\/2024\/05\/28\/projet-terra-africa-habib-ly-activiste-de-la-societe-civile-guineenne-en-fait-des-eloges\/\",\"url\":\"https:\/\/www.guineeline.net\/index.php\/2024\/05\/28\/projet-terra-africa-habib-ly-activiste-de-la-societe-civile-guineenne-en-fait-des-eloges\/\",\"name\":\"Projet Terra Africa : Habib Ly activiste de la soci\u00e9t\u00e9 civile guin\u00e9enne en fait des \u00e9loges - Guineeline\",\"isPartOf\":{\"@id\":\"https:\/\/www.guineeline.net\/#website\"},\"primaryImageOfPage\":{\"@id\":\"https:\/\/www.guineeline.net\/index.php\/2024\/05\/28\/projet-terra-africa-habib-ly-activiste-de-la-societe-civile-guineenne-en-fait-des-eloges\/#primaryimage\"},\"image\":{\"@id\":\"https:\/\/www.guineeline.net\/index.php\/2024\/05\/28\/projet-terra-africa-habib-ly-activiste-de-la-societe-civile-guineenne-en-fait-des-eloges\/#primaryimage\"},\"thumbnailUrl\":\"https:\/\/www.guineeline.net\/wp-content\/uploads\/2024\/05\/IMG-20240528-WA0001.jpg\",\"datePublished\":\"2024-05-28T11:46:32+00:00\",\"dateModified\":\"2024-05-28T11:56:06+00:00\",\"author\":{\"@id\":\"https:\/\/www.guineeline.net\/#\/schema\/person\/f5914e0a4c56cc8f4aa0922cc547a390\"},\"breadcrumb\":{\"@id\":\"https:\/\/www.guineeline.net\/index.php\/2024\/05\/28\/projet-terra-africa-habib-ly-activiste-de-la-societe-civile-guineenne-en-fait-des-eloges\/#breadcrumb\"},\"inLanguage\":\"fr-FR\",\"potentialAction\":[{\"@type\":\"ReadAction\",\"target\":[\"https:\/\/www.guineeline.net\/index.php\/2024\/05\/28\/projet-terra-africa-habib-ly-activiste-de-la-societe-civile-guineenne-en-fait-des-eloges\/\"]}]},{\"@type\":\"ImageObject\",\"inLanguage\":\"fr-FR\",\"@id\":\"https:\/\/www.guineeline.net\/index.php\/2024\/05\/28\/projet-terra-africa-habib-ly-activiste-de-la-societe-civile-guineenne-en-fait-des-eloges\/#primaryimage\",\"url\":\"https:\/\/www.guineeline.net\/wp-content\/uploads\/2024\/05\/IMG-20240528-WA0001.jpg\",\"contentUrl\":\"https:\/\/www.guineeline.net\/wp-content\/uploads\/2024\/05\/IMG-20240528-WA0001.jpg\",\"width\":467,\"height\":654},{\"@type\":\"BreadcrumbList\",\"@id\":\"https:\/\/www.guineeline.net\/index.php\/2024\/05\/28\/projet-terra-africa-habib-ly-activiste-de-la-societe-civile-guineenne-en-fait-des-eloges\/#breadcrumb\",\"itemListElement\":[{\"@type\":\"ListItem\",\"position\":1,\"name\":\"Accueil\",\"item\":\"https:\/\/www.guineeline.net\/\"},{\"@type\":\"ListItem\",\"position\":2,\"name\":\"Projet Terra Africa : Habib Ly activiste de la soci\u00e9t\u00e9 civile guin\u00e9enne en fait des \u00e9loges\"}]},{\"@type\":\"WebSite\",\"@id\":\"https:\/\/www.guineeline.net\/#website\",\"url\":\"https:\/\/www.guineeline.net\/\",\"name\":\"Guineeline\",\"description\":\"L&#039;information en un clic\",\"potentialAction\":[{\"@type\":\"SearchAction\",\"target\":{\"@type\":\"EntryPoint\",\"urlTemplate\":\"https:\/\/www.guineeline.net\/?s={search_term_string}\"},\"query-input\":{\"@type\":\"PropertyValueSpecification\",\"valueRequired\":true,\"valueName\":\"search_term_string\"}}],\"inLanguage\":\"fr-FR\"},{\"@type\":\"Person\",\"@id\":\"https:\/\/www.guineeline.net\/#\/schema\/person\/f5914e0a4c56cc8f4aa0922cc547a390\",\"name\":\"Guineeline\",\"image\":{\"@type\":\"ImageObject\",\"inLanguage\":\"fr-FR\",\"@id\":\"https:\/\/www.guineeline.net\/#\/schema\/person\/image\/\",\"url\":\"https:\/\/secure.gravatar.com\/avatar\/432ce140236c408fa05ea28acd193ba03163acdd0efbe444c1c44957b8a29a2a?s=96&d=mm&r=g\",\"contentUrl\":\"https:\/\/secure.gravatar.com\/avatar\/432ce140236c408fa05ea28acd193ba03163acdd0efbe444c1c44957b8a29a2a?s=96&d=mm&r=g\",\"caption\":\"Guineeline\"},\"url\":\"https:\/\/www.guineeline.net\/index.php\/author\/admin\/\"}]}<\/script>\n<!-- \/ Yoast SEO plugin. -->","yoast_head_json":{"title":"Projet Terra Africa : Habib Ly activiste de la soci\u00e9t\u00e9 civile guin\u00e9enne en fait des \u00e9loges - Guineeline","robots":{"index":"index","follow":"follow","max-snippet":"max-snippet:-1","max-image-preview":"max-image-preview:large","max-video-preview":"max-video-preview:-1"},"canonical":"https:\/\/www.guineeline.net\/index.php\/2024\/05\/28\/projet-terra-africa-habib-ly-activiste-de-la-societe-civile-guineenne-en-fait-des-eloges\/","og_locale":"fr_FR","og_type":"article","og_title":"Projet Terra Africa : Habib Ly activiste de la soci\u00e9t\u00e9 civile guin\u00e9enne en fait des \u00e9loges - Guineeline","og_description":"C&rsquo;est une avanc\u00e9e consid\u00e9rable dans la lutte contre les changements climatiques. Nous sommes en train de poser les jalons d&rsquo;un v\u00e9ritable processus d&rsquo;implication des acteurs \u00e0 tous les niveaux, interpeler L&rsquo;\u00c9tat, attirer l&rsquo;attention des institutions, sensibiliser les citoyens, sur la probl\u00e9matique du r\u00e9chauffement climatique, la destruction de l&rsquo;environnement, la biodiversit\u00e9. Pour une implication inclusive, un [&hellip;]","og_url":"https:\/\/www.guineeline.net\/index.php\/2024\/05\/28\/projet-terra-africa-habib-ly-activiste-de-la-societe-civile-guineenne-en-fait-des-eloges\/","og_site_name":"Guineeline","article_published_time":"2024-05-28T11:46:32+00:00","article_modified_time":"2024-05-28T11:56:06+00:00","og_image":[{"width":467,"height":654,"url":"https:\/\/www.guineeline.net\/wp-content\/uploads\/2024\/05\/IMG-20240528-WA0001.jpg","type":"image\/jpeg"}],"author":"Guineeline","twitter_card":"summary_large_image","twitter_misc":{"\u00c9crit par":"Guineeline","Dur\u00e9e de lecture estim\u00e9e":"2 minutes"},"schema":{"@context":"https:\/\/schema.org","@graph":[{"@type":"Article","@id":"https:\/\/www.guineeline.net\/index.php\/2024\/05\/28\/projet-terra-africa-habib-ly-activiste-de-la-societe-civile-guineenne-en-fait-des-eloges\/#article","isPartOf":{"@id":"https:\/\/www.guineeline.net\/index.php\/2024\/05\/28\/projet-terra-africa-habib-ly-activiste-de-la-societe-civile-guineenne-en-fait-des-eloges\/"},"author":{"name":"Guineeline","@id":"https:\/\/www.guineeline.net\/#\/schema\/person\/f5914e0a4c56cc8f4aa0922cc547a390"},"headline":"Projet Terra Africa : Habib Ly activiste de la soci\u00e9t\u00e9 civile guin\u00e9enne en fait des \u00e9loges","datePublished":"2024-05-28T11:46:32+00:00","dateModified":"2024-05-28T11:56:06+00:00","mainEntityOfPage":{"@id":"https:\/\/www.guineeline.net\/index.php\/2024\/05\/28\/projet-terra-africa-habib-ly-activiste-de-la-societe-civile-guineenne-en-fait-des-eloges\/"},"wordCount":431,"commentCount":0,"image":{"@id":"https:\/\/www.guineeline.net\/index.php\/2024\/05\/28\/projet-terra-africa-habib-ly-activiste-de-la-societe-civile-guineenne-en-fait-des-eloges\/#primaryimage"},"thumbnailUrl":"https:\/\/www.guineeline.net\/wp-content\/uploads\/2024\/05\/IMG-20240528-WA0001.jpg","articleSection":["Actualit\u00e9s","Environnement"],"inLanguage":"fr-FR","potentialAction":[{"@type":"CommentAction","name":"Comment","target":["https:\/\/www.guineeline.net\/index.php\/2024\/05\/28\/projet-terra-africa-habib-ly-activiste-de-la-societe-civile-guineenne-en-fait-des-eloges\/#respond"]}]},{"@type":"WebPage","@id":"https:\/\/www.guineeline.net\/index.php\/2024\/05\/28\/projet-terra-africa-habib-ly-activiste-de-la-societe-civile-guineenne-en-fait-des-eloges\/","url":"https:\/\/www.guineeline.net\/index.php\/2024\/05\/28\/projet-terra-africa-habib-ly-activiste-de-la-societe-civile-guineenne-en-fait-des-eloges\/","name":"Projet Terra Africa : Habib Ly activiste de la soci\u00e9t\u00e9 civile guin\u00e9enne en fait des \u00e9loges - Guineeline","isPartOf":{"@id":"https:\/\/www.guineeline.net\/#website"},"primaryImageOfPage":{"@id":"https:\/\/www.guineeline.net\/index.php\/2024\/05\/28\/projet-terra-africa-habib-ly-activiste-de-la-societe-civile-guineenne-en-fait-des-eloges\/#primaryimage"},"image":{"@id":"https:\/\/www.guineeline.net\/index.php\/2024\/05\/28\/projet-terra-africa-habib-ly-activiste-de-la-societe-civile-guineenne-en-fait-des-eloges\/#primaryimage"},"thumbnailUrl":"https:\/\/www.guineeline.net\/wp-content\/uploads\/2024\/05\/IMG-20240528-WA0001.jpg","datePublished":"2024-05-28T11:46:32+00:00","dateModified":"2024-05-28T11:56:06+00:00","author":{"@id":"https:\/\/www.guineeline.net\/#\/schema\/person\/f5914e0a4c56cc8f4aa0922cc547a390"},"breadcrumb":{"@id":"https:\/\/www.guineeline.net\/index.php\/2024\/05\/28\/projet-terra-africa-habib-ly-activiste-de-la-societe-civile-guineenne-en-fait-des-eloges\/#breadcrumb"},"inLanguage":"fr-FR","potentialAction":[{"@type":"ReadAction","target":["https:\/\/www.guineeline.net\/index.php\/2024\/05\/28\/projet-terra-africa-habib-ly-activiste-de-la-societe-civile-guineenne-en-fait-des-eloges\/"]}]},{"@type":"ImageObject","inLanguage":"fr-FR","@id":"https:\/\/www.guineeline.net\/index.php\/2024\/05\/28\/projet-terra-africa-habib-ly-activiste-de-la-societe-civile-guineenne-en-fait-des-eloges\/#primaryimage","url":"https:\/\/www.guineeline.net\/wp-content\/uploads\/2024\/05\/IMG-20240528-WA0001.jpg","contentUrl":"https:\/\/www.guineeline.net\/wp-content\/uploads\/2024\/05\/IMG-20240528-WA0001.jpg","width":467,"height":654},{"@type":"BreadcrumbList","@id":"https:\/\/www.guineeline.net\/index.php\/2024\/05\/28\/projet-terra-africa-habib-ly-activiste-de-la-societe-civile-guineenne-en-fait-des-eloges\/#breadcrumb","itemListElement":[{"@type":"ListItem","position":1,"name":"Accueil","item":"https:\/\/www.guineeline.net\/"},{"@type":"ListItem","position":2,"name":"Projet Terra Africa : Habib Ly activiste de la soci\u00e9t\u00e9 civile guin\u00e9enne en fait des \u00e9loges"}]},{"@type":"WebSite","@id":"https:\/\/www.guineeline.net\/#website","url":"https:\/\/www.guineeline.net\/","name":"Guineeline","description":"L&#039;information en un clic","potentialAction":[{"@type":"SearchAction","target":{"@type":"EntryPoint","urlTemplate":"https:\/\/www.guineeline.net\/?s={search_term_string}"},"query-input":{"@type":"PropertyValueSpecification","valueRequired":true,"valueName":"search_term_string"}}],"inLanguage":"fr-FR"},{"@type":"Person","@id":"https:\/\/www.guineeline.net\/#\/schema\/person\/f5914e0a4c56cc8f4aa0922cc547a390","name":"Guineeline","image":{"@type":"ImageObject","inLanguage":"fr-FR","@id":"https:\/\/www.guineeline.net\/#\/schema\/person\/image\/","url":"https:\/\/secure.gravatar.com\/avatar\/432ce140236c408fa05ea28acd193ba03163acdd0efbe444c1c44957b8a29a2a?s=96&d=mm&r=g","contentUrl":"https:\/\/secure.gravatar.com\/avatar\/432ce140236c408fa05ea28acd193ba03163acdd0efbe444c1c44957b8a29a2a?s=96&d=mm&r=g","caption":"Guineeline"},"url":"https:\/\/www.guineeline.net\/index.php\/author\/admin\/"}]}},"_links":{"self":[{"href":"https:\/\/www.guineeline.net\/index.php\/wp-json\/wp\/v2\/posts\/2176","targetHints":{"allow":["GET"]}}],"collection":[{"href":"https:\/\/www.guineeline.net\/index.php\/wp-json\/wp\/v2\/posts"}],"about":[{"href":"https:\/\/www.guineeline.net\/index.php\/wp-json\/wp\/v2\/types\/post"}],"author":[{"embeddable":true,"href":"https:\/\/www.guineeline.net\/index.php\/wp-json\/wp\/v2\/users\/3"}],"replies":[{"embeddable":true,"href":"https:\/\/www.guineeline.net\/index.php\/wp-json\/wp\/v2\/comments?post=2176"}],"version-history":[{"count":1,"href":"https:\/\/www.guineeline.net\/index.php\/wp-json\/wp\/v2\/posts\/2176\/revisions"}],"predecessor-version":[{"id":2178,"href":"https:\/\/www.guineeline.net\/index.php\/wp-json\/wp\/v2\/posts\/2176\/revisions\/2178"}],"wp:featuredmedia":[{"embeddable":true,"href":"https:\/\/www.guineeline.net\/index.php\/wp-json\/wp\/v2\/media\/2182"}],"wp:attachment":[{"href":"https:\/\/www.guineeline.net\/index.php\/wp-json\/wp\/v2\/media?parent=2176"}],"wp:term":[{"taxonomy":"category","embeddable":true,"href":"https:\/\/www.guineeline.net\/index.php\/wp-json\/wp\/v2\/categories?post=2176"},{"taxonomy":"post_tag","embeddable":true,"href":"https:\/\/www.guineeline.net\/index.php\/wp-json\/wp\/v2\/tags?post=2176"}],"curies":[{"name":"wp","href":"https:\/\/api.w.org\/{rel}","templated":true}]}}