{"id":2094,"date":"2024-04-18T01:12:16","date_gmt":"2024-04-17T23:12:16","guid":{"rendered":"https:\/\/www.guineeline.net\/?p=2094"},"modified":"2024-04-24T15:53:59","modified_gmt":"2024-04-24T13:53:59","slug":"cop28-guinee-le-ministere-de-lenvironnement-et-du-developpement-durable-tient-latelier-de-restitution-4-mois-la-cop","status":"publish","type":"post","link":"https:\/\/www.guineeline.net\/index.php\/2024\/04\/18\/cop28-guinee-le-ministere-de-lenvironnement-et-du-developpement-durable-tient-latelier-de-restitution-4-mois-la-cop\/","title":{"rendered":"COP28 Guin\u00e9e : le minist\u00e8re de l\u2019environnement et du d\u00e9veloppement durable tient l&rsquo;atelier de restitution 4 mois apr\u00e8s la COP"},"content":{"rendered":"<p style=\"text-align: left;\"><strong>Apr\u00e8s quatre (4) mois de la tenue de la 28\u00e8me conf\u00e9rence des parties \u00e0 Duba\u00ef aux Emirats Arabes Unis, le minist\u00e8re de l\u2019environnement et du d\u00e9veloppement durable de la R\u00e9publique de Guin\u00e9e \u00e0 travers l\u2019agence national des pollutions, nuisances et changements climatiques \u00e0 tenue l\u2019atelier de restitution ce mercredi17 avril 2024 \u00e0 Conakry. L\u2019objectif est de partager les d\u00e9cisions et les recommandations de la conf\u00e9rence de Duba\u00ef pour renforcer les capacit\u00e9s des acteurs gouvernementaux et non gouvernementaux a contribu\u00e9 \u00e0 la lutte contre les changements climatiques, notamment la mise en \u0153uvre de la contribution d\u00e9termin\u00e9e au niveau national. Cette activit\u00e9 a connu la participation de plusieurs acteurs notamment les repr\u00e9sentants du minist\u00e8re de l\u2019environnement, du minist\u00e8re de l\u2019\u00e9nergie, des partenaires techniques et financiers, les organisons de la soci\u00e9t\u00e9 civile et des m\u00e9dias.<\/strong><\/p>\n<p><img fetchpriority=\"high\" decoding=\"async\" class=\"alignnone size-medium wp-image-2097\" src=\"https:\/\/www.guineeline.net\/wp-content\/uploads\/2024\/04\/IMG-20240417-WA0008-267x300.jpg\" alt=\"\" width=\"267\" height=\"300\" srcset=\"https:\/\/www.guineeline.net\/wp-content\/uploads\/2024\/04\/IMG-20240417-WA0008-267x300.jpg 267w, https:\/\/www.guineeline.net\/wp-content\/uploads\/2024\/04\/IMG-20240417-WA0008.jpg 565w\" sizes=\"(max-width: 267px) 100vw, 267px\" \/><\/p>\n<p>Le repr\u00e9sentant de la banque mondiale dans son allocution a r\u00e9affirm\u00e9 l\u2019engagement de l\u2019institution \u00e0 augmenter le volume de financement pour la lutte contre le changement climatique. Cette hausse aura pour cible les b\u00e9n\u00e9fices associ\u00e9s aux climats qui vas passer de 35% \u00e0 45% d\u00e8s 2025. Pour Ibrahima Djimali, cela signifie que pr\u00e8s de la moiti\u00e9 des financements de la banque mondiale doit avoir des b\u00e9n\u00e9fices associ\u00e9s au climat.<br \/>\nPour l\u2019ensemble de ses financements, il rappelle que la banque mondiale va consacrer 50% pour les mesures d\u2019adaptations et 50% pour les mesures d\u2019att\u00e9nuations.<\/p>\n<p><img decoding=\"async\" class=\"alignnone size-medium wp-image-2096\" src=\"https:\/\/www.guineeline.net\/wp-content\/uploads\/2024\/04\/IMG-20240417-WA0002-297x300.jpg\" alt=\"\" width=\"297\" height=\"300\" srcset=\"https:\/\/www.guineeline.net\/wp-content\/uploads\/2024\/04\/IMG-20240417-WA0002-297x300.jpg 297w, https:\/\/www.guineeline.net\/wp-content\/uploads\/2024\/04\/IMG-20240417-WA0002-75x75.jpg 75w, https:\/\/www.guineeline.net\/wp-content\/uploads\/2024\/04\/IMG-20240417-WA0002.jpg 654w\" sizes=\"(max-width: 297px) 100vw, 297px\" \/><br \/>\nPour le repr\u00e9sentant du programme des Nations-Unies pour le D\u00e9veloppement (PNUD), le changement climatique caus\u00e9 par les activit\u00e9s humaines \u00e0 travers les \u00e9missions de gaz \u00e0 effet de serre aggrave les vuln\u00e9rabilit\u00e9s dans les r\u00e9gions et au sein des communaut\u00e9s humaines dont les pauvres sont les plus expos\u00e9s.<br \/>\nAlassane Bah rappelle qu&rsquo;il est temps pour agir. \u00ab\u00a0Le changement climatique ne connait pas de fronti\u00e8re, aucun pays ni r\u00e9gion n\u2019est \u00e0 l\u2019abris des effets du changement climatique. Le constat sur le d\u00e9r\u00e8glement climatique est fait par tout le monde aujourd\u2019hui. Chaque ann\u00e9e de nouveaux records de temp\u00e9rature sont enregistr\u00e9\u00a0\u00bb A-t-il d\u00e9plor\u00e9 avant de lancer un appel \u00e0 contribution de tous les pays pour parvenir \u00e0 une \u00e9conomie plus r\u00e9siliente au service du bien-\u00eatre des peuples.<\/p>\n<p><img decoding=\"async\" class=\"alignnone size-medium wp-image-2098\" src=\"https:\/\/www.guineeline.net\/wp-content\/uploads\/2024\/04\/IMG-20240417-WA0000-300x298.jpg\" alt=\"\" width=\"300\" height=\"298\" srcset=\"https:\/\/www.guineeline.net\/wp-content\/uploads\/2024\/04\/IMG-20240417-WA0000-300x298.jpg 300w, https:\/\/www.guineeline.net\/wp-content\/uploads\/2024\/04\/IMG-20240417-WA0000-150x150.jpg 150w, https:\/\/www.guineeline.net\/wp-content\/uploads\/2024\/04\/IMG-20240417-WA0000-75x75.jpg 75w, https:\/\/www.guineeline.net\/wp-content\/uploads\/2024\/04\/IMG-20240417-WA0000-750x745.jpg 750w, https:\/\/www.guineeline.net\/wp-content\/uploads\/2024\/04\/IMG-20240417-WA0000.jpg 757w\" sizes=\"(max-width: 300px) 100vw, 300px\" \/><br \/>\nLa ministre de l\u2019environnement et du d\u00e9veloppement durable a expliqu\u00e9<br \/>\nqu&rsquo;en pr\u00e9lude de la COP28, la Guin\u00e9e a valid\u00e9 les plans climats sectoriels des principaux d\u00e9partement minist\u00e9riels concern\u00e9s. \u00ab\u00a0En terme de mobilisation de financement, la contribution d\u00e9termin\u00e9e au niveau national a pu mobiliser au cours de l\u2019ann\u00e9e 2023 un total de 38 millions de dollars am\u00e9ricain et ex\u00e9cuter plusieurs projets dont la conservation de la biodiversit\u00e9 et l\u2019am\u00e9lioration de la r\u00e9silience climatique de la r\u00e9serve de biosph\u00e8re de Ziama ainsi que la gestion int\u00e9gr\u00e9e des paysages d\u00e9grad\u00e9s en haute Guin\u00e9e et en Guin\u00e9e foresti\u00e8re.\u00a0\u00bb Poursuivant, Mme la ministre ajoute qu&rsquo;une enveloppe de 47 millions de dollars a \u00e9galement \u00e9t\u00e9 obtenu pour l\u2019ex\u00e9cution des projets int\u00e9grateurs prenant en compte \u00e0 la fois le changement climatique, la conservation de la biodiversit\u00e9, l\u2019am\u00e9lioration de la sant\u00e9 des populations et la lutte contre le changement climatique.<\/p>\n<p>Elle termine en lan\u00e7ant un appel a d\u00e9ployer les efforts n\u00e9cessaires pour saisir les opportunit\u00e9s que nous offrent les engagements internationaux.<\/p>\n<p style=\"text-align: right;\">Idiatou Souar\u00e9<\/p>\n","protected":false},"excerpt":{"rendered":"<p>Apr\u00e8s quatre (4) mois de la tenue de la 28\u00e8me conf\u00e9rence des parties \u00e0 Duba\u00ef aux Emirats Arabes Unis, le minist\u00e8re de l\u2019environnement et du d\u00e9veloppement durable de la R\u00e9publique de Guin\u00e9e \u00e0 travers l\u2019agence national des pollutions, nuisances et changements climatiques \u00e0 tenue l\u2019atelier de restitution ce mercredi17 avril 2024 \u00e0 Conakry. L\u2019objectif est [&hellip;]<\/p>\n","protected":false},"author":3,"featured_media":2095,"comment_status":"open","ping_status":"open","sticky":false,"template":"","format":"standard","meta":{"jnews-multi-image_gallery":[],"jnews_single_post":{"source_name":"","source_url":"","via_name":"","via_url":"","override_template":"0","override":[{"template":"1","single_blog_custom":"","parallax":"1","fullscreen":"1","layout":"right-sidebar","sidebar":"default-sidebar","second_sidebar":"default-sidebar","sticky_sidebar":"1","share_position":"top","share_float_style":"share-monocrhome","show_share_counter":"0","show_view_counter":"0","show_featured":"1","show_post_meta":"1","show_post_author":"1","show_post_author_image":"1","show_post_date":"1","post_date_format":"default","post_date_format_custom":"Y\/m\/d","show_post_category":"1","show_post_reading_time":"0","post_reading_time_wpm":"300","show_zoom_button":"0","zoom_button_out_step":"2","zoom_button_in_step":"3","show_post_tag":"1","show_prev_next_post":"1","show_popup_post":"1","number_popup_post":"1","show_author_box":"0","show_post_related":"0","show_inline_post_related":"0"}],"override_image_size":"0","image_override":[{"single_post_thumbnail_size":"crop-500","single_post_gallery_size":"crop-500"}],"trending_post":"0","trending_post_position":"meta","trending_post_label":"Trending","sponsored_post":"0","sponsored_post_label":"Sponsored by","sponsored_post_name":"","sponsored_post_url":"","sponsored_post_logo_enable":"0","sponsored_post_logo":"","sponsored_post_desc":"","disable_ad":"0"},"jnews_primary_category":{"id":"","hide":""},"jnews_override_counter":[],"footnotes":""},"categories":[2,19],"tags":[],"class_list":["post-2094","post","type-post","status-publish","format-standard","has-post-thumbnail","hentry","category-actualites","category-environnement"],"yoast_head":"<!-- This site is optimized with the Yoast SEO plugin v26.9 - https:\/\/yoast.com\/product\/yoast-seo-wordpress\/ -->\n<title>COP28 Guin\u00e9e : le minist\u00e8re de l\u2019environnement et du d\u00e9veloppement durable tient l&#039;atelier de restitution 4 mois apr\u00e8s la COP - Guineeline<\/title>\n<meta name=\"robots\" content=\"index, follow, max-snippet:-1, max-image-preview:large, max-video-preview:-1\" \/>\n<link rel=\"canonical\" href=\"https:\/\/www.guineeline.net\/index.php\/2024\/04\/18\/cop28-guinee-le-ministere-de-lenvironnement-et-du-developpement-durable-tient-latelier-de-restitution-4-mois-la-cop\/\" \/>\n<meta property=\"og:locale\" content=\"fr_FR\" \/>\n<meta property=\"og:type\" content=\"article\" \/>\n<meta property=\"og:title\" content=\"COP28 Guin\u00e9e : le minist\u00e8re de l\u2019environnement et du d\u00e9veloppement durable tient l&#039;atelier de restitution 4 mois apr\u00e8s la COP - Guineeline\" \/>\n<meta property=\"og:description\" content=\"Apr\u00e8s quatre (4) mois de la tenue de la 28\u00e8me conf\u00e9rence des parties \u00e0 Duba\u00ef aux Emirats Arabes Unis, le minist\u00e8re de l\u2019environnement et du d\u00e9veloppement durable de la R\u00e9publique de Guin\u00e9e \u00e0 travers l\u2019agence national des pollutions, nuisances et changements climatiques \u00e0 tenue l\u2019atelier de restitution ce mercredi17 avril 2024 \u00e0 Conakry. L\u2019objectif est [&hellip;]\" \/>\n<meta property=\"og:url\" content=\"https:\/\/www.guineeline.net\/index.php\/2024\/04\/18\/cop28-guinee-le-ministere-de-lenvironnement-et-du-developpement-durable-tient-latelier-de-restitution-4-mois-la-cop\/\" \/>\n<meta property=\"og:site_name\" content=\"Guineeline\" \/>\n<meta property=\"article:published_time\" content=\"2024-04-17T23:12:16+00:00\" \/>\n<meta property=\"article:modified_time\" content=\"2024-04-24T13:53:59+00:00\" \/>\n<meta property=\"og:image\" content=\"https:\/\/www.guineeline.net\/wp-content\/uploads\/2024\/04\/IMG-20240417-WA0004.jpg\" \/>\n\t<meta property=\"og:image:width\" content=\"1080\" \/>\n\t<meta property=\"og:image:height\" content=\"810\" \/>\n\t<meta property=\"og:image:type\" content=\"image\/jpeg\" \/>\n<meta name=\"author\" content=\"Guineeline\" \/>\n<meta name=\"twitter:card\" content=\"summary_large_image\" \/>\n<meta name=\"twitter:label1\" content=\"\u00c9crit par\" \/>\n\t<meta name=\"twitter:data1\" content=\"Guineeline\" \/>\n\t<meta name=\"twitter:label2\" content=\"Dur\u00e9e de lecture estim\u00e9e\" \/>\n\t<meta name=\"twitter:data2\" content=\"4 minutes\" \/>\n<script type=\"application\/ld+json\" class=\"yoast-schema-graph\">{\"@context\":\"https:\/\/schema.org\",\"@graph\":[{\"@type\":\"Article\",\"@id\":\"https:\/\/www.guineeline.net\/index.php\/2024\/04\/18\/cop28-guinee-le-ministere-de-lenvironnement-et-du-developpement-durable-tient-latelier-de-restitution-4-mois-la-cop\/#article\",\"isPartOf\":{\"@id\":\"https:\/\/www.guineeline.net\/index.php\/2024\/04\/18\/cop28-guinee-le-ministere-de-lenvironnement-et-du-developpement-durable-tient-latelier-de-restitution-4-mois-la-cop\/\"},\"author\":{\"name\":\"Guineeline\",\"@id\":\"https:\/\/www.guineeline.net\/#\/schema\/person\/f5914e0a4c56cc8f4aa0922cc547a390\"},\"headline\":\"COP28 Guin\u00e9e : le minist\u00e8re de l\u2019environnement et du d\u00e9veloppement durable tient l&rsquo;atelier de restitution 4 mois apr\u00e8s la COP\",\"datePublished\":\"2024-04-17T23:12:16+00:00\",\"dateModified\":\"2024-04-24T13:53:59+00:00\",\"mainEntityOfPage\":{\"@id\":\"https:\/\/www.guineeline.net\/index.php\/2024\/04\/18\/cop28-guinee-le-ministere-de-lenvironnement-et-du-developpement-durable-tient-latelier-de-restitution-4-mois-la-cop\/\"},\"wordCount\":610,\"commentCount\":0,\"image\":{\"@id\":\"https:\/\/www.guineeline.net\/index.php\/2024\/04\/18\/cop28-guinee-le-ministere-de-lenvironnement-et-du-developpement-durable-tient-latelier-de-restitution-4-mois-la-cop\/#primaryimage\"},\"thumbnailUrl\":\"https:\/\/www.guineeline.net\/wp-content\/uploads\/2024\/04\/IMG-20240417-WA0004.jpg\",\"articleSection\":[\"Actualit\u00e9s\",\"Environnement\"],\"inLanguage\":\"fr-FR\",\"potentialAction\":[{\"@type\":\"CommentAction\",\"name\":\"Comment\",\"target\":[\"https:\/\/www.guineeline.net\/index.php\/2024\/04\/18\/cop28-guinee-le-ministere-de-lenvironnement-et-du-developpement-durable-tient-latelier-de-restitution-4-mois-la-cop\/#respond\"]}]},{\"@type\":\"WebPage\",\"@id\":\"https:\/\/www.guineeline.net\/index.php\/2024\/04\/18\/cop28-guinee-le-ministere-de-lenvironnement-et-du-developpement-durable-tient-latelier-de-restitution-4-mois-la-cop\/\",\"url\":\"https:\/\/www.guineeline.net\/index.php\/2024\/04\/18\/cop28-guinee-le-ministere-de-lenvironnement-et-du-developpement-durable-tient-latelier-de-restitution-4-mois-la-cop\/\",\"name\":\"COP28 Guin\u00e9e : le minist\u00e8re de l\u2019environnement et du d\u00e9veloppement durable tient l'atelier de restitution 4 mois apr\u00e8s la COP - Guineeline\",\"isPartOf\":{\"@id\":\"https:\/\/www.guineeline.net\/#website\"},\"primaryImageOfPage\":{\"@id\":\"https:\/\/www.guineeline.net\/index.php\/2024\/04\/18\/cop28-guinee-le-ministere-de-lenvironnement-et-du-developpement-durable-tient-latelier-de-restitution-4-mois-la-cop\/#primaryimage\"},\"image\":{\"@id\":\"https:\/\/www.guineeline.net\/index.php\/2024\/04\/18\/cop28-guinee-le-ministere-de-lenvironnement-et-du-developpement-durable-tient-latelier-de-restitution-4-mois-la-cop\/#primaryimage\"},\"thumbnailUrl\":\"https:\/\/www.guineeline.net\/wp-content\/uploads\/2024\/04\/IMG-20240417-WA0004.jpg\",\"datePublished\":\"2024-04-17T23:12:16+00:00\",\"dateModified\":\"2024-04-24T13:53:59+00:00\",\"author\":{\"@id\":\"https:\/\/www.guineeline.net\/#\/schema\/person\/f5914e0a4c56cc8f4aa0922cc547a390\"},\"breadcrumb\":{\"@id\":\"https:\/\/www.guineeline.net\/index.php\/2024\/04\/18\/cop28-guinee-le-ministere-de-lenvironnement-et-du-developpement-durable-tient-latelier-de-restitution-4-mois-la-cop\/#breadcrumb\"},\"inLanguage\":\"fr-FR\",\"potentialAction\":[{\"@type\":\"ReadAction\",\"target\":[\"https:\/\/www.guineeline.net\/index.php\/2024\/04\/18\/cop28-guinee-le-ministere-de-lenvironnement-et-du-developpement-durable-tient-latelier-de-restitution-4-mois-la-cop\/\"]}]},{\"@type\":\"ImageObject\",\"inLanguage\":\"fr-FR\",\"@id\":\"https:\/\/www.guineeline.net\/index.php\/2024\/04\/18\/cop28-guinee-le-ministere-de-lenvironnement-et-du-developpement-durable-tient-latelier-de-restitution-4-mois-la-cop\/#primaryimage\",\"url\":\"https:\/\/www.guineeline.net\/wp-content\/uploads\/2024\/04\/IMG-20240417-WA0004.jpg\",\"contentUrl\":\"https:\/\/www.guineeline.net\/wp-content\/uploads\/2024\/04\/IMG-20240417-WA0004.jpg\",\"width\":1080,\"height\":810},{\"@type\":\"BreadcrumbList\",\"@id\":\"https:\/\/www.guineeline.net\/index.php\/2024\/04\/18\/cop28-guinee-le-ministere-de-lenvironnement-et-du-developpement-durable-tient-latelier-de-restitution-4-mois-la-cop\/#breadcrumb\",\"itemListElement\":[{\"@type\":\"ListItem\",\"position\":1,\"name\":\"Accueil\",\"item\":\"https:\/\/www.guineeline.net\/\"},{\"@type\":\"ListItem\",\"position\":2,\"name\":\"COP28 Guin\u00e9e : le minist\u00e8re de l\u2019environnement et du d\u00e9veloppement durable tient l&rsquo;atelier de restitution 4 mois apr\u00e8s la COP\"}]},{\"@type\":\"WebSite\",\"@id\":\"https:\/\/www.guineeline.net\/#website\",\"url\":\"https:\/\/www.guineeline.net\/\",\"name\":\"Guineeline\",\"description\":\"L&#039;information en un clic\",\"potentialAction\":[{\"@type\":\"SearchAction\",\"target\":{\"@type\":\"EntryPoint\",\"urlTemplate\":\"https:\/\/www.guineeline.net\/?s={search_term_string}\"},\"query-input\":{\"@type\":\"PropertyValueSpecification\",\"valueRequired\":true,\"valueName\":\"search_term_string\"}}],\"inLanguage\":\"fr-FR\"},{\"@type\":\"Person\",\"@id\":\"https:\/\/www.guineeline.net\/#\/schema\/person\/f5914e0a4c56cc8f4aa0922cc547a390\",\"name\":\"Guineeline\",\"image\":{\"@type\":\"ImageObject\",\"inLanguage\":\"fr-FR\",\"@id\":\"https:\/\/www.guineeline.net\/#\/schema\/person\/image\/\",\"url\":\"https:\/\/secure.gravatar.com\/avatar\/432ce140236c408fa05ea28acd193ba03163acdd0efbe444c1c44957b8a29a2a?s=96&d=mm&r=g\",\"contentUrl\":\"https:\/\/secure.gravatar.com\/avatar\/432ce140236c408fa05ea28acd193ba03163acdd0efbe444c1c44957b8a29a2a?s=96&d=mm&r=g\",\"caption\":\"Guineeline\"},\"url\":\"https:\/\/www.guineeline.net\/index.php\/author\/admin\/\"}]}<\/script>\n<!-- \/ Yoast SEO plugin. -->","yoast_head_json":{"title":"COP28 Guin\u00e9e : le minist\u00e8re de l\u2019environnement et du d\u00e9veloppement durable tient l'atelier de restitution 4 mois apr\u00e8s la COP - Guineeline","robots":{"index":"index","follow":"follow","max-snippet":"max-snippet:-1","max-image-preview":"max-image-preview:large","max-video-preview":"max-video-preview:-1"},"canonical":"https:\/\/www.guineeline.net\/index.php\/2024\/04\/18\/cop28-guinee-le-ministere-de-lenvironnement-et-du-developpement-durable-tient-latelier-de-restitution-4-mois-la-cop\/","og_locale":"fr_FR","og_type":"article","og_title":"COP28 Guin\u00e9e : le minist\u00e8re de l\u2019environnement et du d\u00e9veloppement durable tient l'atelier de restitution 4 mois apr\u00e8s la COP - Guineeline","og_description":"Apr\u00e8s quatre (4) mois de la tenue de la 28\u00e8me conf\u00e9rence des parties \u00e0 Duba\u00ef aux Emirats Arabes Unis, le minist\u00e8re de l\u2019environnement et du d\u00e9veloppement durable de la R\u00e9publique de Guin\u00e9e \u00e0 travers l\u2019agence national des pollutions, nuisances et changements climatiques \u00e0 tenue l\u2019atelier de restitution ce mercredi17 avril 2024 \u00e0 Conakry. L\u2019objectif est [&hellip;]","og_url":"https:\/\/www.guineeline.net\/index.php\/2024\/04\/18\/cop28-guinee-le-ministere-de-lenvironnement-et-du-developpement-durable-tient-latelier-de-restitution-4-mois-la-cop\/","og_site_name":"Guineeline","article_published_time":"2024-04-17T23:12:16+00:00","article_modified_time":"2024-04-24T13:53:59+00:00","og_image":[{"width":1080,"height":810,"url":"https:\/\/www.guineeline.net\/wp-content\/uploads\/2024\/04\/IMG-20240417-WA0004.jpg","type":"image\/jpeg"}],"author":"Guineeline","twitter_card":"summary_large_image","twitter_misc":{"\u00c9crit par":"Guineeline","Dur\u00e9e de lecture estim\u00e9e":"4 minutes"},"schema":{"@context":"https:\/\/schema.org","@graph":[{"@type":"Article","@id":"https:\/\/www.guineeline.net\/index.php\/2024\/04\/18\/cop28-guinee-le-ministere-de-lenvironnement-et-du-developpement-durable-tient-latelier-de-restitution-4-mois-la-cop\/#article","isPartOf":{"@id":"https:\/\/www.guineeline.net\/index.php\/2024\/04\/18\/cop28-guinee-le-ministere-de-lenvironnement-et-du-developpement-durable-tient-latelier-de-restitution-4-mois-la-cop\/"},"author":{"name":"Guineeline","@id":"https:\/\/www.guineeline.net\/#\/schema\/person\/f5914e0a4c56cc8f4aa0922cc547a390"},"headline":"COP28 Guin\u00e9e : le minist\u00e8re de l\u2019environnement et du d\u00e9veloppement durable tient l&rsquo;atelier de restitution 4 mois apr\u00e8s la COP","datePublished":"2024-04-17T23:12:16+00:00","dateModified":"2024-04-24T13:53:59+00:00","mainEntityOfPage":{"@id":"https:\/\/www.guineeline.net\/index.php\/2024\/04\/18\/cop28-guinee-le-ministere-de-lenvironnement-et-du-developpement-durable-tient-latelier-de-restitution-4-mois-la-cop\/"},"wordCount":610,"commentCount":0,"image":{"@id":"https:\/\/www.guineeline.net\/index.php\/2024\/04\/18\/cop28-guinee-le-ministere-de-lenvironnement-et-du-developpement-durable-tient-latelier-de-restitution-4-mois-la-cop\/#primaryimage"},"thumbnailUrl":"https:\/\/www.guineeline.net\/wp-content\/uploads\/2024\/04\/IMG-20240417-WA0004.jpg","articleSection":["Actualit\u00e9s","Environnement"],"inLanguage":"fr-FR","potentialAction":[{"@type":"CommentAction","name":"Comment","target":["https:\/\/www.guineeline.net\/index.php\/2024\/04\/18\/cop28-guinee-le-ministere-de-lenvironnement-et-du-developpement-durable-tient-latelier-de-restitution-4-mois-la-cop\/#respond"]}]},{"@type":"WebPage","@id":"https:\/\/www.guineeline.net\/index.php\/2024\/04\/18\/cop28-guinee-le-ministere-de-lenvironnement-et-du-developpement-durable-tient-latelier-de-restitution-4-mois-la-cop\/","url":"https:\/\/www.guineeline.net\/index.php\/2024\/04\/18\/cop28-guinee-le-ministere-de-lenvironnement-et-du-developpement-durable-tient-latelier-de-restitution-4-mois-la-cop\/","name":"COP28 Guin\u00e9e : le minist\u00e8re de l\u2019environnement et du d\u00e9veloppement durable tient l'atelier de restitution 4 mois apr\u00e8s la COP - Guineeline","isPartOf":{"@id":"https:\/\/www.guineeline.net\/#website"},"primaryImageOfPage":{"@id":"https:\/\/www.guineeline.net\/index.php\/2024\/04\/18\/cop28-guinee-le-ministere-de-lenvironnement-et-du-developpement-durable-tient-latelier-de-restitution-4-mois-la-cop\/#primaryimage"},"image":{"@id":"https:\/\/www.guineeline.net\/index.php\/2024\/04\/18\/cop28-guinee-le-ministere-de-lenvironnement-et-du-developpement-durable-tient-latelier-de-restitution-4-mois-la-cop\/#primaryimage"},"thumbnailUrl":"https:\/\/www.guineeline.net\/wp-content\/uploads\/2024\/04\/IMG-20240417-WA0004.jpg","datePublished":"2024-04-17T23:12:16+00:00","dateModified":"2024-04-24T13:53:59+00:00","author":{"@id":"https:\/\/www.guineeline.net\/#\/schema\/person\/f5914e0a4c56cc8f4aa0922cc547a390"},"breadcrumb":{"@id":"https:\/\/www.guineeline.net\/index.php\/2024\/04\/18\/cop28-guinee-le-ministere-de-lenvironnement-et-du-developpement-durable-tient-latelier-de-restitution-4-mois-la-cop\/#breadcrumb"},"inLanguage":"fr-FR","potentialAction":[{"@type":"ReadAction","target":["https:\/\/www.guineeline.net\/index.php\/2024\/04\/18\/cop28-guinee-le-ministere-de-lenvironnement-et-du-developpement-durable-tient-latelier-de-restitution-4-mois-la-cop\/"]}]},{"@type":"ImageObject","inLanguage":"fr-FR","@id":"https:\/\/www.guineeline.net\/index.php\/2024\/04\/18\/cop28-guinee-le-ministere-de-lenvironnement-et-du-developpement-durable-tient-latelier-de-restitution-4-mois-la-cop\/#primaryimage","url":"https:\/\/www.guineeline.net\/wp-content\/uploads\/2024\/04\/IMG-20240417-WA0004.jpg","contentUrl":"https:\/\/www.guineeline.net\/wp-content\/uploads\/2024\/04\/IMG-20240417-WA0004.jpg","width":1080,"height":810},{"@type":"BreadcrumbList","@id":"https:\/\/www.guineeline.net\/index.php\/2024\/04\/18\/cop28-guinee-le-ministere-de-lenvironnement-et-du-developpement-durable-tient-latelier-de-restitution-4-mois-la-cop\/#breadcrumb","itemListElement":[{"@type":"ListItem","position":1,"name":"Accueil","item":"https:\/\/www.guineeline.net\/"},{"@type":"ListItem","position":2,"name":"COP28 Guin\u00e9e : le minist\u00e8re de l\u2019environnement et du d\u00e9veloppement durable tient l&rsquo;atelier de restitution 4 mois apr\u00e8s la COP"}]},{"@type":"WebSite","@id":"https:\/\/www.guineeline.net\/#website","url":"https:\/\/www.guineeline.net\/","name":"Guineeline","description":"L&#039;information en un clic","potentialAction":[{"@type":"SearchAction","target":{"@type":"EntryPoint","urlTemplate":"https:\/\/www.guineeline.net\/?s={search_term_string}"},"query-input":{"@type":"PropertyValueSpecification","valueRequired":true,"valueName":"search_term_string"}}],"inLanguage":"fr-FR"},{"@type":"Person","@id":"https:\/\/www.guineeline.net\/#\/schema\/person\/f5914e0a4c56cc8f4aa0922cc547a390","name":"Guineeline","image":{"@type":"ImageObject","inLanguage":"fr-FR","@id":"https:\/\/www.guineeline.net\/#\/schema\/person\/image\/","url":"https:\/\/secure.gravatar.com\/avatar\/432ce140236c408fa05ea28acd193ba03163acdd0efbe444c1c44957b8a29a2a?s=96&d=mm&r=g","contentUrl":"https:\/\/secure.gravatar.com\/avatar\/432ce140236c408fa05ea28acd193ba03163acdd0efbe444c1c44957b8a29a2a?s=96&d=mm&r=g","caption":"Guineeline"},"url":"https:\/\/www.guineeline.net\/index.php\/author\/admin\/"}]}},"_links":{"self":[{"href":"https:\/\/www.guineeline.net\/index.php\/wp-json\/wp\/v2\/posts\/2094","targetHints":{"allow":["GET"]}}],"collection":[{"href":"https:\/\/www.guineeline.net\/index.php\/wp-json\/wp\/v2\/posts"}],"about":[{"href":"https:\/\/www.guineeline.net\/index.php\/wp-json\/wp\/v2\/types\/post"}],"author":[{"embeddable":true,"href":"https:\/\/www.guineeline.net\/index.php\/wp-json\/wp\/v2\/users\/3"}],"replies":[{"embeddable":true,"href":"https:\/\/www.guineeline.net\/index.php\/wp-json\/wp\/v2\/comments?post=2094"}],"version-history":[{"count":4,"href":"https:\/\/www.guineeline.net\/index.php\/wp-json\/wp\/v2\/posts\/2094\/revisions"}],"predecessor-version":[{"id":2105,"href":"https:\/\/www.guineeline.net\/index.php\/wp-json\/wp\/v2\/posts\/2094\/revisions\/2105"}],"wp:featuredmedia":[{"embeddable":true,"href":"https:\/\/www.guineeline.net\/index.php\/wp-json\/wp\/v2\/media\/2095"}],"wp:attachment":[{"href":"https:\/\/www.guineeline.net\/index.php\/wp-json\/wp\/v2\/media?parent=2094"}],"wp:term":[{"taxonomy":"category","embeddable":true,"href":"https:\/\/www.guineeline.net\/index.php\/wp-json\/wp\/v2\/categories?post=2094"},{"taxonomy":"post_tag","embeddable":true,"href":"https:\/\/www.guineeline.net\/index.php\/wp-json\/wp\/v2\/tags?post=2094"}],"curies":[{"name":"wp","href":"https:\/\/api.w.org\/{rel}","templated":true}]}}