{"id":1974,"date":"2023-12-07T21:12:13","date_gmt":"2023-12-07T20:12:13","guid":{"rendered":"https:\/\/www.guineeline.net\/?p=1974"},"modified":"2023-12-08T12:00:43","modified_gmt":"2023-12-08T11:00:43","slug":"cop-28-initiative-sous-regionale-africaine-de-lutte-contre-le-changement-climatique","status":"publish","type":"post","link":"https:\/\/www.guineeline.net\/index.php\/2023\/12\/07\/cop-28-initiative-sous-regionale-africaine-de-lutte-contre-le-changement-climatique\/","title":{"rendered":"COP-28 : initiative sous-r\u00e9gionale africaine de lutte contre le changement climatique\u00a0"},"content":{"rendered":"<p><strong>En marge de la conf\u00e9rence des parties sur le climat qui se tient actuellement \u00e0 Duba\u00ef aux \u00e9mirats arabes unis, les d\u00e9l\u00e9gations des pays de l\u2019Afrique de l\u2019Ouest et du sahel mettent l\u2019occasion \u00e0 profit pour discuter des politiques environnementales de leurs pays afin de trouver des solutions communes aux probl\u00e8mes climatiques qui les secouent. La rencontre va permettre aux participants de discuter des solutions communes sur le changement climatique qui secoue l\u2019Afrique. Elle est une initiative du comit\u00e9 permanent inter-\u00e9tats de lutte contre la s\u00e9cheresse dans le sahel (CILSS). L&rsquo;objectif est de r\u00e9unir ces \u00c9tats au tour d\u2019une ambition collective. Celle d\u2019aider l\u2019Afrique \u00e0 \u00eatre plus r\u00e9siliente dans l\u2019adaptation au changement climatique.<\/strong><\/p>\n<p>Le rapport de la banque mondiale sur le climat et le d\u00e9veloppement dans les pays du G5, \u00e0 savoir le Burkina Faso, le Tchad, le mali, la Mauritanie et le Niger, situ\u00e9s dans la r\u00e9gion du sahel en Afrique, indique qu\u2019ils font partie des pays les moins d\u00e9velopp\u00e9s du monde. Le nombre croissant de chocs climatiques \u00e0 intervalles r\u00e9guliers entraine d\u2019importantes pertes de production, de baisse de l\u2019accumulation de capital et conduit \u00e0 des points de basculement \u00e9cologiques et \u00e9conomiques potentiellement d\u00e9vastateurs dans la r\u00e9gion.<br \/>\nC&rsquo;est pourquoi un cercle de r\u00e9flexion est mis en plac au tour de l&rsquo;ambition collective d\u2019aider l\u2019Afrique \u00e0 \u00eatre plus r\u00e9siliente dans l\u2019adaptation au changement climatique. Abdoul Salam BELLO administrateur de la Banque Mondiale pour le groupe Afrique et Membre de ce cadre, revient sur le lien de cette structure avec la COP-28<em><strong> \u00ab\u00a0nous saisissons l\u2019opportunit\u00e9 d\u2019\u00eatre \u00e0 la COP-28 pour faire le plaidoyer pour nos pays sur les questions li\u00e9es \u00e0 l\u2019agenda climatique mais aussi faire le lien du d\u00e9r\u00e9gl\u00e9ment climatique avec la s\u00e9cheresse la restauration, la d\u00e9sertification des terres mais aussi sur la biodiversit\u00e9.\u00bb<\/strong><\/em><\/p>\n<p><img fetchpriority=\"high\" decoding=\"async\" class=\"alignnone size-medium wp-image-1981\" src=\"https:\/\/www.guineeline.net\/wp-content\/uploads\/2023\/12\/IMG-20231207-WA0001-225x300.jpg\" alt=\"\" width=\"225\" height=\"300\" srcset=\"https:\/\/www.guineeline.net\/wp-content\/uploads\/2023\/12\/IMG-20231207-WA0001-225x300.jpg 225w, https:\/\/www.guineeline.net\/wp-content\/uploads\/2023\/12\/IMG-20231207-WA0001-750x1000.jpg 750w, https:\/\/www.guineeline.net\/wp-content\/uploads\/2023\/12\/IMG-20231207-WA0001.jpg 768w\" sizes=\"(max-width: 225px) 100vw, 225px\" \/><br \/>\nLa s\u00e9cheresse dans le sahel ne doit pas se limit\u00e9 seulement au niveau du sahel, nous avons des responsabilit\u00e9s communes mais partag\u00e9es.<br \/>\nL&rsquo;administrateur pour l&rsquo;Afrique de la Banque Mondiale a rappel\u00e9 que <em><strong>d\u00e8s l\u2019ouverture de cette COP-28, il a \u00e9t\u00e9 question de discuter notamment de l\u2019op\u00e9rationnalisation des fonds sur les pertes et pr\u00e9judices.<\/strong> <\/em>Abdoul Salam BELLO estime qu\u2019<em><strong>il est maintenant n\u00e9cessaire pour l\u2019Afrique de travailler sur la mobilisation de plusieurs ressources.<\/strong><\/em><br \/>\nFace \u00e0 l\u2019enjeu de l\u2019op\u00e9rationnalisation de ce fonds, Monsieur BELLO pense qu&rsquo;<em><strong>i<em>l<\/em> est n\u00e9cessaire pour les pays africains d\u2019avoir des projets plus solides et d\u2019avoir des capacit\u00e9s op\u00e9rationnelles tr\u00e8s ambitieuses pour la mise en \u0153uvre \u00e0 long terme de ce fonds pour les pertes et dommages.<\/strong><\/em><\/p>\n<p>Il faut rappeler que le comit\u00e9 permanent inter-\u00e9tats de lutte contre la s\u00e9cheresse dans le sahel (CILSS) a \u00e9t\u00e9 cr\u00e9e le 12 septembre 1973 \u00e0 la suite des grandes s\u00e9cheresses qui on frapp\u00e9 le sahel dans les annees 70. Il regroupe aujourd\u2019hui neuf \u00e9tats dont 4 cotiers \u00e0 savoir la Gambie, la Guin\u00e9e Bissau, la Mauritanie, le S\u00e9n\u00e9gal et 4 enclav\u00e9s dont le Burkina Faso, le Mali, le Niger, le Tchad ainsi qu&rsquo;un \u00c9tat insulaire le Cap vert.<\/p>\n<p style=\"text-align: right;\">Idiatou Souar\u00e9<\/p>\n","protected":false},"excerpt":{"rendered":"<p>En marge de la conf\u00e9rence des parties sur le climat qui se tient actuellement \u00e0 Duba\u00ef aux \u00e9mirats arabes unis, les d\u00e9l\u00e9gations des pays de l\u2019Afrique de l\u2019Ouest et du sahel mettent l\u2019occasion \u00e0 profit pour discuter des politiques environnementales de leurs pays afin de trouver des solutions communes aux probl\u00e8mes climatiques qui les secouent. [&hellip;]<\/p>\n","protected":false},"author":3,"featured_media":1978,"comment_status":"open","ping_status":"open","sticky":false,"template":"","format":"standard","meta":{"jnews-multi-image_gallery":[],"jnews_single_post":{"subtitle":"","format":"standard","video":"","gallery":"","source_name":"","source_url":"","via_name":"","via_url":"","override":[{"single_blog_custom":"","sidebar":"","second_sidebar":"","share_position":"","share_float_style":"","post_date_format":"","post_date_format_custom":"","number_popup_post":"1"}],"image_override":[{"single_post_thumbnail_size":"","single_post_gallery_size":""}],"trending_post_position":"","trending_post_label":""},"jnews_primary_category":{"id":""},"jnews_override_counter":{"view_counter_number":"0","share_counter_number":"0","like_counter_number":"0","dislike_counter_number":"0"},"footnotes":""},"categories":[2,19],"tags":[],"class_list":["post-1974","post","type-post","status-publish","format-standard","has-post-thumbnail","hentry","category-actualites","category-environnement"],"yoast_head":"<!-- This site is optimized with the Yoast SEO plugin v26.9 - https:\/\/yoast.com\/product\/yoast-seo-wordpress\/ -->\n<title>COP-28 : initiative sous-r\u00e9gionale africaine de lutte contre le changement climatique\u00a0 - Guineeline<\/title>\n<meta name=\"robots\" content=\"index, follow, max-snippet:-1, max-image-preview:large, max-video-preview:-1\" \/>\n<link rel=\"canonical\" href=\"https:\/\/www.guineeline.net\/index.php\/2023\/12\/07\/cop-28-initiative-sous-regionale-africaine-de-lutte-contre-le-changement-climatique\/\" \/>\n<meta property=\"og:locale\" content=\"fr_FR\" \/>\n<meta property=\"og:type\" content=\"article\" \/>\n<meta property=\"og:title\" content=\"COP-28 : initiative sous-r\u00e9gionale africaine de lutte contre le changement climatique\u00a0 - Guineeline\" \/>\n<meta property=\"og:description\" content=\"En marge de la conf\u00e9rence des parties sur le climat qui se tient actuellement \u00e0 Duba\u00ef aux \u00e9mirats arabes unis, les d\u00e9l\u00e9gations des pays de l\u2019Afrique de l\u2019Ouest et du sahel mettent l\u2019occasion \u00e0 profit pour discuter des politiques environnementales de leurs pays afin de trouver des solutions communes aux probl\u00e8mes climatiques qui les secouent. [&hellip;]\" \/>\n<meta property=\"og:url\" content=\"https:\/\/www.guineeline.net\/index.php\/2023\/12\/07\/cop-28-initiative-sous-regionale-africaine-de-lutte-contre-le-changement-climatique\/\" \/>\n<meta property=\"og:site_name\" content=\"Guineeline\" \/>\n<meta property=\"article:published_time\" content=\"2023-12-07T20:12:13+00:00\" \/>\n<meta property=\"article:modified_time\" content=\"2023-12-08T11:00:43+00:00\" \/>\n<meta property=\"og:image\" content=\"https:\/\/www.guineeline.net\/wp-content\/uploads\/2023\/12\/IMG-20231206-WA0021.jpg\" \/>\n\t<meta property=\"og:image:width\" content=\"1080\" \/>\n\t<meta property=\"og:image:height\" content=\"810\" \/>\n\t<meta property=\"og:image:type\" content=\"image\/jpeg\" \/>\n<meta name=\"author\" content=\"Guineeline\" \/>\n<meta name=\"twitter:card\" content=\"summary_large_image\" \/>\n<meta name=\"twitter:label1\" content=\"\u00c9crit par\" \/>\n\t<meta name=\"twitter:data1\" content=\"Guineeline\" \/>\n\t<meta name=\"twitter:label2\" content=\"Dur\u00e9e de lecture estim\u00e9e\" \/>\n\t<meta name=\"twitter:data2\" content=\"3 minutes\" \/>\n<script type=\"application\/ld+json\" class=\"yoast-schema-graph\">{\"@context\":\"https:\/\/schema.org\",\"@graph\":[{\"@type\":\"Article\",\"@id\":\"https:\/\/www.guineeline.net\/index.php\/2023\/12\/07\/cop-28-initiative-sous-regionale-africaine-de-lutte-contre-le-changement-climatique\/#article\",\"isPartOf\":{\"@id\":\"https:\/\/www.guineeline.net\/index.php\/2023\/12\/07\/cop-28-initiative-sous-regionale-africaine-de-lutte-contre-le-changement-climatique\/\"},\"author\":{\"name\":\"Guineeline\",\"@id\":\"https:\/\/www.guineeline.net\/#\/schema\/person\/f5914e0a4c56cc8f4aa0922cc547a390\"},\"headline\":\"COP-28 : initiative sous-r\u00e9gionale africaine de lutte contre le changement climatique\u00a0\",\"datePublished\":\"2023-12-07T20:12:13+00:00\",\"dateModified\":\"2023-12-08T11:00:43+00:00\",\"mainEntityOfPage\":{\"@id\":\"https:\/\/www.guineeline.net\/index.php\/2023\/12\/07\/cop-28-initiative-sous-regionale-africaine-de-lutte-contre-le-changement-climatique\/\"},\"wordCount\":561,\"commentCount\":0,\"image\":{\"@id\":\"https:\/\/www.guineeline.net\/index.php\/2023\/12\/07\/cop-28-initiative-sous-regionale-africaine-de-lutte-contre-le-changement-climatique\/#primaryimage\"},\"thumbnailUrl\":\"https:\/\/www.guineeline.net\/wp-content\/uploads\/2023\/12\/IMG-20231206-WA0021.jpg\",\"articleSection\":[\"Actualit\u00e9s\",\"Environnement\"],\"inLanguage\":\"fr-FR\",\"potentialAction\":[{\"@type\":\"CommentAction\",\"name\":\"Comment\",\"target\":[\"https:\/\/www.guineeline.net\/index.php\/2023\/12\/07\/cop-28-initiative-sous-regionale-africaine-de-lutte-contre-le-changement-climatique\/#respond\"]}]},{\"@type\":\"WebPage\",\"@id\":\"https:\/\/www.guineeline.net\/index.php\/2023\/12\/07\/cop-28-initiative-sous-regionale-africaine-de-lutte-contre-le-changement-climatique\/\",\"url\":\"https:\/\/www.guineeline.net\/index.php\/2023\/12\/07\/cop-28-initiative-sous-regionale-africaine-de-lutte-contre-le-changement-climatique\/\",\"name\":\"COP-28 : initiative sous-r\u00e9gionale africaine de lutte contre le changement climatique\u00a0 - Guineeline\",\"isPartOf\":{\"@id\":\"https:\/\/www.guineeline.net\/#website\"},\"primaryImageOfPage\":{\"@id\":\"https:\/\/www.guineeline.net\/index.php\/2023\/12\/07\/cop-28-initiative-sous-regionale-africaine-de-lutte-contre-le-changement-climatique\/#primaryimage\"},\"image\":{\"@id\":\"https:\/\/www.guineeline.net\/index.php\/2023\/12\/07\/cop-28-initiative-sous-regionale-africaine-de-lutte-contre-le-changement-climatique\/#primaryimage\"},\"thumbnailUrl\":\"https:\/\/www.guineeline.net\/wp-content\/uploads\/2023\/12\/IMG-20231206-WA0021.jpg\",\"datePublished\":\"2023-12-07T20:12:13+00:00\",\"dateModified\":\"2023-12-08T11:00:43+00:00\",\"author\":{\"@id\":\"https:\/\/www.guineeline.net\/#\/schema\/person\/f5914e0a4c56cc8f4aa0922cc547a390\"},\"breadcrumb\":{\"@id\":\"https:\/\/www.guineeline.net\/index.php\/2023\/12\/07\/cop-28-initiative-sous-regionale-africaine-de-lutte-contre-le-changement-climatique\/#breadcrumb\"},\"inLanguage\":\"fr-FR\",\"potentialAction\":[{\"@type\":\"ReadAction\",\"target\":[\"https:\/\/www.guineeline.net\/index.php\/2023\/12\/07\/cop-28-initiative-sous-regionale-africaine-de-lutte-contre-le-changement-climatique\/\"]}]},{\"@type\":\"ImageObject\",\"inLanguage\":\"fr-FR\",\"@id\":\"https:\/\/www.guineeline.net\/index.php\/2023\/12\/07\/cop-28-initiative-sous-regionale-africaine-de-lutte-contre-le-changement-climatique\/#primaryimage\",\"url\":\"https:\/\/www.guineeline.net\/wp-content\/uploads\/2023\/12\/IMG-20231206-WA0021.jpg\",\"contentUrl\":\"https:\/\/www.guineeline.net\/wp-content\/uploads\/2023\/12\/IMG-20231206-WA0021.jpg\",\"width\":1080,\"height\":810},{\"@type\":\"BreadcrumbList\",\"@id\":\"https:\/\/www.guineeline.net\/index.php\/2023\/12\/07\/cop-28-initiative-sous-regionale-africaine-de-lutte-contre-le-changement-climatique\/#breadcrumb\",\"itemListElement\":[{\"@type\":\"ListItem\",\"position\":1,\"name\":\"Accueil\",\"item\":\"https:\/\/www.guineeline.net\/\"},{\"@type\":\"ListItem\",\"position\":2,\"name\":\"COP-28 : initiative sous-r\u00e9gionale africaine de lutte contre le changement climatique\u00a0\"}]},{\"@type\":\"WebSite\",\"@id\":\"https:\/\/www.guineeline.net\/#website\",\"url\":\"https:\/\/www.guineeline.net\/\",\"name\":\"Guineeline\",\"description\":\"L&#039;information en un clic\",\"potentialAction\":[{\"@type\":\"SearchAction\",\"target\":{\"@type\":\"EntryPoint\",\"urlTemplate\":\"https:\/\/www.guineeline.net\/?s={search_term_string}\"},\"query-input\":{\"@type\":\"PropertyValueSpecification\",\"valueRequired\":true,\"valueName\":\"search_term_string\"}}],\"inLanguage\":\"fr-FR\"},{\"@type\":\"Person\",\"@id\":\"https:\/\/www.guineeline.net\/#\/schema\/person\/f5914e0a4c56cc8f4aa0922cc547a390\",\"name\":\"Guineeline\",\"image\":{\"@type\":\"ImageObject\",\"inLanguage\":\"fr-FR\",\"@id\":\"https:\/\/www.guineeline.net\/#\/schema\/person\/image\/\",\"url\":\"https:\/\/secure.gravatar.com\/avatar\/432ce140236c408fa05ea28acd193ba03163acdd0efbe444c1c44957b8a29a2a?s=96&d=mm&r=g\",\"contentUrl\":\"https:\/\/secure.gravatar.com\/avatar\/432ce140236c408fa05ea28acd193ba03163acdd0efbe444c1c44957b8a29a2a?s=96&d=mm&r=g\",\"caption\":\"Guineeline\"},\"url\":\"https:\/\/www.guineeline.net\/index.php\/author\/admin\/\"}]}<\/script>\n<!-- \/ Yoast SEO plugin. -->","yoast_head_json":{"title":"COP-28 : initiative sous-r\u00e9gionale africaine de lutte contre le changement climatique\u00a0 - Guineeline","robots":{"index":"index","follow":"follow","max-snippet":"max-snippet:-1","max-image-preview":"max-image-preview:large","max-video-preview":"max-video-preview:-1"},"canonical":"https:\/\/www.guineeline.net\/index.php\/2023\/12\/07\/cop-28-initiative-sous-regionale-africaine-de-lutte-contre-le-changement-climatique\/","og_locale":"fr_FR","og_type":"article","og_title":"COP-28 : initiative sous-r\u00e9gionale africaine de lutte contre le changement climatique\u00a0 - Guineeline","og_description":"En marge de la conf\u00e9rence des parties sur le climat qui se tient actuellement \u00e0 Duba\u00ef aux \u00e9mirats arabes unis, les d\u00e9l\u00e9gations des pays de l\u2019Afrique de l\u2019Ouest et du sahel mettent l\u2019occasion \u00e0 profit pour discuter des politiques environnementales de leurs pays afin de trouver des solutions communes aux probl\u00e8mes climatiques qui les secouent. [&hellip;]","og_url":"https:\/\/www.guineeline.net\/index.php\/2023\/12\/07\/cop-28-initiative-sous-regionale-africaine-de-lutte-contre-le-changement-climatique\/","og_site_name":"Guineeline","article_published_time":"2023-12-07T20:12:13+00:00","article_modified_time":"2023-12-08T11:00:43+00:00","og_image":[{"width":1080,"height":810,"url":"https:\/\/www.guineeline.net\/wp-content\/uploads\/2023\/12\/IMG-20231206-WA0021.jpg","type":"image\/jpeg"}],"author":"Guineeline","twitter_card":"summary_large_image","twitter_misc":{"\u00c9crit par":"Guineeline","Dur\u00e9e de lecture estim\u00e9e":"3 minutes"},"schema":{"@context":"https:\/\/schema.org","@graph":[{"@type":"Article","@id":"https:\/\/www.guineeline.net\/index.php\/2023\/12\/07\/cop-28-initiative-sous-regionale-africaine-de-lutte-contre-le-changement-climatique\/#article","isPartOf":{"@id":"https:\/\/www.guineeline.net\/index.php\/2023\/12\/07\/cop-28-initiative-sous-regionale-africaine-de-lutte-contre-le-changement-climatique\/"},"author":{"name":"Guineeline","@id":"https:\/\/www.guineeline.net\/#\/schema\/person\/f5914e0a4c56cc8f4aa0922cc547a390"},"headline":"COP-28 : initiative sous-r\u00e9gionale africaine de lutte contre le changement climatique\u00a0","datePublished":"2023-12-07T20:12:13+00:00","dateModified":"2023-12-08T11:00:43+00:00","mainEntityOfPage":{"@id":"https:\/\/www.guineeline.net\/index.php\/2023\/12\/07\/cop-28-initiative-sous-regionale-africaine-de-lutte-contre-le-changement-climatique\/"},"wordCount":561,"commentCount":0,"image":{"@id":"https:\/\/www.guineeline.net\/index.php\/2023\/12\/07\/cop-28-initiative-sous-regionale-africaine-de-lutte-contre-le-changement-climatique\/#primaryimage"},"thumbnailUrl":"https:\/\/www.guineeline.net\/wp-content\/uploads\/2023\/12\/IMG-20231206-WA0021.jpg","articleSection":["Actualit\u00e9s","Environnement"],"inLanguage":"fr-FR","potentialAction":[{"@type":"CommentAction","name":"Comment","target":["https:\/\/www.guineeline.net\/index.php\/2023\/12\/07\/cop-28-initiative-sous-regionale-africaine-de-lutte-contre-le-changement-climatique\/#respond"]}]},{"@type":"WebPage","@id":"https:\/\/www.guineeline.net\/index.php\/2023\/12\/07\/cop-28-initiative-sous-regionale-africaine-de-lutte-contre-le-changement-climatique\/","url":"https:\/\/www.guineeline.net\/index.php\/2023\/12\/07\/cop-28-initiative-sous-regionale-africaine-de-lutte-contre-le-changement-climatique\/","name":"COP-28 : initiative sous-r\u00e9gionale africaine de lutte contre le changement climatique\u00a0 - Guineeline","isPartOf":{"@id":"https:\/\/www.guineeline.net\/#website"},"primaryImageOfPage":{"@id":"https:\/\/www.guineeline.net\/index.php\/2023\/12\/07\/cop-28-initiative-sous-regionale-africaine-de-lutte-contre-le-changement-climatique\/#primaryimage"},"image":{"@id":"https:\/\/www.guineeline.net\/index.php\/2023\/12\/07\/cop-28-initiative-sous-regionale-africaine-de-lutte-contre-le-changement-climatique\/#primaryimage"},"thumbnailUrl":"https:\/\/www.guineeline.net\/wp-content\/uploads\/2023\/12\/IMG-20231206-WA0021.jpg","datePublished":"2023-12-07T20:12:13+00:00","dateModified":"2023-12-08T11:00:43+00:00","author":{"@id":"https:\/\/www.guineeline.net\/#\/schema\/person\/f5914e0a4c56cc8f4aa0922cc547a390"},"breadcrumb":{"@id":"https:\/\/www.guineeline.net\/index.php\/2023\/12\/07\/cop-28-initiative-sous-regionale-africaine-de-lutte-contre-le-changement-climatique\/#breadcrumb"},"inLanguage":"fr-FR","potentialAction":[{"@type":"ReadAction","target":["https:\/\/www.guineeline.net\/index.php\/2023\/12\/07\/cop-28-initiative-sous-regionale-africaine-de-lutte-contre-le-changement-climatique\/"]}]},{"@type":"ImageObject","inLanguage":"fr-FR","@id":"https:\/\/www.guineeline.net\/index.php\/2023\/12\/07\/cop-28-initiative-sous-regionale-africaine-de-lutte-contre-le-changement-climatique\/#primaryimage","url":"https:\/\/www.guineeline.net\/wp-content\/uploads\/2023\/12\/IMG-20231206-WA0021.jpg","contentUrl":"https:\/\/www.guineeline.net\/wp-content\/uploads\/2023\/12\/IMG-20231206-WA0021.jpg","width":1080,"height":810},{"@type":"BreadcrumbList","@id":"https:\/\/www.guineeline.net\/index.php\/2023\/12\/07\/cop-28-initiative-sous-regionale-africaine-de-lutte-contre-le-changement-climatique\/#breadcrumb","itemListElement":[{"@type":"ListItem","position":1,"name":"Accueil","item":"https:\/\/www.guineeline.net\/"},{"@type":"ListItem","position":2,"name":"COP-28 : initiative sous-r\u00e9gionale africaine de lutte contre le changement climatique\u00a0"}]},{"@type":"WebSite","@id":"https:\/\/www.guineeline.net\/#website","url":"https:\/\/www.guineeline.net\/","name":"Guineeline","description":"L&#039;information en un clic","potentialAction":[{"@type":"SearchAction","target":{"@type":"EntryPoint","urlTemplate":"https:\/\/www.guineeline.net\/?s={search_term_string}"},"query-input":{"@type":"PropertyValueSpecification","valueRequired":true,"valueName":"search_term_string"}}],"inLanguage":"fr-FR"},{"@type":"Person","@id":"https:\/\/www.guineeline.net\/#\/schema\/person\/f5914e0a4c56cc8f4aa0922cc547a390","name":"Guineeline","image":{"@type":"ImageObject","inLanguage":"fr-FR","@id":"https:\/\/www.guineeline.net\/#\/schema\/person\/image\/","url":"https:\/\/secure.gravatar.com\/avatar\/432ce140236c408fa05ea28acd193ba03163acdd0efbe444c1c44957b8a29a2a?s=96&d=mm&r=g","contentUrl":"https:\/\/secure.gravatar.com\/avatar\/432ce140236c408fa05ea28acd193ba03163acdd0efbe444c1c44957b8a29a2a?s=96&d=mm&r=g","caption":"Guineeline"},"url":"https:\/\/www.guineeline.net\/index.php\/author\/admin\/"}]}},"_links":{"self":[{"href":"https:\/\/www.guineeline.net\/index.php\/wp-json\/wp\/v2\/posts\/1974","targetHints":{"allow":["GET"]}}],"collection":[{"href":"https:\/\/www.guineeline.net\/index.php\/wp-json\/wp\/v2\/posts"}],"about":[{"href":"https:\/\/www.guineeline.net\/index.php\/wp-json\/wp\/v2\/types\/post"}],"author":[{"embeddable":true,"href":"https:\/\/www.guineeline.net\/index.php\/wp-json\/wp\/v2\/users\/3"}],"replies":[{"embeddable":true,"href":"https:\/\/www.guineeline.net\/index.php\/wp-json\/wp\/v2\/comments?post=1974"}],"version-history":[{"count":5,"href":"https:\/\/www.guineeline.net\/index.php\/wp-json\/wp\/v2\/posts\/1974\/revisions"}],"predecessor-version":[{"id":1987,"href":"https:\/\/www.guineeline.net\/index.php\/wp-json\/wp\/v2\/posts\/1974\/revisions\/1987"}],"wp:featuredmedia":[{"embeddable":true,"href":"https:\/\/www.guineeline.net\/index.php\/wp-json\/wp\/v2\/media\/1978"}],"wp:attachment":[{"href":"https:\/\/www.guineeline.net\/index.php\/wp-json\/wp\/v2\/media?parent=1974"}],"wp:term":[{"taxonomy":"category","embeddable":true,"href":"https:\/\/www.guineeline.net\/index.php\/wp-json\/wp\/v2\/categories?post=1974"},{"taxonomy":"post_tag","embeddable":true,"href":"https:\/\/www.guineeline.net\/index.php\/wp-json\/wp\/v2\/tags?post=1974"}],"curies":[{"name":"wp","href":"https:\/\/api.w.org\/{rel}","templated":true}]}}