{"id":1964,"date":"2023-12-05T17:42:00","date_gmt":"2023-12-05T16:42:00","guid":{"rendered":"https:\/\/www.guineeline.net\/?p=1964"},"modified":"2023-12-05T22:33:38","modified_gmt":"2023-12-05T21:33:38","slug":"cop-28-a-dubai-creation-dun-fonds-pour-la-compensation-des-pertes-et-dommages-climatiques","status":"publish","type":"post","link":"https:\/\/www.guineeline.net\/index.php\/2023\/12\/05\/cop-28-a-dubai-creation-dun-fonds-pour-la-compensation-des-pertes-et-dommages-climatiques\/","title":{"rendered":"COP-28 \u00e0 Duba\u00ef : l\u2019op\u00e9rationnalisation du fonds sur les pertes et dommages climatiques en d\u00e9bat au sein du groupe de n\u00e9gociateurs"},"content":{"rendered":"<p><strong>La conf\u00e9rence des parties sur le climat rassemble divers acteurs qui viennent discuter des enjeux climatiques de leurs pays respectifs. Mais aussi de trouver des solutions collectives pour lutter contre les impacts majeurs li\u00e9s au d\u00e9r\u00e8glement climatique.<\/strong><\/p>\n<p>Pour Alpha Oumar Kalloga n\u00e9gociateur en chef et porte-parole du groupe africain sur les questions relatives aux pertes et pr\u00e9judices<strong><em> \u00ab\u00a0la singularit\u00e9 de cette conf\u00e9rence des parties sur le climat COP 28 est l\u2019adoption de l\u2019instrument de gouvernance du fond sur les pertes et pr\u00e9judices. Un dispositif financier mondial destin\u00e9 \u00e0 assurer le sauvetage et la r\u00e9habilitation des pays confront\u00e9s aux effets du changement climatique.\u00a0\u00bb\u00a0<\/em><\/strong> Le dispositif s&rsquo;il est adopt\u00e9,\u00a0 le porte-parole du groupe africain sur les n\u00e9gociations qualifie de pr\u00e9c\u00e9dent<strong><em> \u00ab\u00a0C\u2019est un pr\u00e9c\u00e8dent pour nous, car nous avons travaill\u00e9 toute l\u2019ann\u00e9e pour voir la cr\u00e9ation de ce fond. Pour nous, c\u2019est une fa\u00e7on d\u2019\u00e9quilibrer les choses et de travailler pour une transition juste et \u00e9quitable\u00a0\u00bb<\/em><\/strong> justifie-t-il.<\/p>\n<p>De la responsabilit\u00e9 des pays quant \u00e0 les \u00e9missions de gaz \u00e0 effet de serre<\/p>\n<p>Diff\u00e9rentes activit\u00e9s humaines sont \u00e0 l&rsquo;origine des \u00e9missions de gaz \u00e0 effet de serre (GES). Ce sont la combustion d&rsquo;\u00e9nergies fossiles, des proc\u00e9d\u00e9s industriels comme la production de ciment (sources de dioxyde de carbone -CO2), les \u00e9levages agricoles et le traitement des d\u00e9chets etc\u2026 Cependant quant au niveau de responsabilit\u00e9 des pays, l\u2019Afrique n\u2019a \u00e9mis pour le moment que 4% de gaz \u00e0 effet de serre pr\u00e9cise-t-il. Tandis qu&rsquo;\u00e0 ce jour des pays d\u00e9velopp\u00e9s sont \u00e0 plus de 20% du niveau d\u2019\u00e9mission. Une affirmation difficile \u00e0 prouver apr\u00e8s la sortie du Pr\u00e9sident de la COP28 sur son doute sur les rapports du groupe intergouvernementale sur l\u2019\u00e9volution du climat (GIEC). Apr\u00e8s cette sortie qui a fait couler si l\u2019on tient compte des d\u00e9clarations faites par le Pr\u00e9sident de la COP28 qui dit qu\u2019il n\u2019existe pas encore une science exacte qui peut nous d\u00e9montrer le niveau de pollution des pays pollueurs. Des avis controvers\u00e9s qui viennent mettre en doute la mise en \u0153uvre efficace de ce fons destin\u00e9e \u00e0 la r\u00e9silience des communaut\u00e9s fortement touch\u00e9es par le changement climatique. Cependant le n\u00e9gociateur en chef estime que la question du changement climatique est une responsabilit\u00e9 commune mais partag\u00e9e, car nous avons cette plan\u00e8te commune \u00e0 prot\u00e9g\u00e9e.<\/p>\n<p><strong>De la gestion du fonds sur les pertes et pr\u00e9judices<\/strong><\/p>\n<p>Le n\u00e9gociateur en chef s&rsquo;inqui\u00e8te tout d&rsquo;abord de la possibilit\u00e9 de mobilisation du fonds<em><strong> \u00ab\u00a0ce qui est un peu difficile, c\u2019est qu\u2019il n\u2019y a pas de clart\u00e9 par rapport aux sources de financement, le texte dit simplement que le fond sera aliment\u00e9 mais on ne sait pas par qui ?\u00a0\u00bb<\/strong><\/em> Se demande pr\u00e9cise-t-il avant d&rsquo;\u00e9voquer la questionsur la capacit\u00e9 de gestion<strong><em> \u00ab\u00a0nous qui \u00e9tions dans ce comit\u00e9 nous avions des r\u00e9serves par rapport \u00e0 la gestion de la banque mondiale car la mission principale de la banque mondiale est d\u2019\u00e9radiquer la pauvret\u00e9 et elle n\u2019a pas pu le faire\u00a0\u00bb<\/em><\/strong> mais, selon lui<em><strong> \u00ab\u00a0il y a encore des failles \u00e0 am\u00e9liorer au niveau de sa gouvernance\u00a0\u00bb<\/strong> <\/em>fustige le n\u00e9gociateur en Chef.<\/p>\n<p>Le choix port\u00e9 sur la Banque Mondiale pour abriter ce fonds, se justifie par la question de s\u00e9curit\u00e9<strong><em> \u00ab\u00a0nous avons accept\u00e9 le choix sur la Banque Mondiale parce que c\u2019\u00e9tait le seul moyen pour nous de s\u00e9curiser l\u2019argent. Ce fond s\u2019il est abond\u00e9 de fa\u00e7on normale doit recevoir jusqu\u2019\u00e0 400 milliards de dollars par an. Si on regarde l\u2019architecture mondiale du financement, la Banque Mondiale est mieux adapt\u00e9e pour abriter ce fonds.\u00a0\u00bb<\/em> <\/strong>Face \u00e0 ce choix, le groupe de n\u00e9gociateur avait deux options \u00e0 savoir <strong><em>\u00ab\u00a0l&rsquo;une, cr\u00e9er une nouvelle institution qui prendra du temps dont la cons\u00e9quence sera la r\u00e9ticence des pays \u00e0 donner leur argent et l\u2019autre laisser la Banque Mondiale g\u00e9rer le fonds sur les pertes et pr\u00e9judices. Par contre nous allons exiger de la Banque Mondiale l\u2019universalit\u00e9 de ce fonds et aussi la mise en place d\u2019un conseil d\u2019administration ind\u00e9pendant de la Banque Mondiale\u00a0\u00bb<\/em> <\/strong>annonce-t-il.<\/p>\n<p>&nbsp;<\/p>\n<p style=\"text-align: right;\">Idiatou Souar\u00e9<\/p>\n","protected":false},"excerpt":{"rendered":"<p>La conf\u00e9rence des parties sur le climat rassemble divers acteurs qui viennent discuter des enjeux climatiques de leurs pays respectifs. Mais aussi de trouver des solutions collectives pour lutter contre les impacts majeurs li\u00e9s au d\u00e9r\u00e8glement climatique. Pour Alpha Oumar Kalloga n\u00e9gociateur en chef et porte-parole du groupe africain sur les questions relatives aux pertes [&hellip;]<\/p>\n","protected":false},"author":3,"featured_media":1966,"comment_status":"open","ping_status":"open","sticky":false,"template":"","format":"standard","meta":{"jnews-multi-image_gallery":[],"jnews_single_post":{"subtitle":"","format":"standard","video":"","gallery":"","source_name":"","source_url":"","via_name":"","via_url":"","override":[{"single_blog_custom":"","sidebar":"","second_sidebar":"","share_position":"","share_float_style":"","post_date_format":"","post_date_format_custom":"","number_popup_post":"1"}],"image_override":[{"single_post_thumbnail_size":"","single_post_gallery_size":""}],"trending_post_position":"","trending_post_label":""},"jnews_primary_category":{"id":""},"jnews_override_counter":{"view_counter_number":"0","share_counter_number":"0","like_counter_number":"0","dislike_counter_number":"0"},"footnotes":""},"categories":[2,19],"tags":[],"class_list":["post-1964","post","type-post","status-publish","format-standard","has-post-thumbnail","hentry","category-actualites","category-environnement"],"yoast_head":"<!-- This site is optimized with the Yoast SEO plugin v26.9 - https:\/\/yoast.com\/product\/yoast-seo-wordpress\/ -->\n<title>COP-28 \u00e0 Duba\u00ef : l\u2019op\u00e9rationnalisation du fonds sur les pertes et dommages climatiques en d\u00e9bat au sein du groupe de n\u00e9gociateurs - Guineeline<\/title>\n<meta name=\"robots\" content=\"index, follow, max-snippet:-1, max-image-preview:large, max-video-preview:-1\" \/>\n<link rel=\"canonical\" href=\"https:\/\/www.guineeline.net\/index.php\/2023\/12\/05\/cop-28-a-dubai-creation-dun-fonds-pour-la-compensation-des-pertes-et-dommages-climatiques\/\" \/>\n<meta property=\"og:locale\" content=\"fr_FR\" \/>\n<meta property=\"og:type\" content=\"article\" \/>\n<meta property=\"og:title\" content=\"COP-28 \u00e0 Duba\u00ef : l\u2019op\u00e9rationnalisation du fonds sur les pertes et dommages climatiques en d\u00e9bat au sein du groupe de n\u00e9gociateurs - Guineeline\" \/>\n<meta property=\"og:description\" content=\"La conf\u00e9rence des parties sur le climat rassemble divers acteurs qui viennent discuter des enjeux climatiques de leurs pays respectifs. Mais aussi de trouver des solutions collectives pour lutter contre les impacts majeurs li\u00e9s au d\u00e9r\u00e8glement climatique. Pour Alpha Oumar Kalloga n\u00e9gociateur en chef et porte-parole du groupe africain sur les questions relatives aux pertes [&hellip;]\" \/>\n<meta property=\"og:url\" content=\"https:\/\/www.guineeline.net\/index.php\/2023\/12\/05\/cop-28-a-dubai-creation-dun-fonds-pour-la-compensation-des-pertes-et-dommages-climatiques\/\" \/>\n<meta property=\"og:site_name\" content=\"Guineeline\" \/>\n<meta property=\"article:published_time\" content=\"2023-12-05T16:42:00+00:00\" \/>\n<meta property=\"article:modified_time\" content=\"2023-12-05T21:33:38+00:00\" \/>\n<meta property=\"og:image\" content=\"https:\/\/www.guineeline.net\/wp-content\/uploads\/2023\/12\/IMG-20231205-WA0030.jpg\" \/>\n\t<meta property=\"og:image:width\" content=\"768\" \/>\n\t<meta property=\"og:image:height\" content=\"1080\" \/>\n\t<meta property=\"og:image:type\" content=\"image\/jpeg\" \/>\n<meta name=\"author\" content=\"Guineeline\" \/>\n<meta name=\"twitter:card\" content=\"summary_large_image\" \/>\n<meta name=\"twitter:label1\" content=\"\u00c9crit par\" \/>\n\t<meta name=\"twitter:data1\" content=\"Guineeline\" \/>\n\t<meta name=\"twitter:label2\" content=\"Dur\u00e9e de lecture estim\u00e9e\" \/>\n\t<meta name=\"twitter:data2\" content=\"4 minutes\" \/>\n<script type=\"application\/ld+json\" class=\"yoast-schema-graph\">{\"@context\":\"https:\/\/schema.org\",\"@graph\":[{\"@type\":\"Article\",\"@id\":\"https:\/\/www.guineeline.net\/index.php\/2023\/12\/05\/cop-28-a-dubai-creation-dun-fonds-pour-la-compensation-des-pertes-et-dommages-climatiques\/#article\",\"isPartOf\":{\"@id\":\"https:\/\/www.guineeline.net\/index.php\/2023\/12\/05\/cop-28-a-dubai-creation-dun-fonds-pour-la-compensation-des-pertes-et-dommages-climatiques\/\"},\"author\":{\"name\":\"Guineeline\",\"@id\":\"https:\/\/www.guineeline.net\/#\/schema\/person\/f5914e0a4c56cc8f4aa0922cc547a390\"},\"headline\":\"COP-28 \u00e0 Duba\u00ef : l\u2019op\u00e9rationnalisation du fonds sur les pertes et dommages climatiques en d\u00e9bat au sein du groupe de n\u00e9gociateurs\",\"datePublished\":\"2023-12-05T16:42:00+00:00\",\"dateModified\":\"2023-12-05T21:33:38+00:00\",\"mainEntityOfPage\":{\"@id\":\"https:\/\/www.guineeline.net\/index.php\/2023\/12\/05\/cop-28-a-dubai-creation-dun-fonds-pour-la-compensation-des-pertes-et-dommages-climatiques\/\"},\"wordCount\":749,\"commentCount\":0,\"image\":{\"@id\":\"https:\/\/www.guineeline.net\/index.php\/2023\/12\/05\/cop-28-a-dubai-creation-dun-fonds-pour-la-compensation-des-pertes-et-dommages-climatiques\/#primaryimage\"},\"thumbnailUrl\":\"https:\/\/www.guineeline.net\/wp-content\/uploads\/2023\/12\/IMG-20231205-WA0030.jpg\",\"articleSection\":[\"Actualit\u00e9s\",\"Environnement\"],\"inLanguage\":\"fr-FR\",\"potentialAction\":[{\"@type\":\"CommentAction\",\"name\":\"Comment\",\"target\":[\"https:\/\/www.guineeline.net\/index.php\/2023\/12\/05\/cop-28-a-dubai-creation-dun-fonds-pour-la-compensation-des-pertes-et-dommages-climatiques\/#respond\"]}]},{\"@type\":\"WebPage\",\"@id\":\"https:\/\/www.guineeline.net\/index.php\/2023\/12\/05\/cop-28-a-dubai-creation-dun-fonds-pour-la-compensation-des-pertes-et-dommages-climatiques\/\",\"url\":\"https:\/\/www.guineeline.net\/index.php\/2023\/12\/05\/cop-28-a-dubai-creation-dun-fonds-pour-la-compensation-des-pertes-et-dommages-climatiques\/\",\"name\":\"COP-28 \u00e0 Duba\u00ef : l\u2019op\u00e9rationnalisation du fonds sur les pertes et dommages climatiques en d\u00e9bat au sein du groupe de n\u00e9gociateurs - Guineeline\",\"isPartOf\":{\"@id\":\"https:\/\/www.guineeline.net\/#website\"},\"primaryImageOfPage\":{\"@id\":\"https:\/\/www.guineeline.net\/index.php\/2023\/12\/05\/cop-28-a-dubai-creation-dun-fonds-pour-la-compensation-des-pertes-et-dommages-climatiques\/#primaryimage\"},\"image\":{\"@id\":\"https:\/\/www.guineeline.net\/index.php\/2023\/12\/05\/cop-28-a-dubai-creation-dun-fonds-pour-la-compensation-des-pertes-et-dommages-climatiques\/#primaryimage\"},\"thumbnailUrl\":\"https:\/\/www.guineeline.net\/wp-content\/uploads\/2023\/12\/IMG-20231205-WA0030.jpg\",\"datePublished\":\"2023-12-05T16:42:00+00:00\",\"dateModified\":\"2023-12-05T21:33:38+00:00\",\"author\":{\"@id\":\"https:\/\/www.guineeline.net\/#\/schema\/person\/f5914e0a4c56cc8f4aa0922cc547a390\"},\"breadcrumb\":{\"@id\":\"https:\/\/www.guineeline.net\/index.php\/2023\/12\/05\/cop-28-a-dubai-creation-dun-fonds-pour-la-compensation-des-pertes-et-dommages-climatiques\/#breadcrumb\"},\"inLanguage\":\"fr-FR\",\"potentialAction\":[{\"@type\":\"ReadAction\",\"target\":[\"https:\/\/www.guineeline.net\/index.php\/2023\/12\/05\/cop-28-a-dubai-creation-dun-fonds-pour-la-compensation-des-pertes-et-dommages-climatiques\/\"]}]},{\"@type\":\"ImageObject\",\"inLanguage\":\"fr-FR\",\"@id\":\"https:\/\/www.guineeline.net\/index.php\/2023\/12\/05\/cop-28-a-dubai-creation-dun-fonds-pour-la-compensation-des-pertes-et-dommages-climatiques\/#primaryimage\",\"url\":\"https:\/\/www.guineeline.net\/wp-content\/uploads\/2023\/12\/IMG-20231205-WA0030.jpg\",\"contentUrl\":\"https:\/\/www.guineeline.net\/wp-content\/uploads\/2023\/12\/IMG-20231205-WA0030.jpg\",\"width\":768,\"height\":1080},{\"@type\":\"BreadcrumbList\",\"@id\":\"https:\/\/www.guineeline.net\/index.php\/2023\/12\/05\/cop-28-a-dubai-creation-dun-fonds-pour-la-compensation-des-pertes-et-dommages-climatiques\/#breadcrumb\",\"itemListElement\":[{\"@type\":\"ListItem\",\"position\":1,\"name\":\"Accueil\",\"item\":\"https:\/\/www.guineeline.net\/\"},{\"@type\":\"ListItem\",\"position\":2,\"name\":\"COP-28 \u00e0 Duba\u00ef : l\u2019op\u00e9rationnalisation du fonds sur les pertes et dommages climatiques en d\u00e9bat au sein du groupe de n\u00e9gociateurs\"}]},{\"@type\":\"WebSite\",\"@id\":\"https:\/\/www.guineeline.net\/#website\",\"url\":\"https:\/\/www.guineeline.net\/\",\"name\":\"Guineeline\",\"description\":\"L&#039;information en un clic\",\"potentialAction\":[{\"@type\":\"SearchAction\",\"target\":{\"@type\":\"EntryPoint\",\"urlTemplate\":\"https:\/\/www.guineeline.net\/?s={search_term_string}\"},\"query-input\":{\"@type\":\"PropertyValueSpecification\",\"valueRequired\":true,\"valueName\":\"search_term_string\"}}],\"inLanguage\":\"fr-FR\"},{\"@type\":\"Person\",\"@id\":\"https:\/\/www.guineeline.net\/#\/schema\/person\/f5914e0a4c56cc8f4aa0922cc547a390\",\"name\":\"Guineeline\",\"image\":{\"@type\":\"ImageObject\",\"inLanguage\":\"fr-FR\",\"@id\":\"https:\/\/www.guineeline.net\/#\/schema\/person\/image\/\",\"url\":\"https:\/\/secure.gravatar.com\/avatar\/432ce140236c408fa05ea28acd193ba03163acdd0efbe444c1c44957b8a29a2a?s=96&d=mm&r=g\",\"contentUrl\":\"https:\/\/secure.gravatar.com\/avatar\/432ce140236c408fa05ea28acd193ba03163acdd0efbe444c1c44957b8a29a2a?s=96&d=mm&r=g\",\"caption\":\"Guineeline\"},\"url\":\"https:\/\/www.guineeline.net\/index.php\/author\/admin\/\"}]}<\/script>\n<!-- \/ Yoast SEO plugin. -->","yoast_head_json":{"title":"COP-28 \u00e0 Duba\u00ef : l\u2019op\u00e9rationnalisation du fonds sur les pertes et dommages climatiques en d\u00e9bat au sein du groupe de n\u00e9gociateurs - Guineeline","robots":{"index":"index","follow":"follow","max-snippet":"max-snippet:-1","max-image-preview":"max-image-preview:large","max-video-preview":"max-video-preview:-1"},"canonical":"https:\/\/www.guineeline.net\/index.php\/2023\/12\/05\/cop-28-a-dubai-creation-dun-fonds-pour-la-compensation-des-pertes-et-dommages-climatiques\/","og_locale":"fr_FR","og_type":"article","og_title":"COP-28 \u00e0 Duba\u00ef : l\u2019op\u00e9rationnalisation du fonds sur les pertes et dommages climatiques en d\u00e9bat au sein du groupe de n\u00e9gociateurs - Guineeline","og_description":"La conf\u00e9rence des parties sur le climat rassemble divers acteurs qui viennent discuter des enjeux climatiques de leurs pays respectifs. Mais aussi de trouver des solutions collectives pour lutter contre les impacts majeurs li\u00e9s au d\u00e9r\u00e8glement climatique. Pour Alpha Oumar Kalloga n\u00e9gociateur en chef et porte-parole du groupe africain sur les questions relatives aux pertes [&hellip;]","og_url":"https:\/\/www.guineeline.net\/index.php\/2023\/12\/05\/cop-28-a-dubai-creation-dun-fonds-pour-la-compensation-des-pertes-et-dommages-climatiques\/","og_site_name":"Guineeline","article_published_time":"2023-12-05T16:42:00+00:00","article_modified_time":"2023-12-05T21:33:38+00:00","og_image":[{"width":768,"height":1080,"url":"https:\/\/www.guineeline.net\/wp-content\/uploads\/2023\/12\/IMG-20231205-WA0030.jpg","type":"image\/jpeg"}],"author":"Guineeline","twitter_card":"summary_large_image","twitter_misc":{"\u00c9crit par":"Guineeline","Dur\u00e9e de lecture estim\u00e9e":"4 minutes"},"schema":{"@context":"https:\/\/schema.org","@graph":[{"@type":"Article","@id":"https:\/\/www.guineeline.net\/index.php\/2023\/12\/05\/cop-28-a-dubai-creation-dun-fonds-pour-la-compensation-des-pertes-et-dommages-climatiques\/#article","isPartOf":{"@id":"https:\/\/www.guineeline.net\/index.php\/2023\/12\/05\/cop-28-a-dubai-creation-dun-fonds-pour-la-compensation-des-pertes-et-dommages-climatiques\/"},"author":{"name":"Guineeline","@id":"https:\/\/www.guineeline.net\/#\/schema\/person\/f5914e0a4c56cc8f4aa0922cc547a390"},"headline":"COP-28 \u00e0 Duba\u00ef : l\u2019op\u00e9rationnalisation du fonds sur les pertes et dommages climatiques en d\u00e9bat au sein du groupe de n\u00e9gociateurs","datePublished":"2023-12-05T16:42:00+00:00","dateModified":"2023-12-05T21:33:38+00:00","mainEntityOfPage":{"@id":"https:\/\/www.guineeline.net\/index.php\/2023\/12\/05\/cop-28-a-dubai-creation-dun-fonds-pour-la-compensation-des-pertes-et-dommages-climatiques\/"},"wordCount":749,"commentCount":0,"image":{"@id":"https:\/\/www.guineeline.net\/index.php\/2023\/12\/05\/cop-28-a-dubai-creation-dun-fonds-pour-la-compensation-des-pertes-et-dommages-climatiques\/#primaryimage"},"thumbnailUrl":"https:\/\/www.guineeline.net\/wp-content\/uploads\/2023\/12\/IMG-20231205-WA0030.jpg","articleSection":["Actualit\u00e9s","Environnement"],"inLanguage":"fr-FR","potentialAction":[{"@type":"CommentAction","name":"Comment","target":["https:\/\/www.guineeline.net\/index.php\/2023\/12\/05\/cop-28-a-dubai-creation-dun-fonds-pour-la-compensation-des-pertes-et-dommages-climatiques\/#respond"]}]},{"@type":"WebPage","@id":"https:\/\/www.guineeline.net\/index.php\/2023\/12\/05\/cop-28-a-dubai-creation-dun-fonds-pour-la-compensation-des-pertes-et-dommages-climatiques\/","url":"https:\/\/www.guineeline.net\/index.php\/2023\/12\/05\/cop-28-a-dubai-creation-dun-fonds-pour-la-compensation-des-pertes-et-dommages-climatiques\/","name":"COP-28 \u00e0 Duba\u00ef : l\u2019op\u00e9rationnalisation du fonds sur les pertes et dommages climatiques en d\u00e9bat au sein du groupe de n\u00e9gociateurs - Guineeline","isPartOf":{"@id":"https:\/\/www.guineeline.net\/#website"},"primaryImageOfPage":{"@id":"https:\/\/www.guineeline.net\/index.php\/2023\/12\/05\/cop-28-a-dubai-creation-dun-fonds-pour-la-compensation-des-pertes-et-dommages-climatiques\/#primaryimage"},"image":{"@id":"https:\/\/www.guineeline.net\/index.php\/2023\/12\/05\/cop-28-a-dubai-creation-dun-fonds-pour-la-compensation-des-pertes-et-dommages-climatiques\/#primaryimage"},"thumbnailUrl":"https:\/\/www.guineeline.net\/wp-content\/uploads\/2023\/12\/IMG-20231205-WA0030.jpg","datePublished":"2023-12-05T16:42:00+00:00","dateModified":"2023-12-05T21:33:38+00:00","author":{"@id":"https:\/\/www.guineeline.net\/#\/schema\/person\/f5914e0a4c56cc8f4aa0922cc547a390"},"breadcrumb":{"@id":"https:\/\/www.guineeline.net\/index.php\/2023\/12\/05\/cop-28-a-dubai-creation-dun-fonds-pour-la-compensation-des-pertes-et-dommages-climatiques\/#breadcrumb"},"inLanguage":"fr-FR","potentialAction":[{"@type":"ReadAction","target":["https:\/\/www.guineeline.net\/index.php\/2023\/12\/05\/cop-28-a-dubai-creation-dun-fonds-pour-la-compensation-des-pertes-et-dommages-climatiques\/"]}]},{"@type":"ImageObject","inLanguage":"fr-FR","@id":"https:\/\/www.guineeline.net\/index.php\/2023\/12\/05\/cop-28-a-dubai-creation-dun-fonds-pour-la-compensation-des-pertes-et-dommages-climatiques\/#primaryimage","url":"https:\/\/www.guineeline.net\/wp-content\/uploads\/2023\/12\/IMG-20231205-WA0030.jpg","contentUrl":"https:\/\/www.guineeline.net\/wp-content\/uploads\/2023\/12\/IMG-20231205-WA0030.jpg","width":768,"height":1080},{"@type":"BreadcrumbList","@id":"https:\/\/www.guineeline.net\/index.php\/2023\/12\/05\/cop-28-a-dubai-creation-dun-fonds-pour-la-compensation-des-pertes-et-dommages-climatiques\/#breadcrumb","itemListElement":[{"@type":"ListItem","position":1,"name":"Accueil","item":"https:\/\/www.guineeline.net\/"},{"@type":"ListItem","position":2,"name":"COP-28 \u00e0 Duba\u00ef : l\u2019op\u00e9rationnalisation du fonds sur les pertes et dommages climatiques en d\u00e9bat au sein du groupe de n\u00e9gociateurs"}]},{"@type":"WebSite","@id":"https:\/\/www.guineeline.net\/#website","url":"https:\/\/www.guineeline.net\/","name":"Guineeline","description":"L&#039;information en un clic","potentialAction":[{"@type":"SearchAction","target":{"@type":"EntryPoint","urlTemplate":"https:\/\/www.guineeline.net\/?s={search_term_string}"},"query-input":{"@type":"PropertyValueSpecification","valueRequired":true,"valueName":"search_term_string"}}],"inLanguage":"fr-FR"},{"@type":"Person","@id":"https:\/\/www.guineeline.net\/#\/schema\/person\/f5914e0a4c56cc8f4aa0922cc547a390","name":"Guineeline","image":{"@type":"ImageObject","inLanguage":"fr-FR","@id":"https:\/\/www.guineeline.net\/#\/schema\/person\/image\/","url":"https:\/\/secure.gravatar.com\/avatar\/432ce140236c408fa05ea28acd193ba03163acdd0efbe444c1c44957b8a29a2a?s=96&d=mm&r=g","contentUrl":"https:\/\/secure.gravatar.com\/avatar\/432ce140236c408fa05ea28acd193ba03163acdd0efbe444c1c44957b8a29a2a?s=96&d=mm&r=g","caption":"Guineeline"},"url":"https:\/\/www.guineeline.net\/index.php\/author\/admin\/"}]}},"_links":{"self":[{"href":"https:\/\/www.guineeline.net\/index.php\/wp-json\/wp\/v2\/posts\/1964","targetHints":{"allow":["GET"]}}],"collection":[{"href":"https:\/\/www.guineeline.net\/index.php\/wp-json\/wp\/v2\/posts"}],"about":[{"href":"https:\/\/www.guineeline.net\/index.php\/wp-json\/wp\/v2\/types\/post"}],"author":[{"embeddable":true,"href":"https:\/\/www.guineeline.net\/index.php\/wp-json\/wp\/v2\/users\/3"}],"replies":[{"embeddable":true,"href":"https:\/\/www.guineeline.net\/index.php\/wp-json\/wp\/v2\/comments?post=1964"}],"version-history":[{"count":7,"href":"https:\/\/www.guineeline.net\/index.php\/wp-json\/wp\/v2\/posts\/1964\/revisions"}],"predecessor-version":[{"id":1973,"href":"https:\/\/www.guineeline.net\/index.php\/wp-json\/wp\/v2\/posts\/1964\/revisions\/1973"}],"wp:featuredmedia":[{"embeddable":true,"href":"https:\/\/www.guineeline.net\/index.php\/wp-json\/wp\/v2\/media\/1966"}],"wp:attachment":[{"href":"https:\/\/www.guineeline.net\/index.php\/wp-json\/wp\/v2\/media?parent=1964"}],"wp:term":[{"taxonomy":"category","embeddable":true,"href":"https:\/\/www.guineeline.net\/index.php\/wp-json\/wp\/v2\/categories?post=1964"},{"taxonomy":"post_tag","embeddable":true,"href":"https:\/\/www.guineeline.net\/index.php\/wp-json\/wp\/v2\/tags?post=1964"}],"curies":[{"name":"wp","href":"https:\/\/api.w.org\/{rel}","templated":true}]}}