{"id":1947,"date":"2023-12-03T10:16:44","date_gmt":"2023-12-03T09:16:44","guid":{"rendered":"https:\/\/www.guineeline.net\/?p=1947"},"modified":"2023-12-03T10:16:44","modified_gmt":"2023-12-03T09:16:44","slug":"cop-28-un-point-sur-lagriculture-et-lalimentation","status":"publish","type":"post","link":"https:\/\/www.guineeline.net\/index.php\/2023\/12\/03\/cop-28-un-point-sur-lagriculture-et-lalimentation\/","title":{"rendered":"COP-28\u00a0: un point sur l\u2019agriculture et l\u2019alimentation"},"content":{"rendered":"<p>L&rsquo;agriculture et la s\u00e9curit\u00e9 alimentaire ont occup\u00e9 une place importante lors de la Conf\u00e9rence des Nations-Unies sur les changements climatiques (COP-27) \u00e0 Charm el-Cheikh. Depuis lors, les gouvernements s&rsquo;efforcent \u00e0 intensifier les mesures de r\u00e9duction des \u00e9missions de gaz \u00e0 effet de serre et d&rsquo;adaptation aux changements climatiques dans leur secteur agricole. Les Emirats Arabes Unis pays h\u00f4te de la conf\u00e9rence des parties sur le climat (COP28) a fait signer par 134 pays parmi lesquels la Chine, le Br\u00e9sil, les \u00c9tats-Unis et les vingt-sept \u00c9tats membre de l\u2019Union europ\u00e9enne un engagement \u00e0 inclure l\u2019agriculture et l\u2019alimentation dans leurs plans climat d\u2019ici \u00e0 2025.<br \/>\nLe secteur agricole mondial est de plus en plus expos\u00e9 aux changements climatiques. Leurs impacts sur la s\u00e9curit\u00e9 alimentaire sont nombreuses dans le monde mais particuli\u00e8rement dans les pays en d\u00e9veloppement. Ces impacts se caract\u00e9risent par la hausse des temp\u00e9ratures, les vagues de chaleur, les s\u00e9cheresses, les inondations, les modifications du r\u00e9gime des pr\u00e9cipitations et les \u00e9v\u00e9nements extr\u00eames affectent l&rsquo;agriculture plus que tout autre secteur.<\/p>\n<p><strong>Ins\u00e9curit\u00e9 alimentaire en Afrique, quelles solutions ?<\/strong><br \/>\nDans la Corne de l&rsquo;Afrique et au Sahel, des millions d&rsquo;enfants souffrent de malnutrition et d&rsquo;\u00e9maciation s\u00e9v\u00e8re. Pourtant pr\u00e8s de 65 \u00e0 70 % de la population vit de l&rsquo;agriculture, de l&rsquo;\u00e9levage ou de la p\u00eache. De quoi rappeler que le potentiel de souverainet\u00e9 alimentaire est l\u00e0. Cependant des facteurs comme le changement climatique constitue un risque majeur pour parvenir \u00e0 une autosuffisance alimentaire pour l\u2019Afrique.<\/p>\n<p><img fetchpriority=\"high\" decoding=\"async\" class=\"alignnone size-medium wp-image-1949\" src=\"https:\/\/www.guineeline.net\/wp-content\/uploads\/2023\/12\/IMG-20231202-WA0011-300x225.jpg\" alt=\"\" width=\"300\" height=\"225\" srcset=\"https:\/\/www.guineeline.net\/wp-content\/uploads\/2023\/12\/IMG-20231202-WA0011-300x225.jpg 300w, https:\/\/www.guineeline.net\/wp-content\/uploads\/2023\/12\/IMG-20231202-WA0011-1024x768.jpg 1024w, https:\/\/www.guineeline.net\/wp-content\/uploads\/2023\/12\/IMG-20231202-WA0011-768x576.jpg 768w, https:\/\/www.guineeline.net\/wp-content\/uploads\/2023\/12\/IMG-20231202-WA0011-750x563.jpg 750w, https:\/\/www.guineeline.net\/wp-content\/uploads\/2023\/12\/IMG-20231202-WA0011.jpg 1080w\" sizes=\"(max-width: 300px) 100vw, 300px\" \/><br \/>\nPr\u00e9sent \u00e0 la 28\u00e8me Conf\u00e9rence des Parties sur le climat (COP28) Emmerson Mnangagwa le Pr\u00e9sident Zimbabw\u00e9en est revenu sur les exp\u00e9riences de son pays sur l\u2019agriculture intelligente. Elle consiste \u00e0 combiner diverses m\u00e9thodes durables pour relever les d\u00e9fis climatiques sp\u00e9cifiques. <strong><em>&lt;&lt; Je penses que le Zimbabwe est d\u00e9j\u00e0 en avance sur cette question de s\u00e9curit\u00e9 alimentaire. Nous avons commenc\u00e9 \u00e0 exp\u00e9rimenter \u00e0 l\u2019\u00e9chelle des villages et ensuite nous avons trouv\u00e9 des reformes juridiques et institutionnelles pour vraiment permettre \u00e0 tous les acteurs de mieux s\u2019impliquer.&gt;&gt;<\/em><\/strong>\u00e0 expliqu\u00e9 le Pr\u00e9sident Mnangagwa. Il ajoute <strong><em>&lt;&lt;Il faut rappeler que nous avons m\u00eame un syst\u00e8me de monitoring qui permet aux producteurs de mieux s\u2019informer quant \u00e0 l\u2019utilisation des terres pour une meilleure productivit\u00e9. &gt;&gt;<\/em><\/strong><br \/>\nEn conclusion, le pr\u00e9sident Emerson Mnangagwa du Zimbabwe interpelle <strong><em>&lt;&lt;L\u2019Afrique dans sa globalit\u00e9 peut faire face \u00e0 l\u2019ins\u00e9curit\u00e9 alimentaire si et seulement si de bonne politique agricole sont mises en place pour construire un avenir durable et plus \u00e9cologique.&gt;&gt; <\/em><\/strong>souhaite le chef de l&rsquo;\u00c9tat\u00a0 Zimbabw\u00e9en<\/p>\n<p style=\"text-align: right;\">Idiatou Souar\u00e9 \u00e0 la COP-28 pour www.guineeline.net<\/p>\n","protected":false},"excerpt":{"rendered":"<p>L&rsquo;agriculture et la s\u00e9curit\u00e9 alimentaire ont occup\u00e9 une place importante lors de la Conf\u00e9rence des Nations-Unies sur les changements climatiques (COP-27) \u00e0 Charm el-Cheikh. Depuis lors, les gouvernements s&rsquo;efforcent \u00e0 intensifier les mesures de r\u00e9duction des \u00e9missions de gaz \u00e0 effet de serre et d&rsquo;adaptation aux changements climatiques dans leur secteur agricole. Les Emirats Arabes [&hellip;]<\/p>\n","protected":false},"author":3,"featured_media":1948,"comment_status":"open","ping_status":"open","sticky":false,"template":"","format":"standard","meta":{"jnews-multi-image_gallery":[],"jnews_single_post":{"subtitle":"","format":"standard","video":"","gallery":"","source_name":"","source_url":"","via_name":"","via_url":"","override":[{"single_blog_custom":"","sidebar":"","second_sidebar":"","share_position":"","share_float_style":"","post_date_format":"","post_date_format_custom":"","number_popup_post":"1"}],"image_override":[{"single_post_thumbnail_size":"","single_post_gallery_size":""}],"trending_post_position":"","trending_post_label":""},"jnews_primary_category":{"id":""},"jnews_override_counter":{"view_counter_number":"0","share_counter_number":"0","like_counter_number":"0","dislike_counter_number":"0"},"footnotes":""},"categories":[2,21,19],"tags":[],"class_list":["post-1947","post","type-post","status-publish","format-standard","has-post-thumbnail","hentry","category-actualites","category-agriculture","category-environnement"],"yoast_head":"<!-- This site is optimized with the Yoast SEO plugin v26.9 - https:\/\/yoast.com\/product\/yoast-seo-wordpress\/ -->\n<title>COP-28\u00a0: un point sur l\u2019agriculture et l\u2019alimentation - Guineeline<\/title>\n<meta name=\"robots\" content=\"index, follow, max-snippet:-1, max-image-preview:large, max-video-preview:-1\" \/>\n<link rel=\"canonical\" href=\"https:\/\/www.guineeline.net\/index.php\/2023\/12\/03\/cop-28-un-point-sur-lagriculture-et-lalimentation\/\" \/>\n<meta property=\"og:locale\" content=\"fr_FR\" \/>\n<meta property=\"og:type\" content=\"article\" \/>\n<meta property=\"og:title\" content=\"COP-28\u00a0: un point sur l\u2019agriculture et l\u2019alimentation - Guineeline\" \/>\n<meta property=\"og:description\" content=\"L&rsquo;agriculture et la s\u00e9curit\u00e9 alimentaire ont occup\u00e9 une place importante lors de la Conf\u00e9rence des Nations-Unies sur les changements climatiques (COP-27) \u00e0 Charm el-Cheikh. Depuis lors, les gouvernements s&rsquo;efforcent \u00e0 intensifier les mesures de r\u00e9duction des \u00e9missions de gaz \u00e0 effet de serre et d&rsquo;adaptation aux changements climatiques dans leur secteur agricole. Les Emirats Arabes [&hellip;]\" \/>\n<meta property=\"og:url\" content=\"https:\/\/www.guineeline.net\/index.php\/2023\/12\/03\/cop-28-un-point-sur-lagriculture-et-lalimentation\/\" \/>\n<meta property=\"og:site_name\" content=\"Guineeline\" \/>\n<meta property=\"article:published_time\" content=\"2023-12-03T09:16:44+00:00\" \/>\n<meta property=\"og:image\" content=\"https:\/\/www.guineeline.net\/wp-content\/uploads\/2023\/12\/IMG-20231202-WA0010.jpg\" \/>\n\t<meta property=\"og:image:width\" content=\"1080\" \/>\n\t<meta property=\"og:image:height\" content=\"810\" \/>\n\t<meta property=\"og:image:type\" content=\"image\/jpeg\" \/>\n<meta name=\"author\" content=\"Guineeline\" \/>\n<meta name=\"twitter:card\" content=\"summary_large_image\" \/>\n<meta name=\"twitter:label1\" content=\"\u00c9crit par\" \/>\n\t<meta name=\"twitter:data1\" content=\"Guineeline\" \/>\n\t<meta name=\"twitter:label2\" content=\"Dur\u00e9e de lecture estim\u00e9e\" \/>\n\t<meta name=\"twitter:data2\" content=\"2 minutes\" \/>\n<script type=\"application\/ld+json\" class=\"yoast-schema-graph\">{\"@context\":\"https:\/\/schema.org\",\"@graph\":[{\"@type\":\"Article\",\"@id\":\"https:\/\/www.guineeline.net\/index.php\/2023\/12\/03\/cop-28-un-point-sur-lagriculture-et-lalimentation\/#article\",\"isPartOf\":{\"@id\":\"https:\/\/www.guineeline.net\/index.php\/2023\/12\/03\/cop-28-un-point-sur-lagriculture-et-lalimentation\/\"},\"author\":{\"name\":\"Guineeline\",\"@id\":\"https:\/\/www.guineeline.net\/#\/schema\/person\/f5914e0a4c56cc8f4aa0922cc547a390\"},\"headline\":\"COP-28\u00a0: un point sur l\u2019agriculture et l\u2019alimentation\",\"datePublished\":\"2023-12-03T09:16:44+00:00\",\"mainEntityOfPage\":{\"@id\":\"https:\/\/www.guineeline.net\/index.php\/2023\/12\/03\/cop-28-un-point-sur-lagriculture-et-lalimentation\/\"},\"wordCount\":473,\"commentCount\":0,\"image\":{\"@id\":\"https:\/\/www.guineeline.net\/index.php\/2023\/12\/03\/cop-28-un-point-sur-lagriculture-et-lalimentation\/#primaryimage\"},\"thumbnailUrl\":\"https:\/\/www.guineeline.net\/wp-content\/uploads\/2023\/12\/IMG-20231202-WA0010.jpg\",\"articleSection\":[\"Actualit\u00e9s\",\"Agriculture\",\"Environnement\"],\"inLanguage\":\"fr-FR\",\"potentialAction\":[{\"@type\":\"CommentAction\",\"name\":\"Comment\",\"target\":[\"https:\/\/www.guineeline.net\/index.php\/2023\/12\/03\/cop-28-un-point-sur-lagriculture-et-lalimentation\/#respond\"]}]},{\"@type\":\"WebPage\",\"@id\":\"https:\/\/www.guineeline.net\/index.php\/2023\/12\/03\/cop-28-un-point-sur-lagriculture-et-lalimentation\/\",\"url\":\"https:\/\/www.guineeline.net\/index.php\/2023\/12\/03\/cop-28-un-point-sur-lagriculture-et-lalimentation\/\",\"name\":\"COP-28\u00a0: un point sur l\u2019agriculture et l\u2019alimentation - Guineeline\",\"isPartOf\":{\"@id\":\"https:\/\/www.guineeline.net\/#website\"},\"primaryImageOfPage\":{\"@id\":\"https:\/\/www.guineeline.net\/index.php\/2023\/12\/03\/cop-28-un-point-sur-lagriculture-et-lalimentation\/#primaryimage\"},\"image\":{\"@id\":\"https:\/\/www.guineeline.net\/index.php\/2023\/12\/03\/cop-28-un-point-sur-lagriculture-et-lalimentation\/#primaryimage\"},\"thumbnailUrl\":\"https:\/\/www.guineeline.net\/wp-content\/uploads\/2023\/12\/IMG-20231202-WA0010.jpg\",\"datePublished\":\"2023-12-03T09:16:44+00:00\",\"author\":{\"@id\":\"https:\/\/www.guineeline.net\/#\/schema\/person\/f5914e0a4c56cc8f4aa0922cc547a390\"},\"breadcrumb\":{\"@id\":\"https:\/\/www.guineeline.net\/index.php\/2023\/12\/03\/cop-28-un-point-sur-lagriculture-et-lalimentation\/#breadcrumb\"},\"inLanguage\":\"fr-FR\",\"potentialAction\":[{\"@type\":\"ReadAction\",\"target\":[\"https:\/\/www.guineeline.net\/index.php\/2023\/12\/03\/cop-28-un-point-sur-lagriculture-et-lalimentation\/\"]}]},{\"@type\":\"ImageObject\",\"inLanguage\":\"fr-FR\",\"@id\":\"https:\/\/www.guineeline.net\/index.php\/2023\/12\/03\/cop-28-un-point-sur-lagriculture-et-lalimentation\/#primaryimage\",\"url\":\"https:\/\/www.guineeline.net\/wp-content\/uploads\/2023\/12\/IMG-20231202-WA0010.jpg\",\"contentUrl\":\"https:\/\/www.guineeline.net\/wp-content\/uploads\/2023\/12\/IMG-20231202-WA0010.jpg\",\"width\":1080,\"height\":810},{\"@type\":\"BreadcrumbList\",\"@id\":\"https:\/\/www.guineeline.net\/index.php\/2023\/12\/03\/cop-28-un-point-sur-lagriculture-et-lalimentation\/#breadcrumb\",\"itemListElement\":[{\"@type\":\"ListItem\",\"position\":1,\"name\":\"Accueil\",\"item\":\"https:\/\/www.guineeline.net\/\"},{\"@type\":\"ListItem\",\"position\":2,\"name\":\"COP-28\u00a0: un point sur l\u2019agriculture et l\u2019alimentation\"}]},{\"@type\":\"WebSite\",\"@id\":\"https:\/\/www.guineeline.net\/#website\",\"url\":\"https:\/\/www.guineeline.net\/\",\"name\":\"Guineeline\",\"description\":\"L&#039;information en un clic\",\"potentialAction\":[{\"@type\":\"SearchAction\",\"target\":{\"@type\":\"EntryPoint\",\"urlTemplate\":\"https:\/\/www.guineeline.net\/?s={search_term_string}\"},\"query-input\":{\"@type\":\"PropertyValueSpecification\",\"valueRequired\":true,\"valueName\":\"search_term_string\"}}],\"inLanguage\":\"fr-FR\"},{\"@type\":\"Person\",\"@id\":\"https:\/\/www.guineeline.net\/#\/schema\/person\/f5914e0a4c56cc8f4aa0922cc547a390\",\"name\":\"Guineeline\",\"image\":{\"@type\":\"ImageObject\",\"inLanguage\":\"fr-FR\",\"@id\":\"https:\/\/www.guineeline.net\/#\/schema\/person\/image\/\",\"url\":\"https:\/\/secure.gravatar.com\/avatar\/432ce140236c408fa05ea28acd193ba03163acdd0efbe444c1c44957b8a29a2a?s=96&d=mm&r=g\",\"contentUrl\":\"https:\/\/secure.gravatar.com\/avatar\/432ce140236c408fa05ea28acd193ba03163acdd0efbe444c1c44957b8a29a2a?s=96&d=mm&r=g\",\"caption\":\"Guineeline\"},\"url\":\"https:\/\/www.guineeline.net\/index.php\/author\/admin\/\"}]}<\/script>\n<!-- \/ Yoast SEO plugin. -->","yoast_head_json":{"title":"COP-28\u00a0: un point sur l\u2019agriculture et l\u2019alimentation - Guineeline","robots":{"index":"index","follow":"follow","max-snippet":"max-snippet:-1","max-image-preview":"max-image-preview:large","max-video-preview":"max-video-preview:-1"},"canonical":"https:\/\/www.guineeline.net\/index.php\/2023\/12\/03\/cop-28-un-point-sur-lagriculture-et-lalimentation\/","og_locale":"fr_FR","og_type":"article","og_title":"COP-28\u00a0: un point sur l\u2019agriculture et l\u2019alimentation - Guineeline","og_description":"L&rsquo;agriculture et la s\u00e9curit\u00e9 alimentaire ont occup\u00e9 une place importante lors de la Conf\u00e9rence des Nations-Unies sur les changements climatiques (COP-27) \u00e0 Charm el-Cheikh. Depuis lors, les gouvernements s&rsquo;efforcent \u00e0 intensifier les mesures de r\u00e9duction des \u00e9missions de gaz \u00e0 effet de serre et d&rsquo;adaptation aux changements climatiques dans leur secteur agricole. Les Emirats Arabes [&hellip;]","og_url":"https:\/\/www.guineeline.net\/index.php\/2023\/12\/03\/cop-28-un-point-sur-lagriculture-et-lalimentation\/","og_site_name":"Guineeline","article_published_time":"2023-12-03T09:16:44+00:00","og_image":[{"width":1080,"height":810,"url":"https:\/\/www.guineeline.net\/wp-content\/uploads\/2023\/12\/IMG-20231202-WA0010.jpg","type":"image\/jpeg"}],"author":"Guineeline","twitter_card":"summary_large_image","twitter_misc":{"\u00c9crit par":"Guineeline","Dur\u00e9e de lecture estim\u00e9e":"2 minutes"},"schema":{"@context":"https:\/\/schema.org","@graph":[{"@type":"Article","@id":"https:\/\/www.guineeline.net\/index.php\/2023\/12\/03\/cop-28-un-point-sur-lagriculture-et-lalimentation\/#article","isPartOf":{"@id":"https:\/\/www.guineeline.net\/index.php\/2023\/12\/03\/cop-28-un-point-sur-lagriculture-et-lalimentation\/"},"author":{"name":"Guineeline","@id":"https:\/\/www.guineeline.net\/#\/schema\/person\/f5914e0a4c56cc8f4aa0922cc547a390"},"headline":"COP-28\u00a0: un point sur l\u2019agriculture et l\u2019alimentation","datePublished":"2023-12-03T09:16:44+00:00","mainEntityOfPage":{"@id":"https:\/\/www.guineeline.net\/index.php\/2023\/12\/03\/cop-28-un-point-sur-lagriculture-et-lalimentation\/"},"wordCount":473,"commentCount":0,"image":{"@id":"https:\/\/www.guineeline.net\/index.php\/2023\/12\/03\/cop-28-un-point-sur-lagriculture-et-lalimentation\/#primaryimage"},"thumbnailUrl":"https:\/\/www.guineeline.net\/wp-content\/uploads\/2023\/12\/IMG-20231202-WA0010.jpg","articleSection":["Actualit\u00e9s","Agriculture","Environnement"],"inLanguage":"fr-FR","potentialAction":[{"@type":"CommentAction","name":"Comment","target":["https:\/\/www.guineeline.net\/index.php\/2023\/12\/03\/cop-28-un-point-sur-lagriculture-et-lalimentation\/#respond"]}]},{"@type":"WebPage","@id":"https:\/\/www.guineeline.net\/index.php\/2023\/12\/03\/cop-28-un-point-sur-lagriculture-et-lalimentation\/","url":"https:\/\/www.guineeline.net\/index.php\/2023\/12\/03\/cop-28-un-point-sur-lagriculture-et-lalimentation\/","name":"COP-28\u00a0: un point sur l\u2019agriculture et l\u2019alimentation - Guineeline","isPartOf":{"@id":"https:\/\/www.guineeline.net\/#website"},"primaryImageOfPage":{"@id":"https:\/\/www.guineeline.net\/index.php\/2023\/12\/03\/cop-28-un-point-sur-lagriculture-et-lalimentation\/#primaryimage"},"image":{"@id":"https:\/\/www.guineeline.net\/index.php\/2023\/12\/03\/cop-28-un-point-sur-lagriculture-et-lalimentation\/#primaryimage"},"thumbnailUrl":"https:\/\/www.guineeline.net\/wp-content\/uploads\/2023\/12\/IMG-20231202-WA0010.jpg","datePublished":"2023-12-03T09:16:44+00:00","author":{"@id":"https:\/\/www.guineeline.net\/#\/schema\/person\/f5914e0a4c56cc8f4aa0922cc547a390"},"breadcrumb":{"@id":"https:\/\/www.guineeline.net\/index.php\/2023\/12\/03\/cop-28-un-point-sur-lagriculture-et-lalimentation\/#breadcrumb"},"inLanguage":"fr-FR","potentialAction":[{"@type":"ReadAction","target":["https:\/\/www.guineeline.net\/index.php\/2023\/12\/03\/cop-28-un-point-sur-lagriculture-et-lalimentation\/"]}]},{"@type":"ImageObject","inLanguage":"fr-FR","@id":"https:\/\/www.guineeline.net\/index.php\/2023\/12\/03\/cop-28-un-point-sur-lagriculture-et-lalimentation\/#primaryimage","url":"https:\/\/www.guineeline.net\/wp-content\/uploads\/2023\/12\/IMG-20231202-WA0010.jpg","contentUrl":"https:\/\/www.guineeline.net\/wp-content\/uploads\/2023\/12\/IMG-20231202-WA0010.jpg","width":1080,"height":810},{"@type":"BreadcrumbList","@id":"https:\/\/www.guineeline.net\/index.php\/2023\/12\/03\/cop-28-un-point-sur-lagriculture-et-lalimentation\/#breadcrumb","itemListElement":[{"@type":"ListItem","position":1,"name":"Accueil","item":"https:\/\/www.guineeline.net\/"},{"@type":"ListItem","position":2,"name":"COP-28\u00a0: un point sur l\u2019agriculture et l\u2019alimentation"}]},{"@type":"WebSite","@id":"https:\/\/www.guineeline.net\/#website","url":"https:\/\/www.guineeline.net\/","name":"Guineeline","description":"L&#039;information en un clic","potentialAction":[{"@type":"SearchAction","target":{"@type":"EntryPoint","urlTemplate":"https:\/\/www.guineeline.net\/?s={search_term_string}"},"query-input":{"@type":"PropertyValueSpecification","valueRequired":true,"valueName":"search_term_string"}}],"inLanguage":"fr-FR"},{"@type":"Person","@id":"https:\/\/www.guineeline.net\/#\/schema\/person\/f5914e0a4c56cc8f4aa0922cc547a390","name":"Guineeline","image":{"@type":"ImageObject","inLanguage":"fr-FR","@id":"https:\/\/www.guineeline.net\/#\/schema\/person\/image\/","url":"https:\/\/secure.gravatar.com\/avatar\/432ce140236c408fa05ea28acd193ba03163acdd0efbe444c1c44957b8a29a2a?s=96&d=mm&r=g","contentUrl":"https:\/\/secure.gravatar.com\/avatar\/432ce140236c408fa05ea28acd193ba03163acdd0efbe444c1c44957b8a29a2a?s=96&d=mm&r=g","caption":"Guineeline"},"url":"https:\/\/www.guineeline.net\/index.php\/author\/admin\/"}]}},"_links":{"self":[{"href":"https:\/\/www.guineeline.net\/index.php\/wp-json\/wp\/v2\/posts\/1947","targetHints":{"allow":["GET"]}}],"collection":[{"href":"https:\/\/www.guineeline.net\/index.php\/wp-json\/wp\/v2\/posts"}],"about":[{"href":"https:\/\/www.guineeline.net\/index.php\/wp-json\/wp\/v2\/types\/post"}],"author":[{"embeddable":true,"href":"https:\/\/www.guineeline.net\/index.php\/wp-json\/wp\/v2\/users\/3"}],"replies":[{"embeddable":true,"href":"https:\/\/www.guineeline.net\/index.php\/wp-json\/wp\/v2\/comments?post=1947"}],"version-history":[{"count":1,"href":"https:\/\/www.guineeline.net\/index.php\/wp-json\/wp\/v2\/posts\/1947\/revisions"}],"predecessor-version":[{"id":1950,"href":"https:\/\/www.guineeline.net\/index.php\/wp-json\/wp\/v2\/posts\/1947\/revisions\/1950"}],"wp:featuredmedia":[{"embeddable":true,"href":"https:\/\/www.guineeline.net\/index.php\/wp-json\/wp\/v2\/media\/1948"}],"wp:attachment":[{"href":"https:\/\/www.guineeline.net\/index.php\/wp-json\/wp\/v2\/media?parent=1947"}],"wp:term":[{"taxonomy":"category","embeddable":true,"href":"https:\/\/www.guineeline.net\/index.php\/wp-json\/wp\/v2\/categories?post=1947"},{"taxonomy":"post_tag","embeddable":true,"href":"https:\/\/www.guineeline.net\/index.php\/wp-json\/wp\/v2\/tags?post=1947"}],"curies":[{"name":"wp","href":"https:\/\/api.w.org\/{rel}","templated":true}]}}