{"id":1932,"date":"2023-12-02T00:42:55","date_gmt":"2023-12-01T23:42:55","guid":{"rendered":"https:\/\/www.guineeline.net\/?p=1932"},"modified":"2023-12-02T15:49:28","modified_gmt":"2023-12-02T14:49:28","slug":"cop-28-lafrique-et-ses-engagements-determines-au-niveau-national-le-cas-du-burkina-faso","status":"publish","type":"post","link":"https:\/\/www.guineeline.net\/index.php\/2023\/12\/02\/cop-28-lafrique-et-ses-engagements-determines-au-niveau-national-le-cas-du-burkina-faso\/","title":{"rendered":"COP-28 : l\u2019Afrique et ses engagements d\u00e9termin\u00e9s au niveau national, le cas du Burkina Faso\u00a0"},"content":{"rendered":"<p>Selon Hubert Sebego chef de d\u00e9partement \u00e9nergie<em><strong> \u00ab\u00a0le Burkina Fasso a amorc\u00e9 une transition \u00e9nerg\u00e9tique depuis 2016\u00a0\u00bb <\/strong><\/em><\/p>\n<p>Il a d&rsquo;abord \u00e9t\u00e9 question de volont\u00e9 politique dans cette d\u00e9marche <em><strong>\u00ab nous avons donc mis en place une politique sectorielle de l\u2019\u00e9nergie qui s&rsquo;est orienter essentiellement vers les \u00e9nergies renouvelables de cette politique.\u00bb. C<\/strong><\/em>e qui a conduit \u00e0 une loi actuellement en cours <strong><em>\u00ab Une loi de r\u00e9glementation du secteur de l\u2019\u00e9nergie qui met l\u2019accent essentiellement sur les \u00e9nergies renouvelables.\u00bb<\/em><\/strong> La volont\u00e9 politique combin\u00e9e \u00e0 la loi, produit un effet escompt\u00e9 sur le terrain. <em><strong>\u00ab Nous avons r\u00e9alis\u00e9 une centrale solaire de 33mhz, actuellement nous sommes autour de 133 mghz en solaire. Ce qui d\u00e9montre notre engagement pour une transition \u00e9cologique\u00bb <\/strong><\/em>se r\u00e9jouit le chef de d\u00e9partement \u00e9nergie du Burkina Faso.<\/p>\n<p>Pour lui, il y a une chose \u00e0 prendre en compte sur le chemin vers les \u00e9nergies renouvelables<strong><em> \u00abnous ne pouvons pas aller compl\u00e8tement vers une effectivit\u00e9 sur les \u00e9nergies renouvelables et si on n\u2019y vas subitement \u00e7a va nous couter extr\u00eamement ch\u00e8re.\u00bb\u00a0<\/em> <\/strong>Monsieur Sebego pr\u00e9cise que l&rsquo;Afrique est dans un dilemme <strong><em>\u00abnous voulons aller vers les \u00e9nergies renouvelables mais il faut aussi construire l\u2019Afrique et je pense que la solution pour l\u2019Afrique c\u2019est un bon mixte \u00e9nerg\u00e9tique. Et le bon mixte \u00e9nerg\u00e9tique c\u2019est pas mauvais qu\u2019on y aille avec le Gaz et pourquoi pas avoir quelques centrales thermiques avec un bon rendement.\u00bb<\/em><\/strong> sugg\u00e8re Hubert Sebego du Burkina Faso.<\/p>\n<p>Idiatou Souar\u00e9 depuis Duba\u00ef pour la COP-28<\/p>\n","protected":false},"excerpt":{"rendered":"<p>Selon Hubert Sebego chef de d\u00e9partement \u00e9nergie \u00ab\u00a0le Burkina Fasso a amorc\u00e9 une transition \u00e9nerg\u00e9tique depuis 2016\u00a0\u00bb Il a d&rsquo;abord \u00e9t\u00e9 question de volont\u00e9 politique dans cette d\u00e9marche \u00ab nous avons donc mis en place une politique sectorielle de l\u2019\u00e9nergie qui s&rsquo;est orienter essentiellement vers les \u00e9nergies renouvelables de cette politique.\u00bb. Ce qui a conduit [&hellip;]<\/p>\n","protected":false},"author":3,"featured_media":1933,"comment_status":"open","ping_status":"open","sticky":false,"template":"","format":"standard","meta":{"jnews-multi-image_gallery":[],"jnews_single_post":{"subtitle":"","format":"standard","video":"","gallery":"","source_name":"","source_url":"","via_name":"","via_url":"","override":[{"single_blog_custom":"","sidebar":"","second_sidebar":"","share_position":"","share_float_style":"","post_date_format":"","post_date_format_custom":"","number_popup_post":"1"}],"image_override":[{"single_post_thumbnail_size":"","single_post_gallery_size":""}],"trending_post_position":"","trending_post_label":""},"jnews_primary_category":{"id":""},"jnews_override_counter":{"view_counter_number":"0","share_counter_number":"0","like_counter_number":"0","dislike_counter_number":"0"},"footnotes":""},"categories":[2,19],"tags":[],"class_list":["post-1932","post","type-post","status-publish","format-standard","has-post-thumbnail","hentry","category-actualites","category-environnement"],"yoast_head":"<!-- This site is optimized with the Yoast SEO plugin v26.9 - https:\/\/yoast.com\/product\/yoast-seo-wordpress\/ -->\n<title>COP-28 : l\u2019Afrique et ses engagements d\u00e9termin\u00e9s au niveau national, le cas du Burkina Faso\u00a0 - Guineeline<\/title>\n<meta name=\"robots\" content=\"index, follow, max-snippet:-1, max-image-preview:large, max-video-preview:-1\" \/>\n<link rel=\"canonical\" href=\"https:\/\/www.guineeline.net\/index.php\/2023\/12\/02\/cop-28-lafrique-et-ses-engagements-determines-au-niveau-national-le-cas-du-burkina-faso\/\" \/>\n<meta property=\"og:locale\" content=\"fr_FR\" \/>\n<meta property=\"og:type\" content=\"article\" \/>\n<meta property=\"og:title\" content=\"COP-28 : l\u2019Afrique et ses engagements d\u00e9termin\u00e9s au niveau national, le cas du Burkina Faso\u00a0 - Guineeline\" \/>\n<meta property=\"og:description\" content=\"Selon Hubert Sebego chef de d\u00e9partement \u00e9nergie \u00ab\u00a0le Burkina Fasso a amorc\u00e9 une transition \u00e9nerg\u00e9tique depuis 2016\u00a0\u00bb Il a d&rsquo;abord \u00e9t\u00e9 question de volont\u00e9 politique dans cette d\u00e9marche \u00ab nous avons donc mis en place une politique sectorielle de l\u2019\u00e9nergie qui s&rsquo;est orienter essentiellement vers les \u00e9nergies renouvelables de cette politique.\u00bb. Ce qui a conduit [&hellip;]\" \/>\n<meta property=\"og:url\" content=\"https:\/\/www.guineeline.net\/index.php\/2023\/12\/02\/cop-28-lafrique-et-ses-engagements-determines-au-niveau-national-le-cas-du-burkina-faso\/\" \/>\n<meta property=\"og:site_name\" content=\"Guineeline\" \/>\n<meta property=\"article:published_time\" content=\"2023-12-01T23:42:55+00:00\" \/>\n<meta property=\"article:modified_time\" content=\"2023-12-02T14:49:28+00:00\" \/>\n<meta property=\"og:image\" content=\"https:\/\/www.guineeline.net\/wp-content\/uploads\/2023\/12\/IMG-20231201-WA0013.jpg\" \/>\n\t<meta property=\"og:image:width\" content=\"1080\" \/>\n\t<meta property=\"og:image:height\" content=\"810\" \/>\n\t<meta property=\"og:image:type\" content=\"image\/jpeg\" \/>\n<meta name=\"author\" content=\"Guineeline\" \/>\n<meta name=\"twitter:card\" content=\"summary_large_image\" \/>\n<meta name=\"twitter:label1\" content=\"\u00c9crit par\" \/>\n\t<meta name=\"twitter:data1\" content=\"Guineeline\" \/>\n\t<meta name=\"twitter:label2\" content=\"Dur\u00e9e de lecture estim\u00e9e\" \/>\n\t<meta name=\"twitter:data2\" content=\"1 minute\" \/>\n<script type=\"application\/ld+json\" class=\"yoast-schema-graph\">{\"@context\":\"https:\/\/schema.org\",\"@graph\":[{\"@type\":\"Article\",\"@id\":\"https:\/\/www.guineeline.net\/index.php\/2023\/12\/02\/cop-28-lafrique-et-ses-engagements-determines-au-niveau-national-le-cas-du-burkina-faso\/#article\",\"isPartOf\":{\"@id\":\"https:\/\/www.guineeline.net\/index.php\/2023\/12\/02\/cop-28-lafrique-et-ses-engagements-determines-au-niveau-national-le-cas-du-burkina-faso\/\"},\"author\":{\"name\":\"Guineeline\",\"@id\":\"https:\/\/www.guineeline.net\/#\/schema\/person\/f5914e0a4c56cc8f4aa0922cc547a390\"},\"headline\":\"COP-28 : l\u2019Afrique et ses engagements d\u00e9termin\u00e9s au niveau national, le cas du Burkina Faso\u00a0\",\"datePublished\":\"2023-12-01T23:42:55+00:00\",\"dateModified\":\"2023-12-02T14:49:28+00:00\",\"mainEntityOfPage\":{\"@id\":\"https:\/\/www.guineeline.net\/index.php\/2023\/12\/02\/cop-28-lafrique-et-ses-engagements-determines-au-niveau-national-le-cas-du-burkina-faso\/\"},\"wordCount\":283,\"commentCount\":0,\"image\":{\"@id\":\"https:\/\/www.guineeline.net\/index.php\/2023\/12\/02\/cop-28-lafrique-et-ses-engagements-determines-au-niveau-national-le-cas-du-burkina-faso\/#primaryimage\"},\"thumbnailUrl\":\"https:\/\/www.guineeline.net\/wp-content\/uploads\/2023\/12\/IMG-20231201-WA0013.jpg\",\"articleSection\":[\"Actualit\u00e9s\",\"Environnement\"],\"inLanguage\":\"fr-FR\",\"potentialAction\":[{\"@type\":\"CommentAction\",\"name\":\"Comment\",\"target\":[\"https:\/\/www.guineeline.net\/index.php\/2023\/12\/02\/cop-28-lafrique-et-ses-engagements-determines-au-niveau-national-le-cas-du-burkina-faso\/#respond\"]}]},{\"@type\":\"WebPage\",\"@id\":\"https:\/\/www.guineeline.net\/index.php\/2023\/12\/02\/cop-28-lafrique-et-ses-engagements-determines-au-niveau-national-le-cas-du-burkina-faso\/\",\"url\":\"https:\/\/www.guineeline.net\/index.php\/2023\/12\/02\/cop-28-lafrique-et-ses-engagements-determines-au-niveau-national-le-cas-du-burkina-faso\/\",\"name\":\"COP-28 : l\u2019Afrique et ses engagements d\u00e9termin\u00e9s au niveau national, le cas du Burkina Faso\u00a0 - Guineeline\",\"isPartOf\":{\"@id\":\"https:\/\/www.guineeline.net\/#website\"},\"primaryImageOfPage\":{\"@id\":\"https:\/\/www.guineeline.net\/index.php\/2023\/12\/02\/cop-28-lafrique-et-ses-engagements-determines-au-niveau-national-le-cas-du-burkina-faso\/#primaryimage\"},\"image\":{\"@id\":\"https:\/\/www.guineeline.net\/index.php\/2023\/12\/02\/cop-28-lafrique-et-ses-engagements-determines-au-niveau-national-le-cas-du-burkina-faso\/#primaryimage\"},\"thumbnailUrl\":\"https:\/\/www.guineeline.net\/wp-content\/uploads\/2023\/12\/IMG-20231201-WA0013.jpg\",\"datePublished\":\"2023-12-01T23:42:55+00:00\",\"dateModified\":\"2023-12-02T14:49:28+00:00\",\"author\":{\"@id\":\"https:\/\/www.guineeline.net\/#\/schema\/person\/f5914e0a4c56cc8f4aa0922cc547a390\"},\"breadcrumb\":{\"@id\":\"https:\/\/www.guineeline.net\/index.php\/2023\/12\/02\/cop-28-lafrique-et-ses-engagements-determines-au-niveau-national-le-cas-du-burkina-faso\/#breadcrumb\"},\"inLanguage\":\"fr-FR\",\"potentialAction\":[{\"@type\":\"ReadAction\",\"target\":[\"https:\/\/www.guineeline.net\/index.php\/2023\/12\/02\/cop-28-lafrique-et-ses-engagements-determines-au-niveau-national-le-cas-du-burkina-faso\/\"]}]},{\"@type\":\"ImageObject\",\"inLanguage\":\"fr-FR\",\"@id\":\"https:\/\/www.guineeline.net\/index.php\/2023\/12\/02\/cop-28-lafrique-et-ses-engagements-determines-au-niveau-national-le-cas-du-burkina-faso\/#primaryimage\",\"url\":\"https:\/\/www.guineeline.net\/wp-content\/uploads\/2023\/12\/IMG-20231201-WA0013.jpg\",\"contentUrl\":\"https:\/\/www.guineeline.net\/wp-content\/uploads\/2023\/12\/IMG-20231201-WA0013.jpg\",\"width\":1080,\"height\":810},{\"@type\":\"BreadcrumbList\",\"@id\":\"https:\/\/www.guineeline.net\/index.php\/2023\/12\/02\/cop-28-lafrique-et-ses-engagements-determines-au-niveau-national-le-cas-du-burkina-faso\/#breadcrumb\",\"itemListElement\":[{\"@type\":\"ListItem\",\"position\":1,\"name\":\"Accueil\",\"item\":\"https:\/\/www.guineeline.net\/\"},{\"@type\":\"ListItem\",\"position\":2,\"name\":\"COP-28 : l\u2019Afrique et ses engagements d\u00e9termin\u00e9s au niveau national, le cas du Burkina Faso\u00a0\"}]},{\"@type\":\"WebSite\",\"@id\":\"https:\/\/www.guineeline.net\/#website\",\"url\":\"https:\/\/www.guineeline.net\/\",\"name\":\"Guineeline\",\"description\":\"L&#039;information en un clic\",\"potentialAction\":[{\"@type\":\"SearchAction\",\"target\":{\"@type\":\"EntryPoint\",\"urlTemplate\":\"https:\/\/www.guineeline.net\/?s={search_term_string}\"},\"query-input\":{\"@type\":\"PropertyValueSpecification\",\"valueRequired\":true,\"valueName\":\"search_term_string\"}}],\"inLanguage\":\"fr-FR\"},{\"@type\":\"Person\",\"@id\":\"https:\/\/www.guineeline.net\/#\/schema\/person\/f5914e0a4c56cc8f4aa0922cc547a390\",\"name\":\"Guineeline\",\"image\":{\"@type\":\"ImageObject\",\"inLanguage\":\"fr-FR\",\"@id\":\"https:\/\/www.guineeline.net\/#\/schema\/person\/image\/\",\"url\":\"https:\/\/secure.gravatar.com\/avatar\/432ce140236c408fa05ea28acd193ba03163acdd0efbe444c1c44957b8a29a2a?s=96&d=mm&r=g\",\"contentUrl\":\"https:\/\/secure.gravatar.com\/avatar\/432ce140236c408fa05ea28acd193ba03163acdd0efbe444c1c44957b8a29a2a?s=96&d=mm&r=g\",\"caption\":\"Guineeline\"},\"url\":\"https:\/\/www.guineeline.net\/index.php\/author\/admin\/\"}]}<\/script>\n<!-- \/ Yoast SEO plugin. -->","yoast_head_json":{"title":"COP-28 : l\u2019Afrique et ses engagements d\u00e9termin\u00e9s au niveau national, le cas du Burkina Faso\u00a0 - Guineeline","robots":{"index":"index","follow":"follow","max-snippet":"max-snippet:-1","max-image-preview":"max-image-preview:large","max-video-preview":"max-video-preview:-1"},"canonical":"https:\/\/www.guineeline.net\/index.php\/2023\/12\/02\/cop-28-lafrique-et-ses-engagements-determines-au-niveau-national-le-cas-du-burkina-faso\/","og_locale":"fr_FR","og_type":"article","og_title":"COP-28 : l\u2019Afrique et ses engagements d\u00e9termin\u00e9s au niveau national, le cas du Burkina Faso\u00a0 - Guineeline","og_description":"Selon Hubert Sebego chef de d\u00e9partement \u00e9nergie \u00ab\u00a0le Burkina Fasso a amorc\u00e9 une transition \u00e9nerg\u00e9tique depuis 2016\u00a0\u00bb Il a d&rsquo;abord \u00e9t\u00e9 question de volont\u00e9 politique dans cette d\u00e9marche \u00ab nous avons donc mis en place une politique sectorielle de l\u2019\u00e9nergie qui s&rsquo;est orienter essentiellement vers les \u00e9nergies renouvelables de cette politique.\u00bb. Ce qui a conduit [&hellip;]","og_url":"https:\/\/www.guineeline.net\/index.php\/2023\/12\/02\/cop-28-lafrique-et-ses-engagements-determines-au-niveau-national-le-cas-du-burkina-faso\/","og_site_name":"Guineeline","article_published_time":"2023-12-01T23:42:55+00:00","article_modified_time":"2023-12-02T14:49:28+00:00","og_image":[{"width":1080,"height":810,"url":"https:\/\/www.guineeline.net\/wp-content\/uploads\/2023\/12\/IMG-20231201-WA0013.jpg","type":"image\/jpeg"}],"author":"Guineeline","twitter_card":"summary_large_image","twitter_misc":{"\u00c9crit par":"Guineeline","Dur\u00e9e de lecture estim\u00e9e":"1 minute"},"schema":{"@context":"https:\/\/schema.org","@graph":[{"@type":"Article","@id":"https:\/\/www.guineeline.net\/index.php\/2023\/12\/02\/cop-28-lafrique-et-ses-engagements-determines-au-niveau-national-le-cas-du-burkina-faso\/#article","isPartOf":{"@id":"https:\/\/www.guineeline.net\/index.php\/2023\/12\/02\/cop-28-lafrique-et-ses-engagements-determines-au-niveau-national-le-cas-du-burkina-faso\/"},"author":{"name":"Guineeline","@id":"https:\/\/www.guineeline.net\/#\/schema\/person\/f5914e0a4c56cc8f4aa0922cc547a390"},"headline":"COP-28 : l\u2019Afrique et ses engagements d\u00e9termin\u00e9s au niveau national, le cas du Burkina Faso\u00a0","datePublished":"2023-12-01T23:42:55+00:00","dateModified":"2023-12-02T14:49:28+00:00","mainEntityOfPage":{"@id":"https:\/\/www.guineeline.net\/index.php\/2023\/12\/02\/cop-28-lafrique-et-ses-engagements-determines-au-niveau-national-le-cas-du-burkina-faso\/"},"wordCount":283,"commentCount":0,"image":{"@id":"https:\/\/www.guineeline.net\/index.php\/2023\/12\/02\/cop-28-lafrique-et-ses-engagements-determines-au-niveau-national-le-cas-du-burkina-faso\/#primaryimage"},"thumbnailUrl":"https:\/\/www.guineeline.net\/wp-content\/uploads\/2023\/12\/IMG-20231201-WA0013.jpg","articleSection":["Actualit\u00e9s","Environnement"],"inLanguage":"fr-FR","potentialAction":[{"@type":"CommentAction","name":"Comment","target":["https:\/\/www.guineeline.net\/index.php\/2023\/12\/02\/cop-28-lafrique-et-ses-engagements-determines-au-niveau-national-le-cas-du-burkina-faso\/#respond"]}]},{"@type":"WebPage","@id":"https:\/\/www.guineeline.net\/index.php\/2023\/12\/02\/cop-28-lafrique-et-ses-engagements-determines-au-niveau-national-le-cas-du-burkina-faso\/","url":"https:\/\/www.guineeline.net\/index.php\/2023\/12\/02\/cop-28-lafrique-et-ses-engagements-determines-au-niveau-national-le-cas-du-burkina-faso\/","name":"COP-28 : l\u2019Afrique et ses engagements d\u00e9termin\u00e9s au niveau national, le cas du Burkina Faso\u00a0 - Guineeline","isPartOf":{"@id":"https:\/\/www.guineeline.net\/#website"},"primaryImageOfPage":{"@id":"https:\/\/www.guineeline.net\/index.php\/2023\/12\/02\/cop-28-lafrique-et-ses-engagements-determines-au-niveau-national-le-cas-du-burkina-faso\/#primaryimage"},"image":{"@id":"https:\/\/www.guineeline.net\/index.php\/2023\/12\/02\/cop-28-lafrique-et-ses-engagements-determines-au-niveau-national-le-cas-du-burkina-faso\/#primaryimage"},"thumbnailUrl":"https:\/\/www.guineeline.net\/wp-content\/uploads\/2023\/12\/IMG-20231201-WA0013.jpg","datePublished":"2023-12-01T23:42:55+00:00","dateModified":"2023-12-02T14:49:28+00:00","author":{"@id":"https:\/\/www.guineeline.net\/#\/schema\/person\/f5914e0a4c56cc8f4aa0922cc547a390"},"breadcrumb":{"@id":"https:\/\/www.guineeline.net\/index.php\/2023\/12\/02\/cop-28-lafrique-et-ses-engagements-determines-au-niveau-national-le-cas-du-burkina-faso\/#breadcrumb"},"inLanguage":"fr-FR","potentialAction":[{"@type":"ReadAction","target":["https:\/\/www.guineeline.net\/index.php\/2023\/12\/02\/cop-28-lafrique-et-ses-engagements-determines-au-niveau-national-le-cas-du-burkina-faso\/"]}]},{"@type":"ImageObject","inLanguage":"fr-FR","@id":"https:\/\/www.guineeline.net\/index.php\/2023\/12\/02\/cop-28-lafrique-et-ses-engagements-determines-au-niveau-national-le-cas-du-burkina-faso\/#primaryimage","url":"https:\/\/www.guineeline.net\/wp-content\/uploads\/2023\/12\/IMG-20231201-WA0013.jpg","contentUrl":"https:\/\/www.guineeline.net\/wp-content\/uploads\/2023\/12\/IMG-20231201-WA0013.jpg","width":1080,"height":810},{"@type":"BreadcrumbList","@id":"https:\/\/www.guineeline.net\/index.php\/2023\/12\/02\/cop-28-lafrique-et-ses-engagements-determines-au-niveau-national-le-cas-du-burkina-faso\/#breadcrumb","itemListElement":[{"@type":"ListItem","position":1,"name":"Accueil","item":"https:\/\/www.guineeline.net\/"},{"@type":"ListItem","position":2,"name":"COP-28 : l\u2019Afrique et ses engagements d\u00e9termin\u00e9s au niveau national, le cas du Burkina Faso\u00a0"}]},{"@type":"WebSite","@id":"https:\/\/www.guineeline.net\/#website","url":"https:\/\/www.guineeline.net\/","name":"Guineeline","description":"L&#039;information en un clic","potentialAction":[{"@type":"SearchAction","target":{"@type":"EntryPoint","urlTemplate":"https:\/\/www.guineeline.net\/?s={search_term_string}"},"query-input":{"@type":"PropertyValueSpecification","valueRequired":true,"valueName":"search_term_string"}}],"inLanguage":"fr-FR"},{"@type":"Person","@id":"https:\/\/www.guineeline.net\/#\/schema\/person\/f5914e0a4c56cc8f4aa0922cc547a390","name":"Guineeline","image":{"@type":"ImageObject","inLanguage":"fr-FR","@id":"https:\/\/www.guineeline.net\/#\/schema\/person\/image\/","url":"https:\/\/secure.gravatar.com\/avatar\/432ce140236c408fa05ea28acd193ba03163acdd0efbe444c1c44957b8a29a2a?s=96&d=mm&r=g","contentUrl":"https:\/\/secure.gravatar.com\/avatar\/432ce140236c408fa05ea28acd193ba03163acdd0efbe444c1c44957b8a29a2a?s=96&d=mm&r=g","caption":"Guineeline"},"url":"https:\/\/www.guineeline.net\/index.php\/author\/admin\/"}]}},"_links":{"self":[{"href":"https:\/\/www.guineeline.net\/index.php\/wp-json\/wp\/v2\/posts\/1932","targetHints":{"allow":["GET"]}}],"collection":[{"href":"https:\/\/www.guineeline.net\/index.php\/wp-json\/wp\/v2\/posts"}],"about":[{"href":"https:\/\/www.guineeline.net\/index.php\/wp-json\/wp\/v2\/types\/post"}],"author":[{"embeddable":true,"href":"https:\/\/www.guineeline.net\/index.php\/wp-json\/wp\/v2\/users\/3"}],"replies":[{"embeddable":true,"href":"https:\/\/www.guineeline.net\/index.php\/wp-json\/wp\/v2\/comments?post=1932"}],"version-history":[{"count":5,"href":"https:\/\/www.guineeline.net\/index.php\/wp-json\/wp\/v2\/posts\/1932\/revisions"}],"predecessor-version":[{"id":1946,"href":"https:\/\/www.guineeline.net\/index.php\/wp-json\/wp\/v2\/posts\/1932\/revisions\/1946"}],"wp:featuredmedia":[{"embeddable":true,"href":"https:\/\/www.guineeline.net\/index.php\/wp-json\/wp\/v2\/media\/1933"}],"wp:attachment":[{"href":"https:\/\/www.guineeline.net\/index.php\/wp-json\/wp\/v2\/media?parent=1932"}],"wp:term":[{"taxonomy":"category","embeddable":true,"href":"https:\/\/www.guineeline.net\/index.php\/wp-json\/wp\/v2\/categories?post=1932"},{"taxonomy":"post_tag","embeddable":true,"href":"https:\/\/www.guineeline.net\/index.php\/wp-json\/wp\/v2\/tags?post=1932"}],"curies":[{"name":"wp","href":"https:\/\/api.w.org\/{rel}","templated":true}]}}