{"id":1794,"date":"2023-10-26T16:55:13","date_gmt":"2023-10-26T14:55:13","guid":{"rendered":"https:\/\/www.guineeline.net\/?p=1794"},"modified":"2023-10-26T16:55:13","modified_gmt":"2023-10-26T14:55:13","slug":"arbres-menaces-en-guinee-un-plan-daction-national-pour-leur-conservation-en-cours","status":"publish","type":"post","link":"https:\/\/www.guineeline.net\/index.php\/2023\/10\/26\/arbres-menaces-en-guinee-un-plan-daction-national-pour-leur-conservation-en-cours\/","title":{"rendered":"Arbres menac\u00e9s en Guin\u00e9e : un plan d&rsquo;action national pour leur conservation en cours"},"content":{"rendered":"<p>Il s&rsquo;agit de la deuxi\u00e8me phase des activit\u00e9s d&rsquo;\u00e9laboration du plan national de conservation des arbres menac\u00e9s en Guin\u00e9e. Elle s&rsquo;est tenue en atelier de validation du 24 au 25 octobre 2023 \u00e0 Conakry.<\/p>\n<p><img fetchpriority=\"high\" decoding=\"async\" class=\"alignnone size-medium wp-image-1796\" src=\"https:\/\/www.guineeline.net\/wp-content\/uploads\/2023\/10\/IMG-20231025-WA0008-300x168.jpg\" alt=\"\" width=\"300\" height=\"168\" srcset=\"https:\/\/www.guineeline.net\/wp-content\/uploads\/2023\/10\/IMG-20231025-WA0008-300x168.jpg 300w, https:\/\/www.guineeline.net\/wp-content\/uploads\/2023\/10\/IMG-20231025-WA0008-1024x573.jpg 1024w, https:\/\/www.guineeline.net\/wp-content\/uploads\/2023\/10\/IMG-20231025-WA0008-768x430.jpg 768w, https:\/\/www.guineeline.net\/wp-content\/uploads\/2023\/10\/IMG-20231025-WA0008-1536x860.jpg 1536w, https:\/\/www.guineeline.net\/wp-content\/uploads\/2023\/10\/IMG-20231025-WA0008-750x420.jpg 750w, https:\/\/www.guineeline.net\/wp-content\/uploads\/2023\/10\/IMG-20231025-WA0008-1140x638.jpg 1140w, https:\/\/www.guineeline.net\/wp-content\/uploads\/2023\/10\/IMG-20231025-WA0008.jpg 1600w\" sizes=\"(max-width: 300px) 100vw, 300px\" \/><br \/>\nCette rencontre de deux jours a regroup\u00e9 une quarantaine de participants compos\u00e9e essentiellement des parties prenantes, du gouvernement et des initiateurs du projet. Il s&rsquo;agit des chercheurs, des conservateurs de la nature, des ONG, des entreprises et des cadres des services techniques des d\u00e9partements minist\u00e9riels constern\u00e9s.<\/p>\n<p>L&rsquo;objectif principal est de d\u00e9battre des actions li\u00e9es aux objectifs de la conservation des arbres menac\u00e9s en attendant l&rsquo;approbation du document en cours de validation.<br \/>\n<img decoding=\"async\" class=\"alignnone size-medium wp-image-1797\" src=\"https:\/\/www.guineeline.net\/wp-content\/uploads\/2023\/10\/IMG-20231025-WA0010-300x168.jpg\" alt=\"\" width=\"300\" height=\"168\" srcset=\"https:\/\/www.guineeline.net\/wp-content\/uploads\/2023\/10\/IMG-20231025-WA0010-300x168.jpg 300w, https:\/\/www.guineeline.net\/wp-content\/uploads\/2023\/10\/IMG-20231025-WA0010-1024x573.jpg 1024w, https:\/\/www.guineeline.net\/wp-content\/uploads\/2023\/10\/IMG-20231025-WA0010-768x430.jpg 768w, https:\/\/www.guineeline.net\/wp-content\/uploads\/2023\/10\/IMG-20231025-WA0010-1536x860.jpg 1536w, https:\/\/www.guineeline.net\/wp-content\/uploads\/2023\/10\/IMG-20231025-WA0010-750x420.jpg 750w, https:\/\/www.guineeline.net\/wp-content\/uploads\/2023\/10\/IMG-20231025-WA0010-1140x638.jpg 1140w, https:\/\/www.guineeline.net\/wp-content\/uploads\/2023\/10\/IMG-20231025-WA0010.jpg 1600w\" sizes=\"(max-width: 300px) 100vw, 300px\" \/><br \/>\nUne fois adopt\u00e9, le plan national pour la conservation des arbres menac\u00e9s va servir de base pour la r\u00e9daction d&rsquo;une strat\u00e9gie d&rsquo;obtention des fonds pour financer les actions n\u00e9cessaires \u00e0 la conservation des esp\u00e8ces menac\u00e9es.<\/p>\n","protected":false},"excerpt":{"rendered":"<p>Il s&rsquo;agit de la deuxi\u00e8me phase des activit\u00e9s d&rsquo;\u00e9laboration du plan national de conservation des arbres menac\u00e9s en Guin\u00e9e. Elle s&rsquo;est tenue en atelier de validation du 24 au 25 octobre 2023 \u00e0 Conakry. Cette rencontre de deux jours a regroup\u00e9 une quarantaine de participants compos\u00e9e essentiellement des parties prenantes, du gouvernement et des initiateurs [&hellip;]<\/p>\n","protected":false},"author":3,"featured_media":1795,"comment_status":"open","ping_status":"open","sticky":false,"template":"","format":"standard","meta":{"jnews-multi-image_gallery":[],"jnews_single_post":{"subtitle":"","format":"standard","video":"","gallery":"","source_name":"","source_url":"","via_name":"","via_url":"","override":[{"single_blog_custom":"","sidebar":"","second_sidebar":"","share_position":"","share_float_style":"","post_date_format":"","post_date_format_custom":"","number_popup_post":"1"}],"image_override":[{"single_post_thumbnail_size":"","single_post_gallery_size":""}],"trending_post_position":"","trending_post_label":""},"jnews_primary_category":{"id":""},"jnews_override_counter":{"view_counter_number":"0","share_counter_number":"0","like_counter_number":"0","dislike_counter_number":"0"},"footnotes":""},"categories":[2,20,19],"tags":[],"class_list":["post-1794","post","type-post","status-publish","format-standard","has-post-thumbnail","hentry","category-actualites","category-biodiversite","category-environnement"],"yoast_head":"<!-- This site is optimized with the Yoast SEO plugin v26.9 - https:\/\/yoast.com\/product\/yoast-seo-wordpress\/ -->\n<title>Arbres menac\u00e9s en Guin\u00e9e : un plan d&#039;action national pour leur conservation en cours - Guineeline<\/title>\n<meta name=\"robots\" content=\"index, follow, max-snippet:-1, max-image-preview:large, max-video-preview:-1\" \/>\n<link rel=\"canonical\" href=\"https:\/\/www.guineeline.net\/index.php\/2023\/10\/26\/arbres-menaces-en-guinee-un-plan-daction-national-pour-leur-conservation-en-cours\/\" \/>\n<meta property=\"og:locale\" content=\"fr_FR\" \/>\n<meta property=\"og:type\" content=\"article\" \/>\n<meta property=\"og:title\" content=\"Arbres menac\u00e9s en Guin\u00e9e : un plan d&#039;action national pour leur conservation en cours - Guineeline\" \/>\n<meta property=\"og:description\" content=\"Il s&rsquo;agit de la deuxi\u00e8me phase des activit\u00e9s d&rsquo;\u00e9laboration du plan national de conservation des arbres menac\u00e9s en Guin\u00e9e. Elle s&rsquo;est tenue en atelier de validation du 24 au 25 octobre 2023 \u00e0 Conakry. Cette rencontre de deux jours a regroup\u00e9 une quarantaine de participants compos\u00e9e essentiellement des parties prenantes, du gouvernement et des initiateurs [&hellip;]\" \/>\n<meta property=\"og:url\" content=\"https:\/\/www.guineeline.net\/index.php\/2023\/10\/26\/arbres-menaces-en-guinee-un-plan-daction-national-pour-leur-conservation-en-cours\/\" \/>\n<meta property=\"og:site_name\" content=\"Guineeline\" \/>\n<meta property=\"article:published_time\" content=\"2023-10-26T14:55:13+00:00\" \/>\n<meta property=\"og:image\" content=\"https:\/\/www.guineeline.net\/wp-content\/uploads\/2023\/10\/IMG-20231025-WA0013.jpg\" \/>\n\t<meta property=\"og:image:width\" content=\"1600\" \/>\n\t<meta property=\"og:image:height\" content=\"896\" \/>\n\t<meta property=\"og:image:type\" content=\"image\/jpeg\" \/>\n<meta name=\"author\" content=\"Guineeline\" \/>\n<meta name=\"twitter:card\" content=\"summary_large_image\" \/>\n<meta name=\"twitter:label1\" content=\"\u00c9crit par\" \/>\n\t<meta name=\"twitter:data1\" content=\"Guineeline\" \/>\n\t<meta name=\"twitter:label2\" content=\"Dur\u00e9e de lecture estim\u00e9e\" \/>\n\t<meta name=\"twitter:data2\" content=\"1 minute\" \/>\n<script type=\"application\/ld+json\" class=\"yoast-schema-graph\">{\"@context\":\"https:\/\/schema.org\",\"@graph\":[{\"@type\":\"Article\",\"@id\":\"https:\/\/www.guineeline.net\/index.php\/2023\/10\/26\/arbres-menaces-en-guinee-un-plan-daction-national-pour-leur-conservation-en-cours\/#article\",\"isPartOf\":{\"@id\":\"https:\/\/www.guineeline.net\/index.php\/2023\/10\/26\/arbres-menaces-en-guinee-un-plan-daction-national-pour-leur-conservation-en-cours\/\"},\"author\":{\"name\":\"Guineeline\",\"@id\":\"https:\/\/www.guineeline.net\/#\/schema\/person\/f5914e0a4c56cc8f4aa0922cc547a390\"},\"headline\":\"Arbres menac\u00e9s en Guin\u00e9e : un plan d&rsquo;action national pour leur conservation en cours\",\"datePublished\":\"2023-10-26T14:55:13+00:00\",\"mainEntityOfPage\":{\"@id\":\"https:\/\/www.guineeline.net\/index.php\/2023\/10\/26\/arbres-menaces-en-guinee-un-plan-daction-national-pour-leur-conservation-en-cours\/\"},\"wordCount\":176,\"commentCount\":0,\"image\":{\"@id\":\"https:\/\/www.guineeline.net\/index.php\/2023\/10\/26\/arbres-menaces-en-guinee-un-plan-daction-national-pour-leur-conservation-en-cours\/#primaryimage\"},\"thumbnailUrl\":\"https:\/\/www.guineeline.net\/wp-content\/uploads\/2023\/10\/IMG-20231025-WA0013.jpg\",\"articleSection\":[\"Actualit\u00e9s\",\"Biodiversit\u00e9\",\"Environnement\"],\"inLanguage\":\"fr-FR\",\"potentialAction\":[{\"@type\":\"CommentAction\",\"name\":\"Comment\",\"target\":[\"https:\/\/www.guineeline.net\/index.php\/2023\/10\/26\/arbres-menaces-en-guinee-un-plan-daction-national-pour-leur-conservation-en-cours\/#respond\"]}]},{\"@type\":\"WebPage\",\"@id\":\"https:\/\/www.guineeline.net\/index.php\/2023\/10\/26\/arbres-menaces-en-guinee-un-plan-daction-national-pour-leur-conservation-en-cours\/\",\"url\":\"https:\/\/www.guineeline.net\/index.php\/2023\/10\/26\/arbres-menaces-en-guinee-un-plan-daction-national-pour-leur-conservation-en-cours\/\",\"name\":\"Arbres menac\u00e9s en Guin\u00e9e : un plan d'action national pour leur conservation en cours - Guineeline\",\"isPartOf\":{\"@id\":\"https:\/\/www.guineeline.net\/#website\"},\"primaryImageOfPage\":{\"@id\":\"https:\/\/www.guineeline.net\/index.php\/2023\/10\/26\/arbres-menaces-en-guinee-un-plan-daction-national-pour-leur-conservation-en-cours\/#primaryimage\"},\"image\":{\"@id\":\"https:\/\/www.guineeline.net\/index.php\/2023\/10\/26\/arbres-menaces-en-guinee-un-plan-daction-national-pour-leur-conservation-en-cours\/#primaryimage\"},\"thumbnailUrl\":\"https:\/\/www.guineeline.net\/wp-content\/uploads\/2023\/10\/IMG-20231025-WA0013.jpg\",\"datePublished\":\"2023-10-26T14:55:13+00:00\",\"author\":{\"@id\":\"https:\/\/www.guineeline.net\/#\/schema\/person\/f5914e0a4c56cc8f4aa0922cc547a390\"},\"breadcrumb\":{\"@id\":\"https:\/\/www.guineeline.net\/index.php\/2023\/10\/26\/arbres-menaces-en-guinee-un-plan-daction-national-pour-leur-conservation-en-cours\/#breadcrumb\"},\"inLanguage\":\"fr-FR\",\"potentialAction\":[{\"@type\":\"ReadAction\",\"target\":[\"https:\/\/www.guineeline.net\/index.php\/2023\/10\/26\/arbres-menaces-en-guinee-un-plan-daction-national-pour-leur-conservation-en-cours\/\"]}]},{\"@type\":\"ImageObject\",\"inLanguage\":\"fr-FR\",\"@id\":\"https:\/\/www.guineeline.net\/index.php\/2023\/10\/26\/arbres-menaces-en-guinee-un-plan-daction-national-pour-leur-conservation-en-cours\/#primaryimage\",\"url\":\"https:\/\/www.guineeline.net\/wp-content\/uploads\/2023\/10\/IMG-20231025-WA0013.jpg\",\"contentUrl\":\"https:\/\/www.guineeline.net\/wp-content\/uploads\/2023\/10\/IMG-20231025-WA0013.jpg\",\"width\":1600,\"height\":896},{\"@type\":\"BreadcrumbList\",\"@id\":\"https:\/\/www.guineeline.net\/index.php\/2023\/10\/26\/arbres-menaces-en-guinee-un-plan-daction-national-pour-leur-conservation-en-cours\/#breadcrumb\",\"itemListElement\":[{\"@type\":\"ListItem\",\"position\":1,\"name\":\"Accueil\",\"item\":\"https:\/\/www.guineeline.net\/\"},{\"@type\":\"ListItem\",\"position\":2,\"name\":\"Arbres menac\u00e9s en Guin\u00e9e : un plan d&rsquo;action national pour leur conservation en cours\"}]},{\"@type\":\"WebSite\",\"@id\":\"https:\/\/www.guineeline.net\/#website\",\"url\":\"https:\/\/www.guineeline.net\/\",\"name\":\"Guineeline\",\"description\":\"L&#039;information en un clic\",\"potentialAction\":[{\"@type\":\"SearchAction\",\"target\":{\"@type\":\"EntryPoint\",\"urlTemplate\":\"https:\/\/www.guineeline.net\/?s={search_term_string}\"},\"query-input\":{\"@type\":\"PropertyValueSpecification\",\"valueRequired\":true,\"valueName\":\"search_term_string\"}}],\"inLanguage\":\"fr-FR\"},{\"@type\":\"Person\",\"@id\":\"https:\/\/www.guineeline.net\/#\/schema\/person\/f5914e0a4c56cc8f4aa0922cc547a390\",\"name\":\"Guineeline\",\"image\":{\"@type\":\"ImageObject\",\"inLanguage\":\"fr-FR\",\"@id\":\"https:\/\/www.guineeline.net\/#\/schema\/person\/image\/\",\"url\":\"https:\/\/secure.gravatar.com\/avatar\/432ce140236c408fa05ea28acd193ba03163acdd0efbe444c1c44957b8a29a2a?s=96&d=mm&r=g\",\"contentUrl\":\"https:\/\/secure.gravatar.com\/avatar\/432ce140236c408fa05ea28acd193ba03163acdd0efbe444c1c44957b8a29a2a?s=96&d=mm&r=g\",\"caption\":\"Guineeline\"},\"url\":\"https:\/\/www.guineeline.net\/index.php\/author\/admin\/\"}]}<\/script>\n<!-- \/ Yoast SEO plugin. -->","yoast_head_json":{"title":"Arbres menac\u00e9s en Guin\u00e9e : un plan d'action national pour leur conservation en cours - Guineeline","robots":{"index":"index","follow":"follow","max-snippet":"max-snippet:-1","max-image-preview":"max-image-preview:large","max-video-preview":"max-video-preview:-1"},"canonical":"https:\/\/www.guineeline.net\/index.php\/2023\/10\/26\/arbres-menaces-en-guinee-un-plan-daction-national-pour-leur-conservation-en-cours\/","og_locale":"fr_FR","og_type":"article","og_title":"Arbres menac\u00e9s en Guin\u00e9e : un plan d'action national pour leur conservation en cours - Guineeline","og_description":"Il s&rsquo;agit de la deuxi\u00e8me phase des activit\u00e9s d&rsquo;\u00e9laboration du plan national de conservation des arbres menac\u00e9s en Guin\u00e9e. Elle s&rsquo;est tenue en atelier de validation du 24 au 25 octobre 2023 \u00e0 Conakry. Cette rencontre de deux jours a regroup\u00e9 une quarantaine de participants compos\u00e9e essentiellement des parties prenantes, du gouvernement et des initiateurs [&hellip;]","og_url":"https:\/\/www.guineeline.net\/index.php\/2023\/10\/26\/arbres-menaces-en-guinee-un-plan-daction-national-pour-leur-conservation-en-cours\/","og_site_name":"Guineeline","article_published_time":"2023-10-26T14:55:13+00:00","og_image":[{"width":1600,"height":896,"url":"https:\/\/www.guineeline.net\/wp-content\/uploads\/2023\/10\/IMG-20231025-WA0013.jpg","type":"image\/jpeg"}],"author":"Guineeline","twitter_card":"summary_large_image","twitter_misc":{"\u00c9crit par":"Guineeline","Dur\u00e9e de lecture estim\u00e9e":"1 minute"},"schema":{"@context":"https:\/\/schema.org","@graph":[{"@type":"Article","@id":"https:\/\/www.guineeline.net\/index.php\/2023\/10\/26\/arbres-menaces-en-guinee-un-plan-daction-national-pour-leur-conservation-en-cours\/#article","isPartOf":{"@id":"https:\/\/www.guineeline.net\/index.php\/2023\/10\/26\/arbres-menaces-en-guinee-un-plan-daction-national-pour-leur-conservation-en-cours\/"},"author":{"name":"Guineeline","@id":"https:\/\/www.guineeline.net\/#\/schema\/person\/f5914e0a4c56cc8f4aa0922cc547a390"},"headline":"Arbres menac\u00e9s en Guin\u00e9e : un plan d&rsquo;action national pour leur conservation en cours","datePublished":"2023-10-26T14:55:13+00:00","mainEntityOfPage":{"@id":"https:\/\/www.guineeline.net\/index.php\/2023\/10\/26\/arbres-menaces-en-guinee-un-plan-daction-national-pour-leur-conservation-en-cours\/"},"wordCount":176,"commentCount":0,"image":{"@id":"https:\/\/www.guineeline.net\/index.php\/2023\/10\/26\/arbres-menaces-en-guinee-un-plan-daction-national-pour-leur-conservation-en-cours\/#primaryimage"},"thumbnailUrl":"https:\/\/www.guineeline.net\/wp-content\/uploads\/2023\/10\/IMG-20231025-WA0013.jpg","articleSection":["Actualit\u00e9s","Biodiversit\u00e9","Environnement"],"inLanguage":"fr-FR","potentialAction":[{"@type":"CommentAction","name":"Comment","target":["https:\/\/www.guineeline.net\/index.php\/2023\/10\/26\/arbres-menaces-en-guinee-un-plan-daction-national-pour-leur-conservation-en-cours\/#respond"]}]},{"@type":"WebPage","@id":"https:\/\/www.guineeline.net\/index.php\/2023\/10\/26\/arbres-menaces-en-guinee-un-plan-daction-national-pour-leur-conservation-en-cours\/","url":"https:\/\/www.guineeline.net\/index.php\/2023\/10\/26\/arbres-menaces-en-guinee-un-plan-daction-national-pour-leur-conservation-en-cours\/","name":"Arbres menac\u00e9s en Guin\u00e9e : un plan d'action national pour leur conservation en cours - Guineeline","isPartOf":{"@id":"https:\/\/www.guineeline.net\/#website"},"primaryImageOfPage":{"@id":"https:\/\/www.guineeline.net\/index.php\/2023\/10\/26\/arbres-menaces-en-guinee-un-plan-daction-national-pour-leur-conservation-en-cours\/#primaryimage"},"image":{"@id":"https:\/\/www.guineeline.net\/index.php\/2023\/10\/26\/arbres-menaces-en-guinee-un-plan-daction-national-pour-leur-conservation-en-cours\/#primaryimage"},"thumbnailUrl":"https:\/\/www.guineeline.net\/wp-content\/uploads\/2023\/10\/IMG-20231025-WA0013.jpg","datePublished":"2023-10-26T14:55:13+00:00","author":{"@id":"https:\/\/www.guineeline.net\/#\/schema\/person\/f5914e0a4c56cc8f4aa0922cc547a390"},"breadcrumb":{"@id":"https:\/\/www.guineeline.net\/index.php\/2023\/10\/26\/arbres-menaces-en-guinee-un-plan-daction-national-pour-leur-conservation-en-cours\/#breadcrumb"},"inLanguage":"fr-FR","potentialAction":[{"@type":"ReadAction","target":["https:\/\/www.guineeline.net\/index.php\/2023\/10\/26\/arbres-menaces-en-guinee-un-plan-daction-national-pour-leur-conservation-en-cours\/"]}]},{"@type":"ImageObject","inLanguage":"fr-FR","@id":"https:\/\/www.guineeline.net\/index.php\/2023\/10\/26\/arbres-menaces-en-guinee-un-plan-daction-national-pour-leur-conservation-en-cours\/#primaryimage","url":"https:\/\/www.guineeline.net\/wp-content\/uploads\/2023\/10\/IMG-20231025-WA0013.jpg","contentUrl":"https:\/\/www.guineeline.net\/wp-content\/uploads\/2023\/10\/IMG-20231025-WA0013.jpg","width":1600,"height":896},{"@type":"BreadcrumbList","@id":"https:\/\/www.guineeline.net\/index.php\/2023\/10\/26\/arbres-menaces-en-guinee-un-plan-daction-national-pour-leur-conservation-en-cours\/#breadcrumb","itemListElement":[{"@type":"ListItem","position":1,"name":"Accueil","item":"https:\/\/www.guineeline.net\/"},{"@type":"ListItem","position":2,"name":"Arbres menac\u00e9s en Guin\u00e9e : un plan d&rsquo;action national pour leur conservation en cours"}]},{"@type":"WebSite","@id":"https:\/\/www.guineeline.net\/#website","url":"https:\/\/www.guineeline.net\/","name":"Guineeline","description":"L&#039;information en un clic","potentialAction":[{"@type":"SearchAction","target":{"@type":"EntryPoint","urlTemplate":"https:\/\/www.guineeline.net\/?s={search_term_string}"},"query-input":{"@type":"PropertyValueSpecification","valueRequired":true,"valueName":"search_term_string"}}],"inLanguage":"fr-FR"},{"@type":"Person","@id":"https:\/\/www.guineeline.net\/#\/schema\/person\/f5914e0a4c56cc8f4aa0922cc547a390","name":"Guineeline","image":{"@type":"ImageObject","inLanguage":"fr-FR","@id":"https:\/\/www.guineeline.net\/#\/schema\/person\/image\/","url":"https:\/\/secure.gravatar.com\/avatar\/432ce140236c408fa05ea28acd193ba03163acdd0efbe444c1c44957b8a29a2a?s=96&d=mm&r=g","contentUrl":"https:\/\/secure.gravatar.com\/avatar\/432ce140236c408fa05ea28acd193ba03163acdd0efbe444c1c44957b8a29a2a?s=96&d=mm&r=g","caption":"Guineeline"},"url":"https:\/\/www.guineeline.net\/index.php\/author\/admin\/"}]}},"_links":{"self":[{"href":"https:\/\/www.guineeline.net\/index.php\/wp-json\/wp\/v2\/posts\/1794","targetHints":{"allow":["GET"]}}],"collection":[{"href":"https:\/\/www.guineeline.net\/index.php\/wp-json\/wp\/v2\/posts"}],"about":[{"href":"https:\/\/www.guineeline.net\/index.php\/wp-json\/wp\/v2\/types\/post"}],"author":[{"embeddable":true,"href":"https:\/\/www.guineeline.net\/index.php\/wp-json\/wp\/v2\/users\/3"}],"replies":[{"embeddable":true,"href":"https:\/\/www.guineeline.net\/index.php\/wp-json\/wp\/v2\/comments?post=1794"}],"version-history":[{"count":1,"href":"https:\/\/www.guineeline.net\/index.php\/wp-json\/wp\/v2\/posts\/1794\/revisions"}],"predecessor-version":[{"id":1798,"href":"https:\/\/www.guineeline.net\/index.php\/wp-json\/wp\/v2\/posts\/1794\/revisions\/1798"}],"wp:featuredmedia":[{"embeddable":true,"href":"https:\/\/www.guineeline.net\/index.php\/wp-json\/wp\/v2\/media\/1795"}],"wp:attachment":[{"href":"https:\/\/www.guineeline.net\/index.php\/wp-json\/wp\/v2\/media?parent=1794"}],"wp:term":[{"taxonomy":"category","embeddable":true,"href":"https:\/\/www.guineeline.net\/index.php\/wp-json\/wp\/v2\/categories?post=1794"},{"taxonomy":"post_tag","embeddable":true,"href":"https:\/\/www.guineeline.net\/index.php\/wp-json\/wp\/v2\/tags?post=1794"}],"curies":[{"name":"wp","href":"https:\/\/api.w.org\/{rel}","templated":true}]}}