{"id":1719,"date":"2023-09-12T14:16:34","date_gmt":"2023-09-12T12:16:34","guid":{"rendered":"https:\/\/www.guineeline.net\/?p=1719"},"modified":"2023-09-12T14:16:34","modified_gmt":"2023-09-12T12:16:34","slug":"lafrique-est-au-centre-des-solutions-aux-problemes-climatiques-globaux-il-faudrait-juste-financer-son-potentiel-nassim-oulmane-cea","status":"publish","type":"post","link":"https:\/\/www.guineeline.net\/index.php\/2023\/09\/12\/lafrique-est-au-centre-des-solutions-aux-problemes-climatiques-globaux-il-faudrait-juste-financer-son-potentiel-nassim-oulmane-cea\/","title":{"rendered":"\u00ab L&rsquo;Afrique est au centre des solutions aux probl\u00e8mes climatiques globaux, il faudrait juste financer son potentiel \u00bb (Nassim Oulmane, CEA)"},"content":{"rendered":"<p><em>A quelques semaines de la COP 28, Nassim Oulmane, Directeur par interim au sein de la Commission \u00e9conomique des Nations Unies pour l&rsquo;Afrique (CEA) en charge de la technologie, du changement climatique et de la gestion des ressources naturelles, souligne le r\u00f4le crucial de l&rsquo;Afrique face au d\u00e9fi climatique. Il insiste sur le potentiel de l&rsquo;Afrique, dot\u00e9e de ressources naturelles importantes, pour offrir des solutions \u00e0 l&rsquo;humanit\u00e9. L&rsquo;enjeu majeur r\u00e9side dans le financement pour exploiter ce potentiel. Il \u00e9voque aussi les flux financiers illicites, la sous-repr\u00e9sentation des mers dans les d\u00e9bats climatiques, et la n\u00e9cessit\u00e9 de r\u00e9gionaliser les initiatives pour maximiser leur impact et financement.<\/em><\/p>\n<div class=\"itemIntroText\">\n<p class=\"texte\">\u00a0<strong>Vous avez \u00e9t\u00e9 au c\u0153ur des discussions durant trois jours \u00e0 Nairobi, au Kenya, o\u00f9 la finance climat a fait d\u00e9bat. Lorsqu&rsquo;on \u00e9voque \u00ab\u00a0finance climat\u00a0\u00bb et \u00ab\u00a0Afrique\u00a0\u00bb, qu&rsquo;est-ce qui vous vient aujourd\u2019hui \u00e0 l&rsquo;esprit ?<\/strong><\/p>\n<p class=\"texte\"><strong>Nassim Oulmane\u00a0:<\/strong>\u00a0Quand on parle de \u00ab\u00a0finance climat\u00a0\u00bb en relation avec l&rsquo;Afrique, le terme qui me vient \u00e0 l&rsquo;esprit est \u00ab\u00a0solution pour l&rsquo;humanit\u00e9\u00a0\u00bb. L&rsquo;Afrique, avec ses dotations naturelles et son capital naturel, offre v\u00e9ritablement une solution potentielle. Le mot \u00ab\u00a0potentiel\u00a0\u00bb est crucial ici, car ce qui manque, et c&rsquo;est au c\u0153ur de votre question, c&rsquo;est la mani\u00e8re de canaliser ces financements pour exploiter ce potentiel.<\/p>\n<p class=\"texte\"><strong><em><img fetchpriority=\"high\" decoding=\"async\" class=\"illustration-avec-legende\" src=\"https:\/\/www.agenceecofin.com\/images\/2023\/1-Nassim.jpg\" alt=\"1 Nassim\" width=\"651\" height=\"400\" \/><span class=\"legende\">Nassim Oulmane\u00a0: \u00ab\u00a0l&rsquo;Afrique a un double d\u00e9fi. Le d\u00e9fi climatique, mais aussi celui du d\u00e9veloppement durable.\u00a0\u00bb<\/span><\/em><\/strong><\/p>\n<p class=\"texte\">Pourquoi dis-je cela ? L&rsquo;Afrique poss\u00e8de d&rsquo;importantes ressources naturelles qui jouent un r\u00f4le essentiel dans les enjeux climatiques. Je pense notamment au bassin du Congo, \u00e0 la s\u00e9questration du carbone, et aux tourbi\u00e8res du bassin du Congo. Ces derni\u00e8res s\u00e9questrent actuellement l&rsquo;\u00e9quivalent de 3 \u00e0 4 ann\u00e9es d&rsquo;\u00e9missions de carbone \u00e0 l&rsquo;\u00e9chelle mondiale. C&rsquo;est colossal. Avec la croissance d\u00e9mographique, ces tourbi\u00e8res risquent d&rsquo;\u00eatre perturb\u00e9es, lib\u00e9rant ainsi davantage de carbone dans l&rsquo;atmosph\u00e8re. Le d\u00e9fi est que nous ne r\u00e9mun\u00e9rons pas ad\u00e9quatement les services \u00e9cosyst\u00e9miques que nos pays offrent \u00e0 l&rsquo;humanit\u00e9. Le bassin du Congo est aussi vital que l&rsquo;Amazonie. Il est donc essentiel de reconna\u00eetre cela. Une partie de notre mission est de promouvoir cette prise de conscience tout en veillant \u00e0 ce que des m\u00e9canismes financiers appropri\u00e9s soient mis en place pour r\u00e9compenser la valeur de ces services. L&rsquo;enjeu est de transformer ce potentiel en r\u00e9alit\u00e9.<\/p>\n<p class=\"exergue\">\u00ab\u00a0Les tourbi\u00e8res du bassin du Congo s\u00e9questrent actuellement l&rsquo;\u00e9quivalent de 3 \u00e0 4 ann\u00e9es d&rsquo;\u00e9missions de carbone \u00e0 l&rsquo;\u00e9chelle mondiale. C&rsquo;est colossal.\u00a0\u00bb<\/p>\n<p class=\"texte\">En abordant une autre probl\u00e9matique, on parle souvent du surendettement de nos pays. Les indicateurs d&rsquo;endettement par rapport au PIB ne sont pas aussi \u00e9lev\u00e9s que ceux des pays du Nord. Cependant, si l&rsquo;on consid\u00e8re le PIB actuel comme une mesure du XXe si\u00e8cle, la version du XXIe si\u00e8cle devrait inclure le capital naturel et les services \u00e9cosyst\u00e9miques. Si nous parvenons \u00e0 int\u00e9grer ces \u00e9l\u00e9ments, le niveau d&rsquo;endettement des pays africains appara\u00eetra sous un jour diff\u00e9rent. Leur capacit\u00e9 \u00e0 emprunter et \u00e0 investir pour se d\u00e9velopper, tout en restant ambitieux dans la lutte contre le changement climatique, augmenterait consid\u00e9rablement.<\/p>\n<div id=\"datawrapper-vis-baiJP\" class=\"datawrapper-script-embed vis-height-fixed vis-d3-pies\">\n<div><span style=\"color: #1d1f20; font-size: 1.563em;\">Les entreprises et les banques commerciales financent peu la r\u00e9ponse aux enjeux climatiques en Afrique<\/span><\/div>\n<div class=\"web-component-body\">\n<div class=\"chart dw-chart vis-d3-pies\">\n<div class=\"outer-container svelte-ej8jdi\">\n<div class=\"container container-body datawrapper-baiJP-hh8bl\">\n<div class=\"container container-bodyTop datawrapper-baiJP-e58idn\">\n<div class=\"container container-bodyCenter datawrapper-baiJP-1twrhn\">\n<div class=\"container container-header datawrapper-baiJP-rvyf62\">\n<p class=\"block-description datawrapper-baiJP-d6wt65 \">Contributions \u00e0 la finance climat en Afrique par secteur en millions $<\/p>\n<\/div>\n<div id=\"chart\" class=\"dw-chart-body vis-height-fixed datawrapper-baiJP-1t7jqlc svelte-so4qex\" aria-hidden=\"false\">\n<div class=\"dw-chart-body-content svelte-so4qex datawrapper-baiJP-1yr3u17\">\n<div class=\"root-container defined-highlight\">\n<div class=\"color-key horizontal top\">\n<div class=\"stops\">\n<div class=\"stop\">\n<div class=\"stop-swatch export-rect\"><\/div>\n<div class=\"stop-label label dw-editable\" data-column=\"Contributeurs\" data-row=\"11\"><span class=\"row-label\">Multilateral DFI<\/span><\/div>\n<\/div>\n<div class=\"stop\">\n<div class=\"stop-swatch export-rect\"><\/div>\n<div class=\"stop-label label dw-editable\" data-column=\"Contributeurs\" data-row=\"9\"><span class=\"row-label\">Governments<\/span><\/div>\n<\/div>\n<div class=\"stop\">\n<div class=\"stop-swatch export-rect\"><\/div>\n<div class=\"stop-label label dw-editable\" data-column=\"Contributeurs\" data-row=\"7\"><span class=\"row-label\">Banque Multilat\u00e9rales de D\u00e9veloppemet<\/span><\/div>\n<\/div>\n<div class=\"stop highlight-element\">\n<div class=\"stop-swatch export-rect\"><\/div>\n<div class=\"stop-label label highlight-element dw-editable\" data-column=\"Contributeurs\" data-row=\"2\"><span class=\"row-label\">Entreprises<\/span><\/div>\n<\/div>\n<div class=\"stop\">\n<div class=\"stop-swatch export-rect\"><\/div>\n<div class=\"stop-label label\" data-column=\"Contributeurs\" data-row=\"\"><span class=\"row-label\">Autres<\/span><\/div>\n<\/div>\n<\/div>\n<\/div>\n<div class=\"chart-container\">\n<div class=\"cell\">\n<div class=\"pie-container\">\n<div class=\"label inside-label label-group normal\" data-key=\"Multilateral DFI\"><span class=\"text-label export-text\"><span class=\"split-line\">Multilateral DFI<\/span><\/span><br \/>\n<span class=\"value-label export-text\"><span class=\"split-line\">11,593.1<\/span><\/span><\/div>\n<div class=\"label inside-label label-group inverted\" data-key=\"Governments\"><span class=\"text-label export-text\"><span class=\"split-line\">Governments<\/span><\/span><br \/>\n<span class=\"value-label export-text\"><span class=\"split-line\">6,388.6<\/span><\/span><\/div>\n<div class=\"label inside-label label-group inverted\" data-key=\"Banque Multilat\u00e9rales de D\u00e9veloppemet\"><span class=\"text-label export-text\"><span class=\"split-line\">Banque Multilat\u00e9rales<\/span><br \/>\n<span class=\"split-line\">de D\u00e9veloppemet<\/span><\/span><br \/>\n<span class=\"value-label export-text\"><span class=\"split-line\">5,295.2<\/span><\/span><\/div>\n<div class=\"label inside-label label-group inverted highlight-element\" data-key=\"Entreprises\"><span class=\"text-label export-text\"><span class=\"split-line\">Entreprises<\/span><\/span><br \/>\n<span class=\"value-label export-text\"><span class=\"split-line\">1,613.6<\/span><\/span><\/div>\n<div class=\"label inside-label label-group inverted\" data-key=\"Autres\"><span class=\"text-label export-text\"><span class=\"split-line\">Autres<\/span><\/span><br \/>\n<span class=\"value-label export-text\"><span class=\"split-line\">4,620<\/span><\/span><\/div>\n<\/div>\n<\/div>\n<\/div>\n<\/div>\n<\/div>\n<\/div>\n<\/div>\n<\/div>\n<div class=\"container container-footer datawrapper-baiJP-1cajjo6\">\n<div class=\"container container-footerMain datawrapper-baiJP-cj1nje\"><span class=\"block-source datawrapper-baiJP-dhsepi \"><span class=\"caption\">Source:<\/span>\u00a0<a class=\"source\" href=\"https:\/\/www.climatepolicyinitiative.org\/dataviz\/landscape-of-climate-finance-in-africa-interactive-data-tools\/\" target=\"_blank\" rel=\"nofollow noopener noreferrer\">Climate Policy Initiative<\/a><\/span><wbr \/><a class=\"block-getTheData datawrapper-baiJP-jdi3vc \" href=\"https:\/\/www.agenceecofin.com\/interview\/data.csv\"><span class=\"caption\">R\u00e9cup\u00e9rer les donn\u00e9es<\/span><\/a><wbr \/><span class=\"block-attribution datawrapper-baiJP-dhsepi \"><span class=\"caption\">Cr\u00e9\u00e9 avec<\/span>\u00a0<a href=\"https:\/\/www.datawrapper.de\/_\/baiJP\" target=\"_blank\" rel=\"noopener noreferrer\">Datawrapper<\/a><\/span><\/div>\n<\/div>\n<div class=\"container-afterChart svelte-ej8jdi\"><\/div>\n<\/div>\n<\/div>\n<\/div>\n<\/div>\n<\/div>\n<p class=\"texte\"><strong>\u00a0<\/strong><\/p>\n<p class=\"texte\"><strong>Agence Ecofin<\/strong>:\u00a0<strong>En tant que repr\u00e9sentant des Nations Unies, votre perspective sur la dette africaine est essentielle. Bien que nous ayons souvent abord\u00e9 ce d\u00e9bat, il est frappant de constater que, dans un contexte de sous-financement des enjeux climatiques, les pays historiquement pollueurs h\u00e9sitent \u00e0 s&rsquo;engager. Selon le Climate Policy Initiative, il a \u00e9t\u00e9 estim\u00e9 que 280 milliards de dollars seraient n\u00e9cessaires d&rsquo;ici 2030 pour g\u00e9rer la mitigation et l&rsquo;adaptation climatiques. Cependant, l&rsquo;Afrique n&rsquo;a re\u00e7u que 30 millions de dollars. Pourquoi ces engagements ne sont-ils pas respect\u00e9s ? Qu&rsquo;est-ce qui emp\u00eache leur mise en \u0153uvre effective ?<\/strong><\/p>\n<p class=\"texte\"><strong>Nassim Oulmane\u00a0:\u00a0<\/strong>Alors il faut \u00eatre r\u00e9aliste aussi. R\u00e9aliste et en m\u00eame temps, il faut \u00eatre&#8230; Je ne veux pas utiliser le mot \u00ab\u00a0ferme\u00a0\u00bb, mais rappeler sans arr\u00eat les responsabilit\u00e9s de tout un chacun. On a une responsabilit\u00e9 collective vis-\u00e0-vis de la lutte contre le changement climatique. Mais nous, Africains, nous n&rsquo;avons contribu\u00e9 que tr\u00e8s marginalement au r\u00e9chauffement climatique. Cependant, nous subissons ses effets d\u00e9vastateurs. En moyenne, selon nos calculs \u00e0 la CEA, cela repr\u00e9sente plus de 5% du PIB. C&rsquo;est ce que co\u00fbtent aujourd&rsquo;hui les cons\u00e9quences des catastrophes naturelles pour les pays africains. Le cyclone Idai au Mozambique, c&rsquo;\u00e9tait 3,5 milliards de dollars de d\u00e9g\u00e2ts pour un PIB qui \u00e9tait en 2019 autour de 15,3 milliards. Vous faites vite le calcul, on est au-dessus des 20%. Donc c&rsquo;est un choc \u00e9norme pour l\u2019\u00e9conomie du pays au-del\u00e0 de la trag\u00e9die et des pertes humaines irr\u00e9parables. Il y a une responsabilit\u00e9 du Nord due \u00e0 l&rsquo;industrialisation lors des deux derniers si\u00e8cles, depuis l&rsquo;\u00e8re industrielle. Donc il faut sans cesse le rappeler de mani\u00e8re ferme. Mais en m\u00eame temps, l&rsquo;urgence est l\u00e0. L&rsquo;urgence climatique est l\u00e0. Et nous avons aussi la responsabilit\u00e9 d\u2019apporter des r\u00e9ponses, parce que nous sommes les premiers \u00e0 subir ces cons\u00e9quences.<\/p>\n<p class=\"exergue\">\u00ab\u00a0Le cyclone Idai au Mozambique, c&rsquo;\u00e9tait 3,5 milliards de dollars de d\u00e9g\u00e2ts pour un PIB qui \u00e9tait en 2019 autour de 15,3 milliards. Vous faites vite le calcul, on est au-dessus des 20%.\u00bb<\/p>\n<p class=\"texte\">En termes de d\u00e9forestation, l&rsquo;Afrique est le continent qui a connu la plus grande d\u00e9forestation nette au cours de la derni\u00e8re d\u00e9cennie. Donc on doit mettre en place tr\u00e8s vite des solutions. On doit mettre en place tr\u00e8s vite des instruments de mobilisation de financement pour investir nous-m\u00eames. Rappeler que nous devons tous nous engager, que les engagements doivent \u00eatre tenus par les pays d\u00e9velopp\u00e9s. Mais en m\u00eame temps, il y a beaucoup d&rsquo;opportunit\u00e9s sur le continent. Nous devons vraiment lib\u00e9rer tout ce potentiel. Et pour cela, les pays d\u00e9velopp\u00e9s sont les bienvenus pour collaborer, pour aider ensemble \u00e0 op\u00e9rationnaliser les solutions.<\/p>\n<p class=\"texte\">Nous connaissons beaucoup de solutions. L&rsquo;Afrique innove beaucoup. Nos jeunes sont de mieux en mieux form\u00e9s et portent \u00e9norm\u00e9ment de projets. Cependant, ils ont besoin de financement maintenant. Il faut mettre en place des m\u00e9canismes de financement pour vraiment r\u00e9pondre \u00e0 une sp\u00e9cificit\u00e9 particuli\u00e8re du continent qui est que nous devons \u00e0 la fois conserver et augmenter cette ambition d&rsquo;actions climatique, et en m\u00eame temps \u00eatre tr\u00e8s ambitieux par rapport au d\u00e9veloppement socio-\u00e9conomique de nos populations. Nous devons op\u00e9rer cette transformation du continent pour pouvoir r\u00e9pondre \u00e0 ces deux d\u00e9fis majeurs.<\/p>\n<p class=\"texte\">Tout \u00e0 l&rsquo;heure, je parlais de dynamique d\u00e9mographique. Justement, nous devons r\u00e9pondre \u00e0 cette chance, le dividende d\u00e9mographique, qui est que nous avons une population en forte croissance et tr\u00e8s jeune, avec un \u00e2ge m\u00e9dian de 19 ans. Donc nous avons cette ambition. C&rsquo;est pour cela que la position africaine par rapport \u00e0 la COP 28 est tr\u00e8s claire. Il faut le rappeler encore et cela sera rappel\u00e9 \u00e0 Duba\u00ef. Il faut que le monde prenne conscience qu&rsquo;il y a une v\u00e9ritable sp\u00e9cificit\u00e9 africaine. Et cela implique des cons\u00e9quences en mati\u00e8re d&rsquo;engagement du reste du monde, parce que l&rsquo;Afrique a un double d\u00e9fi. Le d\u00e9fi climatique, mais aussi celui du d\u00e9veloppement durable. Et le secr\u00e9taire g\u00e9n\u00e9ral de l&rsquo;ONU l&rsquo;a encore rappel\u00e9 \u00e0 Nairobi. Ce n&rsquo;est qu&rsquo;en atteignant ces deux objectifs que l&rsquo;Afrique jouera pleinement son r\u00f4le, qui est finalement celui d&rsquo;\u00eatre au centre de la r\u00e9ponse globale au changement climatique.<\/p>\n<div id=\"datawrapper-vis-7FWMI\" class=\"datawrapper-script-embed vis-height-fixed vis-d3-donuts\">\n<div class=\"web-component-body\">\n<div class=\"chart dw-chart vis-d3-donuts\">\n<div class=\"outer-container svelte-ej8jdi\">\n<div class=\"container container-body datawrapper-7FWMI-hh8bl\">\n<div class=\"container-afterChart svelte-ej8jdi\">\u00a0<strong>L&rsquo;Afrique, selon vous, est au c\u0153ur de la r\u00e9ponse globale au changement climatique, mais \u00e0 peine seulement 3% des financements de la recherche mondiale sur ce sujet sont allou\u00e9s aux institutions africaines. Comment les Nations unies soutiennent-elles l&rsquo;Afrique pour qu&rsquo;elle ne soit pas seulement spectatrice, mais actrice majeure, surtout lorsqu\u2019on sait que les gouvernements africains financent d\u00e9j\u00e0 22% de la finance climatique ?<\/strong><\/div>\n<\/div>\n<\/div>\n<\/div>\n<\/div>\n<\/div>\n<p class=\"texte\">Nassim Oulmane\u00a0: Les Nations unies, en particulier \u00e0 travers des agences comme l&rsquo;UNESCO, investissent activement dans des programmes qui \u00e9tablissent un lien entre la recherche, l&rsquo;\u00e9ducation et l&rsquo;entrepreneuriat en Afrique. Il est crucial que la recherche sur le continent soit \u00e9troitement li\u00e9e aux innovateurs, car nous sommes confront\u00e9s \u00e0 une urgence. La recherche doit donc \u00eatre financ\u00e9e d&rsquo;une mani\u00e8re qui prend en compte l&rsquo;entrepreneuriat, afin d&rsquo;avoir des solutions op\u00e9rationnelles aliment\u00e9es par cette recherche. Au niveau de la CEA, nous avons lanc\u00e9 en 2013 l\u2019initiative CR4D, Recherche climatique pour le d\u00e9veloppement, afin de renforcer les liens entre la recherche en climatologie et les besoins en informations climatiques pour soutenir la planification du d\u00e9veloppement en Afrique.<\/p>\n<p class=\"texte\">Je travaille personnellement beaucoup sur l&rsquo;\u00e9conomie bleue. Les d\u00e9fis li\u00e9s \u00e0 nos oc\u00e9ans n\u00e9cessitent des solutions innovantes soutenues par la recherche. Relier les centres de recherche avec les innovateurs dans un m\u00eame \u00e9cosyst\u00e8me afin de d\u00e9velopper des solutions innovantes pour r\u00e9g\u00e9n\u00e9rer les oc\u00e9ans est fondamental. La CEA travaille actuellement avec \u00ab\u00a0Ocean Hub Africa\u00a0\u00bb, une p\u00e9pini\u00e8re de startup innovantes, pour d\u00e9velopper ces approches sur le continent. Les Nations unies encouragent le d\u00e9veloppement de centres d&rsquo;excellence en Afrique. Par exemple, la CEA a \u00e9tabli, lors du Forum africain sur le d\u00e9veloppement durable \u00e0 Brazzaville il y a trois ans, un centre de recherche sur l&rsquo;intelligence artificielle en R\u00e9publique du Congo. Ce centre vise \u00e0 r\u00e9pondre aux besoins sp\u00e9cifiques non seulement du Congo ou de la r\u00e9gion du bassin, mais de l&rsquo;ensemble du continent.<\/p>\n<p class=\"texte\">Un exemple concret de l&rsquo;importance de cette recherche est le march\u00e9 carbone. Actuellement, ce march\u00e9 est sous-d\u00e9velopp\u00e9 en Afrique, en grande partie parce que les protocoles et standards n\u00e9cessaires pour un march\u00e9 de haute int\u00e9grit\u00e9 ne sont pas en place. Si nous pouvons combiner l&rsquo;expertise avec la technologie, notamment l&rsquo;intelligence artificielle d\u00e9velopp\u00e9e en Afrique, nous pourrons retenir sur le continent une plus grande part de la valeur ajout\u00e9e des transactions autour du carbone.<\/p>\n<p class=\"exergue\">\u00ab\u00a0Si nous pouvons combiner l&rsquo;expertise avec la technologie, notamment l&rsquo;intelligence artificielle d\u00e9velopp\u00e9e en Afrique, nous pourrons retenir sur le continent une plus grande part de la valeur ajout\u00e9e des transactions autour du carbone.\u00bb<\/p>\n<p class=\"texte\">L&rsquo;objectif est de montrer que des initiatives concr\u00e8tes, comme le d\u00e9veloppement de centres d&rsquo;excellence, peuvent avoir un impact direct sur la r\u00e9tention de valeur ajout\u00e9e. C&rsquo;est un d\u00e9fi que l&rsquo;Afrique a rencontr\u00e9 depuis les ind\u00e9pendances\u00a0: la transformation insuffisante de ses ressources, qu&rsquo;il s&rsquo;agisse de mati\u00e8res premi\u00e8res, de carbone ou d&rsquo;autres produits aujourd\u2019hui comme les algues qui repr\u00e9sentent un intrant pour l\u2019industrie pharmaceutique. La transformation locale est l\u00e0 o\u00f9 se trouve la v\u00e9ritable valeur ajout\u00e9e.<\/p>\n<p class=\"texte\"><strong>\u00a0Depuis trois ans, vous travaillez au niveau des Nations Unies pour mobiliser les DTS suppl\u00e9mentaires du FMI non utilis\u00e9s par les pays riches et pour renforcer le pouvoir des banques r\u00e9gionales de d\u00e9veloppement en mati\u00e8re de \u00ab blended finance \u00bb. Quels sont les obstacles \u00e0 la mise en \u0153uvre de ces initiatives, en particulier en Afrique ? Est-ce un probl\u00e8me de pr\u00e9sentation de la part de l&rsquo;Afrique ou un manque d&rsquo;int\u00e9grit\u00e9 des autres parties ?<\/strong><\/p>\n<p class=\"texte\">Nassim Oulmane\u00a0: Il est essentiel de pers\u00e9v\u00e9rer dans ces efforts. Bien que l&rsquo;id\u00e9e de mobiliser les droits de tirage sp\u00e9ciaux (DTS) semble \u00e9vidente, sa mise en \u0153uvre prend du temps. Actuellement, 600 milliards de DTS sont disponibles, mais seulement 31 milliards sont allou\u00e9s \u00e0 l&rsquo;Afrique en fonction de ses quotas. Bien que les pays d\u00e9velopp\u00e9s soient d&rsquo;accord sur le principe de transfert de DTS inutilis\u00e9s, la mise en place des m\u00e9canismes n\u00e9cessaires est un d\u00e9fi.<\/p>\n<p class=\"texte\">Lors du sommet de Paris, il y avait un consensus sur cette question. Cependant, pour que cela se concr\u00e9tise, au moins cinq pays, appel\u00e9s \u00ab\u00a0champions\u00a0\u00bb, doivent s&rsquo;engager. \u00c0 ce jour, le Royaume-Uni, le Japon et potentiellement l&rsquo;Arabie saoudite se sont engag\u00e9s. Par exemple, la France qui a accueilli le sommet de juin soutient \u00e9galement cette initiative, mais en tant que membre de l&rsquo;UE, elle ne peut agir seule.<\/p>\n<p class=\"exergue\">\u00ab\u00a0Si nous pouvons r\u00e9duire ce risque, avec l&rsquo;aide d&rsquo;institutions comme la BAD, nous pourrons attirer davantage d&rsquo;investissements priv\u00e9s. Cela pourrait multiplier les investissements, passant de milliards \u00e0 des milliers de milliards.\u00a0\u00bb<\/p>\n<p class=\"texte\">Le principe est largement accept\u00e9, mais nous devons atteindre le seuil des cinq pays. Nous sommes optimistes \u00e0 la CEA que cette annonce pourra \u00eatre faite lors de la COP 28. Une fois que cela sera fait, des institutions comme la BAD, qui est hautement respect\u00e9e et class\u00e9e AAA, pourront agir. La BAD a d\u00e9j\u00e0 communiqu\u00e9 et d\u00e9montr\u00e9 comment elle utilisera ces DTS de mani\u00e8re efficace et efficiente.<\/p>\n<p class=\"texte\">Cela augmenterait consid\u00e9rablement la capacit\u00e9 de la BAD de faire du \u00ab\u00a0blended finance\u00a0\u00bb.<\/p>\n<p class=\"texte\">L&rsquo;objectif est de r\u00e9duire la perception du risque pour le secteur priv\u00e9, qui h\u00e9site \u00e0 investir sur le long terme, en particulier dans des solutions li\u00e9es au changement climatique. Si nous pouvons r\u00e9duire ce risque, avec l&rsquo;aide d&rsquo;institutions comme la BAD, nous pourrons attirer davantage d&rsquo;investissements priv\u00e9s. Cela pourrait multiplier les investissements, passant de milliards \u00e0 des milliers de milliards.<\/p>\n<p class=\"texte\"><strong>\u00a0Et l\u00e0, on pense qu&rsquo;on peut mobiliser combien ?<\/strong><\/p>\n<p class=\"texte\">Nassim Oulmane\u00a0: Voil\u00e0. Donc si on passe de 31 milliards \u00e0 une centaine de milliards imm\u00e9diatement, l&rsquo;effet levier que \u00e7a peut cr\u00e9er peut-\u00eatre \u00e9norme. Mais l\u00e0, on parle \u00e0 tr\u00e8s court terme. Cela \u00e9tant, je reste persuad\u00e9 que des pays comme la France et le reste des pays de l&rsquo;UE vont trouver la r\u00e9ponse technique qui va leur permettre justement de s&rsquo;engager au m\u00eame titre que les autres pays, tout en respectant leurs r\u00e9gulations, leurs r\u00e8gles. C&rsquo;est plus un probl\u00e8me de r\u00e8gles internes que de volont\u00e9 politique qui fait qu&rsquo;ils sont en retard l\u00e0-dessus.<\/p>\n<p class=\"texte\"><strong>La Commission \u00e9conomique pour l&rsquo;Afrique a beaucoup travaill\u00e9 sur les flux financiers illicites. Selon vos rapports r\u00e9cents avec la Commission des Nations unies pour le d\u00e9veloppement et le commerce, pr\u00e8s de 90 milliards de dollars sont drain\u00e9es hors d&rsquo;Afrique de mani\u00e8re illicite chaque ann\u00e9e. Cela sans compter les b\u00e9n\u00e9fices d&rsquo;entreprise qui pourraient \u00eatre r\u00e9investis localement. Pourtant, dans le d\u00e9bat sur la finance climat, il semble que la question du renversement de ces flux financiers illicites ne soit pas consid\u00e9r\u00e9e comme une solution potentielle. O\u00f9 en sommes-nous sur ce sujet ?<\/strong><\/p>\n<p class=\"texte\"><strong>Nassim Oulmane<\/strong>: Effectivement, inverser les flux financiers illicites est une solution parmi d&rsquo;autres qui pourrait fournir un financement significatif. Cette solution est intrins\u00e8quement li\u00e9e \u00e0 des domaines tels que la recherche, les nouvelles technologies et l&rsquo;intelligence artificielle. Nous pouvons utiliser la r\u00e9volution num\u00e9rique pour traquer et surveiller ces flux financiers, et ainsi mettre en \u0153uvre des m\u00e9canismes pour les r\u00e9duire consid\u00e9rablement. Des outils tels que la propri\u00e9t\u00e9 transparente et l&rsquo;identification unique des acteurs \u00e9conomiques peuvent aider \u00e0 r\u00e9concilier les bases de donn\u00e9es et rendre l&rsquo;\u00e9vasion fiscale plus difficile. La coop\u00e9ration fiscale multilat\u00e9rale est tr\u00e8s importante \u00e0 ce sujet.<\/p>\n<p class=\"texte\">Certains secteurs, comme les mines, sont particuli\u00e8rement touch\u00e9s par ces flux illicites. Il est donc essentiel de collaborer avec les multinationales et les pays o\u00f9 elles sont bas\u00e9es pour garantir la transparence et une taxation \u00e9quitable. Au niveau international, un effort multilat\u00e9ral est n\u00e9cessaire pour rendre ces flux encore plus difficiles. Les Nations Unies ont pris l&rsquo;initiative de promouvoir un syst\u00e8me fiscal mondial. Le secr\u00e9taire g\u00e9n\u00e9ral des Nations Unies a soulign\u00e9 l&rsquo;importance de ce probl\u00e8me, non seulement parce que c\u2019est moralement condamnable, mais aussi parce que les sommes en question sont essentielles pour r\u00e9pondre aux d\u00e9fis climatiques.<\/p>\n<p class=\"texte\">Ce d\u00e9bat a d\u00e9but\u00e9 avec la commission Thabo Mbeki, et la Commission \u00e9conomique pour l&rsquo;Afrique a jou\u00e9 un r\u00f4le cl\u00e9 dans son accompagnement. D&rsquo;autres institutions, comme la CNUCED, ont \u00e9galement apport\u00e9 une contribution pr\u00e9cieuse. Actuellement, des m\u00e9canismes sont en cours d&rsquo;\u00e9laboration pour r\u00e9pondre efficacement \u00e0 ce probl\u00e8me, contribuant ainsi \u00e0 la r\u00e9alisation des Objectifs de D\u00e9veloppement Durable (ODD).<\/p>\n<p class=\"texte\"><strong>L&rsquo;enjeu des mers et des oc\u00e9ans dans la lutte contre le changement climatique semble \u00eatre sous-repr\u00e9sent\u00e9 dans les d\u00e9bats, malgr\u00e9 l&rsquo;importance de la c\u00f4te maritime pour de nombreux pays africains. Quels efforts sont actuellement d\u00e9ploy\u00e9s en Afrique pour maximiser l&rsquo;impact de l&rsquo;\u00e9conomie bleue face aux d\u00e9fis climatiques?<\/strong><\/p>\n<p class=\"texte\"><strong>Nassim Oulmane\u00a0:\u00a0<\/strong>\u00a0Effectivement, l&rsquo;\u00e9conomie bleue est un enjeu crucial. Depuis 2016, la Commission des Nations Unies pour l&rsquo;Afrique s&rsquo;est concentr\u00e9e sur ce sujet, produisant des \u00e9tudes pour clarifier le concept et \u00e9tablir une vision commune \u00e0 l&rsquo;\u00e9chelle continentale. Cette vision englobe non seulement les oc\u00e9ans, mais aussi les rivi\u00e8res, les fleuves et les grands lacs. Nous avons \u00e9galement d\u00e9velopp\u00e9 des outils pour mesurer la contribution de l&rsquo;\u00e9conomie bleue au PIB des pays, afin d&rsquo;\u00e9clairer les d\u00e9cisions politiques.<\/p>\n<p class=\"texte\">En collaboration avec l&rsquo;Union africaine, nous avons soutenu le lancement de la strat\u00e9gie africaine de l&rsquo;\u00e9conomie bleue en 2021-2022. L&rsquo;urgence est palpable, en particulier dans les oc\u00e9ans, qui subissent une d\u00e9gradation due \u00e0 la pollution, au r\u00e9chauffement et \u00e0 la diminution des stocks de poissons. Notre objectif est de promouvoir une \u00e9conomie bleue r\u00e9g\u00e9n\u00e9rative, en collaboration avec les communaut\u00e9s c\u00f4ti\u00e8res. Cela signifie non seulement prot\u00e9ger, mais aussi r\u00e9g\u00e9n\u00e9rer les \u00e9cosyst\u00e8mes marins.<\/p>\n<p class=\"texte\">Il est essentiel de respecter les engagements internationaux, comme la protection de 30% des aires marines d&rsquo;ici 2030. Cependant, \u00ab\u00a0prot\u00e9ger\u00a0\u00bb ne signifie pas n\u00e9cessairement \u00ab\u00a0interdir\u00a0\u00bb. Dans certaines zones, des activit\u00e9s durables peuvent coexister avec la protection de l&rsquo;\u00e9cosyst\u00e8me.<\/p>\n<p class=\"texte\">En termes de financement, la CEA, en partenariat avec l&rsquo;IUCN, portent l&rsquo;initiative \u00ab\u00a0Grande Muraille Bleue\u00a0\u00bb. Cette initiative vise \u00e0 acc\u00e9l\u00e9rer les efforts existants et \u00e0 les \u00e9tendre \u00e0 une plus grande \u00e9chelle, en fournissant un cadre r\u00e9gional pour mobiliser des financements climatiques. Cela permet de concilier protection et r\u00e9g\u00e9n\u00e9ration des oc\u00e9ans avec non seulement l\u2019action climatique mais \u00e9galement avec le d\u00e9veloppement socio-\u00e9conomique des communaut\u00e9s c\u00f4ti\u00e8res. Les bailleurs de fonds, notamment philanthropiques, recherchent des projets d&rsquo;envergure ayant un impact d\u00e9montrable sur le climat, et cette initiative vise \u00e0 saisir cette opportunit\u00e9 afin de r\u00e9pondre aux besoins de notre continent.<\/p>\n<p class=\"texte\"><strong>\u00a0Pensez-vous que la mise en r\u00e9seau des initiatives locales et le d\u00e9veloppement de projets r\u00e9gionaux, tout en impliquant les m\u00eames acteurs locaux mais dans un cadre \u00e9largi, permettraient d&rsquo;acc\u00e9der \u00e0 des financements plus cons\u00e9quents et d&rsquo;avoir un impact climatique plus significatif?<\/strong><\/p>\n<p class=\"texte\"><strong>Nassim Oulmane<\/strong>\u00a0Oui, tout \u00e0 fait. En consolidant les efforts locaux dans un cadre r\u00e9gional, nous pouvons non seulement acc\u00e9der \u00e0 des financements plus importants, mais aussi d\u00e9montrer un impact climatique \u00e0 plus grande \u00e9chelle. M\u00eame si l&rsquo;impact sur la biodiversit\u00e9 est \u00e9vident \u00e0 petite \u00e9chelle, ce cadre \u00e9largi nous permet de d\u00e9montrer un impact climatique plus cons\u00e9quent, attirant ainsi la finance climatique. De plus, cela ouvre la porte \u00e0 des m\u00e9canismes financiers innovants, tels que les \u00ab\u00a0blue bonds\u00a0\u00bb. Par exemple, le Gabon a r\u00e9cemment \u00e9mis un tel bond de 500 millions de dollars avec des objectifs clairs en mati\u00e8re de protection et de r\u00e9g\u00e9n\u00e9ration des oc\u00e9ans.<\/p>\n<p class=\"exergue\">\u00ab\u00a0Par exemple, le Gabon a r\u00e9cemment \u00e9mis un tel bond de 500 millions de dollars avec des objectifs clairs en mati\u00e8re de protection et de r\u00e9g\u00e9n\u00e9ration des oc\u00e9ans.\u00a0\u00bb<\/p>\n<p class=\"texte\">Un autre point crucial est le r\u00e9cent trait\u00e9 sur les hautes mers, qui concerne les zones non soumises \u00e0 la juridiction nationale. Si nous prot\u00e9geons nos zones marines, nous devons \u00e9galement consid\u00e9rer les eaux internationales adjacentes. Des pays comme les Seychelles et Maurice ont d\u00e9j\u00e0 d\u00e9montr\u00e9 une cogestion r\u00e9ussie de l&rsquo;espace marin entre leurs zones \u00e9conomiques exclusives. Cette approche collaborative est essentielle pour g\u00e9rer ces vastes territoires, n\u00e9cessitant des investissements importants pour la surveillance a\u00e9rienne et maritime. C&rsquo;est aussi dans cette optique que des initiatives comme la \u00ab\u00a0Grande Muraille Bleue\u00a0\u00bb peuvent jouer un r\u00f4le d\u00e9terminant.<\/p>\n<p class=\"texte\"><em>Entretien r\u00e9alis\u00e9 par <strong>Agence Ecofin <\/strong>\u00a0<\/em><\/p>\n<\/div>\n","protected":false},"excerpt":{"rendered":"<p>A quelques semaines de la COP 28, Nassim Oulmane, Directeur par interim au sein de la Commission \u00e9conomique des Nations Unies pour l&rsquo;Afrique (CEA) en charge de la technologie, du changement climatique et de la gestion des ressources naturelles, souligne le r\u00f4le crucial de l&rsquo;Afrique face au d\u00e9fi climatique. Il insiste sur le potentiel de [&hellip;]<\/p>\n","protected":false},"author":3,"featured_media":1720,"comment_status":"open","ping_status":"open","sticky":false,"template":"","format":"standard","meta":{"jnews-multi-image_gallery":[],"jnews_single_post":{"subtitle":"","format":"standard","video":"","gallery":"","source_name":"","source_url":"","via_name":"","via_url":"","override":[{"single_blog_custom":"","sidebar":"","second_sidebar":"","share_position":"","share_float_style":"","post_date_format":"","post_date_format_custom":"","number_popup_post":"1"}],"image_override":[{"single_post_thumbnail_size":"","single_post_gallery_size":""}],"trending_post_position":"","trending_post_label":""},"jnews_primary_category":{"id":""},"jnews_override_counter":{"view_counter_number":"0","share_counter_number":"0","like_counter_number":"0","dislike_counter_number":"0"},"footnotes":""},"categories":[20,19],"tags":[],"class_list":["post-1719","post","type-post","status-publish","format-standard","has-post-thumbnail","hentry","category-biodiversite","category-environnement"],"yoast_head":"<!-- This site is optimized with the Yoast SEO plugin v26.9 - https:\/\/yoast.com\/product\/yoast-seo-wordpress\/ -->\n<title>\u00ab L&#039;Afrique est au centre des solutions aux probl\u00e8mes climatiques globaux, il faudrait juste financer son potentiel \u00bb (Nassim Oulmane, CEA) - Guineeline<\/title>\n<meta name=\"robots\" content=\"index, follow, max-snippet:-1, max-image-preview:large, max-video-preview:-1\" \/>\n<link rel=\"canonical\" href=\"https:\/\/www.guineeline.net\/index.php\/2023\/09\/12\/lafrique-est-au-centre-des-solutions-aux-problemes-climatiques-globaux-il-faudrait-juste-financer-son-potentiel-nassim-oulmane-cea\/\" \/>\n<meta property=\"og:locale\" content=\"fr_FR\" \/>\n<meta property=\"og:type\" content=\"article\" \/>\n<meta property=\"og:title\" content=\"\u00ab L&#039;Afrique est au centre des solutions aux probl\u00e8mes climatiques globaux, il faudrait juste financer son potentiel \u00bb (Nassim Oulmane, CEA) - Guineeline\" \/>\n<meta property=\"og:description\" content=\"A quelques semaines de la COP 28, Nassim Oulmane, Directeur par interim au sein de la Commission \u00e9conomique des Nations Unies pour l&rsquo;Afrique (CEA) en charge de la technologie, du changement climatique et de la gestion des ressources naturelles, souligne le r\u00f4le crucial de l&rsquo;Afrique face au d\u00e9fi climatique. Il insiste sur le potentiel de [&hellip;]\" \/>\n<meta property=\"og:url\" content=\"https:\/\/www.guineeline.net\/index.php\/2023\/09\/12\/lafrique-est-au-centre-des-solutions-aux-problemes-climatiques-globaux-il-faudrait-juste-financer-son-potentiel-nassim-oulmane-cea\/\" \/>\n<meta property=\"og:site_name\" content=\"Guineeline\" \/>\n<meta property=\"article:published_time\" content=\"2023-09-12T12:16:34+00:00\" \/>\n<meta property=\"og:image\" content=\"https:\/\/www.guineeline.net\/wp-content\/uploads\/2023\/09\/climat.jpg\" \/>\n\t<meta property=\"og:image:width\" content=\"450\" \/>\n\t<meta property=\"og:image:height\" content=\"300\" \/>\n\t<meta property=\"og:image:type\" content=\"image\/jpeg\" \/>\n<meta name=\"author\" content=\"Guineeline\" \/>\n<meta name=\"twitter:card\" content=\"summary_large_image\" \/>\n<meta name=\"twitter:label1\" content=\"\u00c9crit par\" \/>\n\t<meta name=\"twitter:data1\" content=\"Guineeline\" \/>\n\t<meta name=\"twitter:label2\" content=\"Dur\u00e9e de lecture estim\u00e9e\" \/>\n\t<meta name=\"twitter:data2\" content=\"17 minutes\" \/>\n<script type=\"application\/ld+json\" class=\"yoast-schema-graph\">{\"@context\":\"https:\/\/schema.org\",\"@graph\":[{\"@type\":\"Article\",\"@id\":\"https:\/\/www.guineeline.net\/index.php\/2023\/09\/12\/lafrique-est-au-centre-des-solutions-aux-problemes-climatiques-globaux-il-faudrait-juste-financer-son-potentiel-nassim-oulmane-cea\/#article\",\"isPartOf\":{\"@id\":\"https:\/\/www.guineeline.net\/index.php\/2023\/09\/12\/lafrique-est-au-centre-des-solutions-aux-problemes-climatiques-globaux-il-faudrait-juste-financer-son-potentiel-nassim-oulmane-cea\/\"},\"author\":{\"name\":\"Guineeline\",\"@id\":\"https:\/\/www.guineeline.net\/#\/schema\/person\/f5914e0a4c56cc8f4aa0922cc547a390\"},\"headline\":\"\u00ab L&rsquo;Afrique est au centre des solutions aux probl\u00e8mes climatiques globaux, il faudrait juste financer son potentiel \u00bb (Nassim Oulmane, CEA)\",\"datePublished\":\"2023-09-12T12:16:34+00:00\",\"mainEntityOfPage\":{\"@id\":\"https:\/\/www.guineeline.net\/index.php\/2023\/09\/12\/lafrique-est-au-centre-des-solutions-aux-problemes-climatiques-globaux-il-faudrait-juste-financer-son-potentiel-nassim-oulmane-cea\/\"},\"wordCount\":3584,\"commentCount\":0,\"image\":{\"@id\":\"https:\/\/www.guineeline.net\/index.php\/2023\/09\/12\/lafrique-est-au-centre-des-solutions-aux-problemes-climatiques-globaux-il-faudrait-juste-financer-son-potentiel-nassim-oulmane-cea\/#primaryimage\"},\"thumbnailUrl\":\"https:\/\/www.guineeline.net\/wp-content\/uploads\/2023\/09\/climat.jpg\",\"articleSection\":[\"Biodiversit\u00e9\",\"Environnement\"],\"inLanguage\":\"fr-FR\",\"potentialAction\":[{\"@type\":\"CommentAction\",\"name\":\"Comment\",\"target\":[\"https:\/\/www.guineeline.net\/index.php\/2023\/09\/12\/lafrique-est-au-centre-des-solutions-aux-problemes-climatiques-globaux-il-faudrait-juste-financer-son-potentiel-nassim-oulmane-cea\/#respond\"]}]},{\"@type\":\"WebPage\",\"@id\":\"https:\/\/www.guineeline.net\/index.php\/2023\/09\/12\/lafrique-est-au-centre-des-solutions-aux-problemes-climatiques-globaux-il-faudrait-juste-financer-son-potentiel-nassim-oulmane-cea\/\",\"url\":\"https:\/\/www.guineeline.net\/index.php\/2023\/09\/12\/lafrique-est-au-centre-des-solutions-aux-problemes-climatiques-globaux-il-faudrait-juste-financer-son-potentiel-nassim-oulmane-cea\/\",\"name\":\"\u00ab L'Afrique est au centre des solutions aux probl\u00e8mes climatiques globaux, il faudrait juste financer son potentiel \u00bb (Nassim Oulmane, CEA) - Guineeline\",\"isPartOf\":{\"@id\":\"https:\/\/www.guineeline.net\/#website\"},\"primaryImageOfPage\":{\"@id\":\"https:\/\/www.guineeline.net\/index.php\/2023\/09\/12\/lafrique-est-au-centre-des-solutions-aux-problemes-climatiques-globaux-il-faudrait-juste-financer-son-potentiel-nassim-oulmane-cea\/#primaryimage\"},\"image\":{\"@id\":\"https:\/\/www.guineeline.net\/index.php\/2023\/09\/12\/lafrique-est-au-centre-des-solutions-aux-problemes-climatiques-globaux-il-faudrait-juste-financer-son-potentiel-nassim-oulmane-cea\/#primaryimage\"},\"thumbnailUrl\":\"https:\/\/www.guineeline.net\/wp-content\/uploads\/2023\/09\/climat.jpg\",\"datePublished\":\"2023-09-12T12:16:34+00:00\",\"author\":{\"@id\":\"https:\/\/www.guineeline.net\/#\/schema\/person\/f5914e0a4c56cc8f4aa0922cc547a390\"},\"breadcrumb\":{\"@id\":\"https:\/\/www.guineeline.net\/index.php\/2023\/09\/12\/lafrique-est-au-centre-des-solutions-aux-problemes-climatiques-globaux-il-faudrait-juste-financer-son-potentiel-nassim-oulmane-cea\/#breadcrumb\"},\"inLanguage\":\"fr-FR\",\"potentialAction\":[{\"@type\":\"ReadAction\",\"target\":[\"https:\/\/www.guineeline.net\/index.php\/2023\/09\/12\/lafrique-est-au-centre-des-solutions-aux-problemes-climatiques-globaux-il-faudrait-juste-financer-son-potentiel-nassim-oulmane-cea\/\"]}]},{\"@type\":\"ImageObject\",\"inLanguage\":\"fr-FR\",\"@id\":\"https:\/\/www.guineeline.net\/index.php\/2023\/09\/12\/lafrique-est-au-centre-des-solutions-aux-problemes-climatiques-globaux-il-faudrait-juste-financer-son-potentiel-nassim-oulmane-cea\/#primaryimage\",\"url\":\"https:\/\/www.guineeline.net\/wp-content\/uploads\/2023\/09\/climat.jpg\",\"contentUrl\":\"https:\/\/www.guineeline.net\/wp-content\/uploads\/2023\/09\/climat.jpg\",\"width\":450,\"height\":300},{\"@type\":\"BreadcrumbList\",\"@id\":\"https:\/\/www.guineeline.net\/index.php\/2023\/09\/12\/lafrique-est-au-centre-des-solutions-aux-problemes-climatiques-globaux-il-faudrait-juste-financer-son-potentiel-nassim-oulmane-cea\/#breadcrumb\",\"itemListElement\":[{\"@type\":\"ListItem\",\"position\":1,\"name\":\"Accueil\",\"item\":\"https:\/\/www.guineeline.net\/\"},{\"@type\":\"ListItem\",\"position\":2,\"name\":\"\u00ab L&rsquo;Afrique est au centre des solutions aux probl\u00e8mes climatiques globaux, il faudrait juste financer son potentiel \u00bb (Nassim Oulmane, CEA)\"}]},{\"@type\":\"WebSite\",\"@id\":\"https:\/\/www.guineeline.net\/#website\",\"url\":\"https:\/\/www.guineeline.net\/\",\"name\":\"Guineeline\",\"description\":\"L&#039;information en un clic\",\"potentialAction\":[{\"@type\":\"SearchAction\",\"target\":{\"@type\":\"EntryPoint\",\"urlTemplate\":\"https:\/\/www.guineeline.net\/?s={search_term_string}\"},\"query-input\":{\"@type\":\"PropertyValueSpecification\",\"valueRequired\":true,\"valueName\":\"search_term_string\"}}],\"inLanguage\":\"fr-FR\"},{\"@type\":\"Person\",\"@id\":\"https:\/\/www.guineeline.net\/#\/schema\/person\/f5914e0a4c56cc8f4aa0922cc547a390\",\"name\":\"Guineeline\",\"image\":{\"@type\":\"ImageObject\",\"inLanguage\":\"fr-FR\",\"@id\":\"https:\/\/www.guineeline.net\/#\/schema\/person\/image\/\",\"url\":\"https:\/\/secure.gravatar.com\/avatar\/432ce140236c408fa05ea28acd193ba03163acdd0efbe444c1c44957b8a29a2a?s=96&d=mm&r=g\",\"contentUrl\":\"https:\/\/secure.gravatar.com\/avatar\/432ce140236c408fa05ea28acd193ba03163acdd0efbe444c1c44957b8a29a2a?s=96&d=mm&r=g\",\"caption\":\"Guineeline\"},\"url\":\"https:\/\/www.guineeline.net\/index.php\/author\/admin\/\"}]}<\/script>\n<!-- \/ Yoast SEO plugin. -->","yoast_head_json":{"title":"\u00ab L'Afrique est au centre des solutions aux probl\u00e8mes climatiques globaux, il faudrait juste financer son potentiel \u00bb (Nassim Oulmane, CEA) - Guineeline","robots":{"index":"index","follow":"follow","max-snippet":"max-snippet:-1","max-image-preview":"max-image-preview:large","max-video-preview":"max-video-preview:-1"},"canonical":"https:\/\/www.guineeline.net\/index.php\/2023\/09\/12\/lafrique-est-au-centre-des-solutions-aux-problemes-climatiques-globaux-il-faudrait-juste-financer-son-potentiel-nassim-oulmane-cea\/","og_locale":"fr_FR","og_type":"article","og_title":"\u00ab L'Afrique est au centre des solutions aux probl\u00e8mes climatiques globaux, il faudrait juste financer son potentiel \u00bb (Nassim Oulmane, CEA) - Guineeline","og_description":"A quelques semaines de la COP 28, Nassim Oulmane, Directeur par interim au sein de la Commission \u00e9conomique des Nations Unies pour l&rsquo;Afrique (CEA) en charge de la technologie, du changement climatique et de la gestion des ressources naturelles, souligne le r\u00f4le crucial de l&rsquo;Afrique face au d\u00e9fi climatique. Il insiste sur le potentiel de [&hellip;]","og_url":"https:\/\/www.guineeline.net\/index.php\/2023\/09\/12\/lafrique-est-au-centre-des-solutions-aux-problemes-climatiques-globaux-il-faudrait-juste-financer-son-potentiel-nassim-oulmane-cea\/","og_site_name":"Guineeline","article_published_time":"2023-09-12T12:16:34+00:00","og_image":[{"width":450,"height":300,"url":"https:\/\/www.guineeline.net\/wp-content\/uploads\/2023\/09\/climat.jpg","type":"image\/jpeg"}],"author":"Guineeline","twitter_card":"summary_large_image","twitter_misc":{"\u00c9crit par":"Guineeline","Dur\u00e9e de lecture estim\u00e9e":"17 minutes"},"schema":{"@context":"https:\/\/schema.org","@graph":[{"@type":"Article","@id":"https:\/\/www.guineeline.net\/index.php\/2023\/09\/12\/lafrique-est-au-centre-des-solutions-aux-problemes-climatiques-globaux-il-faudrait-juste-financer-son-potentiel-nassim-oulmane-cea\/#article","isPartOf":{"@id":"https:\/\/www.guineeline.net\/index.php\/2023\/09\/12\/lafrique-est-au-centre-des-solutions-aux-problemes-climatiques-globaux-il-faudrait-juste-financer-son-potentiel-nassim-oulmane-cea\/"},"author":{"name":"Guineeline","@id":"https:\/\/www.guineeline.net\/#\/schema\/person\/f5914e0a4c56cc8f4aa0922cc547a390"},"headline":"\u00ab L&rsquo;Afrique est au centre des solutions aux probl\u00e8mes climatiques globaux, il faudrait juste financer son potentiel \u00bb (Nassim Oulmane, CEA)","datePublished":"2023-09-12T12:16:34+00:00","mainEntityOfPage":{"@id":"https:\/\/www.guineeline.net\/index.php\/2023\/09\/12\/lafrique-est-au-centre-des-solutions-aux-problemes-climatiques-globaux-il-faudrait-juste-financer-son-potentiel-nassim-oulmane-cea\/"},"wordCount":3584,"commentCount":0,"image":{"@id":"https:\/\/www.guineeline.net\/index.php\/2023\/09\/12\/lafrique-est-au-centre-des-solutions-aux-problemes-climatiques-globaux-il-faudrait-juste-financer-son-potentiel-nassim-oulmane-cea\/#primaryimage"},"thumbnailUrl":"https:\/\/www.guineeline.net\/wp-content\/uploads\/2023\/09\/climat.jpg","articleSection":["Biodiversit\u00e9","Environnement"],"inLanguage":"fr-FR","potentialAction":[{"@type":"CommentAction","name":"Comment","target":["https:\/\/www.guineeline.net\/index.php\/2023\/09\/12\/lafrique-est-au-centre-des-solutions-aux-problemes-climatiques-globaux-il-faudrait-juste-financer-son-potentiel-nassim-oulmane-cea\/#respond"]}]},{"@type":"WebPage","@id":"https:\/\/www.guineeline.net\/index.php\/2023\/09\/12\/lafrique-est-au-centre-des-solutions-aux-problemes-climatiques-globaux-il-faudrait-juste-financer-son-potentiel-nassim-oulmane-cea\/","url":"https:\/\/www.guineeline.net\/index.php\/2023\/09\/12\/lafrique-est-au-centre-des-solutions-aux-problemes-climatiques-globaux-il-faudrait-juste-financer-son-potentiel-nassim-oulmane-cea\/","name":"\u00ab L'Afrique est au centre des solutions aux probl\u00e8mes climatiques globaux, il faudrait juste financer son potentiel \u00bb (Nassim Oulmane, CEA) - Guineeline","isPartOf":{"@id":"https:\/\/www.guineeline.net\/#website"},"primaryImageOfPage":{"@id":"https:\/\/www.guineeline.net\/index.php\/2023\/09\/12\/lafrique-est-au-centre-des-solutions-aux-problemes-climatiques-globaux-il-faudrait-juste-financer-son-potentiel-nassim-oulmane-cea\/#primaryimage"},"image":{"@id":"https:\/\/www.guineeline.net\/index.php\/2023\/09\/12\/lafrique-est-au-centre-des-solutions-aux-problemes-climatiques-globaux-il-faudrait-juste-financer-son-potentiel-nassim-oulmane-cea\/#primaryimage"},"thumbnailUrl":"https:\/\/www.guineeline.net\/wp-content\/uploads\/2023\/09\/climat.jpg","datePublished":"2023-09-12T12:16:34+00:00","author":{"@id":"https:\/\/www.guineeline.net\/#\/schema\/person\/f5914e0a4c56cc8f4aa0922cc547a390"},"breadcrumb":{"@id":"https:\/\/www.guineeline.net\/index.php\/2023\/09\/12\/lafrique-est-au-centre-des-solutions-aux-problemes-climatiques-globaux-il-faudrait-juste-financer-son-potentiel-nassim-oulmane-cea\/#breadcrumb"},"inLanguage":"fr-FR","potentialAction":[{"@type":"ReadAction","target":["https:\/\/www.guineeline.net\/index.php\/2023\/09\/12\/lafrique-est-au-centre-des-solutions-aux-problemes-climatiques-globaux-il-faudrait-juste-financer-son-potentiel-nassim-oulmane-cea\/"]}]},{"@type":"ImageObject","inLanguage":"fr-FR","@id":"https:\/\/www.guineeline.net\/index.php\/2023\/09\/12\/lafrique-est-au-centre-des-solutions-aux-problemes-climatiques-globaux-il-faudrait-juste-financer-son-potentiel-nassim-oulmane-cea\/#primaryimage","url":"https:\/\/www.guineeline.net\/wp-content\/uploads\/2023\/09\/climat.jpg","contentUrl":"https:\/\/www.guineeline.net\/wp-content\/uploads\/2023\/09\/climat.jpg","width":450,"height":300},{"@type":"BreadcrumbList","@id":"https:\/\/www.guineeline.net\/index.php\/2023\/09\/12\/lafrique-est-au-centre-des-solutions-aux-problemes-climatiques-globaux-il-faudrait-juste-financer-son-potentiel-nassim-oulmane-cea\/#breadcrumb","itemListElement":[{"@type":"ListItem","position":1,"name":"Accueil","item":"https:\/\/www.guineeline.net\/"},{"@type":"ListItem","position":2,"name":"\u00ab L&rsquo;Afrique est au centre des solutions aux probl\u00e8mes climatiques globaux, il faudrait juste financer son potentiel \u00bb (Nassim Oulmane, CEA)"}]},{"@type":"WebSite","@id":"https:\/\/www.guineeline.net\/#website","url":"https:\/\/www.guineeline.net\/","name":"Guineeline","description":"L&#039;information en un clic","potentialAction":[{"@type":"SearchAction","target":{"@type":"EntryPoint","urlTemplate":"https:\/\/www.guineeline.net\/?s={search_term_string}"},"query-input":{"@type":"PropertyValueSpecification","valueRequired":true,"valueName":"search_term_string"}}],"inLanguage":"fr-FR"},{"@type":"Person","@id":"https:\/\/www.guineeline.net\/#\/schema\/person\/f5914e0a4c56cc8f4aa0922cc547a390","name":"Guineeline","image":{"@type":"ImageObject","inLanguage":"fr-FR","@id":"https:\/\/www.guineeline.net\/#\/schema\/person\/image\/","url":"https:\/\/secure.gravatar.com\/avatar\/432ce140236c408fa05ea28acd193ba03163acdd0efbe444c1c44957b8a29a2a?s=96&d=mm&r=g","contentUrl":"https:\/\/secure.gravatar.com\/avatar\/432ce140236c408fa05ea28acd193ba03163acdd0efbe444c1c44957b8a29a2a?s=96&d=mm&r=g","caption":"Guineeline"},"url":"https:\/\/www.guineeline.net\/index.php\/author\/admin\/"}]}},"_links":{"self":[{"href":"https:\/\/www.guineeline.net\/index.php\/wp-json\/wp\/v2\/posts\/1719","targetHints":{"allow":["GET"]}}],"collection":[{"href":"https:\/\/www.guineeline.net\/index.php\/wp-json\/wp\/v2\/posts"}],"about":[{"href":"https:\/\/www.guineeline.net\/index.php\/wp-json\/wp\/v2\/types\/post"}],"author":[{"embeddable":true,"href":"https:\/\/www.guineeline.net\/index.php\/wp-json\/wp\/v2\/users\/3"}],"replies":[{"embeddable":true,"href":"https:\/\/www.guineeline.net\/index.php\/wp-json\/wp\/v2\/comments?post=1719"}],"version-history":[{"count":2,"href":"https:\/\/www.guineeline.net\/index.php\/wp-json\/wp\/v2\/posts\/1719\/revisions"}],"predecessor-version":[{"id":1722,"href":"https:\/\/www.guineeline.net\/index.php\/wp-json\/wp\/v2\/posts\/1719\/revisions\/1722"}],"wp:featuredmedia":[{"embeddable":true,"href":"https:\/\/www.guineeline.net\/index.php\/wp-json\/wp\/v2\/media\/1720"}],"wp:attachment":[{"href":"https:\/\/www.guineeline.net\/index.php\/wp-json\/wp\/v2\/media?parent=1719"}],"wp:term":[{"taxonomy":"category","embeddable":true,"href":"https:\/\/www.guineeline.net\/index.php\/wp-json\/wp\/v2\/categories?post=1719"},{"taxonomy":"post_tag","embeddable":true,"href":"https:\/\/www.guineeline.net\/index.php\/wp-json\/wp\/v2\/tags?post=1719"}],"curies":[{"name":"wp","href":"https:\/\/api.w.org\/{rel}","templated":true}]}}