{"id":1709,"date":"2023-09-08T00:23:41","date_gmt":"2023-09-07T22:23:41","guid":{"rendered":"https:\/\/www.guineeline.net\/?p=1709"},"modified":"2024-05-27T14:58:53","modified_gmt":"2024-05-27T12:58:53","slug":"genre-et-equite-quelle-implication-dans-la-lutte-contre-le-changement-climatique","status":"publish","type":"post","link":"https:\/\/www.guineeline.net\/index.php\/2023\/09\/08\/genre-et-equite-quelle-implication-dans-la-lutte-contre-le-changement-climatique\/","title":{"rendered":"Genre et \u00e9quit\u00e9 : quelle implication dans la lutte contre le changement climatique ?"},"content":{"rendered":"<div class=\"intro-text\">\n<hr \/>\n<p><strong>Depuis 2015, il existe des services de genre et d&rsquo;\u00e9quit\u00e9 dans les d\u00e9partements minist\u00e9riels. Biliga Ko\u00efvogui est la cheffe sevice genre et \u00e9quit\u00e9\/ point focal genre et changement climatique au minist\u00e8re de l\u2019environnement et du d\u00e9veloppement durable. Quel r\u00f4le le genre peut-il jouer dans la lutte contre le changement climatique ? Qu\u2019est-ce que cela a chang\u00e9 au minist\u00e8re de l\u2019environnement et du d\u00e9veloppement durable ? Pour repondre \u00e0 ces questions notre r\u00e9daction a rencontr\u00e9 KOIVOGUI Biliga charg\u00e9e du genre et de l&rsquo;\u00e9quit\u00e9 au minist\u00e8re de l\u2019environnement et du d\u00e9veloppement.<\/strong><\/p>\n<p>La responsable du service genre et \u00e9quit\u00e9 a commenc\u00e9 par rappeler les pr\u00e9rogatives de la fonction dont elle occupe <strong><em>\u00ab\u00a0Le service genre et \u00e9quit\u00e9 a pour mission la mise en \u0153uvre de la politique du gouvernement en mati\u00e8re de genre et \u00e9quit\u00e9 et d\u2019en assurer le suivi\u00a0\u00bb<\/em><\/strong> comme ses coll\u00e8gues services des autres d\u00e9partements minist\u00e9riels. Biliga ajoute qu\u2019<strong><em>il y a d\u2019autres activit\u00e9s que nous faisons avec d\u2019autres directions et services parce que le service genre et \u00e9quit\u00e9 est transversale c\u2019est comme les questions de changement climatique.<\/em><\/strong><br \/>\nAvant d\u2019entrer dans le vif du sujet, notre interlocutrice a d\u2019abord d\u00e9fini le genre comme \u00e9tant le r\u00f4le diff\u00e9rentiel entre les sexes <strong><em>\u00ab le genre est diff\u00e9rent du sexe. Le sexe est inn\u00e9 tandis que le genre est acquis. Le r\u00f4le diff\u00e9renti\u00e9 entre les deux sexes donne le genre. \u00bb<\/em><\/strong><br \/>\nS\u2019agissant de l\u2019implication du genre dans cette lutte, Mme Ko\u00efvogui la trouve tr\u00e8s importante <strong><em>\u00ab\u00a0en termes d\u2019implication du genre dans le changement climatique, c\u2019est que les femmes et les jeunes ont un grand r\u00f4le \u00e0 jouer parce qu\u2019il faut comprendre que les moteurs de d\u00e9veloppement ce sont eux. On ne peut rien faire sans eux.\u00a0\u00bb<\/em> <\/strong>D\u2019o\u00f9 le point service Point focal du genre et changement climatique au minist\u00e8re de l\u2019environnement et du d\u00e9veloppement durable nous invite \u00e0 faire le constat lors des activit\u00e9 dites phares du minist\u00e8re <strong><em>\u00ab\u00a0parlant de la protection de l\u2019environnement, tout le monde est sur le terrain lors des activit\u00e9s de reboisement par exemple. C\u2019est pour dire que ce travail peut \u00eatre fait par tout le monde en collaboration avec les techniciens de la direction des for\u00eats et de la faune.\u00a0\u00bb<\/em><\/strong> a-t-elle pr\u00e9cis\u00e9.<br \/>\nAu niveau international aussi le service genre a particip\u00e9 \u00e0 diff\u00e9rentes conf\u00e9rences sur la convention cadre des Nations-Unies sur le changement climatique qui se tiennent chaque ann\u00e9e qu\u2019on appelle conf\u00e9rence des parties (COP) depuis 2020.<br \/>\nMais c\u2019est un d\u00e9fis aujourd&rsquo;hui pour le service de faire la restitution de ces diff\u00e9rentes activit\u00e9s auxquelles sa responsable a prit part <strong><em>\u00ab je veux faire des restitutions aux structures \u00e9tatiques et non-\u00e9tatiques parce que nous n\u2019avons pas particip\u00e9 \u00e0 ces formations au nom d\u2019une seule personne mais au nom du pays. Donc il faudrait que l\u2019information soit vulgaris\u00e9e. Mais quand on sollicite les restitutions, on nous dit qu\u2019il n\u2019y a pas de moyens. \u00bb<\/em><\/strong> a pr\u00e9cis\u00e9 madame KOIVOGUI Biliga comme l&rsquo;un des probl\u00e8mes que service rencontre dans son fonctionnement.<\/p>\n<p style=\"text-align: center;\"><strong>De la question des impacts du genre et la lutte contre le changement climatique<\/strong><\/p>\n<p>Le service genre a des impacts par exemple au niveau de la r\u00e9union de cabinet qui se tient chaque semaine. La fiche de pr\u00e9sence est genr\u00e9e explique la responsable du service genre <strong><em>\u00ab\u00a0avant on s\u2019inscrivait il n\u2019y avait pas une colonne qui \u00e9tait d\u00e9di\u00e9e au sexe. Aujourd\u2019hui on a demand\u00e9 \u00e0 ce que cela soit fait. Cela nous permet de comprendre en termes de participation des femmes. Cela permet de comprendre r\u00e9ellement il y a combien d\u2019hommes et de femmes qui prennent part au r\u00e9union de cabinet du ministre. Cette fiche devient \u00e9galement un outil pour nous \u00e0 travers lequel on peut faire des plaidoyers. &gt;&gt;<\/em><\/strong> s&rsquo;en r\u00e9jouit-elle comme acquis.<\/p>\n<p>Biliga Ko\u00efvogui mentionne \u00e9galement l\u2019int\u00e9gration du genre dans la CDN comme un autre acquis majeure pour son service <strong><em>\u00ab\u00a0quand je prends au niveau des politiques nous avons r\u00e9ussi \u00e0 int\u00e9grer le genre dans la Contribution D\u00e9termin\u00e9e au niveau National (CDN). La CDN est \u00e0 la fois un document national et international parce que les besoins du pays en termes de projet y sont int\u00e9gr\u00e9s.\u00a0\u00bb<\/em><\/strong><br \/>\nL\u2019implication du genre peut apporter le changement m\u00eame en termes de sensibilisation dans la lutte contre le changement climatique <strong><em>\u00ab\u00a0puisque la collecte du bois de chauffe se fait par les femmes dans les for\u00eats, l\u2019agriculture, les cultures maraich\u00e8res, la carbonisation etc. Les femmes se procurent aussi de cette biodiversit\u00e9 pour faire de la pharmacop\u00e9e (m\u00e9decine traditionnelle). Les femmes font beaucoup de choses au niveau des for\u00eats qui n\u00e9cessitent leur implication dans sa gestion.\u00a0\u00bb<\/em> <\/strong>fait remarqu\u00e9 le point focal genre et changement climatique. Avant de parler des perspectives auxquelles s&rsquo;attelle son service<strong><em> \u00ab\u00a0Pour des perspectives nous voulons \u00e9laborer une ligne directrice sur les question du genre au niveau du minist\u00e8re. Nous avons d\u00e9j\u00e0 fait le draft mais c\u2019est en perspective parce que ce n\u2019est pas encore valid\u00e9. En plus de cela nous voulons \u00e9laborer une strat\u00e9gie nation nationale genre et changement climatique. C\u2019est cette strat\u00e9gie qui va nous dire o\u00f9 nous voulons aller\u00a0? quelles sont nos domaines d\u2019intervention\u00a0?\u00a0\u00bb<\/em><\/strong><br \/>\nDes difficult\u00e9s, il n\u2019en manque pas au service genre et \u00e9quit\u00e9 du minist\u00e8re de l\u2019environnement et du d\u00e9veloppement<strong><em> \u00ab\u00a0On n\u2019a pas un budget de fonctionnement. La plupart des cadres que j\u2019ai ce sont des universitaires, ce sont des nouveaux fonctionnaires non exp\u00e9riment\u00e9s. Nous sommes en train de faire les mises \u00e0 niveau \u00e0 l\u2019interne. Globalement on a un probl\u00e8me de ressource humaine adapt\u00e9 aux du genre mais aussi un probl\u00e8me de ressource financi\u00e8re et mat\u00e9rielle.\u00bb<\/em><\/strong> Conform\u00e9ment aux attributions du service, il ne manque pas d\u2019initiatives mais le manque de budget de fonctionnement freine l\u2019\u00e9lan de service d&rsquo;appui au rang de division au minist\u00e8re de l\u2019environnement et du d\u00e9veloppement durable.<\/p>\n<p style=\"text-align: right;\">Bo\u00e8bo\u00e8 B\u00e9avogui<\/p>\n<\/div>\n","protected":false},"excerpt":{"rendered":"<p>Depuis 2015, il existe des services de genre et d&rsquo;\u00e9quit\u00e9 dans les d\u00e9partements minist\u00e9riels. Biliga Ko\u00efvogui est la cheffe sevice genre et \u00e9quit\u00e9\/ point focal genre et changement climatique au minist\u00e8re de l\u2019environnement et du d\u00e9veloppement durable. Quel r\u00f4le le genre peut-il jouer dans la lutte contre le changement climatique ? Qu\u2019est-ce que cela a [&hellip;]<\/p>\n","protected":false},"author":3,"featured_media":1710,"comment_status":"open","ping_status":"open","sticky":false,"template":"","format":"standard","meta":{"jnews-multi-image_gallery":[],"jnews_single_post":{"source_name":"","source_url":"","via_name":"","via_url":"","override_template":"0","override":[{"template":"1","single_blog_custom":"","parallax":"1","fullscreen":"1","layout":"right-sidebar","sidebar":"","second_sidebar":"","sticky_sidebar":"1","share_position":"","share_float_style":"","show_share_counter":"0","show_view_counter":"0","show_featured":"1","show_post_meta":"1","show_post_author":"1","show_post_author_image":"1","show_post_date":"1","post_date_format":"","post_date_format_custom":"","show_post_category":"1","show_post_reading_time":"0","post_reading_time_wpm":"300","show_zoom_button":"0","zoom_button_out_step":"2","zoom_button_in_step":"3","show_post_tag":"1","show_prev_next_post":"1","show_popup_post":"1","number_popup_post":"1","show_author_box":"0","show_post_related":"0","show_inline_post_related":"0"}],"override_image_size":"0","image_override":[{"single_post_thumbnail_size":"","single_post_gallery_size":""}],"trending_post":"0","trending_post_position":"","trending_post_label":"","sponsored_post":"0","sponsored_post_label":"Sponsored by","sponsored_post_name":"","sponsored_post_url":"","sponsored_post_logo_enable":"0","sponsored_post_logo":"","sponsored_post_desc":"","disable_ad":"0"},"jnews_primary_category":{"id":"","hide":""},"jnews_override_counter":{"view_counter_number":"0","share_counter_number":"0","like_counter_number":"0","dislike_counter_number":"0"},"footnotes":""},"categories":[2,19],"tags":[],"class_list":["post-1709","post","type-post","status-publish","format-standard","has-post-thumbnail","hentry","category-actualites","category-environnement"],"yoast_head":"<!-- This site is optimized with the Yoast SEO plugin v26.9 - https:\/\/yoast.com\/product\/yoast-seo-wordpress\/ -->\n<title>Genre et \u00e9quit\u00e9 : quelle implication dans la lutte contre le changement climatique ? - Guineeline<\/title>\n<meta name=\"robots\" content=\"index, follow, max-snippet:-1, max-image-preview:large, max-video-preview:-1\" \/>\n<link rel=\"canonical\" href=\"https:\/\/www.guineeline.net\/index.php\/2023\/09\/08\/genre-et-equite-quelle-implication-dans-la-lutte-contre-le-changement-climatique\/\" \/>\n<meta property=\"og:locale\" content=\"fr_FR\" \/>\n<meta property=\"og:type\" content=\"article\" \/>\n<meta property=\"og:title\" content=\"Genre et \u00e9quit\u00e9 : quelle implication dans la lutte contre le changement climatique ? - Guineeline\" \/>\n<meta property=\"og:description\" content=\"Depuis 2015, il existe des services de genre et d&rsquo;\u00e9quit\u00e9 dans les d\u00e9partements minist\u00e9riels. Biliga Ko\u00efvogui est la cheffe sevice genre et \u00e9quit\u00e9\/ point focal genre et changement climatique au minist\u00e8re de l\u2019environnement et du d\u00e9veloppement durable. Quel r\u00f4le le genre peut-il jouer dans la lutte contre le changement climatique ? Qu\u2019est-ce que cela a [&hellip;]\" \/>\n<meta property=\"og:url\" content=\"https:\/\/www.guineeline.net\/index.php\/2023\/09\/08\/genre-et-equite-quelle-implication-dans-la-lutte-contre-le-changement-climatique\/\" \/>\n<meta property=\"og:site_name\" content=\"Guineeline\" \/>\n<meta property=\"article:published_time\" content=\"2023-09-07T22:23:41+00:00\" \/>\n<meta property=\"article:modified_time\" content=\"2024-05-27T12:58:53+00:00\" \/>\n<meta property=\"og:image\" content=\"https:\/\/www.guineeline.net\/wp-content\/uploads\/2023\/09\/IMG-20230904-WA0001.jpg\" \/>\n\t<meta property=\"og:image:width\" content=\"810\" \/>\n\t<meta property=\"og:image:height\" content=\"1080\" \/>\n\t<meta property=\"og:image:type\" content=\"image\/jpeg\" \/>\n<meta name=\"author\" content=\"Guineeline\" \/>\n<meta name=\"twitter:card\" content=\"summary_large_image\" \/>\n<meta name=\"twitter:label1\" content=\"\u00c9crit par\" \/>\n\t<meta name=\"twitter:data1\" content=\"Guineeline\" \/>\n\t<meta name=\"twitter:label2\" content=\"Dur\u00e9e de lecture estim\u00e9e\" \/>\n\t<meta name=\"twitter:data2\" content=\"5 minutes\" \/>\n<script type=\"application\/ld+json\" class=\"yoast-schema-graph\">{\"@context\":\"https:\/\/schema.org\",\"@graph\":[{\"@type\":\"Article\",\"@id\":\"https:\/\/www.guineeline.net\/index.php\/2023\/09\/08\/genre-et-equite-quelle-implication-dans-la-lutte-contre-le-changement-climatique\/#article\",\"isPartOf\":{\"@id\":\"https:\/\/www.guineeline.net\/index.php\/2023\/09\/08\/genre-et-equite-quelle-implication-dans-la-lutte-contre-le-changement-climatique\/\"},\"author\":{\"name\":\"Guineeline\",\"@id\":\"https:\/\/www.guineeline.net\/#\/schema\/person\/f5914e0a4c56cc8f4aa0922cc547a390\"},\"headline\":\"Genre et \u00e9quit\u00e9 : quelle implication dans la lutte contre le changement climatique ?\",\"datePublished\":\"2023-09-07T22:23:41+00:00\",\"dateModified\":\"2024-05-27T12:58:53+00:00\",\"mainEntityOfPage\":{\"@id\":\"https:\/\/www.guineeline.net\/index.php\/2023\/09\/08\/genre-et-equite-quelle-implication-dans-la-lutte-contre-le-changement-climatique\/\"},\"wordCount\":1075,\"commentCount\":0,\"image\":{\"@id\":\"https:\/\/www.guineeline.net\/index.php\/2023\/09\/08\/genre-et-equite-quelle-implication-dans-la-lutte-contre-le-changement-climatique\/#primaryimage\"},\"thumbnailUrl\":\"https:\/\/www.guineeline.net\/wp-content\/uploads\/2023\/09\/IMG-20230904-WA0001.jpg\",\"articleSection\":[\"Actualit\u00e9s\",\"Environnement\"],\"inLanguage\":\"fr-FR\",\"potentialAction\":[{\"@type\":\"CommentAction\",\"name\":\"Comment\",\"target\":[\"https:\/\/www.guineeline.net\/index.php\/2023\/09\/08\/genre-et-equite-quelle-implication-dans-la-lutte-contre-le-changement-climatique\/#respond\"]}]},{\"@type\":\"WebPage\",\"@id\":\"https:\/\/www.guineeline.net\/index.php\/2023\/09\/08\/genre-et-equite-quelle-implication-dans-la-lutte-contre-le-changement-climatique\/\",\"url\":\"https:\/\/www.guineeline.net\/index.php\/2023\/09\/08\/genre-et-equite-quelle-implication-dans-la-lutte-contre-le-changement-climatique\/\",\"name\":\"Genre et \u00e9quit\u00e9 : quelle implication dans la lutte contre le changement climatique ? - Guineeline\",\"isPartOf\":{\"@id\":\"https:\/\/www.guineeline.net\/#website\"},\"primaryImageOfPage\":{\"@id\":\"https:\/\/www.guineeline.net\/index.php\/2023\/09\/08\/genre-et-equite-quelle-implication-dans-la-lutte-contre-le-changement-climatique\/#primaryimage\"},\"image\":{\"@id\":\"https:\/\/www.guineeline.net\/index.php\/2023\/09\/08\/genre-et-equite-quelle-implication-dans-la-lutte-contre-le-changement-climatique\/#primaryimage\"},\"thumbnailUrl\":\"https:\/\/www.guineeline.net\/wp-content\/uploads\/2023\/09\/IMG-20230904-WA0001.jpg\",\"datePublished\":\"2023-09-07T22:23:41+00:00\",\"dateModified\":\"2024-05-27T12:58:53+00:00\",\"author\":{\"@id\":\"https:\/\/www.guineeline.net\/#\/schema\/person\/f5914e0a4c56cc8f4aa0922cc547a390\"},\"breadcrumb\":{\"@id\":\"https:\/\/www.guineeline.net\/index.php\/2023\/09\/08\/genre-et-equite-quelle-implication-dans-la-lutte-contre-le-changement-climatique\/#breadcrumb\"},\"inLanguage\":\"fr-FR\",\"potentialAction\":[{\"@type\":\"ReadAction\",\"target\":[\"https:\/\/www.guineeline.net\/index.php\/2023\/09\/08\/genre-et-equite-quelle-implication-dans-la-lutte-contre-le-changement-climatique\/\"]}]},{\"@type\":\"ImageObject\",\"inLanguage\":\"fr-FR\",\"@id\":\"https:\/\/www.guineeline.net\/index.php\/2023\/09\/08\/genre-et-equite-quelle-implication-dans-la-lutte-contre-le-changement-climatique\/#primaryimage\",\"url\":\"https:\/\/www.guineeline.net\/wp-content\/uploads\/2023\/09\/IMG-20230904-WA0001.jpg\",\"contentUrl\":\"https:\/\/www.guineeline.net\/wp-content\/uploads\/2023\/09\/IMG-20230904-WA0001.jpg\",\"width\":810,\"height\":1080},{\"@type\":\"BreadcrumbList\",\"@id\":\"https:\/\/www.guineeline.net\/index.php\/2023\/09\/08\/genre-et-equite-quelle-implication-dans-la-lutte-contre-le-changement-climatique\/#breadcrumb\",\"itemListElement\":[{\"@type\":\"ListItem\",\"position\":1,\"name\":\"Accueil\",\"item\":\"https:\/\/www.guineeline.net\/\"},{\"@type\":\"ListItem\",\"position\":2,\"name\":\"Genre et \u00e9quit\u00e9 : quelle implication dans la lutte contre le changement climatique ?\"}]},{\"@type\":\"WebSite\",\"@id\":\"https:\/\/www.guineeline.net\/#website\",\"url\":\"https:\/\/www.guineeline.net\/\",\"name\":\"Guineeline\",\"description\":\"L&#039;information en un clic\",\"potentialAction\":[{\"@type\":\"SearchAction\",\"target\":{\"@type\":\"EntryPoint\",\"urlTemplate\":\"https:\/\/www.guineeline.net\/?s={search_term_string}\"},\"query-input\":{\"@type\":\"PropertyValueSpecification\",\"valueRequired\":true,\"valueName\":\"search_term_string\"}}],\"inLanguage\":\"fr-FR\"},{\"@type\":\"Person\",\"@id\":\"https:\/\/www.guineeline.net\/#\/schema\/person\/f5914e0a4c56cc8f4aa0922cc547a390\",\"name\":\"Guineeline\",\"image\":{\"@type\":\"ImageObject\",\"inLanguage\":\"fr-FR\",\"@id\":\"https:\/\/www.guineeline.net\/#\/schema\/person\/image\/\",\"url\":\"https:\/\/secure.gravatar.com\/avatar\/432ce140236c408fa05ea28acd193ba03163acdd0efbe444c1c44957b8a29a2a?s=96&d=mm&r=g\",\"contentUrl\":\"https:\/\/secure.gravatar.com\/avatar\/432ce140236c408fa05ea28acd193ba03163acdd0efbe444c1c44957b8a29a2a?s=96&d=mm&r=g\",\"caption\":\"Guineeline\"},\"url\":\"https:\/\/www.guineeline.net\/index.php\/author\/admin\/\"}]}<\/script>\n<!-- \/ Yoast SEO plugin. -->","yoast_head_json":{"title":"Genre et \u00e9quit\u00e9 : quelle implication dans la lutte contre le changement climatique ? - Guineeline","robots":{"index":"index","follow":"follow","max-snippet":"max-snippet:-1","max-image-preview":"max-image-preview:large","max-video-preview":"max-video-preview:-1"},"canonical":"https:\/\/www.guineeline.net\/index.php\/2023\/09\/08\/genre-et-equite-quelle-implication-dans-la-lutte-contre-le-changement-climatique\/","og_locale":"fr_FR","og_type":"article","og_title":"Genre et \u00e9quit\u00e9 : quelle implication dans la lutte contre le changement climatique ? - Guineeline","og_description":"Depuis 2015, il existe des services de genre et d&rsquo;\u00e9quit\u00e9 dans les d\u00e9partements minist\u00e9riels. Biliga Ko\u00efvogui est la cheffe sevice genre et \u00e9quit\u00e9\/ point focal genre et changement climatique au minist\u00e8re de l\u2019environnement et du d\u00e9veloppement durable. Quel r\u00f4le le genre peut-il jouer dans la lutte contre le changement climatique ? Qu\u2019est-ce que cela a [&hellip;]","og_url":"https:\/\/www.guineeline.net\/index.php\/2023\/09\/08\/genre-et-equite-quelle-implication-dans-la-lutte-contre-le-changement-climatique\/","og_site_name":"Guineeline","article_published_time":"2023-09-07T22:23:41+00:00","article_modified_time":"2024-05-27T12:58:53+00:00","og_image":[{"width":810,"height":1080,"url":"https:\/\/www.guineeline.net\/wp-content\/uploads\/2023\/09\/IMG-20230904-WA0001.jpg","type":"image\/jpeg"}],"author":"Guineeline","twitter_card":"summary_large_image","twitter_misc":{"\u00c9crit par":"Guineeline","Dur\u00e9e de lecture estim\u00e9e":"5 minutes"},"schema":{"@context":"https:\/\/schema.org","@graph":[{"@type":"Article","@id":"https:\/\/www.guineeline.net\/index.php\/2023\/09\/08\/genre-et-equite-quelle-implication-dans-la-lutte-contre-le-changement-climatique\/#article","isPartOf":{"@id":"https:\/\/www.guineeline.net\/index.php\/2023\/09\/08\/genre-et-equite-quelle-implication-dans-la-lutte-contre-le-changement-climatique\/"},"author":{"name":"Guineeline","@id":"https:\/\/www.guineeline.net\/#\/schema\/person\/f5914e0a4c56cc8f4aa0922cc547a390"},"headline":"Genre et \u00e9quit\u00e9 : quelle implication dans la lutte contre le changement climatique ?","datePublished":"2023-09-07T22:23:41+00:00","dateModified":"2024-05-27T12:58:53+00:00","mainEntityOfPage":{"@id":"https:\/\/www.guineeline.net\/index.php\/2023\/09\/08\/genre-et-equite-quelle-implication-dans-la-lutte-contre-le-changement-climatique\/"},"wordCount":1075,"commentCount":0,"image":{"@id":"https:\/\/www.guineeline.net\/index.php\/2023\/09\/08\/genre-et-equite-quelle-implication-dans-la-lutte-contre-le-changement-climatique\/#primaryimage"},"thumbnailUrl":"https:\/\/www.guineeline.net\/wp-content\/uploads\/2023\/09\/IMG-20230904-WA0001.jpg","articleSection":["Actualit\u00e9s","Environnement"],"inLanguage":"fr-FR","potentialAction":[{"@type":"CommentAction","name":"Comment","target":["https:\/\/www.guineeline.net\/index.php\/2023\/09\/08\/genre-et-equite-quelle-implication-dans-la-lutte-contre-le-changement-climatique\/#respond"]}]},{"@type":"WebPage","@id":"https:\/\/www.guineeline.net\/index.php\/2023\/09\/08\/genre-et-equite-quelle-implication-dans-la-lutte-contre-le-changement-climatique\/","url":"https:\/\/www.guineeline.net\/index.php\/2023\/09\/08\/genre-et-equite-quelle-implication-dans-la-lutte-contre-le-changement-climatique\/","name":"Genre et \u00e9quit\u00e9 : quelle implication dans la lutte contre le changement climatique ? - Guineeline","isPartOf":{"@id":"https:\/\/www.guineeline.net\/#website"},"primaryImageOfPage":{"@id":"https:\/\/www.guineeline.net\/index.php\/2023\/09\/08\/genre-et-equite-quelle-implication-dans-la-lutte-contre-le-changement-climatique\/#primaryimage"},"image":{"@id":"https:\/\/www.guineeline.net\/index.php\/2023\/09\/08\/genre-et-equite-quelle-implication-dans-la-lutte-contre-le-changement-climatique\/#primaryimage"},"thumbnailUrl":"https:\/\/www.guineeline.net\/wp-content\/uploads\/2023\/09\/IMG-20230904-WA0001.jpg","datePublished":"2023-09-07T22:23:41+00:00","dateModified":"2024-05-27T12:58:53+00:00","author":{"@id":"https:\/\/www.guineeline.net\/#\/schema\/person\/f5914e0a4c56cc8f4aa0922cc547a390"},"breadcrumb":{"@id":"https:\/\/www.guineeline.net\/index.php\/2023\/09\/08\/genre-et-equite-quelle-implication-dans-la-lutte-contre-le-changement-climatique\/#breadcrumb"},"inLanguage":"fr-FR","potentialAction":[{"@type":"ReadAction","target":["https:\/\/www.guineeline.net\/index.php\/2023\/09\/08\/genre-et-equite-quelle-implication-dans-la-lutte-contre-le-changement-climatique\/"]}]},{"@type":"ImageObject","inLanguage":"fr-FR","@id":"https:\/\/www.guineeline.net\/index.php\/2023\/09\/08\/genre-et-equite-quelle-implication-dans-la-lutte-contre-le-changement-climatique\/#primaryimage","url":"https:\/\/www.guineeline.net\/wp-content\/uploads\/2023\/09\/IMG-20230904-WA0001.jpg","contentUrl":"https:\/\/www.guineeline.net\/wp-content\/uploads\/2023\/09\/IMG-20230904-WA0001.jpg","width":810,"height":1080},{"@type":"BreadcrumbList","@id":"https:\/\/www.guineeline.net\/index.php\/2023\/09\/08\/genre-et-equite-quelle-implication-dans-la-lutte-contre-le-changement-climatique\/#breadcrumb","itemListElement":[{"@type":"ListItem","position":1,"name":"Accueil","item":"https:\/\/www.guineeline.net\/"},{"@type":"ListItem","position":2,"name":"Genre et \u00e9quit\u00e9 : quelle implication dans la lutte contre le changement climatique ?"}]},{"@type":"WebSite","@id":"https:\/\/www.guineeline.net\/#website","url":"https:\/\/www.guineeline.net\/","name":"Guineeline","description":"L&#039;information en un clic","potentialAction":[{"@type":"SearchAction","target":{"@type":"EntryPoint","urlTemplate":"https:\/\/www.guineeline.net\/?s={search_term_string}"},"query-input":{"@type":"PropertyValueSpecification","valueRequired":true,"valueName":"search_term_string"}}],"inLanguage":"fr-FR"},{"@type":"Person","@id":"https:\/\/www.guineeline.net\/#\/schema\/person\/f5914e0a4c56cc8f4aa0922cc547a390","name":"Guineeline","image":{"@type":"ImageObject","inLanguage":"fr-FR","@id":"https:\/\/www.guineeline.net\/#\/schema\/person\/image\/","url":"https:\/\/secure.gravatar.com\/avatar\/432ce140236c408fa05ea28acd193ba03163acdd0efbe444c1c44957b8a29a2a?s=96&d=mm&r=g","contentUrl":"https:\/\/secure.gravatar.com\/avatar\/432ce140236c408fa05ea28acd193ba03163acdd0efbe444c1c44957b8a29a2a?s=96&d=mm&r=g","caption":"Guineeline"},"url":"https:\/\/www.guineeline.net\/index.php\/author\/admin\/"}]}},"_links":{"self":[{"href":"https:\/\/www.guineeline.net\/index.php\/wp-json\/wp\/v2\/posts\/1709","targetHints":{"allow":["GET"]}}],"collection":[{"href":"https:\/\/www.guineeline.net\/index.php\/wp-json\/wp\/v2\/posts"}],"about":[{"href":"https:\/\/www.guineeline.net\/index.php\/wp-json\/wp\/v2\/types\/post"}],"author":[{"embeddable":true,"href":"https:\/\/www.guineeline.net\/index.php\/wp-json\/wp\/v2\/users\/3"}],"replies":[{"embeddable":true,"href":"https:\/\/www.guineeline.net\/index.php\/wp-json\/wp\/v2\/comments?post=1709"}],"version-history":[{"count":5,"href":"https:\/\/www.guineeline.net\/index.php\/wp-json\/wp\/v2\/posts\/1709\/revisions"}],"predecessor-version":[{"id":2172,"href":"https:\/\/www.guineeline.net\/index.php\/wp-json\/wp\/v2\/posts\/1709\/revisions\/2172"}],"wp:featuredmedia":[{"embeddable":true,"href":"https:\/\/www.guineeline.net\/index.php\/wp-json\/wp\/v2\/media\/1710"}],"wp:attachment":[{"href":"https:\/\/www.guineeline.net\/index.php\/wp-json\/wp\/v2\/media?parent=1709"}],"wp:term":[{"taxonomy":"category","embeddable":true,"href":"https:\/\/www.guineeline.net\/index.php\/wp-json\/wp\/v2\/categories?post=1709"},{"taxonomy":"post_tag","embeddable":true,"href":"https:\/\/www.guineeline.net\/index.php\/wp-json\/wp\/v2\/tags?post=1709"}],"curies":[{"name":"wp","href":"https:\/\/api.w.org\/{rel}","templated":true}]}}