{"id":1671,"date":"2023-09-02T22:55:37","date_gmt":"2023-09-02T20:55:37","guid":{"rendered":"https:\/\/www.guineeline.net\/?p=1671"},"modified":"2023-09-03T09:34:22","modified_gmt":"2023-09-03T07:34:22","slug":"amenagement-du-lac-gbassi-kolo-les-cohabitants-et-autochtones-du-site-se-disent-inquiets","status":"publish","type":"post","link":"https:\/\/www.guineeline.net\/index.php\/2023\/09\/02\/amenagement-du-lac-gbassi-kolo-les-cohabitants-et-autochtones-du-site-se-disent-inquiets\/","title":{"rendered":"Am\u00e9nagement du lac Gbassi-kolo\u00a0: les cohabitants et autochtones du site se disent inquiets"},"content":{"rendered":"<p><strong>La pose de la premi\u00e8re pierre du projet d\u2019am\u00e9nagement du lac Gbassi-kolo situ\u00e9 \u00e0 l\u2019entr\u00e9e de Kaloum, suscite des inqui\u00e9tudes chez les cohabitants et autochtones du site. Les Bagas autochtones d\u00e9noncent leur exclusion du projet. Les cohabitants quant \u00e0 eux s\u2019inqui\u00e8tent d\u2019un \u00e9ventuel d\u00e9guerpissement des lieux qu\u2019il s occupent depuis belle lurette. Les deux parties d\u00e9noncent une d\u00e9marche d\u2019exclusion et interpelle le gouvernement et les initiateurs de ce projet au respect de leur droit. Guineeline.net les a donn\u00e9s la parole pour en savoir davantage.<\/strong><\/p>\n<p>Selon les axes prioritaires pour un d\u00e9veloppement durable, tout projet devait tenir compte du principe d\u2019inclusion de tous les acteurs. Dans le cadre de ce projet d\u2019am\u00e9nagement du lac mythique Gbassi-kolo un des fils du terroir, Lansana Almamy Soumah alias Docta secr\u00e9taire administratif du quartier Kaporo et conseiller \u00e0 la mairie de Ratoma dit que \u00e7a n\u2019a pas \u00e9t\u00e9 le cas<em><strong> \u00ab avant on consultait les autochtones mais maintenant tel n\u2019est plus le cas. Depuis l\u2019\u00e9poque coloniale jusqu\u2019\u00e0 l\u2019ind\u00e9pendance, tout ce qui se faisait, les Bagas \u00e9taient consult\u00e9s. S\u00e9kou Tour\u00e9 d\u2019ailleurs a pris les Bagas comme ses p\u00e8res adoptifs \u00e0 travers l\u2019Almamy Kala qui a \u00e9t\u00e9 le dernier chef de Canton du royaume de Dubr\u00e9ka. Le G\u00e9n\u00e9ral Lansana Cont\u00e9 est venu c\u2019\u00e9tait la m\u00eame chose\u00bb <\/strong><\/em>s&rsquo;est montr\u00e9 nostalgique M. Soumah.<\/p>\n<p><img fetchpriority=\"high\" decoding=\"async\" class=\"alignnone size-medium wp-image-1675\" src=\"https:\/\/www.guineeline.net\/wp-content\/uploads\/2023\/09\/IMG-20230902-WA0007-300x213.jpg\" alt=\"\" width=\"300\" height=\"213\" srcset=\"https:\/\/www.guineeline.net\/wp-content\/uploads\/2023\/09\/IMG-20230902-WA0007-300x213.jpg 300w, https:\/\/www.guineeline.net\/wp-content\/uploads\/2023\/09\/IMG-20230902-WA0007-1024x728.jpg 1024w, https:\/\/www.guineeline.net\/wp-content\/uploads\/2023\/09\/IMG-20230902-WA0007-768x546.jpg 768w, https:\/\/www.guineeline.net\/wp-content\/uploads\/2023\/09\/IMG-20230902-WA0007-120x86.jpg 120w, https:\/\/www.guineeline.net\/wp-content\/uploads\/2023\/09\/IMG-20230902-WA0007-350x250.jpg 350w, https:\/\/www.guineeline.net\/wp-content\/uploads\/2023\/09\/IMG-20230902-WA0007-750x533.jpg 750w, https:\/\/www.guineeline.net\/wp-content\/uploads\/2023\/09\/IMG-20230902-WA0007.jpg 1080w\" sizes=\"(max-width: 300px) 100vw, 300px\" \/><br \/>\nA la question de savoir si la communaut\u00e9 a \u00e9t\u00e9 associ\u00e9e ? Lansana Soumah r\u00e9pond sans d\u00e9tour <em><strong>\u00ab la communaut\u00e9 n\u2019est pas inform\u00e9e. Si elle avait \u00e9t\u00e9 associ\u00e9e, quelqu\u2019un allait m\u2019en parler mais ce n\u2019est pas le cas. Puisse que c\u2019est un lieu de rituel des Bagas, les autorit\u00e9s devaient venir voir la communaut\u00e9 pour qu\u2019elle fasse le sacrifice qu\u2019il faille pour cet endroit. \u00bb<\/strong><\/em><br \/>\nEn plus de la communaut\u00e9s Bagas autochtones d\u2019une bonne partie du littoral guin\u00e9en, les riverains du lac se disent \u00e9galement inquiets de la m\u00e9thode du d\u00e9marrage de ce projet d\u2019am\u00e9nagement.<\/p>\n<p>Ils sont pour la plupart des militaires \u00e0 la retraite et disent avoir occup\u00e9 l\u2019endroit depuis 1986 sous l\u2019ordre du feu Pr\u00e9sident G\u00e9n\u00e9ral Lansana Cont\u00e9.<\/p>\n<p>C\u2019est le cas du Colonel de la marine nationale \u00e0 la retraite Mamady Traor\u00e9 qui revient sur les circonstance dans lesquelles ils ont occup\u00e9 les alentours du lac Gbassi-kolo<strong><em> \u00ab c\u2019\u00e9tait en 1986 quand les travaux d\u2019extension du camp Samory ont commenc\u00e9,\u00a0 le G\u00e9n\u00e9ral Cont\u00e9 nous a dit de chercher partout o\u00f9 se trouve des b\u00e2timents \u00e9tatiques et les occuper. Certains sont parti \u00e0 Sangoyah, d\u2019autres \u00e0 Kissosso o\u00f9 il y avait d\u00e9j\u00e0 des cit\u00e9s construites. Nous, nous sommes venus ici \u00bb<\/em><\/strong> a rappel\u00e9 le colonel Traor\u00e9.<\/p>\n<p><img decoding=\"async\" class=\"alignnone size-medium wp-image-1677\" src=\"https:\/\/www.guineeline.net\/wp-content\/uploads\/2023\/09\/IMG-20230902-WA0017-300x251.jpg\" alt=\"\" width=\"300\" height=\"251\" srcset=\"https:\/\/www.guineeline.net\/wp-content\/uploads\/2023\/09\/IMG-20230902-WA0017-300x251.jpg 300w, https:\/\/www.guineeline.net\/wp-content\/uploads\/2023\/09\/IMG-20230902-WA0017-1024x855.jpg 1024w, https:\/\/www.guineeline.net\/wp-content\/uploads\/2023\/09\/IMG-20230902-WA0017-768x641.jpg 768w, https:\/\/www.guineeline.net\/wp-content\/uploads\/2023\/09\/IMG-20230902-WA0017-750x626.jpg 750w, https:\/\/www.guineeline.net\/wp-content\/uploads\/2023\/09\/IMG-20230902-WA0017.jpg 1080w\" sizes=\"(max-width: 300px) 100vw, 300px\" \/><br \/>\nBien avant ce projet d\u2019am\u00e9nagement, les riverains de ce lac ont plusieurs fois \u00e9t\u00e9 menac\u00e9s de d\u00e9guerpissement. Le chef secteur \u00e9galement militaire \u00e0 la retraite le Commandant Ibrahima Kourouma se souvient d\u2019un acte r\u00e9cent <strong><em>\u00ab nous avons \u00e9t\u00e9 une fois menac\u00e9 de d\u00e9guerpissement ici. C\u2019est le gouvernorat qui avait envoy\u00e9 les gens entre 02h-03h du matin. Ils sont venus casser les b\u00e2timents qui \u00e9taient du c\u00f4t\u00e9 du lac \u00bb <\/em><\/strong>se souvient le commandant Kourouma.<\/p>\n<p><img decoding=\"async\" class=\"alignnone size-medium wp-image-1676\" src=\"https:\/\/www.guineeline.net\/wp-content\/uploads\/2023\/09\/IMG-20230902-WA0018-268x300.jpg\" alt=\"\" width=\"268\" height=\"300\" srcset=\"https:\/\/www.guineeline.net\/wp-content\/uploads\/2023\/09\/IMG-20230902-WA0018-268x300.jpg 268w, https:\/\/www.guineeline.net\/wp-content\/uploads\/2023\/09\/IMG-20230902-WA0018.jpg 684w\" sizes=\"(max-width: 268px) 100vw, 268px\" \/><\/p>\n<p><em><strong>\u00ab Par rapport \u00e0 l\u2019am\u00e9nagement du lac, ils ne nous ont pas montr\u00e9 d\u2019ordre de mission mais nous avons \u00e9t\u00e9 inform\u00e9s. Ce sont deux colonels (un policier et un gendarme) qui sont venus nous inform\u00e9s que nos b\u00e2timents seront cass\u00e9s. Ils nous ont m\u00eame arr\u00eat\u00e9 pour nous envoyer au port. Nous avons inform\u00e9 \u00e0 la commune, ils nous ont dit qu\u2019ils sont inform\u00e9s pour le lac mais pas pour la casse de nos b\u00e2timent. \u00bb<\/strong><\/em><\/p>\n<p>M\u00eame s\u2019ils pensent que les choses se sont un peu calm\u00e9es ces derniers temps, la crainte persiste toujours chez les riverains car rien ne garantit leur pr\u00e9sence \u00e0 cet endroit. Mais le colonel Traor\u00e9 souhaite que cette question soit pos\u00e9e \u00e0 l\u2019entreprise qui porte ce projet d\u2019am\u00e9nagement \u00e0 savoir <strong><em>\u00ab demander \u00e0 l\u2019entreprise qui doit am\u00e9nager ici si c\u2019\u00e9tait chez eux, comment elle allait proc\u00e9der au d\u00e9guerpissement des habitants d\u2019un site qui doit \u00eatre am\u00e9nag\u00e9 m\u00eame si c\u2019est d\u2019utilit\u00e9 publique. \u00bb<\/em><\/strong><\/p>\n<p>Tous s\u2019accordent que le projet est une bonne initiative et souhaite sa r\u00e9ussite. Les riverains et les autochtones lancent des messages. Colonel Mamady Traor\u00e9 interpelle les autorit\u00e9s en ces termes <em><strong>\u00ab Ce n\u2019est pas le fait de nous d\u00e9guerpir d\u2019ici qui nous fait mal mais la mani\u00e8re en tant que guin\u00e9en et officier sup\u00e9rieur du pays. Ils nous d\u00e9guerpissent on dirait que nous ne sommes pas dans notre propre pays. Ce n\u2019est pour de l\u2019argent mais ils n\u2019ont qu\u2019\u00e0 nous donner m\u00eame le transport seulement mais nous faire d\u00e9guerpir dignement. \u00bb <\/strong><\/em>souhaite le colonel Mamady Doumbouya.<\/p>\n<p>Lansana Almamy Soumah alias Docta le natif de Kaporo, \u00e9galement n\u2019a rien contre l\u2019initiative mais il souhaite tout simplement l\u2019inclusion de toutes les parties <strong><em>\u00ab Je suis content pour ce projet. Mon souhait est que \u00e7a soit r\u00e9alis\u00e9 parce que nos anc\u00eatres ont voulu que Conakry soit ce qu\u2019elle est aujourd\u2019hui en tant que capitale de la Guin\u00e9e. Pour ce qui est du site Gbassi-kolo, je demande humblement \u00e0 Mme la gouverneure, aux ministres concern\u00e9s et au Pr\u00e9sident de la transition le colonel Mamady Doumbouya de rencontrer la communaut\u00e9 pour le sacrifice qui doit \u00eatre fait l\u00e0-bas avant de commencer les travaux. \u00bb <\/em><\/strong>sugg\u00e8re Docta le natif de Kaporo.<\/p>\n<p style=\"text-align: right;\">Bo\u00e8bo\u00e8 B\u00e9avogui<\/p>\n","protected":false},"excerpt":{"rendered":"<p>La pose de la premi\u00e8re pierre du projet d\u2019am\u00e9nagement du lac Gbassi-kolo situ\u00e9 \u00e0 l\u2019entr\u00e9e de Kaloum, suscite des inqui\u00e9tudes chez les cohabitants et autochtones du site. Les Bagas autochtones d\u00e9noncent leur exclusion du projet. Les cohabitants quant \u00e0 eux s\u2019inqui\u00e8tent d\u2019un \u00e9ventuel d\u00e9guerpissement des lieux qu\u2019il s occupent depuis belle lurette. Les deux parties [&hellip;]<\/p>\n","protected":false},"author":3,"featured_media":1673,"comment_status":"open","ping_status":"open","sticky":false,"template":"","format":"standard","meta":{"jnews-multi-image_gallery":[],"jnews_single_post":{"subtitle":"","format":"standard","video":"","gallery":"","source_name":"","source_url":"","via_name":"","via_url":"","override":[{"single_blog_custom":"","sidebar":"","second_sidebar":"","share_position":"","share_float_style":"","post_date_format":"","post_date_format_custom":"","number_popup_post":"1"}],"image_override":[{"single_post_thumbnail_size":"","single_post_gallery_size":""}],"trending_post_position":"","trending_post_label":""},"jnews_primary_category":{"id":""},"jnews_override_counter":{"view_counter_number":"0","share_counter_number":"0","like_counter_number":"0","dislike_counter_number":"0"},"footnotes":""},"categories":[2,19],"tags":[],"class_list":["post-1671","post","type-post","status-publish","format-standard","has-post-thumbnail","hentry","category-actualites","category-environnement"],"yoast_head":"<!-- This site is optimized with the Yoast SEO plugin v26.9 - https:\/\/yoast.com\/product\/yoast-seo-wordpress\/ -->\n<title>Am\u00e9nagement du lac Gbassi-kolo\u00a0: les cohabitants et autochtones du site se disent inquiets - Guineeline<\/title>\n<meta name=\"robots\" content=\"index, follow, max-snippet:-1, max-image-preview:large, max-video-preview:-1\" \/>\n<link rel=\"canonical\" href=\"https:\/\/www.guineeline.net\/index.php\/2023\/09\/02\/amenagement-du-lac-gbassi-kolo-les-cohabitants-et-autochtones-du-site-se-disent-inquiets\/\" \/>\n<meta property=\"og:locale\" content=\"fr_FR\" \/>\n<meta property=\"og:type\" content=\"article\" \/>\n<meta property=\"og:title\" content=\"Am\u00e9nagement du lac Gbassi-kolo\u00a0: les cohabitants et autochtones du site se disent inquiets - Guineeline\" \/>\n<meta property=\"og:description\" content=\"La pose de la premi\u00e8re pierre du projet d\u2019am\u00e9nagement du lac Gbassi-kolo situ\u00e9 \u00e0 l\u2019entr\u00e9e de Kaloum, suscite des inqui\u00e9tudes chez les cohabitants et autochtones du site. Les Bagas autochtones d\u00e9noncent leur exclusion du projet. Les cohabitants quant \u00e0 eux s\u2019inqui\u00e8tent d\u2019un \u00e9ventuel d\u00e9guerpissement des lieux qu\u2019il s occupent depuis belle lurette. Les deux parties [&hellip;]\" \/>\n<meta property=\"og:url\" content=\"https:\/\/www.guineeline.net\/index.php\/2023\/09\/02\/amenagement-du-lac-gbassi-kolo-les-cohabitants-et-autochtones-du-site-se-disent-inquiets\/\" \/>\n<meta property=\"og:site_name\" content=\"Guineeline\" \/>\n<meta property=\"article:published_time\" content=\"2023-09-02T20:55:37+00:00\" \/>\n<meta property=\"article:modified_time\" content=\"2023-09-03T07:34:22+00:00\" \/>\n<meta property=\"og:image\" content=\"https:\/\/www.guineeline.net\/wp-content\/uploads\/2023\/09\/IMG-20230902-WA0010.jpg\" \/>\n\t<meta property=\"og:image:width\" content=\"1020\" \/>\n\t<meta property=\"og:image:height\" content=\"574\" \/>\n\t<meta property=\"og:image:type\" content=\"image\/jpeg\" \/>\n<meta name=\"author\" content=\"Guineeline\" \/>\n<meta name=\"twitter:card\" content=\"summary_large_image\" \/>\n<meta name=\"twitter:label1\" content=\"\u00c9crit par\" \/>\n\t<meta name=\"twitter:data1\" content=\"Guineeline\" \/>\n\t<meta name=\"twitter:label2\" content=\"Dur\u00e9e de lecture estim\u00e9e\" \/>\n\t<meta name=\"twitter:data2\" content=\"5 minutes\" \/>\n<script type=\"application\/ld+json\" class=\"yoast-schema-graph\">{\"@context\":\"https:\/\/schema.org\",\"@graph\":[{\"@type\":\"Article\",\"@id\":\"https:\/\/www.guineeline.net\/index.php\/2023\/09\/02\/amenagement-du-lac-gbassi-kolo-les-cohabitants-et-autochtones-du-site-se-disent-inquiets\/#article\",\"isPartOf\":{\"@id\":\"https:\/\/www.guineeline.net\/index.php\/2023\/09\/02\/amenagement-du-lac-gbassi-kolo-les-cohabitants-et-autochtones-du-site-se-disent-inquiets\/\"},\"author\":{\"name\":\"Guineeline\",\"@id\":\"https:\/\/www.guineeline.net\/#\/schema\/person\/f5914e0a4c56cc8f4aa0922cc547a390\"},\"headline\":\"Am\u00e9nagement du lac Gbassi-kolo\u00a0: les cohabitants et autochtones du site se disent inquiets\",\"datePublished\":\"2023-09-02T20:55:37+00:00\",\"dateModified\":\"2023-09-03T07:34:22+00:00\",\"mainEntityOfPage\":{\"@id\":\"https:\/\/www.guineeline.net\/index.php\/2023\/09\/02\/amenagement-du-lac-gbassi-kolo-les-cohabitants-et-autochtones-du-site-se-disent-inquiets\/\"},\"wordCount\":980,\"commentCount\":0,\"image\":{\"@id\":\"https:\/\/www.guineeline.net\/index.php\/2023\/09\/02\/amenagement-du-lac-gbassi-kolo-les-cohabitants-et-autochtones-du-site-se-disent-inquiets\/#primaryimage\"},\"thumbnailUrl\":\"https:\/\/www.guineeline.net\/wp-content\/uploads\/2023\/09\/IMG-20230902-WA0010.jpg\",\"articleSection\":[\"Actualit\u00e9s\",\"Environnement\"],\"inLanguage\":\"fr-FR\",\"potentialAction\":[{\"@type\":\"CommentAction\",\"name\":\"Comment\",\"target\":[\"https:\/\/www.guineeline.net\/index.php\/2023\/09\/02\/amenagement-du-lac-gbassi-kolo-les-cohabitants-et-autochtones-du-site-se-disent-inquiets\/#respond\"]}]},{\"@type\":\"WebPage\",\"@id\":\"https:\/\/www.guineeline.net\/index.php\/2023\/09\/02\/amenagement-du-lac-gbassi-kolo-les-cohabitants-et-autochtones-du-site-se-disent-inquiets\/\",\"url\":\"https:\/\/www.guineeline.net\/index.php\/2023\/09\/02\/amenagement-du-lac-gbassi-kolo-les-cohabitants-et-autochtones-du-site-se-disent-inquiets\/\",\"name\":\"Am\u00e9nagement du lac Gbassi-kolo\u00a0: les cohabitants et autochtones du site se disent inquiets - Guineeline\",\"isPartOf\":{\"@id\":\"https:\/\/www.guineeline.net\/#website\"},\"primaryImageOfPage\":{\"@id\":\"https:\/\/www.guineeline.net\/index.php\/2023\/09\/02\/amenagement-du-lac-gbassi-kolo-les-cohabitants-et-autochtones-du-site-se-disent-inquiets\/#primaryimage\"},\"image\":{\"@id\":\"https:\/\/www.guineeline.net\/index.php\/2023\/09\/02\/amenagement-du-lac-gbassi-kolo-les-cohabitants-et-autochtones-du-site-se-disent-inquiets\/#primaryimage\"},\"thumbnailUrl\":\"https:\/\/www.guineeline.net\/wp-content\/uploads\/2023\/09\/IMG-20230902-WA0010.jpg\",\"datePublished\":\"2023-09-02T20:55:37+00:00\",\"dateModified\":\"2023-09-03T07:34:22+00:00\",\"author\":{\"@id\":\"https:\/\/www.guineeline.net\/#\/schema\/person\/f5914e0a4c56cc8f4aa0922cc547a390\"},\"breadcrumb\":{\"@id\":\"https:\/\/www.guineeline.net\/index.php\/2023\/09\/02\/amenagement-du-lac-gbassi-kolo-les-cohabitants-et-autochtones-du-site-se-disent-inquiets\/#breadcrumb\"},\"inLanguage\":\"fr-FR\",\"potentialAction\":[{\"@type\":\"ReadAction\",\"target\":[\"https:\/\/www.guineeline.net\/index.php\/2023\/09\/02\/amenagement-du-lac-gbassi-kolo-les-cohabitants-et-autochtones-du-site-se-disent-inquiets\/\"]}]},{\"@type\":\"ImageObject\",\"inLanguage\":\"fr-FR\",\"@id\":\"https:\/\/www.guineeline.net\/index.php\/2023\/09\/02\/amenagement-du-lac-gbassi-kolo-les-cohabitants-et-autochtones-du-site-se-disent-inquiets\/#primaryimage\",\"url\":\"https:\/\/www.guineeline.net\/wp-content\/uploads\/2023\/09\/IMG-20230902-WA0010.jpg\",\"contentUrl\":\"https:\/\/www.guineeline.net\/wp-content\/uploads\/2023\/09\/IMG-20230902-WA0010.jpg\",\"width\":1020,\"height\":574},{\"@type\":\"BreadcrumbList\",\"@id\":\"https:\/\/www.guineeline.net\/index.php\/2023\/09\/02\/amenagement-du-lac-gbassi-kolo-les-cohabitants-et-autochtones-du-site-se-disent-inquiets\/#breadcrumb\",\"itemListElement\":[{\"@type\":\"ListItem\",\"position\":1,\"name\":\"Accueil\",\"item\":\"https:\/\/www.guineeline.net\/\"},{\"@type\":\"ListItem\",\"position\":2,\"name\":\"Am\u00e9nagement du lac Gbassi-kolo\u00a0: les cohabitants et autochtones du site se disent inquiets\"}]},{\"@type\":\"WebSite\",\"@id\":\"https:\/\/www.guineeline.net\/#website\",\"url\":\"https:\/\/www.guineeline.net\/\",\"name\":\"Guineeline\",\"description\":\"L&#039;information en un clic\",\"potentialAction\":[{\"@type\":\"SearchAction\",\"target\":{\"@type\":\"EntryPoint\",\"urlTemplate\":\"https:\/\/www.guineeline.net\/?s={search_term_string}\"},\"query-input\":{\"@type\":\"PropertyValueSpecification\",\"valueRequired\":true,\"valueName\":\"search_term_string\"}}],\"inLanguage\":\"fr-FR\"},{\"@type\":\"Person\",\"@id\":\"https:\/\/www.guineeline.net\/#\/schema\/person\/f5914e0a4c56cc8f4aa0922cc547a390\",\"name\":\"Guineeline\",\"image\":{\"@type\":\"ImageObject\",\"inLanguage\":\"fr-FR\",\"@id\":\"https:\/\/www.guineeline.net\/#\/schema\/person\/image\/\",\"url\":\"https:\/\/secure.gravatar.com\/avatar\/432ce140236c408fa05ea28acd193ba03163acdd0efbe444c1c44957b8a29a2a?s=96&d=mm&r=g\",\"contentUrl\":\"https:\/\/secure.gravatar.com\/avatar\/432ce140236c408fa05ea28acd193ba03163acdd0efbe444c1c44957b8a29a2a?s=96&d=mm&r=g\",\"caption\":\"Guineeline\"},\"url\":\"https:\/\/www.guineeline.net\/index.php\/author\/admin\/\"}]}<\/script>\n<!-- \/ Yoast SEO plugin. -->","yoast_head_json":{"title":"Am\u00e9nagement du lac Gbassi-kolo\u00a0: les cohabitants et autochtones du site se disent inquiets - Guineeline","robots":{"index":"index","follow":"follow","max-snippet":"max-snippet:-1","max-image-preview":"max-image-preview:large","max-video-preview":"max-video-preview:-1"},"canonical":"https:\/\/www.guineeline.net\/index.php\/2023\/09\/02\/amenagement-du-lac-gbassi-kolo-les-cohabitants-et-autochtones-du-site-se-disent-inquiets\/","og_locale":"fr_FR","og_type":"article","og_title":"Am\u00e9nagement du lac Gbassi-kolo\u00a0: les cohabitants et autochtones du site se disent inquiets - Guineeline","og_description":"La pose de la premi\u00e8re pierre du projet d\u2019am\u00e9nagement du lac Gbassi-kolo situ\u00e9 \u00e0 l\u2019entr\u00e9e de Kaloum, suscite des inqui\u00e9tudes chez les cohabitants et autochtones du site. Les Bagas autochtones d\u00e9noncent leur exclusion du projet. Les cohabitants quant \u00e0 eux s\u2019inqui\u00e8tent d\u2019un \u00e9ventuel d\u00e9guerpissement des lieux qu\u2019il s occupent depuis belle lurette. Les deux parties [&hellip;]","og_url":"https:\/\/www.guineeline.net\/index.php\/2023\/09\/02\/amenagement-du-lac-gbassi-kolo-les-cohabitants-et-autochtones-du-site-se-disent-inquiets\/","og_site_name":"Guineeline","article_published_time":"2023-09-02T20:55:37+00:00","article_modified_time":"2023-09-03T07:34:22+00:00","og_image":[{"width":1020,"height":574,"url":"https:\/\/www.guineeline.net\/wp-content\/uploads\/2023\/09\/IMG-20230902-WA0010.jpg","type":"image\/jpeg"}],"author":"Guineeline","twitter_card":"summary_large_image","twitter_misc":{"\u00c9crit par":"Guineeline","Dur\u00e9e de lecture estim\u00e9e":"5 minutes"},"schema":{"@context":"https:\/\/schema.org","@graph":[{"@type":"Article","@id":"https:\/\/www.guineeline.net\/index.php\/2023\/09\/02\/amenagement-du-lac-gbassi-kolo-les-cohabitants-et-autochtones-du-site-se-disent-inquiets\/#article","isPartOf":{"@id":"https:\/\/www.guineeline.net\/index.php\/2023\/09\/02\/amenagement-du-lac-gbassi-kolo-les-cohabitants-et-autochtones-du-site-se-disent-inquiets\/"},"author":{"name":"Guineeline","@id":"https:\/\/www.guineeline.net\/#\/schema\/person\/f5914e0a4c56cc8f4aa0922cc547a390"},"headline":"Am\u00e9nagement du lac Gbassi-kolo\u00a0: les cohabitants et autochtones du site se disent inquiets","datePublished":"2023-09-02T20:55:37+00:00","dateModified":"2023-09-03T07:34:22+00:00","mainEntityOfPage":{"@id":"https:\/\/www.guineeline.net\/index.php\/2023\/09\/02\/amenagement-du-lac-gbassi-kolo-les-cohabitants-et-autochtones-du-site-se-disent-inquiets\/"},"wordCount":980,"commentCount":0,"image":{"@id":"https:\/\/www.guineeline.net\/index.php\/2023\/09\/02\/amenagement-du-lac-gbassi-kolo-les-cohabitants-et-autochtones-du-site-se-disent-inquiets\/#primaryimage"},"thumbnailUrl":"https:\/\/www.guineeline.net\/wp-content\/uploads\/2023\/09\/IMG-20230902-WA0010.jpg","articleSection":["Actualit\u00e9s","Environnement"],"inLanguage":"fr-FR","potentialAction":[{"@type":"CommentAction","name":"Comment","target":["https:\/\/www.guineeline.net\/index.php\/2023\/09\/02\/amenagement-du-lac-gbassi-kolo-les-cohabitants-et-autochtones-du-site-se-disent-inquiets\/#respond"]}]},{"@type":"WebPage","@id":"https:\/\/www.guineeline.net\/index.php\/2023\/09\/02\/amenagement-du-lac-gbassi-kolo-les-cohabitants-et-autochtones-du-site-se-disent-inquiets\/","url":"https:\/\/www.guineeline.net\/index.php\/2023\/09\/02\/amenagement-du-lac-gbassi-kolo-les-cohabitants-et-autochtones-du-site-se-disent-inquiets\/","name":"Am\u00e9nagement du lac Gbassi-kolo\u00a0: les cohabitants et autochtones du site se disent inquiets - Guineeline","isPartOf":{"@id":"https:\/\/www.guineeline.net\/#website"},"primaryImageOfPage":{"@id":"https:\/\/www.guineeline.net\/index.php\/2023\/09\/02\/amenagement-du-lac-gbassi-kolo-les-cohabitants-et-autochtones-du-site-se-disent-inquiets\/#primaryimage"},"image":{"@id":"https:\/\/www.guineeline.net\/index.php\/2023\/09\/02\/amenagement-du-lac-gbassi-kolo-les-cohabitants-et-autochtones-du-site-se-disent-inquiets\/#primaryimage"},"thumbnailUrl":"https:\/\/www.guineeline.net\/wp-content\/uploads\/2023\/09\/IMG-20230902-WA0010.jpg","datePublished":"2023-09-02T20:55:37+00:00","dateModified":"2023-09-03T07:34:22+00:00","author":{"@id":"https:\/\/www.guineeline.net\/#\/schema\/person\/f5914e0a4c56cc8f4aa0922cc547a390"},"breadcrumb":{"@id":"https:\/\/www.guineeline.net\/index.php\/2023\/09\/02\/amenagement-du-lac-gbassi-kolo-les-cohabitants-et-autochtones-du-site-se-disent-inquiets\/#breadcrumb"},"inLanguage":"fr-FR","potentialAction":[{"@type":"ReadAction","target":["https:\/\/www.guineeline.net\/index.php\/2023\/09\/02\/amenagement-du-lac-gbassi-kolo-les-cohabitants-et-autochtones-du-site-se-disent-inquiets\/"]}]},{"@type":"ImageObject","inLanguage":"fr-FR","@id":"https:\/\/www.guineeline.net\/index.php\/2023\/09\/02\/amenagement-du-lac-gbassi-kolo-les-cohabitants-et-autochtones-du-site-se-disent-inquiets\/#primaryimage","url":"https:\/\/www.guineeline.net\/wp-content\/uploads\/2023\/09\/IMG-20230902-WA0010.jpg","contentUrl":"https:\/\/www.guineeline.net\/wp-content\/uploads\/2023\/09\/IMG-20230902-WA0010.jpg","width":1020,"height":574},{"@type":"BreadcrumbList","@id":"https:\/\/www.guineeline.net\/index.php\/2023\/09\/02\/amenagement-du-lac-gbassi-kolo-les-cohabitants-et-autochtones-du-site-se-disent-inquiets\/#breadcrumb","itemListElement":[{"@type":"ListItem","position":1,"name":"Accueil","item":"https:\/\/www.guineeline.net\/"},{"@type":"ListItem","position":2,"name":"Am\u00e9nagement du lac Gbassi-kolo\u00a0: les cohabitants et autochtones du site se disent inquiets"}]},{"@type":"WebSite","@id":"https:\/\/www.guineeline.net\/#website","url":"https:\/\/www.guineeline.net\/","name":"Guineeline","description":"L&#039;information en un clic","potentialAction":[{"@type":"SearchAction","target":{"@type":"EntryPoint","urlTemplate":"https:\/\/www.guineeline.net\/?s={search_term_string}"},"query-input":{"@type":"PropertyValueSpecification","valueRequired":true,"valueName":"search_term_string"}}],"inLanguage":"fr-FR"},{"@type":"Person","@id":"https:\/\/www.guineeline.net\/#\/schema\/person\/f5914e0a4c56cc8f4aa0922cc547a390","name":"Guineeline","image":{"@type":"ImageObject","inLanguage":"fr-FR","@id":"https:\/\/www.guineeline.net\/#\/schema\/person\/image\/","url":"https:\/\/secure.gravatar.com\/avatar\/432ce140236c408fa05ea28acd193ba03163acdd0efbe444c1c44957b8a29a2a?s=96&d=mm&r=g","contentUrl":"https:\/\/secure.gravatar.com\/avatar\/432ce140236c408fa05ea28acd193ba03163acdd0efbe444c1c44957b8a29a2a?s=96&d=mm&r=g","caption":"Guineeline"},"url":"https:\/\/www.guineeline.net\/index.php\/author\/admin\/"}]}},"_links":{"self":[{"href":"https:\/\/www.guineeline.net\/index.php\/wp-json\/wp\/v2\/posts\/1671","targetHints":{"allow":["GET"]}}],"collection":[{"href":"https:\/\/www.guineeline.net\/index.php\/wp-json\/wp\/v2\/posts"}],"about":[{"href":"https:\/\/www.guineeline.net\/index.php\/wp-json\/wp\/v2\/types\/post"}],"author":[{"embeddable":true,"href":"https:\/\/www.guineeline.net\/index.php\/wp-json\/wp\/v2\/users\/3"}],"replies":[{"embeddable":true,"href":"https:\/\/www.guineeline.net\/index.php\/wp-json\/wp\/v2\/comments?post=1671"}],"version-history":[{"count":5,"href":"https:\/\/www.guineeline.net\/index.php\/wp-json\/wp\/v2\/posts\/1671\/revisions"}],"predecessor-version":[{"id":1684,"href":"https:\/\/www.guineeline.net\/index.php\/wp-json\/wp\/v2\/posts\/1671\/revisions\/1684"}],"wp:featuredmedia":[{"embeddable":true,"href":"https:\/\/www.guineeline.net\/index.php\/wp-json\/wp\/v2\/media\/1673"}],"wp:attachment":[{"href":"https:\/\/www.guineeline.net\/index.php\/wp-json\/wp\/v2\/media?parent=1671"}],"wp:term":[{"taxonomy":"category","embeddable":true,"href":"https:\/\/www.guineeline.net\/index.php\/wp-json\/wp\/v2\/categories?post=1671"},{"taxonomy":"post_tag","embeddable":true,"href":"https:\/\/www.guineeline.net\/index.php\/wp-json\/wp\/v2\/tags?post=1671"}],"curies":[{"name":"wp","href":"https:\/\/api.w.org\/{rel}","templated":true}]}}