{"id":1666,"date":"2023-08-29T18:32:25","date_gmt":"2023-08-29T16:32:25","guid":{"rendered":"https:\/\/www.guineeline.net\/?p=1666"},"modified":"2023-09-05T00:48:20","modified_gmt":"2023-09-04T22:48:20","slug":"rechauffement-climatique-le-point-focal-de-la-cdn-guinee-sur-la-mission-et-les-defis-de-cette-contribution-determinee-au-niveau-national-cdn","status":"publish","type":"post","link":"https:\/\/www.guineeline.net\/index.php\/2023\/08\/29\/rechauffement-climatique-le-point-focal-de-la-cdn-guinee-sur-la-mission-et-les-defis-de-cette-contribution-determinee-au-niveau-national-cdn\/","title":{"rendered":"R\u00e9chauffement climatique : le point focal de la CDN-Guin\u00e9e sur la mission et les d\u00e9fis de cette contribution d\u00e9termin\u00e9e au niveau national CDN"},"content":{"rendered":"<p><strong>Dans le cadre de la mise en \u0153uvre de la contribution d\u00e9termin\u00e9e au niveau nationale (CDN), notre r\u00e9daction a donn\u00e9 la parole \u00e0 Camara S\u00e9kou Fod\u00e9 Point Focal de cette contribution d\u00e9termin\u00e9e au niveau nationale pour parler de son contexte et de sa mise en place, les missions qui lui sont assign\u00e9es mais aussi du niveau actuel de l\u2019\u00e9volution de ses activit\u00e9s. Dans cet entretien que le point focal CDN-Guin\u00e9e a bien voulu nous accorder, il s\u2019agit des accords auxquels la Guin\u00e9e est partie pour la lutte contre le r\u00e9chauffement climatique, la capacit\u00e9 de recouvrement international des fonds et la capacit\u00e9 d\u2019absorption de ces fonds \u00e0 l\u2019interne. Malgr\u00e9 l\u2019\u00e9normit\u00e9 des d\u00e9fis, la Guin\u00e9e est en mesure d\u2019assumer sa position \u00e0 en croire le point focal Camara Fod\u00e9 S\u00e9kou.<\/strong><\/p>\n<p>Le point focal ouvre cet entretien par un rappel sur le parcours de la Guin\u00e9e dans cette lutte contre le r\u00e9chauffement climatique<strong><em> \u2018\u2019la R\u00e9publique de Guin\u00e9e a ratifi\u00e9 la Convention-cadre des Nations Unies sur les changements climatiques (CCNUCC) en 1993 et le Protocole de Kyoto en 2005. Elle a, depuis, \u00e9labor\u00e9 des strat\u00e9gies en mati\u00e8re de lutte contre les changements climatiques, parmi lesquelles sa Communication Nationale Initiale (CNI) sur la base d\u2019un inventaire des gaz \u00e0 effet de serre (GES) en 2001, puis sur la base des \u00e9missions de 1994 sa seconde Communication Nationale (SCN) sur la base des \u00e9missions de 2000. Enfin, la R\u00e9publique de Guin\u00e9e a \u00e9labor\u00e9 son Plan d\u2019Action National d\u2019Adaptation aux changements climatiques (PANA) en 2007 et engag\u00e9 plusieurs projets pour mettre en \u0153uvre ce plan. Elle est par ailleurs actuellement engag\u00e9e dans le processus d\u2019\u00e9laboration de sa Troisi\u00e8me Communication nationale (TCN) et de son Plan National d\u2019Adaptation (PNA), qui devraient respectivement \u00eatre achev\u00e9s en 2023 et 2024\u2019\u2019<\/em> <\/strong>a plant\u00e9 comme d\u00e9cor Fod\u00e9 S\u00e9kou Camara point focal de la CDN-Guin\u00e9e \u00e0 l\u2019entame de cet entretien. Pour lui, <strong><em>\u2018\u2019la contribution d\u00e9termin\u00e9e au niveau nationale CDN qui \u00e9tait appel\u00e9e contribution pr\u00e9vue d\u00e9termin\u00e9e au niveau nationale (CPDN) est un document qui comporte des engagements de r\u00e9duction des \u00e9missions de Gaz \u00e0 effet de serre. Il couvre quatre secteurs entre autres le secteur de l\u2019\u00e9nergie, proc\u00e9d\u00e9s industriels, agriculture, utilisation des terres, changement d\u2019affectation des terres et foresterie, transports, d\u00e9chets. Cette contribution est n\u00e9e de l\u2019accord de Paris sur le changement climatique\u2019\u2019<\/em><\/strong> rappelle M. Camara.<br \/>\nAvant de poursuivre, il ajoute que<strong> \u2018\u2019l\u2019accord de Paris\u2019\u2019<\/strong> <em>est un trait\u00e9 international juridiquement contraignant sur les changements climatiques. Il a \u00e9t\u00e9 adopt\u00e9 par 196 Parties lors de la Conf\u00e9rence des Nations unies sur le changement climatique COP 21, \u00e0 Paris, le 12 d\u00e9cembre 2015. Il est entr\u00e9 en vigueur le 4 novembre 2016. Tous les pays qui ont ratifi\u00e9 cet accord sont d\u00e9sormais dans l\u2019obligation de limiter l&rsquo;\u00e9l\u00e9vation de la temp\u00e9rature \u00e0 1,5 (accord de Paris).<\/em><br \/>\nA partir de 2016 la Contribution pr\u00e9vue d\u00e9termin\u00e9e au niveau national devient Contribution D\u00e9termin\u00e9e au Niveau National. L\u2019accord de Paris stipule que tous les cinq ans la CDN doit \u00eatre r\u00e9vis\u00e9e afin d\u2019int\u00e9grer de nouvelles donn\u00e9es. D\u2019o\u00f9 la r\u00e9vision de la CDN-Guin\u00e9e en 2021.<\/p>\n<p>A la question de savoir la nouveaut\u00e9 dans cette convention, le point focal estime que <em>l\u2019efficacit\u00e9 de cette nouvelle contribution d\u00e9termin\u00e9e au niveau national CDN int\u00e8gre de nouvelles donn\u00e9es ou le niveau d\u2019ambition et d\u2019engagement ont \u00e9t\u00e9 rehauss\u00e9. C\u2019est pour dire que la Guin\u00e9e \u00e9tait partie \u00e0 la CPDN 2015 avec huit 8 engagements\u00a0: cinq (5) au niveau de l\u2019att\u00e9nuation et trois (3) au niveau de l\u2019adaptation.<\/em> Il indique \u00e9galement que cette CDN qui a \u00e9t\u00e9 r\u00e9viser est partie avec dix (10) engagements dont un engagement additionnel, pour la Contribution d\u00e9termin\u00e9e au niveau national de 2021.<strong><em> \u00ab\u00a0Nous avons 10 engagements dont 7 engagements dans l\u2019att\u00e9nuation et trois engagements dans l\u2019adaptation.\u00a0\u00bb<\/em><\/strong><br \/>\nLe point focal est optimiste quant \u00e0 l\u2019efficacit\u00e9 de la CDN-Guin\u00e9e c\u2019est pourquoi il d\u00e9clare <strong><em>\u2018\u2019quand on dit que la CDN- Guin\u00e9e est ambitieuse, c\u2019est parce qu\u2019elle est partie sur de nouvelles donn\u00e9es et qu\u2019elle a rehauss\u00e9 son niveau d\u2019engagement par rapport \u00e0 la CDN de 2015 qui \u00e9tait \u00e0 13% de r\u00e9duction. Dans la CDN actuelle nous sommes \u00e0 49% de r\u00e9duction en termes d\u2019engagement et dont 20% \u00e0 titre inconditionnel (mobilisation des ressources par l\u2019Etat Guin\u00e9en) et le reste est conditionnel (\u00e0 travers les financements \u00e9trangers)\u2019\u2019<\/em><\/strong> a justifi\u00e9 Fod\u00e9 S\u00e9kou Camara.<\/p>\n<p>Suite aux \u00e9tudes men\u00e9es par la CDN sur les premi\u00e8res estimations, les co\u00fbts de mise en \u0153uvre de nos engagements s\u2019\u00e9l\u00e8vent d\u2019ici 2030 \u00e0 environ 15 milliards de dollar US pour l\u2019att\u00e9nuation des effets du changement climatique et d\u2019un milliard de dollar US pour l\u2019adaptation \u00e0 en croire la d\u00e9claration de la ministre de l\u2019environnement et du d\u00e9veloppement durable lors de la COP 26 \u00e0 Glasgow. Une diff\u00e9rence d\u2019environ 200 milliaons de dollars si l\u2019on tient compte du contenu de la Contribution D\u00e9termin\u00e9e au Niveau National qui a pr\u00e9vue 13,8 milliards de dollars pour le volet att\u00e9nuation.<\/p>\n<p>A la question de savoir le niveau d\u2019\u00e9valuation de la mobilisation de ces 13 milliards de dollars annonc\u00e9s plus haut, le point focal est plut\u00f4t superficiel sur sa r\u00e9ponse. Selon lui \u2018<strong><em>\u2019la mobilisation d\u00e9pend de la capacit\u00e9 interne de la Guin\u00e9e au niveau international.\u2019\u2019<\/em><\/strong> Il ajoute que <em>le minist\u00e8re est sur la bonne voie pour mobiliser les fonds n\u00e9cessaires pour att\u00e9nuer les effets du changement climatique. Pour l\u2019instant la contribution D\u00e9termin\u00e9e au niveau National n\u2019a pas fait l\u2019objet d\u2019une vulgarisation. Cependant elle est transmise dans tous les d\u00e9partements minist\u00e9riels. Il y a \u00e9galement des points focaux<strong> \u2018\u2019changement climatique\u2019\u2019 <\/strong>dans chaque minist\u00e8re et tous les minist\u00e8res sont concern\u00e9s par le changement climatique<\/em> a-t-il pr\u00e9cis\u00e9.<br \/>\nPour rappelle les donn\u00e9es qui ont \u00e9t\u00e9 utilis\u00e9es dans la contribution pr\u00e9vue d\u00e9termin\u00e9e CPDN 2015 \u00e9tait des donn\u00e9es de 1989 de la communication initiale. Cette CDN r\u00e9vis\u00e9e a pour ann\u00e9e de r\u00e9f\u00e9rence 2018 et constitue l\u2019ann\u00e9e d\u2019inventaire de la troisi\u00e8me communication.<\/p>\n<p style=\"text-align: right;\">Idiatou Souar\u00e9<\/p>\n","protected":false},"excerpt":{"rendered":"<p>Dans le cadre de la mise en \u0153uvre de la contribution d\u00e9termin\u00e9e au niveau nationale (CDN), notre r\u00e9daction a donn\u00e9 la parole \u00e0 Camara S\u00e9kou Fod\u00e9 Point Focal de cette contribution d\u00e9termin\u00e9e au niveau nationale pour parler de son contexte et de sa mise en place, les missions qui lui sont assign\u00e9es mais aussi du [&hellip;]<\/p>\n","protected":false},"author":3,"featured_media":1667,"comment_status":"open","ping_status":"open","sticky":false,"template":"","format":"standard","meta":{"jnews-multi-image_gallery":[],"jnews_single_post":{"subtitle":"","format":"standard","video":"","gallery":"","source_name":"","source_url":"","via_name":"","via_url":"","override":[{"single_blog_custom":"","sidebar":"","second_sidebar":"","share_position":"","share_float_style":"","post_date_format":"","post_date_format_custom":"","number_popup_post":"1"}],"image_override":[{"single_post_thumbnail_size":"","single_post_gallery_size":""}],"trending_post_position":"","trending_post_label":""},"jnews_primary_category":{"id":""},"jnews_override_counter":{"view_counter_number":"0","share_counter_number":"0","like_counter_number":"0","dislike_counter_number":"0"},"footnotes":""},"categories":[2,19],"tags":[],"class_list":["post-1666","post","type-post","status-publish","format-standard","has-post-thumbnail","hentry","category-actualites","category-environnement"],"yoast_head":"<!-- This site is optimized with the Yoast SEO plugin v26.9 - https:\/\/yoast.com\/product\/yoast-seo-wordpress\/ -->\n<title>R\u00e9chauffement climatique : le point focal de la CDN-Guin\u00e9e sur la mission et les d\u00e9fis de cette contribution d\u00e9termin\u00e9e au niveau national CDN - Guineeline<\/title>\n<meta name=\"robots\" content=\"index, follow, max-snippet:-1, max-image-preview:large, max-video-preview:-1\" \/>\n<link rel=\"canonical\" href=\"https:\/\/www.guineeline.net\/index.php\/2023\/08\/29\/rechauffement-climatique-le-point-focal-de-la-cdn-guinee-sur-la-mission-et-les-defis-de-cette-contribution-determinee-au-niveau-national-cdn\/\" \/>\n<meta property=\"og:locale\" content=\"fr_FR\" \/>\n<meta property=\"og:type\" content=\"article\" \/>\n<meta property=\"og:title\" content=\"R\u00e9chauffement climatique : le point focal de la CDN-Guin\u00e9e sur la mission et les d\u00e9fis de cette contribution d\u00e9termin\u00e9e au niveau national CDN - Guineeline\" \/>\n<meta property=\"og:description\" content=\"Dans le cadre de la mise en \u0153uvre de la contribution d\u00e9termin\u00e9e au niveau nationale (CDN), notre r\u00e9daction a donn\u00e9 la parole \u00e0 Camara S\u00e9kou Fod\u00e9 Point Focal de cette contribution d\u00e9termin\u00e9e au niveau nationale pour parler de son contexte et de sa mise en place, les missions qui lui sont assign\u00e9es mais aussi du [&hellip;]\" \/>\n<meta property=\"og:url\" content=\"https:\/\/www.guineeline.net\/index.php\/2023\/08\/29\/rechauffement-climatique-le-point-focal-de-la-cdn-guinee-sur-la-mission-et-les-defis-de-cette-contribution-determinee-au-niveau-national-cdn\/\" \/>\n<meta property=\"og:site_name\" content=\"Guineeline\" \/>\n<meta property=\"article:published_time\" content=\"2023-08-29T16:32:25+00:00\" \/>\n<meta property=\"article:modified_time\" content=\"2023-09-04T22:48:20+00:00\" \/>\n<meta property=\"og:image\" content=\"https:\/\/www.guineeline.net\/wp-content\/uploads\/2023\/08\/IMG-20230829-WA0000.jpg\" \/>\n\t<meta property=\"og:image:width\" content=\"640\" \/>\n\t<meta property=\"og:image:height\" content=\"640\" \/>\n\t<meta property=\"og:image:type\" content=\"image\/jpeg\" \/>\n<meta name=\"author\" content=\"Guineeline\" \/>\n<meta name=\"twitter:card\" content=\"summary_large_image\" \/>\n<meta name=\"twitter:label1\" content=\"\u00c9crit par\" \/>\n\t<meta name=\"twitter:data1\" content=\"Guineeline\" \/>\n\t<meta name=\"twitter:label2\" content=\"Dur\u00e9e de lecture estim\u00e9e\" \/>\n\t<meta name=\"twitter:data2\" content=\"5 minutes\" \/>\n<script type=\"application\/ld+json\" class=\"yoast-schema-graph\">{\"@context\":\"https:\/\/schema.org\",\"@graph\":[{\"@type\":\"Article\",\"@id\":\"https:\/\/www.guineeline.net\/index.php\/2023\/08\/29\/rechauffement-climatique-le-point-focal-de-la-cdn-guinee-sur-la-mission-et-les-defis-de-cette-contribution-determinee-au-niveau-national-cdn\/#article\",\"isPartOf\":{\"@id\":\"https:\/\/www.guineeline.net\/index.php\/2023\/08\/29\/rechauffement-climatique-le-point-focal-de-la-cdn-guinee-sur-la-mission-et-les-defis-de-cette-contribution-determinee-au-niveau-national-cdn\/\"},\"author\":{\"name\":\"Guineeline\",\"@id\":\"https:\/\/www.guineeline.net\/#\/schema\/person\/f5914e0a4c56cc8f4aa0922cc547a390\"},\"headline\":\"R\u00e9chauffement climatique : le point focal de la CDN-Guin\u00e9e sur la mission et les d\u00e9fis de cette contribution d\u00e9termin\u00e9e au niveau national CDN\",\"datePublished\":\"2023-08-29T16:32:25+00:00\",\"dateModified\":\"2023-09-04T22:48:20+00:00\",\"mainEntityOfPage\":{\"@id\":\"https:\/\/www.guineeline.net\/index.php\/2023\/08\/29\/rechauffement-climatique-le-point-focal-de-la-cdn-guinee-sur-la-mission-et-les-defis-de-cette-contribution-determinee-au-niveau-national-cdn\/\"},\"wordCount\":1096,\"commentCount\":0,\"image\":{\"@id\":\"https:\/\/www.guineeline.net\/index.php\/2023\/08\/29\/rechauffement-climatique-le-point-focal-de-la-cdn-guinee-sur-la-mission-et-les-defis-de-cette-contribution-determinee-au-niveau-national-cdn\/#primaryimage\"},\"thumbnailUrl\":\"https:\/\/www.guineeline.net\/wp-content\/uploads\/2023\/08\/IMG-20230829-WA0000.jpg\",\"articleSection\":[\"Actualit\u00e9s\",\"Environnement\"],\"inLanguage\":\"fr-FR\",\"potentialAction\":[{\"@type\":\"CommentAction\",\"name\":\"Comment\",\"target\":[\"https:\/\/www.guineeline.net\/index.php\/2023\/08\/29\/rechauffement-climatique-le-point-focal-de-la-cdn-guinee-sur-la-mission-et-les-defis-de-cette-contribution-determinee-au-niveau-national-cdn\/#respond\"]}]},{\"@type\":\"WebPage\",\"@id\":\"https:\/\/www.guineeline.net\/index.php\/2023\/08\/29\/rechauffement-climatique-le-point-focal-de-la-cdn-guinee-sur-la-mission-et-les-defis-de-cette-contribution-determinee-au-niveau-national-cdn\/\",\"url\":\"https:\/\/www.guineeline.net\/index.php\/2023\/08\/29\/rechauffement-climatique-le-point-focal-de-la-cdn-guinee-sur-la-mission-et-les-defis-de-cette-contribution-determinee-au-niveau-national-cdn\/\",\"name\":\"R\u00e9chauffement climatique : le point focal de la CDN-Guin\u00e9e sur la mission et les d\u00e9fis de cette contribution d\u00e9termin\u00e9e au niveau national CDN - Guineeline\",\"isPartOf\":{\"@id\":\"https:\/\/www.guineeline.net\/#website\"},\"primaryImageOfPage\":{\"@id\":\"https:\/\/www.guineeline.net\/index.php\/2023\/08\/29\/rechauffement-climatique-le-point-focal-de-la-cdn-guinee-sur-la-mission-et-les-defis-de-cette-contribution-determinee-au-niveau-national-cdn\/#primaryimage\"},\"image\":{\"@id\":\"https:\/\/www.guineeline.net\/index.php\/2023\/08\/29\/rechauffement-climatique-le-point-focal-de-la-cdn-guinee-sur-la-mission-et-les-defis-de-cette-contribution-determinee-au-niveau-national-cdn\/#primaryimage\"},\"thumbnailUrl\":\"https:\/\/www.guineeline.net\/wp-content\/uploads\/2023\/08\/IMG-20230829-WA0000.jpg\",\"datePublished\":\"2023-08-29T16:32:25+00:00\",\"dateModified\":\"2023-09-04T22:48:20+00:00\",\"author\":{\"@id\":\"https:\/\/www.guineeline.net\/#\/schema\/person\/f5914e0a4c56cc8f4aa0922cc547a390\"},\"breadcrumb\":{\"@id\":\"https:\/\/www.guineeline.net\/index.php\/2023\/08\/29\/rechauffement-climatique-le-point-focal-de-la-cdn-guinee-sur-la-mission-et-les-defis-de-cette-contribution-determinee-au-niveau-national-cdn\/#breadcrumb\"},\"inLanguage\":\"fr-FR\",\"potentialAction\":[{\"@type\":\"ReadAction\",\"target\":[\"https:\/\/www.guineeline.net\/index.php\/2023\/08\/29\/rechauffement-climatique-le-point-focal-de-la-cdn-guinee-sur-la-mission-et-les-defis-de-cette-contribution-determinee-au-niveau-national-cdn\/\"]}]},{\"@type\":\"ImageObject\",\"inLanguage\":\"fr-FR\",\"@id\":\"https:\/\/www.guineeline.net\/index.php\/2023\/08\/29\/rechauffement-climatique-le-point-focal-de-la-cdn-guinee-sur-la-mission-et-les-defis-de-cette-contribution-determinee-au-niveau-national-cdn\/#primaryimage\",\"url\":\"https:\/\/www.guineeline.net\/wp-content\/uploads\/2023\/08\/IMG-20230829-WA0000.jpg\",\"contentUrl\":\"https:\/\/www.guineeline.net\/wp-content\/uploads\/2023\/08\/IMG-20230829-WA0000.jpg\",\"width\":640,\"height\":640},{\"@type\":\"BreadcrumbList\",\"@id\":\"https:\/\/www.guineeline.net\/index.php\/2023\/08\/29\/rechauffement-climatique-le-point-focal-de-la-cdn-guinee-sur-la-mission-et-les-defis-de-cette-contribution-determinee-au-niveau-national-cdn\/#breadcrumb\",\"itemListElement\":[{\"@type\":\"ListItem\",\"position\":1,\"name\":\"Accueil\",\"item\":\"https:\/\/www.guineeline.net\/\"},{\"@type\":\"ListItem\",\"position\":2,\"name\":\"R\u00e9chauffement climatique : le point focal de la CDN-Guin\u00e9e sur la mission et les d\u00e9fis de cette contribution d\u00e9termin\u00e9e au niveau national CDN\"}]},{\"@type\":\"WebSite\",\"@id\":\"https:\/\/www.guineeline.net\/#website\",\"url\":\"https:\/\/www.guineeline.net\/\",\"name\":\"Guineeline\",\"description\":\"L&#039;information en un clic\",\"potentialAction\":[{\"@type\":\"SearchAction\",\"target\":{\"@type\":\"EntryPoint\",\"urlTemplate\":\"https:\/\/www.guineeline.net\/?s={search_term_string}\"},\"query-input\":{\"@type\":\"PropertyValueSpecification\",\"valueRequired\":true,\"valueName\":\"search_term_string\"}}],\"inLanguage\":\"fr-FR\"},{\"@type\":\"Person\",\"@id\":\"https:\/\/www.guineeline.net\/#\/schema\/person\/f5914e0a4c56cc8f4aa0922cc547a390\",\"name\":\"Guineeline\",\"image\":{\"@type\":\"ImageObject\",\"inLanguage\":\"fr-FR\",\"@id\":\"https:\/\/www.guineeline.net\/#\/schema\/person\/image\/\",\"url\":\"https:\/\/secure.gravatar.com\/avatar\/432ce140236c408fa05ea28acd193ba03163acdd0efbe444c1c44957b8a29a2a?s=96&d=mm&r=g\",\"contentUrl\":\"https:\/\/secure.gravatar.com\/avatar\/432ce140236c408fa05ea28acd193ba03163acdd0efbe444c1c44957b8a29a2a?s=96&d=mm&r=g\",\"caption\":\"Guineeline\"},\"url\":\"https:\/\/www.guineeline.net\/index.php\/author\/admin\/\"}]}<\/script>\n<!-- \/ Yoast SEO plugin. -->","yoast_head_json":{"title":"R\u00e9chauffement climatique : le point focal de la CDN-Guin\u00e9e sur la mission et les d\u00e9fis de cette contribution d\u00e9termin\u00e9e au niveau national CDN - Guineeline","robots":{"index":"index","follow":"follow","max-snippet":"max-snippet:-1","max-image-preview":"max-image-preview:large","max-video-preview":"max-video-preview:-1"},"canonical":"https:\/\/www.guineeline.net\/index.php\/2023\/08\/29\/rechauffement-climatique-le-point-focal-de-la-cdn-guinee-sur-la-mission-et-les-defis-de-cette-contribution-determinee-au-niveau-national-cdn\/","og_locale":"fr_FR","og_type":"article","og_title":"R\u00e9chauffement climatique : le point focal de la CDN-Guin\u00e9e sur la mission et les d\u00e9fis de cette contribution d\u00e9termin\u00e9e au niveau national CDN - Guineeline","og_description":"Dans le cadre de la mise en \u0153uvre de la contribution d\u00e9termin\u00e9e au niveau nationale (CDN), notre r\u00e9daction a donn\u00e9 la parole \u00e0 Camara S\u00e9kou Fod\u00e9 Point Focal de cette contribution d\u00e9termin\u00e9e au niveau nationale pour parler de son contexte et de sa mise en place, les missions qui lui sont assign\u00e9es mais aussi du [&hellip;]","og_url":"https:\/\/www.guineeline.net\/index.php\/2023\/08\/29\/rechauffement-climatique-le-point-focal-de-la-cdn-guinee-sur-la-mission-et-les-defis-de-cette-contribution-determinee-au-niveau-national-cdn\/","og_site_name":"Guineeline","article_published_time":"2023-08-29T16:32:25+00:00","article_modified_time":"2023-09-04T22:48:20+00:00","og_image":[{"width":640,"height":640,"url":"https:\/\/www.guineeline.net\/wp-content\/uploads\/2023\/08\/IMG-20230829-WA0000.jpg","type":"image\/jpeg"}],"author":"Guineeline","twitter_card":"summary_large_image","twitter_misc":{"\u00c9crit par":"Guineeline","Dur\u00e9e de lecture estim\u00e9e":"5 minutes"},"schema":{"@context":"https:\/\/schema.org","@graph":[{"@type":"Article","@id":"https:\/\/www.guineeline.net\/index.php\/2023\/08\/29\/rechauffement-climatique-le-point-focal-de-la-cdn-guinee-sur-la-mission-et-les-defis-de-cette-contribution-determinee-au-niveau-national-cdn\/#article","isPartOf":{"@id":"https:\/\/www.guineeline.net\/index.php\/2023\/08\/29\/rechauffement-climatique-le-point-focal-de-la-cdn-guinee-sur-la-mission-et-les-defis-de-cette-contribution-determinee-au-niveau-national-cdn\/"},"author":{"name":"Guineeline","@id":"https:\/\/www.guineeline.net\/#\/schema\/person\/f5914e0a4c56cc8f4aa0922cc547a390"},"headline":"R\u00e9chauffement climatique : le point focal de la CDN-Guin\u00e9e sur la mission et les d\u00e9fis de cette contribution d\u00e9termin\u00e9e au niveau national CDN","datePublished":"2023-08-29T16:32:25+00:00","dateModified":"2023-09-04T22:48:20+00:00","mainEntityOfPage":{"@id":"https:\/\/www.guineeline.net\/index.php\/2023\/08\/29\/rechauffement-climatique-le-point-focal-de-la-cdn-guinee-sur-la-mission-et-les-defis-de-cette-contribution-determinee-au-niveau-national-cdn\/"},"wordCount":1096,"commentCount":0,"image":{"@id":"https:\/\/www.guineeline.net\/index.php\/2023\/08\/29\/rechauffement-climatique-le-point-focal-de-la-cdn-guinee-sur-la-mission-et-les-defis-de-cette-contribution-determinee-au-niveau-national-cdn\/#primaryimage"},"thumbnailUrl":"https:\/\/www.guineeline.net\/wp-content\/uploads\/2023\/08\/IMG-20230829-WA0000.jpg","articleSection":["Actualit\u00e9s","Environnement"],"inLanguage":"fr-FR","potentialAction":[{"@type":"CommentAction","name":"Comment","target":["https:\/\/www.guineeline.net\/index.php\/2023\/08\/29\/rechauffement-climatique-le-point-focal-de-la-cdn-guinee-sur-la-mission-et-les-defis-de-cette-contribution-determinee-au-niveau-national-cdn\/#respond"]}]},{"@type":"WebPage","@id":"https:\/\/www.guineeline.net\/index.php\/2023\/08\/29\/rechauffement-climatique-le-point-focal-de-la-cdn-guinee-sur-la-mission-et-les-defis-de-cette-contribution-determinee-au-niveau-national-cdn\/","url":"https:\/\/www.guineeline.net\/index.php\/2023\/08\/29\/rechauffement-climatique-le-point-focal-de-la-cdn-guinee-sur-la-mission-et-les-defis-de-cette-contribution-determinee-au-niveau-national-cdn\/","name":"R\u00e9chauffement climatique : le point focal de la CDN-Guin\u00e9e sur la mission et les d\u00e9fis de cette contribution d\u00e9termin\u00e9e au niveau national CDN - Guineeline","isPartOf":{"@id":"https:\/\/www.guineeline.net\/#website"},"primaryImageOfPage":{"@id":"https:\/\/www.guineeline.net\/index.php\/2023\/08\/29\/rechauffement-climatique-le-point-focal-de-la-cdn-guinee-sur-la-mission-et-les-defis-de-cette-contribution-determinee-au-niveau-national-cdn\/#primaryimage"},"image":{"@id":"https:\/\/www.guineeline.net\/index.php\/2023\/08\/29\/rechauffement-climatique-le-point-focal-de-la-cdn-guinee-sur-la-mission-et-les-defis-de-cette-contribution-determinee-au-niveau-national-cdn\/#primaryimage"},"thumbnailUrl":"https:\/\/www.guineeline.net\/wp-content\/uploads\/2023\/08\/IMG-20230829-WA0000.jpg","datePublished":"2023-08-29T16:32:25+00:00","dateModified":"2023-09-04T22:48:20+00:00","author":{"@id":"https:\/\/www.guineeline.net\/#\/schema\/person\/f5914e0a4c56cc8f4aa0922cc547a390"},"breadcrumb":{"@id":"https:\/\/www.guineeline.net\/index.php\/2023\/08\/29\/rechauffement-climatique-le-point-focal-de-la-cdn-guinee-sur-la-mission-et-les-defis-de-cette-contribution-determinee-au-niveau-national-cdn\/#breadcrumb"},"inLanguage":"fr-FR","potentialAction":[{"@type":"ReadAction","target":["https:\/\/www.guineeline.net\/index.php\/2023\/08\/29\/rechauffement-climatique-le-point-focal-de-la-cdn-guinee-sur-la-mission-et-les-defis-de-cette-contribution-determinee-au-niveau-national-cdn\/"]}]},{"@type":"ImageObject","inLanguage":"fr-FR","@id":"https:\/\/www.guineeline.net\/index.php\/2023\/08\/29\/rechauffement-climatique-le-point-focal-de-la-cdn-guinee-sur-la-mission-et-les-defis-de-cette-contribution-determinee-au-niveau-national-cdn\/#primaryimage","url":"https:\/\/www.guineeline.net\/wp-content\/uploads\/2023\/08\/IMG-20230829-WA0000.jpg","contentUrl":"https:\/\/www.guineeline.net\/wp-content\/uploads\/2023\/08\/IMG-20230829-WA0000.jpg","width":640,"height":640},{"@type":"BreadcrumbList","@id":"https:\/\/www.guineeline.net\/index.php\/2023\/08\/29\/rechauffement-climatique-le-point-focal-de-la-cdn-guinee-sur-la-mission-et-les-defis-de-cette-contribution-determinee-au-niveau-national-cdn\/#breadcrumb","itemListElement":[{"@type":"ListItem","position":1,"name":"Accueil","item":"https:\/\/www.guineeline.net\/"},{"@type":"ListItem","position":2,"name":"R\u00e9chauffement climatique : le point focal de la CDN-Guin\u00e9e sur la mission et les d\u00e9fis de cette contribution d\u00e9termin\u00e9e au niveau national CDN"}]},{"@type":"WebSite","@id":"https:\/\/www.guineeline.net\/#website","url":"https:\/\/www.guineeline.net\/","name":"Guineeline","description":"L&#039;information en un clic","potentialAction":[{"@type":"SearchAction","target":{"@type":"EntryPoint","urlTemplate":"https:\/\/www.guineeline.net\/?s={search_term_string}"},"query-input":{"@type":"PropertyValueSpecification","valueRequired":true,"valueName":"search_term_string"}}],"inLanguage":"fr-FR"},{"@type":"Person","@id":"https:\/\/www.guineeline.net\/#\/schema\/person\/f5914e0a4c56cc8f4aa0922cc547a390","name":"Guineeline","image":{"@type":"ImageObject","inLanguage":"fr-FR","@id":"https:\/\/www.guineeline.net\/#\/schema\/person\/image\/","url":"https:\/\/secure.gravatar.com\/avatar\/432ce140236c408fa05ea28acd193ba03163acdd0efbe444c1c44957b8a29a2a?s=96&d=mm&r=g","contentUrl":"https:\/\/secure.gravatar.com\/avatar\/432ce140236c408fa05ea28acd193ba03163acdd0efbe444c1c44957b8a29a2a?s=96&d=mm&r=g","caption":"Guineeline"},"url":"https:\/\/www.guineeline.net\/index.php\/author\/admin\/"}]}},"_links":{"self":[{"href":"https:\/\/www.guineeline.net\/index.php\/wp-json\/wp\/v2\/posts\/1666","targetHints":{"allow":["GET"]}}],"collection":[{"href":"https:\/\/www.guineeline.net\/index.php\/wp-json\/wp\/v2\/posts"}],"about":[{"href":"https:\/\/www.guineeline.net\/index.php\/wp-json\/wp\/v2\/types\/post"}],"author":[{"embeddable":true,"href":"https:\/\/www.guineeline.net\/index.php\/wp-json\/wp\/v2\/users\/3"}],"replies":[{"embeddable":true,"href":"https:\/\/www.guineeline.net\/index.php\/wp-json\/wp\/v2\/comments?post=1666"}],"version-history":[{"count":3,"href":"https:\/\/www.guineeline.net\/index.php\/wp-json\/wp\/v2\/posts\/1666\/revisions"}],"predecessor-version":[{"id":1686,"href":"https:\/\/www.guineeline.net\/index.php\/wp-json\/wp\/v2\/posts\/1666\/revisions\/1686"}],"wp:featuredmedia":[{"embeddable":true,"href":"https:\/\/www.guineeline.net\/index.php\/wp-json\/wp\/v2\/media\/1667"}],"wp:attachment":[{"href":"https:\/\/www.guineeline.net\/index.php\/wp-json\/wp\/v2\/media?parent=1666"}],"wp:term":[{"taxonomy":"category","embeddable":true,"href":"https:\/\/www.guineeline.net\/index.php\/wp-json\/wp\/v2\/categories?post=1666"},{"taxonomy":"post_tag","embeddable":true,"href":"https:\/\/www.guineeline.net\/index.php\/wp-json\/wp\/v2\/tags?post=1666"}],"curies":[{"name":"wp","href":"https:\/\/api.w.org\/{rel}","templated":true}]}}