{"id":1451,"date":"2023-03-31T14:42:41","date_gmt":"2023-03-31T12:42:41","guid":{"rendered":"https:\/\/www.guineeline.net\/?p=1451"},"modified":"2023-03-31T14:42:41","modified_gmt":"2023-03-31T12:42:41","slug":"developpement-durable-terrafrik-reseau-participe-au-salon-de-la-permaculture-et-agro-ecologie-a-paris-compte-rendu","status":"publish","type":"post","link":"https:\/\/www.guineeline.net\/index.php\/2023\/03\/31\/developpement-durable-terrafrik-reseau-participe-au-salon-de-la-permaculture-et-agro-ecologie-a-paris-compte-rendu\/","title":{"rendered":"D\u00e9veloppement durable : terrafrik r\u00e9seau participe au salon de la permaculture et agro-\u00e9cologie \u00e0 Paris (compte rendu)"},"content":{"rendered":"<p><strong>Terrafrik r\u00e9seau et ses diff\u00e9rents partenaires ont particip\u00e9 au salon de la permaculture et agro-\u00e9cologie (PERMAE) qui s\u2019est tenu au parc floral de Paris du 17 au 20 Mars 2023, . Le r\u00e9seau et ses partenaires ont profit\u00e9 de cette occasion pour exposer le r\u00e9sultat du travail abattue par les apiculteurs et les agriculteurs sur le terrain.<\/strong><br \/>\nLe miel Bio qui a \u00e9t\u00e9 pr\u00e9sent\u00e9 \u00e0 ce salon sous le Label BIOMAF qui est le fruit d\u2019un travail acharn\u00e9 des apiculteurs du Togo et du Cameroun qui se sont mobilis\u00e9e en coop\u00e9rative et qui sont membre du r\u00e9seau terrafrik qui les accompagne dans leurs diff\u00e8rents projets.<\/p>\n<p>Ces apicultures se sont mobilis\u00e9s autour du projet VIA TERRE qui est un projet f\u00e9d\u00e9rateur qui se manifeste par la mise en place d\u2019une \u00e9cole de transition agro \u00e9cologique. Cette \u00e9cole a pour but de former les jeunes sur les m\u00e9tiers du sol dans une dynamique de respect de la biodiversit\u00e9 et de faire \u00e9voluer les pratiques pour produire en qualit\u00e9 et en quantit\u00e9.<\/p>\n<p>Les participants \u00e0 ce salon ont dans un premier temps fait d\u00e9couvrir le r\u00e9seau Terrrafrik aux participant tout en insistant sur le fait que c\u2019est une plateforme qui a en son sein plusieurs association membre.<\/p>\n<p><img fetchpriority=\"high\" decoding=\"async\" class=\"alignnone size-medium wp-image-1454\" src=\"https:\/\/www.guineeline.net\/wp-content\/uploads\/2023\/03\/IMG-20230330-WA0001-225x300.jpg\" alt=\"\" width=\"225\" height=\"300\" srcset=\"https:\/\/www.guineeline.net\/wp-content\/uploads\/2023\/03\/IMG-20230330-WA0001-225x300.jpg 225w, https:\/\/www.guineeline.net\/wp-content\/uploads\/2023\/03\/IMG-20230330-WA0001-767x1024.jpg 767w, https:\/\/www.guineeline.net\/wp-content\/uploads\/2023\/03\/IMG-20230330-WA0001-768x1025.jpg 768w, https:\/\/www.guineeline.net\/wp-content\/uploads\/2023\/03\/IMG-20230330-WA0001-750x1001.jpg 750w, https:\/\/www.guineeline.net\/wp-content\/uploads\/2023\/03\/IMG-20230330-WA0001.jpg 809w\" sizes=\"(max-width: 225px) 100vw, 225px\" \/><br \/>\nCet \u00e9v\u00e8nement a \u00e9t\u00e9 aussi l\u2019occasion de faire d\u00e9couvrir aux participant les autres fili\u00e8res qui sont en cours d\u2019ex\u00e9cution dans le projet via terre \u00e0 travers l\u2019\u00e9cole de transition \u00e9cologique \u00e0 savoir les fili\u00e8re mangue et pomme de terre.<\/p>\n<p>Le miel a \u00e9t\u00e9 pr\u00e9sent\u00e9 certes comme un produit mais aussi sous une perspective d\u2019action innovante qui permet aux jeunes \u00e0 travers le projet f\u00e9d\u00e9rateur via terre d\u2019etre s\u00e9dentaris\u00e9 et d\u2019apprendre des m\u00e9tiers de la terre qui leur permettra d\u2019atteindre une autonomie financi\u00e8re.<\/p>\n<p>Ce salon a permis de pr\u00e9senter la bonne action derri\u00e8re ce projet qui est de contribuer \u00e0 la lutte contre l\u2019exode rural et l\u2019immigration clandestine tout en encourageant les jeunes \u00e0 un retour gagnant \u00e0 la terre.<br \/>\nDeux jours ont suffi pour \u00e9puiser le stock de miel qui a \u00e9t\u00e9 expos\u00e9. Certaines personnes \u00e9tant rest\u00e9 sur leur faim n\u2019ont pas h\u00e9sit\u00e9 \u00e0 passer des commandes.<\/p>\n<p><img decoding=\"async\" class=\"alignnone size-medium wp-image-1453\" src=\"https:\/\/www.guineeline.net\/wp-content\/uploads\/2023\/03\/IMG-20230330-WA0004-300x225.jpg\" alt=\"\" width=\"300\" height=\"225\" srcset=\"https:\/\/www.guineeline.net\/wp-content\/uploads\/2023\/03\/IMG-20230330-WA0004-300x225.jpg 300w, https:\/\/www.guineeline.net\/wp-content\/uploads\/2023\/03\/IMG-20230330-WA0004-1024x768.jpg 1024w, https:\/\/www.guineeline.net\/wp-content\/uploads\/2023\/03\/IMG-20230330-WA0004-768x576.jpg 768w, https:\/\/www.guineeline.net\/wp-content\/uploads\/2023\/03\/IMG-20230330-WA0004-750x563.jpg 750w, https:\/\/www.guineeline.net\/wp-content\/uploads\/2023\/03\/IMG-20230330-WA0004-1140x855.jpg 1140w, https:\/\/www.guineeline.net\/wp-content\/uploads\/2023\/03\/IMG-20230330-WA0004.jpg 1280w\" sizes=\"(max-width: 300px) 100vw, 300px\" \/><br \/>\nPour toute l\u2019\u00e9quipe, ce salon a \u00e9t\u00e9 une totale r\u00e9ussite car l\u2019engouement autour du projet a \u00e9t\u00e9 tr\u00e8s int\u00e9ressant. Cela t\u00e9moigne donc du succ\u00e8s du projet via terre bien qu\u2019\u00e9tant dans sa phase d\u2019exp\u00e9rimentation. La r\u00e9ussite de ce salon peut etre consid\u00e9r\u00e9 comme un indicateur qui vient mesurer et \u00e9valuer le projet via terre et l\u2019\u00e9cole de transition agro \u00e9cologique.<\/p>\n<p>Participer \u00e0 ce salon a \u00e9t\u00e9 enfin b\u00e9n\u00e9fique pour tous les acteurs du projet car il a permis que les activit\u00e9s et les diff\u00e9rents projets soient non seulement connu du grand public mais aussi qu\u2019il arrive \u00e0 entrer dans sur march\u00e9 local fran\u00e7ais.<br \/>\nLe but vis\u00e9 est donc de permettre une exportation du miel ainsi que des autres fili\u00e8res en cours de production dans le but de de promouvoir \u00e0 sa commercialisation en Europe de sorte \u00e0 que les apiculteurs ou les agriculteurs arrivent \u00e0 vivre de leur travail. Cet objectif entraine par ricochet le retour des jeunes \u00e0 la terre, leviers essentiels de la lutte contre l\u2019exode rural et les immigrations clandestines des jeunes vers l\u2019Europe.<\/p>\n<p style=\"text-align: right;\">\nIdiatou Souar\u00e9<\/p>\n","protected":false},"excerpt":{"rendered":"<p>Terrafrik r\u00e9seau et ses diff\u00e9rents partenaires ont particip\u00e9 au salon de la permaculture et agro-\u00e9cologie (PERMAE) qui s\u2019est tenu au parc floral de Paris du 17 au 20 Mars 2023, . Le r\u00e9seau et ses partenaires ont profit\u00e9 de cette occasion pour exposer le r\u00e9sultat du travail abattue par les apiculteurs et les agriculteurs sur [&hellip;]<\/p>\n","protected":false},"author":3,"featured_media":1452,"comment_status":"open","ping_status":"open","sticky":false,"template":"","format":"standard","meta":{"jnews-multi-image_gallery":[],"jnews_single_post":{"subtitle":"","format":"standard","video":"","gallery":"","source_name":"","source_url":"","via_name":"","via_url":"","override":[{"single_blog_custom":"","sidebar":"","second_sidebar":"","share_position":"","share_float_style":"","post_date_format":"","post_date_format_custom":"","number_popup_post":"1"}],"image_override":[{"single_post_thumbnail_size":"","single_post_gallery_size":""}],"trending_post_position":"","trending_post_label":""},"jnews_primary_category":{"id":""},"jnews_override_counter":{"view_counter_number":"0","share_counter_number":"0","like_counter_number":"0","dislike_counter_number":"0"},"footnotes":""},"categories":[21,19],"tags":[],"class_list":["post-1451","post","type-post","status-publish","format-standard","has-post-thumbnail","hentry","category-agriculture","category-environnement"],"yoast_head":"<!-- This site is optimized with the Yoast SEO plugin v26.9 - https:\/\/yoast.com\/product\/yoast-seo-wordpress\/ -->\n<title>D\u00e9veloppement durable : terrafrik r\u00e9seau participe au salon de la permaculture et agro-\u00e9cologie \u00e0 Paris (compte rendu) - Guineeline<\/title>\n<meta name=\"robots\" content=\"index, follow, max-snippet:-1, max-image-preview:large, max-video-preview:-1\" \/>\n<link rel=\"canonical\" href=\"https:\/\/www.guineeline.net\/index.php\/2023\/03\/31\/developpement-durable-terrafrik-reseau-participe-au-salon-de-la-permaculture-et-agro-ecologie-a-paris-compte-rendu\/\" \/>\n<meta property=\"og:locale\" content=\"fr_FR\" \/>\n<meta property=\"og:type\" content=\"article\" \/>\n<meta property=\"og:title\" content=\"D\u00e9veloppement durable : terrafrik r\u00e9seau participe au salon de la permaculture et agro-\u00e9cologie \u00e0 Paris (compte rendu) - Guineeline\" \/>\n<meta property=\"og:description\" content=\"Terrafrik r\u00e9seau et ses diff\u00e9rents partenaires ont particip\u00e9 au salon de la permaculture et agro-\u00e9cologie (PERMAE) qui s\u2019est tenu au parc floral de Paris du 17 au 20 Mars 2023, . Le r\u00e9seau et ses partenaires ont profit\u00e9 de cette occasion pour exposer le r\u00e9sultat du travail abattue par les apiculteurs et les agriculteurs sur [&hellip;]\" \/>\n<meta property=\"og:url\" content=\"https:\/\/www.guineeline.net\/index.php\/2023\/03\/31\/developpement-durable-terrafrik-reseau-participe-au-salon-de-la-permaculture-et-agro-ecologie-a-paris-compte-rendu\/\" \/>\n<meta property=\"og:site_name\" content=\"Guineeline\" \/>\n<meta property=\"article:published_time\" content=\"2023-03-31T12:42:41+00:00\" \/>\n<meta property=\"og:image\" content=\"https:\/\/www.guineeline.net\/wp-content\/uploads\/2023\/03\/IMG-20230330-WA0000.jpg\" \/>\n\t<meta property=\"og:image:width\" content=\"960\" \/>\n\t<meta property=\"og:image:height\" content=\"1280\" \/>\n\t<meta property=\"og:image:type\" content=\"image\/jpeg\" \/>\n<meta name=\"author\" content=\"Guineeline\" \/>\n<meta name=\"twitter:card\" content=\"summary_large_image\" \/>\n<meta name=\"twitter:label1\" content=\"\u00c9crit par\" \/>\n\t<meta name=\"twitter:data1\" content=\"Guineeline\" \/>\n\t<meta name=\"twitter:label2\" content=\"Dur\u00e9e de lecture estim\u00e9e\" \/>\n\t<meta name=\"twitter:data2\" content=\"3 minutes\" \/>\n<script type=\"application\/ld+json\" class=\"yoast-schema-graph\">{\"@context\":\"https:\/\/schema.org\",\"@graph\":[{\"@type\":\"Article\",\"@id\":\"https:\/\/www.guineeline.net\/index.php\/2023\/03\/31\/developpement-durable-terrafrik-reseau-participe-au-salon-de-la-permaculture-et-agro-ecologie-a-paris-compte-rendu\/#article\",\"isPartOf\":{\"@id\":\"https:\/\/www.guineeline.net\/index.php\/2023\/03\/31\/developpement-durable-terrafrik-reseau-participe-au-salon-de-la-permaculture-et-agro-ecologie-a-paris-compte-rendu\/\"},\"author\":{\"name\":\"Guineeline\",\"@id\":\"https:\/\/www.guineeline.net\/#\/schema\/person\/f5914e0a4c56cc8f4aa0922cc547a390\"},\"headline\":\"D\u00e9veloppement durable : terrafrik r\u00e9seau participe au salon de la permaculture et agro-\u00e9cologie \u00e0 Paris (compte rendu)\",\"datePublished\":\"2023-03-31T12:42:41+00:00\",\"mainEntityOfPage\":{\"@id\":\"https:\/\/www.guineeline.net\/index.php\/2023\/03\/31\/developpement-durable-terrafrik-reseau-participe-au-salon-de-la-permaculture-et-agro-ecologie-a-paris-compte-rendu\/\"},\"wordCount\":595,\"commentCount\":0,\"image\":{\"@id\":\"https:\/\/www.guineeline.net\/index.php\/2023\/03\/31\/developpement-durable-terrafrik-reseau-participe-au-salon-de-la-permaculture-et-agro-ecologie-a-paris-compte-rendu\/#primaryimage\"},\"thumbnailUrl\":\"https:\/\/www.guineeline.net\/wp-content\/uploads\/2023\/03\/IMG-20230330-WA0000.jpg\",\"articleSection\":[\"Agriculture\",\"Environnement\"],\"inLanguage\":\"fr-FR\",\"potentialAction\":[{\"@type\":\"CommentAction\",\"name\":\"Comment\",\"target\":[\"https:\/\/www.guineeline.net\/index.php\/2023\/03\/31\/developpement-durable-terrafrik-reseau-participe-au-salon-de-la-permaculture-et-agro-ecologie-a-paris-compte-rendu\/#respond\"]}]},{\"@type\":\"WebPage\",\"@id\":\"https:\/\/www.guineeline.net\/index.php\/2023\/03\/31\/developpement-durable-terrafrik-reseau-participe-au-salon-de-la-permaculture-et-agro-ecologie-a-paris-compte-rendu\/\",\"url\":\"https:\/\/www.guineeline.net\/index.php\/2023\/03\/31\/developpement-durable-terrafrik-reseau-participe-au-salon-de-la-permaculture-et-agro-ecologie-a-paris-compte-rendu\/\",\"name\":\"D\u00e9veloppement durable : terrafrik r\u00e9seau participe au salon de la permaculture et agro-\u00e9cologie \u00e0 Paris (compte rendu) - Guineeline\",\"isPartOf\":{\"@id\":\"https:\/\/www.guineeline.net\/#website\"},\"primaryImageOfPage\":{\"@id\":\"https:\/\/www.guineeline.net\/index.php\/2023\/03\/31\/developpement-durable-terrafrik-reseau-participe-au-salon-de-la-permaculture-et-agro-ecologie-a-paris-compte-rendu\/#primaryimage\"},\"image\":{\"@id\":\"https:\/\/www.guineeline.net\/index.php\/2023\/03\/31\/developpement-durable-terrafrik-reseau-participe-au-salon-de-la-permaculture-et-agro-ecologie-a-paris-compte-rendu\/#primaryimage\"},\"thumbnailUrl\":\"https:\/\/www.guineeline.net\/wp-content\/uploads\/2023\/03\/IMG-20230330-WA0000.jpg\",\"datePublished\":\"2023-03-31T12:42:41+00:00\",\"author\":{\"@id\":\"https:\/\/www.guineeline.net\/#\/schema\/person\/f5914e0a4c56cc8f4aa0922cc547a390\"},\"breadcrumb\":{\"@id\":\"https:\/\/www.guineeline.net\/index.php\/2023\/03\/31\/developpement-durable-terrafrik-reseau-participe-au-salon-de-la-permaculture-et-agro-ecologie-a-paris-compte-rendu\/#breadcrumb\"},\"inLanguage\":\"fr-FR\",\"potentialAction\":[{\"@type\":\"ReadAction\",\"target\":[\"https:\/\/www.guineeline.net\/index.php\/2023\/03\/31\/developpement-durable-terrafrik-reseau-participe-au-salon-de-la-permaculture-et-agro-ecologie-a-paris-compte-rendu\/\"]}]},{\"@type\":\"ImageObject\",\"inLanguage\":\"fr-FR\",\"@id\":\"https:\/\/www.guineeline.net\/index.php\/2023\/03\/31\/developpement-durable-terrafrik-reseau-participe-au-salon-de-la-permaculture-et-agro-ecologie-a-paris-compte-rendu\/#primaryimage\",\"url\":\"https:\/\/www.guineeline.net\/wp-content\/uploads\/2023\/03\/IMG-20230330-WA0000.jpg\",\"contentUrl\":\"https:\/\/www.guineeline.net\/wp-content\/uploads\/2023\/03\/IMG-20230330-WA0000.jpg\",\"width\":960,\"height\":1280},{\"@type\":\"BreadcrumbList\",\"@id\":\"https:\/\/www.guineeline.net\/index.php\/2023\/03\/31\/developpement-durable-terrafrik-reseau-participe-au-salon-de-la-permaculture-et-agro-ecologie-a-paris-compte-rendu\/#breadcrumb\",\"itemListElement\":[{\"@type\":\"ListItem\",\"position\":1,\"name\":\"Accueil\",\"item\":\"https:\/\/www.guineeline.net\/\"},{\"@type\":\"ListItem\",\"position\":2,\"name\":\"D\u00e9veloppement durable : terrafrik r\u00e9seau participe au salon de la permaculture et agro-\u00e9cologie \u00e0 Paris (compte rendu)\"}]},{\"@type\":\"WebSite\",\"@id\":\"https:\/\/www.guineeline.net\/#website\",\"url\":\"https:\/\/www.guineeline.net\/\",\"name\":\"Guineeline\",\"description\":\"L&#039;information en un clic\",\"potentialAction\":[{\"@type\":\"SearchAction\",\"target\":{\"@type\":\"EntryPoint\",\"urlTemplate\":\"https:\/\/www.guineeline.net\/?s={search_term_string}\"},\"query-input\":{\"@type\":\"PropertyValueSpecification\",\"valueRequired\":true,\"valueName\":\"search_term_string\"}}],\"inLanguage\":\"fr-FR\"},{\"@type\":\"Person\",\"@id\":\"https:\/\/www.guineeline.net\/#\/schema\/person\/f5914e0a4c56cc8f4aa0922cc547a390\",\"name\":\"Guineeline\",\"image\":{\"@type\":\"ImageObject\",\"inLanguage\":\"fr-FR\",\"@id\":\"https:\/\/www.guineeline.net\/#\/schema\/person\/image\/\",\"url\":\"https:\/\/secure.gravatar.com\/avatar\/432ce140236c408fa05ea28acd193ba03163acdd0efbe444c1c44957b8a29a2a?s=96&d=mm&r=g\",\"contentUrl\":\"https:\/\/secure.gravatar.com\/avatar\/432ce140236c408fa05ea28acd193ba03163acdd0efbe444c1c44957b8a29a2a?s=96&d=mm&r=g\",\"caption\":\"Guineeline\"},\"url\":\"https:\/\/www.guineeline.net\/index.php\/author\/admin\/\"}]}<\/script>\n<!-- \/ Yoast SEO plugin. -->","yoast_head_json":{"title":"D\u00e9veloppement durable : terrafrik r\u00e9seau participe au salon de la permaculture et agro-\u00e9cologie \u00e0 Paris (compte rendu) - Guineeline","robots":{"index":"index","follow":"follow","max-snippet":"max-snippet:-1","max-image-preview":"max-image-preview:large","max-video-preview":"max-video-preview:-1"},"canonical":"https:\/\/www.guineeline.net\/index.php\/2023\/03\/31\/developpement-durable-terrafrik-reseau-participe-au-salon-de-la-permaculture-et-agro-ecologie-a-paris-compte-rendu\/","og_locale":"fr_FR","og_type":"article","og_title":"D\u00e9veloppement durable : terrafrik r\u00e9seau participe au salon de la permaculture et agro-\u00e9cologie \u00e0 Paris (compte rendu) - Guineeline","og_description":"Terrafrik r\u00e9seau et ses diff\u00e9rents partenaires ont particip\u00e9 au salon de la permaculture et agro-\u00e9cologie (PERMAE) qui s\u2019est tenu au parc floral de Paris du 17 au 20 Mars 2023, . Le r\u00e9seau et ses partenaires ont profit\u00e9 de cette occasion pour exposer le r\u00e9sultat du travail abattue par les apiculteurs et les agriculteurs sur [&hellip;]","og_url":"https:\/\/www.guineeline.net\/index.php\/2023\/03\/31\/developpement-durable-terrafrik-reseau-participe-au-salon-de-la-permaculture-et-agro-ecologie-a-paris-compte-rendu\/","og_site_name":"Guineeline","article_published_time":"2023-03-31T12:42:41+00:00","og_image":[{"width":960,"height":1280,"url":"https:\/\/www.guineeline.net\/wp-content\/uploads\/2023\/03\/IMG-20230330-WA0000.jpg","type":"image\/jpeg"}],"author":"Guineeline","twitter_card":"summary_large_image","twitter_misc":{"\u00c9crit par":"Guineeline","Dur\u00e9e de lecture estim\u00e9e":"3 minutes"},"schema":{"@context":"https:\/\/schema.org","@graph":[{"@type":"Article","@id":"https:\/\/www.guineeline.net\/index.php\/2023\/03\/31\/developpement-durable-terrafrik-reseau-participe-au-salon-de-la-permaculture-et-agro-ecologie-a-paris-compte-rendu\/#article","isPartOf":{"@id":"https:\/\/www.guineeline.net\/index.php\/2023\/03\/31\/developpement-durable-terrafrik-reseau-participe-au-salon-de-la-permaculture-et-agro-ecologie-a-paris-compte-rendu\/"},"author":{"name":"Guineeline","@id":"https:\/\/www.guineeline.net\/#\/schema\/person\/f5914e0a4c56cc8f4aa0922cc547a390"},"headline":"D\u00e9veloppement durable : terrafrik r\u00e9seau participe au salon de la permaculture et agro-\u00e9cologie \u00e0 Paris (compte rendu)","datePublished":"2023-03-31T12:42:41+00:00","mainEntityOfPage":{"@id":"https:\/\/www.guineeline.net\/index.php\/2023\/03\/31\/developpement-durable-terrafrik-reseau-participe-au-salon-de-la-permaculture-et-agro-ecologie-a-paris-compte-rendu\/"},"wordCount":595,"commentCount":0,"image":{"@id":"https:\/\/www.guineeline.net\/index.php\/2023\/03\/31\/developpement-durable-terrafrik-reseau-participe-au-salon-de-la-permaculture-et-agro-ecologie-a-paris-compte-rendu\/#primaryimage"},"thumbnailUrl":"https:\/\/www.guineeline.net\/wp-content\/uploads\/2023\/03\/IMG-20230330-WA0000.jpg","articleSection":["Agriculture","Environnement"],"inLanguage":"fr-FR","potentialAction":[{"@type":"CommentAction","name":"Comment","target":["https:\/\/www.guineeline.net\/index.php\/2023\/03\/31\/developpement-durable-terrafrik-reseau-participe-au-salon-de-la-permaculture-et-agro-ecologie-a-paris-compte-rendu\/#respond"]}]},{"@type":"WebPage","@id":"https:\/\/www.guineeline.net\/index.php\/2023\/03\/31\/developpement-durable-terrafrik-reseau-participe-au-salon-de-la-permaculture-et-agro-ecologie-a-paris-compte-rendu\/","url":"https:\/\/www.guineeline.net\/index.php\/2023\/03\/31\/developpement-durable-terrafrik-reseau-participe-au-salon-de-la-permaculture-et-agro-ecologie-a-paris-compte-rendu\/","name":"D\u00e9veloppement durable : terrafrik r\u00e9seau participe au salon de la permaculture et agro-\u00e9cologie \u00e0 Paris (compte rendu) - Guineeline","isPartOf":{"@id":"https:\/\/www.guineeline.net\/#website"},"primaryImageOfPage":{"@id":"https:\/\/www.guineeline.net\/index.php\/2023\/03\/31\/developpement-durable-terrafrik-reseau-participe-au-salon-de-la-permaculture-et-agro-ecologie-a-paris-compte-rendu\/#primaryimage"},"image":{"@id":"https:\/\/www.guineeline.net\/index.php\/2023\/03\/31\/developpement-durable-terrafrik-reseau-participe-au-salon-de-la-permaculture-et-agro-ecologie-a-paris-compte-rendu\/#primaryimage"},"thumbnailUrl":"https:\/\/www.guineeline.net\/wp-content\/uploads\/2023\/03\/IMG-20230330-WA0000.jpg","datePublished":"2023-03-31T12:42:41+00:00","author":{"@id":"https:\/\/www.guineeline.net\/#\/schema\/person\/f5914e0a4c56cc8f4aa0922cc547a390"},"breadcrumb":{"@id":"https:\/\/www.guineeline.net\/index.php\/2023\/03\/31\/developpement-durable-terrafrik-reseau-participe-au-salon-de-la-permaculture-et-agro-ecologie-a-paris-compte-rendu\/#breadcrumb"},"inLanguage":"fr-FR","potentialAction":[{"@type":"ReadAction","target":["https:\/\/www.guineeline.net\/index.php\/2023\/03\/31\/developpement-durable-terrafrik-reseau-participe-au-salon-de-la-permaculture-et-agro-ecologie-a-paris-compte-rendu\/"]}]},{"@type":"ImageObject","inLanguage":"fr-FR","@id":"https:\/\/www.guineeline.net\/index.php\/2023\/03\/31\/developpement-durable-terrafrik-reseau-participe-au-salon-de-la-permaculture-et-agro-ecologie-a-paris-compte-rendu\/#primaryimage","url":"https:\/\/www.guineeline.net\/wp-content\/uploads\/2023\/03\/IMG-20230330-WA0000.jpg","contentUrl":"https:\/\/www.guineeline.net\/wp-content\/uploads\/2023\/03\/IMG-20230330-WA0000.jpg","width":960,"height":1280},{"@type":"BreadcrumbList","@id":"https:\/\/www.guineeline.net\/index.php\/2023\/03\/31\/developpement-durable-terrafrik-reseau-participe-au-salon-de-la-permaculture-et-agro-ecologie-a-paris-compte-rendu\/#breadcrumb","itemListElement":[{"@type":"ListItem","position":1,"name":"Accueil","item":"https:\/\/www.guineeline.net\/"},{"@type":"ListItem","position":2,"name":"D\u00e9veloppement durable : terrafrik r\u00e9seau participe au salon de la permaculture et agro-\u00e9cologie \u00e0 Paris (compte rendu)"}]},{"@type":"WebSite","@id":"https:\/\/www.guineeline.net\/#website","url":"https:\/\/www.guineeline.net\/","name":"Guineeline","description":"L&#039;information en un clic","potentialAction":[{"@type":"SearchAction","target":{"@type":"EntryPoint","urlTemplate":"https:\/\/www.guineeline.net\/?s={search_term_string}"},"query-input":{"@type":"PropertyValueSpecification","valueRequired":true,"valueName":"search_term_string"}}],"inLanguage":"fr-FR"},{"@type":"Person","@id":"https:\/\/www.guineeline.net\/#\/schema\/person\/f5914e0a4c56cc8f4aa0922cc547a390","name":"Guineeline","image":{"@type":"ImageObject","inLanguage":"fr-FR","@id":"https:\/\/www.guineeline.net\/#\/schema\/person\/image\/","url":"https:\/\/secure.gravatar.com\/avatar\/432ce140236c408fa05ea28acd193ba03163acdd0efbe444c1c44957b8a29a2a?s=96&d=mm&r=g","contentUrl":"https:\/\/secure.gravatar.com\/avatar\/432ce140236c408fa05ea28acd193ba03163acdd0efbe444c1c44957b8a29a2a?s=96&d=mm&r=g","caption":"Guineeline"},"url":"https:\/\/www.guineeline.net\/index.php\/author\/admin\/"}]}},"_links":{"self":[{"href":"https:\/\/www.guineeline.net\/index.php\/wp-json\/wp\/v2\/posts\/1451","targetHints":{"allow":["GET"]}}],"collection":[{"href":"https:\/\/www.guineeline.net\/index.php\/wp-json\/wp\/v2\/posts"}],"about":[{"href":"https:\/\/www.guineeline.net\/index.php\/wp-json\/wp\/v2\/types\/post"}],"author":[{"embeddable":true,"href":"https:\/\/www.guineeline.net\/index.php\/wp-json\/wp\/v2\/users\/3"}],"replies":[{"embeddable":true,"href":"https:\/\/www.guineeline.net\/index.php\/wp-json\/wp\/v2\/comments?post=1451"}],"version-history":[{"count":1,"href":"https:\/\/www.guineeline.net\/index.php\/wp-json\/wp\/v2\/posts\/1451\/revisions"}],"predecessor-version":[{"id":1455,"href":"https:\/\/www.guineeline.net\/index.php\/wp-json\/wp\/v2\/posts\/1451\/revisions\/1455"}],"wp:featuredmedia":[{"embeddable":true,"href":"https:\/\/www.guineeline.net\/index.php\/wp-json\/wp\/v2\/media\/1452"}],"wp:attachment":[{"href":"https:\/\/www.guineeline.net\/index.php\/wp-json\/wp\/v2\/media?parent=1451"}],"wp:term":[{"taxonomy":"category","embeddable":true,"href":"https:\/\/www.guineeline.net\/index.php\/wp-json\/wp\/v2\/categories?post=1451"},{"taxonomy":"post_tag","embeddable":true,"href":"https:\/\/www.guineeline.net\/index.php\/wp-json\/wp\/v2\/tags?post=1451"}],"curies":[{"name":"wp","href":"https:\/\/api.w.org\/{rel}","templated":true}]}}