{"id":1352,"date":"2023-02-04T16:15:20","date_gmt":"2023-02-04T15:15:20","guid":{"rendered":"https:\/\/www.guineeline.net\/?p=1352"},"modified":"2023-02-04T16:15:20","modified_gmt":"2023-02-04T15:15:20","slug":"foncier-en-guinee-le-collectif-se-concerte-autour-des-egf-du-referentiel-et-de-la-loa","status":"publish","type":"post","link":"https:\/\/www.guineeline.net\/index.php\/2023\/02\/04\/foncier-en-guinee-le-collectif-se-concerte-autour-des-egf-du-referentiel-et-de-la-loa\/","title":{"rendered":"Foncier en Guin\u00e9e\u00a0: le collectif se concerte autour des EGF, du r\u00e9f\u00e9rentiel et de la LOA"},"content":{"rendered":"<p><strong>Le collectif des organisations de la soci\u00e9t\u00e9 civile pour la d\u00e9fense des droits des communaut\u00e9s impact\u00e9es par les projets de d\u00e9veloppement (CODEC) a tenu un atelier du 31 janvier au 1er f\u00e9vrier 2023 pour d\u00e9finir les priorit\u00e9s de plaidoyer sur la base des conclusions des \u00e9tats g\u00e9n\u00e9raux de foncier et les \u00e9tapes prochaines sur la r\u00e9forme fonci\u00e8re. L\u2019objectif principal de cet atelier a \u00e9t\u00e9 de faire une mise \u00e0 jour de la strat\u00e9gie globale de plaidoyer du collectif y compris celle de la communication sur les reformes fonci\u00e8res en R\u00e9publique de Guin\u00e9e. Il a regroup\u00e9 les membres de la coordination de collectif, les points focaux, les charg\u00e9s de communication des organisations membre dudit collectif ainsi que les facilitateurs venus de l\u2019institut international des \u00e9tudes et de d\u00e9veloppement (IIED) partenaire technique du projet.<\/strong><\/p>\n<p>Apr\u00e8s la tenue de \u00e9tats g\u00e9n\u00e9raux du foncier (EGF) marqu\u00e9s par des r\u00e9sultats positifs \u00e0 l\u2019actif du collectif, l\u2019heure est au bilan et aux perspectives pour un foncier au b\u00e9n\u00e9fice des communaut\u00e9s et des couches marginalis\u00e9es. C\u2019est dans ce cadre que s\u2019est inscrit ce conclave de quatre jours au compte du projet d\u00e9nomm\u00e9 \u2018\u2019Projet de plaidoyer et de mobilisation sociale en vue d\u2019une participation communautaire et la prise en compte de la dimension genre au processus de r\u00e9formes fonci\u00e8res en Guin\u00e9e.\u2019\u2019 D\u00e8s l\u2019entame, un premier d\u00e9bat a \u00e9t\u00e9 tenu autour de la strat\u00e9gie \u00e0 mettre en place pour faciliter l\u2019adoption du r\u00e9f\u00e9rentiel puis la finalisation de la Loi d\u2019orientation agricole (LOA). En suite la strat\u00e9gie de communication mise en place dans le cadre de ce projet a \u00e9t\u00e9 pr\u00e9sent\u00e9e par le charg\u00e9 de communication du collectif avec des explications et des amendements \u00e0 l\u2019appui.<\/p>\n<p><img fetchpriority=\"high\" decoding=\"async\" class=\"alignnone size-medium wp-image-1355\" src=\"https:\/\/www.guineeline.net\/wp-content\/uploads\/2023\/02\/IMG-20230201-WA0028-300x225.jpg\" alt=\"\" width=\"300\" height=\"225\" srcset=\"https:\/\/www.guineeline.net\/wp-content\/uploads\/2023\/02\/IMG-20230201-WA0028-300x225.jpg 300w, https:\/\/www.guineeline.net\/wp-content\/uploads\/2023\/02\/IMG-20230201-WA0028-1024x768.jpg 1024w, https:\/\/www.guineeline.net\/wp-content\/uploads\/2023\/02\/IMG-20230201-WA0028-768x576.jpg 768w, https:\/\/www.guineeline.net\/wp-content\/uploads\/2023\/02\/IMG-20230201-WA0028-750x563.jpg 750w, https:\/\/www.guineeline.net\/wp-content\/uploads\/2023\/02\/IMG-20230201-WA0028.jpg 1080w\" sizes=\"(max-width: 300px) 100vw, 300px\" \/><\/p>\n<p>Apr\u00e8s cette pr\u00e9sentation, les participants ont \u00e9t\u00e9 repartis en deux groupes de travaux pour le reste des autres journ\u00e9es. Au nombre des groupes de travail il y avait d\u2019une part, les communicants et leur facilitateur J\u00e9r\u00e9my DAVIS qui ont travaill\u00e9 sur la mise \u00e0 jour de la strat\u00e9gie de communication en ce qui concerne la suite des \u00e9tats g\u00e9n\u00e9raux du foncier, l\u2019acc\u00e9l\u00e9ration de la proc\u00e9dure d\u2019adoption du r\u00e9f\u00e9rentiel et la finalisation de la Loi d\u2019orientation agricole. Il a \u00e9t\u00e9 question aussi de la revue du site web et de l\u2019analyse des d\u00e9fis li\u00e9s \u00e0 la communication interne et externe du collectif.<\/p>\n<p style=\"padding-left: 40px;\"><img decoding=\"async\" class=\"alignnone size-medium wp-image-1356\" src=\"https:\/\/www.guineeline.net\/wp-content\/uploads\/2023\/02\/IMG-20230201-WA0027-300x225.jpg\" alt=\"\" width=\"300\" height=\"225\" srcset=\"https:\/\/www.guineeline.net\/wp-content\/uploads\/2023\/02\/IMG-20230201-WA0027-300x225.jpg 300w, https:\/\/www.guineeline.net\/wp-content\/uploads\/2023\/02\/IMG-20230201-WA0027-1024x768.jpg 1024w, https:\/\/www.guineeline.net\/wp-content\/uploads\/2023\/02\/IMG-20230201-WA0027-768x576.jpg 768w, https:\/\/www.guineeline.net\/wp-content\/uploads\/2023\/02\/IMG-20230201-WA0027-750x563.jpg 750w, https:\/\/www.guineeline.net\/wp-content\/uploads\/2023\/02\/IMG-20230201-WA0027.jpg 1080w\" sizes=\"(max-width: 300px) 100vw, 300px\" \/><\/p>\n<p>De l\u2019autre, la coordination, les points focaux et leur facilitateur Thierry BERGER ont \u00e9galement travaill\u00e9 sur l\u2019adoption du r\u00e9f\u00e9rentiel et la finalisation de la Loi d\u2019orientation agricole. Cette \u00e9quipe de techniciens est pass\u00e9 au peigne fin toutes les approches et alternatives pouvant conduire \u00e0 une finalisation de ces documents strat\u00e9giques pour la garantie des droits des communaut\u00e9s impact\u00e9es par les projets de d\u00e9veloppement.<\/p>\n<p>Au terme des quatre jours de travaux, les participants et les facilitateurs se sont accord\u00e9s sur des points jug\u00e9s favorables pour la suite de ce projet de plaidoyer pour le respect du genre et des droits des communaut\u00e9s. La coordination du collectif n\u2019a pas manqu\u00e9 de d\u00e9cliner les prochaines \u00e9tapes qui vont suivre cet atelier \u00e0 savoir les r\u00e9unions de planification et d\u2019adoption des documents en cours de validation avec les partenaires notamment l\u2019institut international d\u2019\u00e9tude et de d\u00e9veloppement.<\/p>\n<p style=\"text-align: right;\">Bo\u00e8bo\u00e8 BEAVOGUI<\/p>\n","protected":false},"excerpt":{"rendered":"<p>Le collectif des organisations de la soci\u00e9t\u00e9 civile pour la d\u00e9fense des droits des communaut\u00e9s impact\u00e9es par les projets de d\u00e9veloppement (CODEC) a tenu un atelier du 31 janvier au 1er f\u00e9vrier 2023 pour d\u00e9finir les priorit\u00e9s de plaidoyer sur la base des conclusions des \u00e9tats g\u00e9n\u00e9raux de foncier et les \u00e9tapes prochaines sur la [&hellip;]<\/p>\n","protected":false},"author":3,"featured_media":1354,"comment_status":"open","ping_status":"open","sticky":false,"template":"","format":"standard","meta":{"jnews-multi-image_gallery":[],"jnews_single_post":{"subtitle":"","format":"standard","video":"","gallery":"","source_name":"","source_url":"","via_name":"","via_url":"","override":[{"single_blog_custom":"","sidebar":"","second_sidebar":"","share_position":"","share_float_style":"","post_date_format":"","post_date_format_custom":"","number_popup_post":"1"}],"image_override":[{"single_post_thumbnail_size":"","single_post_gallery_size":""}],"trending_post_position":"","trending_post_label":""},"jnews_primary_category":{"id":""},"jnews_override_counter":{"view_counter_number":"0","share_counter_number":"0","like_counter_number":"0","dislike_counter_number":"0"},"footnotes":""},"categories":[1],"tags":[],"class_list":["post-1352","post","type-post","status-publish","format-standard","has-post-thumbnail","hentry","category-non-classe"],"yoast_head":"<!-- This site is optimized with the Yoast SEO plugin v26.9 - https:\/\/yoast.com\/product\/yoast-seo-wordpress\/ -->\n<title>Foncier en Guin\u00e9e\u00a0: le collectif se concerte autour des EGF, du r\u00e9f\u00e9rentiel et de la LOA - Guineeline<\/title>\n<meta name=\"robots\" content=\"index, follow, max-snippet:-1, max-image-preview:large, max-video-preview:-1\" \/>\n<link rel=\"canonical\" href=\"https:\/\/www.guineeline.net\/index.php\/2023\/02\/04\/foncier-en-guinee-le-collectif-se-concerte-autour-des-egf-du-referentiel-et-de-la-loa\/\" \/>\n<meta property=\"og:locale\" content=\"fr_FR\" \/>\n<meta property=\"og:type\" content=\"article\" \/>\n<meta property=\"og:title\" content=\"Foncier en Guin\u00e9e\u00a0: le collectif se concerte autour des EGF, du r\u00e9f\u00e9rentiel et de la LOA - Guineeline\" \/>\n<meta property=\"og:description\" content=\"Le collectif des organisations de la soci\u00e9t\u00e9 civile pour la d\u00e9fense des droits des communaut\u00e9s impact\u00e9es par les projets de d\u00e9veloppement (CODEC) a tenu un atelier du 31 janvier au 1er f\u00e9vrier 2023 pour d\u00e9finir les priorit\u00e9s de plaidoyer sur la base des conclusions des \u00e9tats g\u00e9n\u00e9raux de foncier et les \u00e9tapes prochaines sur la [&hellip;]\" \/>\n<meta property=\"og:url\" content=\"https:\/\/www.guineeline.net\/index.php\/2023\/02\/04\/foncier-en-guinee-le-collectif-se-concerte-autour-des-egf-du-referentiel-et-de-la-loa\/\" \/>\n<meta property=\"og:site_name\" content=\"Guineeline\" \/>\n<meta property=\"article:published_time\" content=\"2023-02-04T15:15:20+00:00\" \/>\n<meta property=\"og:image\" content=\"https:\/\/www.guineeline.net\/wp-content\/uploads\/2023\/02\/IMG-20230201-WA0024.jpg\" \/>\n\t<meta property=\"og:image:width\" content=\"1080\" \/>\n\t<meta property=\"og:image:height\" content=\"810\" \/>\n\t<meta property=\"og:image:type\" content=\"image\/jpeg\" \/>\n<meta name=\"author\" content=\"Guineeline\" \/>\n<meta name=\"twitter:card\" content=\"summary_large_image\" \/>\n<meta name=\"twitter:label1\" content=\"\u00c9crit par\" \/>\n\t<meta name=\"twitter:data1\" content=\"Guineeline\" \/>\n\t<meta name=\"twitter:label2\" content=\"Dur\u00e9e de lecture estim\u00e9e\" \/>\n\t<meta name=\"twitter:data2\" content=\"3 minutes\" \/>\n<script type=\"application\/ld+json\" class=\"yoast-schema-graph\">{\"@context\":\"https:\/\/schema.org\",\"@graph\":[{\"@type\":\"Article\",\"@id\":\"https:\/\/www.guineeline.net\/index.php\/2023\/02\/04\/foncier-en-guinee-le-collectif-se-concerte-autour-des-egf-du-referentiel-et-de-la-loa\/#article\",\"isPartOf\":{\"@id\":\"https:\/\/www.guineeline.net\/index.php\/2023\/02\/04\/foncier-en-guinee-le-collectif-se-concerte-autour-des-egf-du-referentiel-et-de-la-loa\/\"},\"author\":{\"name\":\"Guineeline\",\"@id\":\"https:\/\/www.guineeline.net\/#\/schema\/person\/f5914e0a4c56cc8f4aa0922cc547a390\"},\"headline\":\"Foncier en Guin\u00e9e\u00a0: le collectif se concerte autour des EGF, du r\u00e9f\u00e9rentiel et de la LOA\",\"datePublished\":\"2023-02-04T15:15:20+00:00\",\"mainEntityOfPage\":{\"@id\":\"https:\/\/www.guineeline.net\/index.php\/2023\/02\/04\/foncier-en-guinee-le-collectif-se-concerte-autour-des-egf-du-referentiel-et-de-la-loa\/\"},\"wordCount\":620,\"commentCount\":0,\"image\":{\"@id\":\"https:\/\/www.guineeline.net\/index.php\/2023\/02\/04\/foncier-en-guinee-le-collectif-se-concerte-autour-des-egf-du-referentiel-et-de-la-loa\/#primaryimage\"},\"thumbnailUrl\":\"https:\/\/www.guineeline.net\/wp-content\/uploads\/2023\/02\/IMG-20230201-WA0024.jpg\",\"inLanguage\":\"fr-FR\",\"potentialAction\":[{\"@type\":\"CommentAction\",\"name\":\"Comment\",\"target\":[\"https:\/\/www.guineeline.net\/index.php\/2023\/02\/04\/foncier-en-guinee-le-collectif-se-concerte-autour-des-egf-du-referentiel-et-de-la-loa\/#respond\"]}]},{\"@type\":\"WebPage\",\"@id\":\"https:\/\/www.guineeline.net\/index.php\/2023\/02\/04\/foncier-en-guinee-le-collectif-se-concerte-autour-des-egf-du-referentiel-et-de-la-loa\/\",\"url\":\"https:\/\/www.guineeline.net\/index.php\/2023\/02\/04\/foncier-en-guinee-le-collectif-se-concerte-autour-des-egf-du-referentiel-et-de-la-loa\/\",\"name\":\"Foncier en Guin\u00e9e\u00a0: le collectif se concerte autour des EGF, du r\u00e9f\u00e9rentiel et de la LOA - Guineeline\",\"isPartOf\":{\"@id\":\"https:\/\/www.guineeline.net\/#website\"},\"primaryImageOfPage\":{\"@id\":\"https:\/\/www.guineeline.net\/index.php\/2023\/02\/04\/foncier-en-guinee-le-collectif-se-concerte-autour-des-egf-du-referentiel-et-de-la-loa\/#primaryimage\"},\"image\":{\"@id\":\"https:\/\/www.guineeline.net\/index.php\/2023\/02\/04\/foncier-en-guinee-le-collectif-se-concerte-autour-des-egf-du-referentiel-et-de-la-loa\/#primaryimage\"},\"thumbnailUrl\":\"https:\/\/www.guineeline.net\/wp-content\/uploads\/2023\/02\/IMG-20230201-WA0024.jpg\",\"datePublished\":\"2023-02-04T15:15:20+00:00\",\"author\":{\"@id\":\"https:\/\/www.guineeline.net\/#\/schema\/person\/f5914e0a4c56cc8f4aa0922cc547a390\"},\"breadcrumb\":{\"@id\":\"https:\/\/www.guineeline.net\/index.php\/2023\/02\/04\/foncier-en-guinee-le-collectif-se-concerte-autour-des-egf-du-referentiel-et-de-la-loa\/#breadcrumb\"},\"inLanguage\":\"fr-FR\",\"potentialAction\":[{\"@type\":\"ReadAction\",\"target\":[\"https:\/\/www.guineeline.net\/index.php\/2023\/02\/04\/foncier-en-guinee-le-collectif-se-concerte-autour-des-egf-du-referentiel-et-de-la-loa\/\"]}]},{\"@type\":\"ImageObject\",\"inLanguage\":\"fr-FR\",\"@id\":\"https:\/\/www.guineeline.net\/index.php\/2023\/02\/04\/foncier-en-guinee-le-collectif-se-concerte-autour-des-egf-du-referentiel-et-de-la-loa\/#primaryimage\",\"url\":\"https:\/\/www.guineeline.net\/wp-content\/uploads\/2023\/02\/IMG-20230201-WA0024.jpg\",\"contentUrl\":\"https:\/\/www.guineeline.net\/wp-content\/uploads\/2023\/02\/IMG-20230201-WA0024.jpg\",\"width\":1080,\"height\":810},{\"@type\":\"BreadcrumbList\",\"@id\":\"https:\/\/www.guineeline.net\/index.php\/2023\/02\/04\/foncier-en-guinee-le-collectif-se-concerte-autour-des-egf-du-referentiel-et-de-la-loa\/#breadcrumb\",\"itemListElement\":[{\"@type\":\"ListItem\",\"position\":1,\"name\":\"Accueil\",\"item\":\"https:\/\/www.guineeline.net\/\"},{\"@type\":\"ListItem\",\"position\":2,\"name\":\"Foncier en Guin\u00e9e\u00a0: le collectif se concerte autour des EGF, du r\u00e9f\u00e9rentiel et de la LOA\"}]},{\"@type\":\"WebSite\",\"@id\":\"https:\/\/www.guineeline.net\/#website\",\"url\":\"https:\/\/www.guineeline.net\/\",\"name\":\"Guineeline\",\"description\":\"L&#039;information en un clic\",\"potentialAction\":[{\"@type\":\"SearchAction\",\"target\":{\"@type\":\"EntryPoint\",\"urlTemplate\":\"https:\/\/www.guineeline.net\/?s={search_term_string}\"},\"query-input\":{\"@type\":\"PropertyValueSpecification\",\"valueRequired\":true,\"valueName\":\"search_term_string\"}}],\"inLanguage\":\"fr-FR\"},{\"@type\":\"Person\",\"@id\":\"https:\/\/www.guineeline.net\/#\/schema\/person\/f5914e0a4c56cc8f4aa0922cc547a390\",\"name\":\"Guineeline\",\"image\":{\"@type\":\"ImageObject\",\"inLanguage\":\"fr-FR\",\"@id\":\"https:\/\/www.guineeline.net\/#\/schema\/person\/image\/\",\"url\":\"https:\/\/secure.gravatar.com\/avatar\/432ce140236c408fa05ea28acd193ba03163acdd0efbe444c1c44957b8a29a2a?s=96&d=mm&r=g\",\"contentUrl\":\"https:\/\/secure.gravatar.com\/avatar\/432ce140236c408fa05ea28acd193ba03163acdd0efbe444c1c44957b8a29a2a?s=96&d=mm&r=g\",\"caption\":\"Guineeline\"},\"url\":\"https:\/\/www.guineeline.net\/index.php\/author\/admin\/\"}]}<\/script>\n<!-- \/ Yoast SEO plugin. -->","yoast_head_json":{"title":"Foncier en Guin\u00e9e\u00a0: le collectif se concerte autour des EGF, du r\u00e9f\u00e9rentiel et de la LOA - Guineeline","robots":{"index":"index","follow":"follow","max-snippet":"max-snippet:-1","max-image-preview":"max-image-preview:large","max-video-preview":"max-video-preview:-1"},"canonical":"https:\/\/www.guineeline.net\/index.php\/2023\/02\/04\/foncier-en-guinee-le-collectif-se-concerte-autour-des-egf-du-referentiel-et-de-la-loa\/","og_locale":"fr_FR","og_type":"article","og_title":"Foncier en Guin\u00e9e\u00a0: le collectif se concerte autour des EGF, du r\u00e9f\u00e9rentiel et de la LOA - Guineeline","og_description":"Le collectif des organisations de la soci\u00e9t\u00e9 civile pour la d\u00e9fense des droits des communaut\u00e9s impact\u00e9es par les projets de d\u00e9veloppement (CODEC) a tenu un atelier du 31 janvier au 1er f\u00e9vrier 2023 pour d\u00e9finir les priorit\u00e9s de plaidoyer sur la base des conclusions des \u00e9tats g\u00e9n\u00e9raux de foncier et les \u00e9tapes prochaines sur la [&hellip;]","og_url":"https:\/\/www.guineeline.net\/index.php\/2023\/02\/04\/foncier-en-guinee-le-collectif-se-concerte-autour-des-egf-du-referentiel-et-de-la-loa\/","og_site_name":"Guineeline","article_published_time":"2023-02-04T15:15:20+00:00","og_image":[{"width":1080,"height":810,"url":"https:\/\/www.guineeline.net\/wp-content\/uploads\/2023\/02\/IMG-20230201-WA0024.jpg","type":"image\/jpeg"}],"author":"Guineeline","twitter_card":"summary_large_image","twitter_misc":{"\u00c9crit par":"Guineeline","Dur\u00e9e de lecture estim\u00e9e":"3 minutes"},"schema":{"@context":"https:\/\/schema.org","@graph":[{"@type":"Article","@id":"https:\/\/www.guineeline.net\/index.php\/2023\/02\/04\/foncier-en-guinee-le-collectif-se-concerte-autour-des-egf-du-referentiel-et-de-la-loa\/#article","isPartOf":{"@id":"https:\/\/www.guineeline.net\/index.php\/2023\/02\/04\/foncier-en-guinee-le-collectif-se-concerte-autour-des-egf-du-referentiel-et-de-la-loa\/"},"author":{"name":"Guineeline","@id":"https:\/\/www.guineeline.net\/#\/schema\/person\/f5914e0a4c56cc8f4aa0922cc547a390"},"headline":"Foncier en Guin\u00e9e\u00a0: le collectif se concerte autour des EGF, du r\u00e9f\u00e9rentiel et de la LOA","datePublished":"2023-02-04T15:15:20+00:00","mainEntityOfPage":{"@id":"https:\/\/www.guineeline.net\/index.php\/2023\/02\/04\/foncier-en-guinee-le-collectif-se-concerte-autour-des-egf-du-referentiel-et-de-la-loa\/"},"wordCount":620,"commentCount":0,"image":{"@id":"https:\/\/www.guineeline.net\/index.php\/2023\/02\/04\/foncier-en-guinee-le-collectif-se-concerte-autour-des-egf-du-referentiel-et-de-la-loa\/#primaryimage"},"thumbnailUrl":"https:\/\/www.guineeline.net\/wp-content\/uploads\/2023\/02\/IMG-20230201-WA0024.jpg","inLanguage":"fr-FR","potentialAction":[{"@type":"CommentAction","name":"Comment","target":["https:\/\/www.guineeline.net\/index.php\/2023\/02\/04\/foncier-en-guinee-le-collectif-se-concerte-autour-des-egf-du-referentiel-et-de-la-loa\/#respond"]}]},{"@type":"WebPage","@id":"https:\/\/www.guineeline.net\/index.php\/2023\/02\/04\/foncier-en-guinee-le-collectif-se-concerte-autour-des-egf-du-referentiel-et-de-la-loa\/","url":"https:\/\/www.guineeline.net\/index.php\/2023\/02\/04\/foncier-en-guinee-le-collectif-se-concerte-autour-des-egf-du-referentiel-et-de-la-loa\/","name":"Foncier en Guin\u00e9e\u00a0: le collectif se concerte autour des EGF, du r\u00e9f\u00e9rentiel et de la LOA - Guineeline","isPartOf":{"@id":"https:\/\/www.guineeline.net\/#website"},"primaryImageOfPage":{"@id":"https:\/\/www.guineeline.net\/index.php\/2023\/02\/04\/foncier-en-guinee-le-collectif-se-concerte-autour-des-egf-du-referentiel-et-de-la-loa\/#primaryimage"},"image":{"@id":"https:\/\/www.guineeline.net\/index.php\/2023\/02\/04\/foncier-en-guinee-le-collectif-se-concerte-autour-des-egf-du-referentiel-et-de-la-loa\/#primaryimage"},"thumbnailUrl":"https:\/\/www.guineeline.net\/wp-content\/uploads\/2023\/02\/IMG-20230201-WA0024.jpg","datePublished":"2023-02-04T15:15:20+00:00","author":{"@id":"https:\/\/www.guineeline.net\/#\/schema\/person\/f5914e0a4c56cc8f4aa0922cc547a390"},"breadcrumb":{"@id":"https:\/\/www.guineeline.net\/index.php\/2023\/02\/04\/foncier-en-guinee-le-collectif-se-concerte-autour-des-egf-du-referentiel-et-de-la-loa\/#breadcrumb"},"inLanguage":"fr-FR","potentialAction":[{"@type":"ReadAction","target":["https:\/\/www.guineeline.net\/index.php\/2023\/02\/04\/foncier-en-guinee-le-collectif-se-concerte-autour-des-egf-du-referentiel-et-de-la-loa\/"]}]},{"@type":"ImageObject","inLanguage":"fr-FR","@id":"https:\/\/www.guineeline.net\/index.php\/2023\/02\/04\/foncier-en-guinee-le-collectif-se-concerte-autour-des-egf-du-referentiel-et-de-la-loa\/#primaryimage","url":"https:\/\/www.guineeline.net\/wp-content\/uploads\/2023\/02\/IMG-20230201-WA0024.jpg","contentUrl":"https:\/\/www.guineeline.net\/wp-content\/uploads\/2023\/02\/IMG-20230201-WA0024.jpg","width":1080,"height":810},{"@type":"BreadcrumbList","@id":"https:\/\/www.guineeline.net\/index.php\/2023\/02\/04\/foncier-en-guinee-le-collectif-se-concerte-autour-des-egf-du-referentiel-et-de-la-loa\/#breadcrumb","itemListElement":[{"@type":"ListItem","position":1,"name":"Accueil","item":"https:\/\/www.guineeline.net\/"},{"@type":"ListItem","position":2,"name":"Foncier en Guin\u00e9e\u00a0: le collectif se concerte autour des EGF, du r\u00e9f\u00e9rentiel et de la LOA"}]},{"@type":"WebSite","@id":"https:\/\/www.guineeline.net\/#website","url":"https:\/\/www.guineeline.net\/","name":"Guineeline","description":"L&#039;information en un clic","potentialAction":[{"@type":"SearchAction","target":{"@type":"EntryPoint","urlTemplate":"https:\/\/www.guineeline.net\/?s={search_term_string}"},"query-input":{"@type":"PropertyValueSpecification","valueRequired":true,"valueName":"search_term_string"}}],"inLanguage":"fr-FR"},{"@type":"Person","@id":"https:\/\/www.guineeline.net\/#\/schema\/person\/f5914e0a4c56cc8f4aa0922cc547a390","name":"Guineeline","image":{"@type":"ImageObject","inLanguage":"fr-FR","@id":"https:\/\/www.guineeline.net\/#\/schema\/person\/image\/","url":"https:\/\/secure.gravatar.com\/avatar\/432ce140236c408fa05ea28acd193ba03163acdd0efbe444c1c44957b8a29a2a?s=96&d=mm&r=g","contentUrl":"https:\/\/secure.gravatar.com\/avatar\/432ce140236c408fa05ea28acd193ba03163acdd0efbe444c1c44957b8a29a2a?s=96&d=mm&r=g","caption":"Guineeline"},"url":"https:\/\/www.guineeline.net\/index.php\/author\/admin\/"}]}},"_links":{"self":[{"href":"https:\/\/www.guineeline.net\/index.php\/wp-json\/wp\/v2\/posts\/1352","targetHints":{"allow":["GET"]}}],"collection":[{"href":"https:\/\/www.guineeline.net\/index.php\/wp-json\/wp\/v2\/posts"}],"about":[{"href":"https:\/\/www.guineeline.net\/index.php\/wp-json\/wp\/v2\/types\/post"}],"author":[{"embeddable":true,"href":"https:\/\/www.guineeline.net\/index.php\/wp-json\/wp\/v2\/users\/3"}],"replies":[{"embeddable":true,"href":"https:\/\/www.guineeline.net\/index.php\/wp-json\/wp\/v2\/comments?post=1352"}],"version-history":[{"count":1,"href":"https:\/\/www.guineeline.net\/index.php\/wp-json\/wp\/v2\/posts\/1352\/revisions"}],"predecessor-version":[{"id":1357,"href":"https:\/\/www.guineeline.net\/index.php\/wp-json\/wp\/v2\/posts\/1352\/revisions\/1357"}],"wp:featuredmedia":[{"embeddable":true,"href":"https:\/\/www.guineeline.net\/index.php\/wp-json\/wp\/v2\/media\/1354"}],"wp:attachment":[{"href":"https:\/\/www.guineeline.net\/index.php\/wp-json\/wp\/v2\/media?parent=1352"}],"wp:term":[{"taxonomy":"category","embeddable":true,"href":"https:\/\/www.guineeline.net\/index.php\/wp-json\/wp\/v2\/categories?post=1352"},{"taxonomy":"post_tag","embeddable":true,"href":"https:\/\/www.guineeline.net\/index.php\/wp-json\/wp\/v2\/tags?post=1352"}],"curies":[{"name":"wp","href":"https:\/\/api.w.org\/{rel}","templated":true}]}}