{"id":1298,"date":"2023-01-21T23:28:33","date_gmt":"2023-01-21T22:28:33","guid":{"rendered":"https:\/\/www.guineeline.net\/?p=1298"},"modified":"2023-01-22T09:08:59","modified_gmt":"2023-01-22T08:08:59","slug":"entrepreneuriat-agricole-agrimines-pour-une-alternative-face-a-la-degradation-dans-les-zones-minieres","status":"publish","type":"post","link":"https:\/\/www.guineeline.net\/index.php\/2023\/01\/21\/entrepreneuriat-agricole-agrimines-pour-une-alternative-face-a-la-degradation-dans-les-zones-minieres\/","title":{"rendered":"Entrepreneuriat agricole\u00a0: AGRIMINES pour une alternative face \u00e0 la d\u00e9gradation dans les zones mini\u00e8res"},"content":{"rendered":"<p style=\"padding-left: 40px;\"><strong>L\u2019exploitation mini\u00e8re est indissociable \u00e0 la d\u00e9gradation de l\u2019environnement et ses corolaires socio\u00e9conomiques. Pour att\u00e9nuer ces impacts sur la nature et les communaut\u00e9s, une citoyenne r\u00e9sidente de la commune urbaine de Fria \u00ab\u00a0ville mini\u00e8re\u00a0\u00bb a mise en place une entreprise ax\u00e9e sur la r\u00e9orientation des communaut\u00e9s vers d\u2019autres alternatives notamment\u2019\u2019 l\u2019agriculture.\u2019\u2019 L\u2019initiative est d\u00e9nomm\u00e9e \u2018\u2019AGRIMINES,\u2019\u2019 sa fondatrice a \u00e9t\u00e9 inspir\u00e9e par la crise qu\u2019a connu Fria apr\u00e8s l\u2019arr\u00eat de l\u2019usine d\u2019alumine le 04 avril 2012 suite \u00e0 une gr\u00e8ve d\u00e9clench\u00e9e par les travailleurs. A la t\u00eate cette association de jeunes pour la promotion de l\u2019agriculture en zone mini\u00e8re, la g\u00e9rante principale Sal\u00e9matou Naby Bangoura s\u2019est pr\u00eat\u00e9e aux question de votre quotidien www.guineeline.net pour d\u00e9cliner les objectifs, la vision et les actions de sa structure sur le terrain.<\/strong><br \/>\nSal\u00e9matou Naby Bangoura la g\u00e9rante principale commence par d\u00e9finir la structure dont elle dirige<strong> \u2018\u2019<\/strong><em><strong>Comme vous l\u2019entendez,<\/strong> <strong>\u2018\u2019AGRIMINES\u2019\u2019<\/strong> <strong>c\u2019est la fusions de deux potentialit\u00e9s <\/strong><\/em><em><strong>guin\u00e9ennes \u00e0 savoir l\u2019agriculture et la mine.\u2019\u2019<\/strong><\/em> Dame Sal\u00e9matou enchaine la conversation par ce constat<strong><em> \u2018\u2019Avant le d\u00e9but de toute exploitation mini\u00e8re, les sites \u00e9taient des zones agro-pastorales mais force est de constater de nos jours que l\u2019agriculture est en train de disparaitre au profit des exploitations mini\u00e8res ce qui est un constat am\u00e8re\u2019\u2019<\/em><\/strong> remarque -t-elle.<br \/>\nL\u2019id\u00e9e de cr\u00e9er\u00a0 \u2018\u2019<strong>AGRIMINES<\/strong>\u2019\u2019 est venue de la crise qu\u2019a connue Fria le 04 avril 2012. Pour la fondatrice, <em>\u2019\u2019<strong>AGRIMINES<\/strong>\u2019\u2019 est une entreprise sociale et solidaire qui a pour mission principale de faire la promotion de l\u2019agriculture dans les zones mini\u00e8res. Elle vise \u00e0 faire comprendre aux communaut\u00e9s de ces zones mini\u00e8res que la vie est bien possible sans les mines. Pour preuve, il y a beaucoup d\u2019autres localit\u00e9s du pays o\u00f9 il n\u2019y a pas de mines mais les gens y vivent et de s\u2019\u00e9panouissent.\u2019\u2019<\/em><br \/>\nD\u2019autres objectifs comme la promotion de la formation, l\u2019encadrement et la mise en place d\u2019un r\u00e9seau d\u2019agri-preneurs dans les zones mini\u00e8res enfin de diversifier l\u2019\u00e9conomie locale mais \u00e9galement assurer la s\u00e9curit\u00e9 alimentaire tiennent \u00e0 c\u0153ur <strong>l\u2019AGRIMINES<\/strong>. <img fetchpriority=\"high\" decoding=\"async\" class=\"alignnone size-medium wp-image-1300\" src=\"https:\/\/www.guineeline.net\/wp-content\/uploads\/2023\/01\/IMG-20230121-WA0022-300x225.jpg\" alt=\"\" width=\"300\" height=\"225\" srcset=\"https:\/\/www.guineeline.net\/wp-content\/uploads\/2023\/01\/IMG-20230121-WA0022-300x225.jpg 300w, https:\/\/www.guineeline.net\/wp-content\/uploads\/2023\/01\/IMG-20230121-WA0022.jpg 720w\" sizes=\"(max-width: 300px) 100vw, 300px\" \/><\/p>\n<p style=\"padding-left: 40px;\">La vision de cette jeune entreprise est de <em>\u2018\u2019pr\u00e9parer les mentalit\u00e9 des populations des zones impact\u00e9es \u00e0 l\u2019apr\u00e8s mines \u00e0 travers les ateliers de formation, les panels et les campagnes de sensibilisation. Nous \u0153uvrons \u00e0 la formation d\u2019une nouvelle g\u00e9n\u00e9ration de jeunes agri preneurs dans les zones mini\u00e8res pour \u00e9viter les cons\u00e9quences f\u00e2cheuses d\u2019une \u00e9ventuelle crise dans ces zones.\u2019\u2019<\/em> Nous a confi\u00e9 Sal\u00e9matou Naby Bangoura.<\/p>\n<p style=\"padding-left: 40px;\"><img decoding=\"async\" class=\"alignnone size-medium wp-image-1303\" src=\"https:\/\/www.guineeline.net\/wp-content\/uploads\/2023\/01\/IMG-20230121-WA0012-135x300.jpg\" alt=\"\" width=\"135\" height=\"300\" srcset=\"https:\/\/www.guineeline.net\/wp-content\/uploads\/2023\/01\/IMG-20230121-WA0012-135x300.jpg 135w, https:\/\/www.guineeline.net\/wp-content\/uploads\/2023\/01\/IMG-20230121-WA0012-461x1024.jpg 461w, https:\/\/www.guineeline.net\/wp-content\/uploads\/2023\/01\/IMG-20230121-WA0012.jpg 468w\" sizes=\"(max-width: 135px) 100vw, 135px\" \/><br \/>\nInterrog\u00e9 sur les op\u00e9rations de son entreprise sur le terrain, la g\u00e9rante Sal\u00e9matou Naby r\u00e9pond fi\u00e8rement en ces termes \u2018\u2019<em><strong>AGRIMINES<\/strong>\u00a0\u00bb a mis en place une plateforme de business durable entre les entreprises mini\u00e8res et les populations impact\u00e9es. A Fria par exemple, elle s\u2019est appuy\u00e9e sur les jeunes et les femmes pour produire des fruits et l\u00e9gumes. Nous donnons \u00e9galement des conseils strat\u00e9giques aux communaut\u00e9s impact\u00e9es, aux agriculteurs et aux entreprises mini\u00e8res pour la cr\u00e9ation et le maintien de l\u2019emploi d\u00e9cent dans le secteur agricole. Depuis 2019, <strong>AGRIMINES<\/strong> est sur le terrain. R\u00e9cemment, <strong>AGRIMINES<\/strong> a organis\u00e9 un atelier de renforcement de capacit\u00e9 de cinquante (50) femmes venues des cinq (5) pr\u00e9fectures de la r\u00e9gion administrative de Bok\u00e9.<\/em><\/p>\n<p style=\"padding-left: 40px;\"><del><img decoding=\"async\" class=\"alignnone size-medium wp-image-1301\" src=\"https:\/\/www.guineeline.net\/wp-content\/uploads\/2023\/01\/IMG-20230121-WA0009-225x300.jpg\" alt=\"\" width=\"225\" height=\"300\" srcset=\"https:\/\/www.guineeline.net\/wp-content\/uploads\/2023\/01\/IMG-20230121-WA0009-225x300.jpg 225w, https:\/\/www.guineeline.net\/wp-content\/uploads\/2023\/01\/IMG-20230121-WA0009-768x1024.jpg 768w, https:\/\/www.guineeline.net\/wp-content\/uploads\/2023\/01\/IMG-20230121-WA0009-750x1000.jpg 750w, https:\/\/www.guineeline.net\/wp-content\/uploads\/2023\/01\/IMG-20230121-WA0009.jpg 960w\" sizes=\"(max-width: 225px) 100vw, 225px\" \/><\/del><br \/>\nAu compte des op\u00e9rations sur le terrain, Dame Bangoura pr\u00e9cise que l\u2019une des activit\u00e9s phares c\u2019est aussi \u2019\u2019<em><strong>EXPO AGRIMINES<\/strong>\u2019\u2019 qui est le rendez-vous entre le monde minier et celui agro-pastoral pour \u00e9changer sur les possibilit\u00e9s de mise en valeur des zones impact\u00e9es par les soci\u00e9t\u00e9s mini\u00e8res, pour discuter de tous les sujets de l\u2019\u00e9cosyst\u00e8me minier et environnemental, promouvoir et soutenir l\u2019\u00e9mergence d\u2019une nouvelle g\u00e9n\u00e9ration d\u2019agriculteur dans les zones mini\u00e8res pour soutenir la croissance, organiser un syst\u00e8me efficace et efficiente pour les associ\u00e9s d\u2019<strong>AGRIMINES<\/strong>.<\/em> A \u00e9num\u00e9r\u00e9 notre interlocuteur en guise d\u2019op\u00e9ration sur le terrain.<\/p>\n<p style=\"padding-left: 40px;\"><img loading=\"lazy\" decoding=\"async\" class=\"alignnone size-medium wp-image-1302\" src=\"https:\/\/www.guineeline.net\/wp-content\/uploads\/2023\/01\/IMG-20230121-WA0016-300x141.jpg\" alt=\"\" width=\"300\" height=\"141\" srcset=\"https:\/\/www.guineeline.net\/wp-content\/uploads\/2023\/01\/IMG-20230121-WA0016-300x141.jpg 300w, https:\/\/www.guineeline.net\/wp-content\/uploads\/2023\/01\/IMG-20230121-WA0016.jpg 720w\" sizes=\"(max-width: 300px) 100vw, 300px\" \/><br \/>\n<strong>\u00a0\u00bbAGRIMINES\u00a0\u00bb<\/strong> c\u2019est aussi des perspectives \u00e0 court et long terme <em>\u2018\u2019Nos perspectives \u00e0 court terme, c\u2019est la recherche de fonds pour appuyer les cinquante (50) femmes de la r\u00e9gion qui ont \u00e9t\u00e9 form\u00e9es lors de l\u2019atelier de renforcement de capacit\u00e9. A long terme, nous cherchons \u00e0 mettre en place un centre \u2018\u2019AGRIMINES\u2019\u2019 au niveau de la r\u00e9gion de Bok\u00e9 qui servira centre de formation, d\u2019encadrement et de promotion des agri-preneurs\u2019\u2019<\/em> souhaite la g\u00e9rante Madame Bangoura, avant de conclure la conversation par l\u2019impact social et environnemental de sa structure sur Fria<br \/>\n<em>\u2018\u2019AGRIMINES a aujourd\u2019hui en son sein dix employ\u00e9s. Cinq emplois directs et les cinq autres son indirects. Pour parler de nos impacts sociaux, nous pouvons dire qu\u2019aujourd\u2019hui nous avons r\u00e9ussi \u00e0 sensibiliser beaucoup de personnes qui sont en train de revenir peu \u00e0 peu dans l\u2019agriculture\u00a0\u00bb<\/em> se f\u00e9licite la jeune dame agri preneur.<\/p>\n<p style=\"text-align: right;\">Bo\u00e8bo\u00e8 B\u00e9avogui<\/p>\n","protected":false},"excerpt":{"rendered":"<p>L\u2019exploitation mini\u00e8re est indissociable \u00e0 la d\u00e9gradation de l\u2019environnement et ses corolaires socio\u00e9conomiques. Pour att\u00e9nuer ces impacts sur la nature et les communaut\u00e9s, une citoyenne r\u00e9sidente de la commune urbaine de Fria \u00ab\u00a0ville mini\u00e8re\u00a0\u00bb a mise en place une entreprise ax\u00e9e sur la r\u00e9orientation des communaut\u00e9s vers d\u2019autres alternatives notamment\u2019\u2019 l\u2019agriculture.\u2019\u2019 L\u2019initiative est d\u00e9nomm\u00e9e \u2018\u2019AGRIMINES,\u2019\u2019 [&hellip;]<\/p>\n","protected":false},"author":3,"featured_media":1299,"comment_status":"open","ping_status":"open","sticky":false,"template":"","format":"standard","meta":{"jnews-multi-image_gallery":[],"jnews_single_post":{"subtitle":"","format":"standard","video":"","gallery":"","source_name":"","source_url":"","via_name":"","via_url":"","override":[{"single_blog_custom":"","sidebar":"","second_sidebar":"","share_position":"","share_float_style":"","post_date_format":"","post_date_format_custom":"","number_popup_post":"1"}],"image_override":[{"single_post_thumbnail_size":"","single_post_gallery_size":""}],"trending_post_position":"","trending_post_label":""},"jnews_primary_category":{"id":""},"jnews_override_counter":{"view_counter_number":"0","share_counter_number":"0","like_counter_number":"0","dislike_counter_number":"0"},"footnotes":""},"categories":[19,18],"tags":[],"class_list":["post-1298","post","type-post","status-publish","format-standard","has-post-thumbnail","hentry","category-environnement","category-mine"],"yoast_head":"<!-- This site is optimized with the Yoast SEO plugin v26.9 - https:\/\/yoast.com\/product\/yoast-seo-wordpress\/ -->\n<title>Entrepreneuriat agricole\u00a0: AGRIMINES pour une alternative face \u00e0 la d\u00e9gradation dans les zones mini\u00e8res - Guineeline<\/title>\n<meta name=\"robots\" content=\"index, follow, max-snippet:-1, max-image-preview:large, max-video-preview:-1\" \/>\n<link rel=\"canonical\" href=\"https:\/\/www.guineeline.net\/index.php\/2023\/01\/21\/entrepreneuriat-agricole-agrimines-pour-une-alternative-face-a-la-degradation-dans-les-zones-minieres\/\" \/>\n<meta property=\"og:locale\" content=\"fr_FR\" \/>\n<meta property=\"og:type\" content=\"article\" \/>\n<meta property=\"og:title\" content=\"Entrepreneuriat agricole\u00a0: AGRIMINES pour une alternative face \u00e0 la d\u00e9gradation dans les zones mini\u00e8res - Guineeline\" \/>\n<meta property=\"og:description\" content=\"L\u2019exploitation mini\u00e8re est indissociable \u00e0 la d\u00e9gradation de l\u2019environnement et ses corolaires socio\u00e9conomiques. Pour att\u00e9nuer ces impacts sur la nature et les communaut\u00e9s, une citoyenne r\u00e9sidente de la commune urbaine de Fria \u00ab\u00a0ville mini\u00e8re\u00a0\u00bb a mise en place une entreprise ax\u00e9e sur la r\u00e9orientation des communaut\u00e9s vers d\u2019autres alternatives notamment\u2019\u2019 l\u2019agriculture.\u2019\u2019 L\u2019initiative est d\u00e9nomm\u00e9e \u2018\u2019AGRIMINES,\u2019\u2019 [&hellip;]\" \/>\n<meta property=\"og:url\" content=\"https:\/\/www.guineeline.net\/index.php\/2023\/01\/21\/entrepreneuriat-agricole-agrimines-pour-une-alternative-face-a-la-degradation-dans-les-zones-minieres\/\" \/>\n<meta property=\"og:site_name\" content=\"Guineeline\" \/>\n<meta property=\"article:published_time\" content=\"2023-01-21T22:28:33+00:00\" \/>\n<meta property=\"article:modified_time\" content=\"2023-01-22T08:08:59+00:00\" \/>\n<meta property=\"og:image\" content=\"https:\/\/www.guineeline.net\/wp-content\/uploads\/2023\/01\/IMG-20230121-WA0000.jpg\" \/>\n\t<meta property=\"og:image:width\" content=\"540\" \/>\n\t<meta property=\"og:image:height\" content=\"861\" \/>\n\t<meta property=\"og:image:type\" content=\"image\/jpeg\" \/>\n<meta name=\"author\" content=\"Guineeline\" \/>\n<meta name=\"twitter:card\" content=\"summary_large_image\" \/>\n<meta name=\"twitter:label1\" content=\"\u00c9crit par\" \/>\n\t<meta name=\"twitter:data1\" content=\"Guineeline\" \/>\n\t<meta name=\"twitter:label2\" content=\"Dur\u00e9e de lecture estim\u00e9e\" \/>\n\t<meta name=\"twitter:data2\" content=\"5 minutes\" \/>\n<script type=\"application\/ld+json\" class=\"yoast-schema-graph\">{\"@context\":\"https:\/\/schema.org\",\"@graph\":[{\"@type\":\"Article\",\"@id\":\"https:\/\/www.guineeline.net\/index.php\/2023\/01\/21\/entrepreneuriat-agricole-agrimines-pour-une-alternative-face-a-la-degradation-dans-les-zones-minieres\/#article\",\"isPartOf\":{\"@id\":\"https:\/\/www.guineeline.net\/index.php\/2023\/01\/21\/entrepreneuriat-agricole-agrimines-pour-une-alternative-face-a-la-degradation-dans-les-zones-minieres\/\"},\"author\":{\"name\":\"Guineeline\",\"@id\":\"https:\/\/www.guineeline.net\/#\/schema\/person\/f5914e0a4c56cc8f4aa0922cc547a390\"},\"headline\":\"Entrepreneuriat agricole\u00a0: AGRIMINES pour une alternative face \u00e0 la d\u00e9gradation dans les zones mini\u00e8res\",\"datePublished\":\"2023-01-21T22:28:33+00:00\",\"dateModified\":\"2023-01-22T08:08:59+00:00\",\"mainEntityOfPage\":{\"@id\":\"https:\/\/www.guineeline.net\/index.php\/2023\/01\/21\/entrepreneuriat-agricole-agrimines-pour-une-alternative-face-a-la-degradation-dans-les-zones-minieres\/\"},\"wordCount\":890,\"commentCount\":0,\"image\":{\"@id\":\"https:\/\/www.guineeline.net\/index.php\/2023\/01\/21\/entrepreneuriat-agricole-agrimines-pour-une-alternative-face-a-la-degradation-dans-les-zones-minieres\/#primaryimage\"},\"thumbnailUrl\":\"https:\/\/www.guineeline.net\/wp-content\/uploads\/2023\/01\/IMG-20230121-WA0000.jpg\",\"articleSection\":[\"Environnement\",\"Mines\"],\"inLanguage\":\"fr-FR\",\"potentialAction\":[{\"@type\":\"CommentAction\",\"name\":\"Comment\",\"target\":[\"https:\/\/www.guineeline.net\/index.php\/2023\/01\/21\/entrepreneuriat-agricole-agrimines-pour-une-alternative-face-a-la-degradation-dans-les-zones-minieres\/#respond\"]}]},{\"@type\":\"WebPage\",\"@id\":\"https:\/\/www.guineeline.net\/index.php\/2023\/01\/21\/entrepreneuriat-agricole-agrimines-pour-une-alternative-face-a-la-degradation-dans-les-zones-minieres\/\",\"url\":\"https:\/\/www.guineeline.net\/index.php\/2023\/01\/21\/entrepreneuriat-agricole-agrimines-pour-une-alternative-face-a-la-degradation-dans-les-zones-minieres\/\",\"name\":\"Entrepreneuriat agricole\u00a0: AGRIMINES pour une alternative face \u00e0 la d\u00e9gradation dans les zones mini\u00e8res - Guineeline\",\"isPartOf\":{\"@id\":\"https:\/\/www.guineeline.net\/#website\"},\"primaryImageOfPage\":{\"@id\":\"https:\/\/www.guineeline.net\/index.php\/2023\/01\/21\/entrepreneuriat-agricole-agrimines-pour-une-alternative-face-a-la-degradation-dans-les-zones-minieres\/#primaryimage\"},\"image\":{\"@id\":\"https:\/\/www.guineeline.net\/index.php\/2023\/01\/21\/entrepreneuriat-agricole-agrimines-pour-une-alternative-face-a-la-degradation-dans-les-zones-minieres\/#primaryimage\"},\"thumbnailUrl\":\"https:\/\/www.guineeline.net\/wp-content\/uploads\/2023\/01\/IMG-20230121-WA0000.jpg\",\"datePublished\":\"2023-01-21T22:28:33+00:00\",\"dateModified\":\"2023-01-22T08:08:59+00:00\",\"author\":{\"@id\":\"https:\/\/www.guineeline.net\/#\/schema\/person\/f5914e0a4c56cc8f4aa0922cc547a390\"},\"breadcrumb\":{\"@id\":\"https:\/\/www.guineeline.net\/index.php\/2023\/01\/21\/entrepreneuriat-agricole-agrimines-pour-une-alternative-face-a-la-degradation-dans-les-zones-minieres\/#breadcrumb\"},\"inLanguage\":\"fr-FR\",\"potentialAction\":[{\"@type\":\"ReadAction\",\"target\":[\"https:\/\/www.guineeline.net\/index.php\/2023\/01\/21\/entrepreneuriat-agricole-agrimines-pour-une-alternative-face-a-la-degradation-dans-les-zones-minieres\/\"]}]},{\"@type\":\"ImageObject\",\"inLanguage\":\"fr-FR\",\"@id\":\"https:\/\/www.guineeline.net\/index.php\/2023\/01\/21\/entrepreneuriat-agricole-agrimines-pour-une-alternative-face-a-la-degradation-dans-les-zones-minieres\/#primaryimage\",\"url\":\"https:\/\/www.guineeline.net\/wp-content\/uploads\/2023\/01\/IMG-20230121-WA0000.jpg\",\"contentUrl\":\"https:\/\/www.guineeline.net\/wp-content\/uploads\/2023\/01\/IMG-20230121-WA0000.jpg\",\"width\":540,\"height\":861},{\"@type\":\"BreadcrumbList\",\"@id\":\"https:\/\/www.guineeline.net\/index.php\/2023\/01\/21\/entrepreneuriat-agricole-agrimines-pour-une-alternative-face-a-la-degradation-dans-les-zones-minieres\/#breadcrumb\",\"itemListElement\":[{\"@type\":\"ListItem\",\"position\":1,\"name\":\"Accueil\",\"item\":\"https:\/\/www.guineeline.net\/\"},{\"@type\":\"ListItem\",\"position\":2,\"name\":\"Entrepreneuriat agricole\u00a0: AGRIMINES pour une alternative face \u00e0 la d\u00e9gradation dans les zones mini\u00e8res\"}]},{\"@type\":\"WebSite\",\"@id\":\"https:\/\/www.guineeline.net\/#website\",\"url\":\"https:\/\/www.guineeline.net\/\",\"name\":\"Guineeline\",\"description\":\"L&#039;information en un clic\",\"potentialAction\":[{\"@type\":\"SearchAction\",\"target\":{\"@type\":\"EntryPoint\",\"urlTemplate\":\"https:\/\/www.guineeline.net\/?s={search_term_string}\"},\"query-input\":{\"@type\":\"PropertyValueSpecification\",\"valueRequired\":true,\"valueName\":\"search_term_string\"}}],\"inLanguage\":\"fr-FR\"},{\"@type\":\"Person\",\"@id\":\"https:\/\/www.guineeline.net\/#\/schema\/person\/f5914e0a4c56cc8f4aa0922cc547a390\",\"name\":\"Guineeline\",\"image\":{\"@type\":\"ImageObject\",\"inLanguage\":\"fr-FR\",\"@id\":\"https:\/\/www.guineeline.net\/#\/schema\/person\/image\/\",\"url\":\"https:\/\/secure.gravatar.com\/avatar\/432ce140236c408fa05ea28acd193ba03163acdd0efbe444c1c44957b8a29a2a?s=96&d=mm&r=g\",\"contentUrl\":\"https:\/\/secure.gravatar.com\/avatar\/432ce140236c408fa05ea28acd193ba03163acdd0efbe444c1c44957b8a29a2a?s=96&d=mm&r=g\",\"caption\":\"Guineeline\"},\"url\":\"https:\/\/www.guineeline.net\/index.php\/author\/admin\/\"}]}<\/script>\n<!-- \/ Yoast SEO plugin. -->","yoast_head_json":{"title":"Entrepreneuriat agricole\u00a0: AGRIMINES pour une alternative face \u00e0 la d\u00e9gradation dans les zones mini\u00e8res - Guineeline","robots":{"index":"index","follow":"follow","max-snippet":"max-snippet:-1","max-image-preview":"max-image-preview:large","max-video-preview":"max-video-preview:-1"},"canonical":"https:\/\/www.guineeline.net\/index.php\/2023\/01\/21\/entrepreneuriat-agricole-agrimines-pour-une-alternative-face-a-la-degradation-dans-les-zones-minieres\/","og_locale":"fr_FR","og_type":"article","og_title":"Entrepreneuriat agricole\u00a0: AGRIMINES pour une alternative face \u00e0 la d\u00e9gradation dans les zones mini\u00e8res - Guineeline","og_description":"L\u2019exploitation mini\u00e8re est indissociable \u00e0 la d\u00e9gradation de l\u2019environnement et ses corolaires socio\u00e9conomiques. Pour att\u00e9nuer ces impacts sur la nature et les communaut\u00e9s, une citoyenne r\u00e9sidente de la commune urbaine de Fria \u00ab\u00a0ville mini\u00e8re\u00a0\u00bb a mise en place une entreprise ax\u00e9e sur la r\u00e9orientation des communaut\u00e9s vers d\u2019autres alternatives notamment\u2019\u2019 l\u2019agriculture.\u2019\u2019 L\u2019initiative est d\u00e9nomm\u00e9e \u2018\u2019AGRIMINES,\u2019\u2019 [&hellip;]","og_url":"https:\/\/www.guineeline.net\/index.php\/2023\/01\/21\/entrepreneuriat-agricole-agrimines-pour-une-alternative-face-a-la-degradation-dans-les-zones-minieres\/","og_site_name":"Guineeline","article_published_time":"2023-01-21T22:28:33+00:00","article_modified_time":"2023-01-22T08:08:59+00:00","og_image":[{"width":540,"height":861,"url":"https:\/\/www.guineeline.net\/wp-content\/uploads\/2023\/01\/IMG-20230121-WA0000.jpg","type":"image\/jpeg"}],"author":"Guineeline","twitter_card":"summary_large_image","twitter_misc":{"\u00c9crit par":"Guineeline","Dur\u00e9e de lecture estim\u00e9e":"5 minutes"},"schema":{"@context":"https:\/\/schema.org","@graph":[{"@type":"Article","@id":"https:\/\/www.guineeline.net\/index.php\/2023\/01\/21\/entrepreneuriat-agricole-agrimines-pour-une-alternative-face-a-la-degradation-dans-les-zones-minieres\/#article","isPartOf":{"@id":"https:\/\/www.guineeline.net\/index.php\/2023\/01\/21\/entrepreneuriat-agricole-agrimines-pour-une-alternative-face-a-la-degradation-dans-les-zones-minieres\/"},"author":{"name":"Guineeline","@id":"https:\/\/www.guineeline.net\/#\/schema\/person\/f5914e0a4c56cc8f4aa0922cc547a390"},"headline":"Entrepreneuriat agricole\u00a0: AGRIMINES pour une alternative face \u00e0 la d\u00e9gradation dans les zones mini\u00e8res","datePublished":"2023-01-21T22:28:33+00:00","dateModified":"2023-01-22T08:08:59+00:00","mainEntityOfPage":{"@id":"https:\/\/www.guineeline.net\/index.php\/2023\/01\/21\/entrepreneuriat-agricole-agrimines-pour-une-alternative-face-a-la-degradation-dans-les-zones-minieres\/"},"wordCount":890,"commentCount":0,"image":{"@id":"https:\/\/www.guineeline.net\/index.php\/2023\/01\/21\/entrepreneuriat-agricole-agrimines-pour-une-alternative-face-a-la-degradation-dans-les-zones-minieres\/#primaryimage"},"thumbnailUrl":"https:\/\/www.guineeline.net\/wp-content\/uploads\/2023\/01\/IMG-20230121-WA0000.jpg","articleSection":["Environnement","Mines"],"inLanguage":"fr-FR","potentialAction":[{"@type":"CommentAction","name":"Comment","target":["https:\/\/www.guineeline.net\/index.php\/2023\/01\/21\/entrepreneuriat-agricole-agrimines-pour-une-alternative-face-a-la-degradation-dans-les-zones-minieres\/#respond"]}]},{"@type":"WebPage","@id":"https:\/\/www.guineeline.net\/index.php\/2023\/01\/21\/entrepreneuriat-agricole-agrimines-pour-une-alternative-face-a-la-degradation-dans-les-zones-minieres\/","url":"https:\/\/www.guineeline.net\/index.php\/2023\/01\/21\/entrepreneuriat-agricole-agrimines-pour-une-alternative-face-a-la-degradation-dans-les-zones-minieres\/","name":"Entrepreneuriat agricole\u00a0: AGRIMINES pour une alternative face \u00e0 la d\u00e9gradation dans les zones mini\u00e8res - Guineeline","isPartOf":{"@id":"https:\/\/www.guineeline.net\/#website"},"primaryImageOfPage":{"@id":"https:\/\/www.guineeline.net\/index.php\/2023\/01\/21\/entrepreneuriat-agricole-agrimines-pour-une-alternative-face-a-la-degradation-dans-les-zones-minieres\/#primaryimage"},"image":{"@id":"https:\/\/www.guineeline.net\/index.php\/2023\/01\/21\/entrepreneuriat-agricole-agrimines-pour-une-alternative-face-a-la-degradation-dans-les-zones-minieres\/#primaryimage"},"thumbnailUrl":"https:\/\/www.guineeline.net\/wp-content\/uploads\/2023\/01\/IMG-20230121-WA0000.jpg","datePublished":"2023-01-21T22:28:33+00:00","dateModified":"2023-01-22T08:08:59+00:00","author":{"@id":"https:\/\/www.guineeline.net\/#\/schema\/person\/f5914e0a4c56cc8f4aa0922cc547a390"},"breadcrumb":{"@id":"https:\/\/www.guineeline.net\/index.php\/2023\/01\/21\/entrepreneuriat-agricole-agrimines-pour-une-alternative-face-a-la-degradation-dans-les-zones-minieres\/#breadcrumb"},"inLanguage":"fr-FR","potentialAction":[{"@type":"ReadAction","target":["https:\/\/www.guineeline.net\/index.php\/2023\/01\/21\/entrepreneuriat-agricole-agrimines-pour-une-alternative-face-a-la-degradation-dans-les-zones-minieres\/"]}]},{"@type":"ImageObject","inLanguage":"fr-FR","@id":"https:\/\/www.guineeline.net\/index.php\/2023\/01\/21\/entrepreneuriat-agricole-agrimines-pour-une-alternative-face-a-la-degradation-dans-les-zones-minieres\/#primaryimage","url":"https:\/\/www.guineeline.net\/wp-content\/uploads\/2023\/01\/IMG-20230121-WA0000.jpg","contentUrl":"https:\/\/www.guineeline.net\/wp-content\/uploads\/2023\/01\/IMG-20230121-WA0000.jpg","width":540,"height":861},{"@type":"BreadcrumbList","@id":"https:\/\/www.guineeline.net\/index.php\/2023\/01\/21\/entrepreneuriat-agricole-agrimines-pour-une-alternative-face-a-la-degradation-dans-les-zones-minieres\/#breadcrumb","itemListElement":[{"@type":"ListItem","position":1,"name":"Accueil","item":"https:\/\/www.guineeline.net\/"},{"@type":"ListItem","position":2,"name":"Entrepreneuriat agricole\u00a0: AGRIMINES pour une alternative face \u00e0 la d\u00e9gradation dans les zones mini\u00e8res"}]},{"@type":"WebSite","@id":"https:\/\/www.guineeline.net\/#website","url":"https:\/\/www.guineeline.net\/","name":"Guineeline","description":"L&#039;information en un clic","potentialAction":[{"@type":"SearchAction","target":{"@type":"EntryPoint","urlTemplate":"https:\/\/www.guineeline.net\/?s={search_term_string}"},"query-input":{"@type":"PropertyValueSpecification","valueRequired":true,"valueName":"search_term_string"}}],"inLanguage":"fr-FR"},{"@type":"Person","@id":"https:\/\/www.guineeline.net\/#\/schema\/person\/f5914e0a4c56cc8f4aa0922cc547a390","name":"Guineeline","image":{"@type":"ImageObject","inLanguage":"fr-FR","@id":"https:\/\/www.guineeline.net\/#\/schema\/person\/image\/","url":"https:\/\/secure.gravatar.com\/avatar\/432ce140236c408fa05ea28acd193ba03163acdd0efbe444c1c44957b8a29a2a?s=96&d=mm&r=g","contentUrl":"https:\/\/secure.gravatar.com\/avatar\/432ce140236c408fa05ea28acd193ba03163acdd0efbe444c1c44957b8a29a2a?s=96&d=mm&r=g","caption":"Guineeline"},"url":"https:\/\/www.guineeline.net\/index.php\/author\/admin\/"}]}},"_links":{"self":[{"href":"https:\/\/www.guineeline.net\/index.php\/wp-json\/wp\/v2\/posts\/1298","targetHints":{"allow":["GET"]}}],"collection":[{"href":"https:\/\/www.guineeline.net\/index.php\/wp-json\/wp\/v2\/posts"}],"about":[{"href":"https:\/\/www.guineeline.net\/index.php\/wp-json\/wp\/v2\/types\/post"}],"author":[{"embeddable":true,"href":"https:\/\/www.guineeline.net\/index.php\/wp-json\/wp\/v2\/users\/3"}],"replies":[{"embeddable":true,"href":"https:\/\/www.guineeline.net\/index.php\/wp-json\/wp\/v2\/comments?post=1298"}],"version-history":[{"count":3,"href":"https:\/\/www.guineeline.net\/index.php\/wp-json\/wp\/v2\/posts\/1298\/revisions"}],"predecessor-version":[{"id":1307,"href":"https:\/\/www.guineeline.net\/index.php\/wp-json\/wp\/v2\/posts\/1298\/revisions\/1307"}],"wp:featuredmedia":[{"embeddable":true,"href":"https:\/\/www.guineeline.net\/index.php\/wp-json\/wp\/v2\/media\/1299"}],"wp:attachment":[{"href":"https:\/\/www.guineeline.net\/index.php\/wp-json\/wp\/v2\/media?parent=1298"}],"wp:term":[{"taxonomy":"category","embeddable":true,"href":"https:\/\/www.guineeline.net\/index.php\/wp-json\/wp\/v2\/categories?post=1298"},{"taxonomy":"post_tag","embeddable":true,"href":"https:\/\/www.guineeline.net\/index.php\/wp-json\/wp\/v2\/tags?post=1298"}],"curies":[{"name":"wp","href":"https:\/\/api.w.org\/{rel}","templated":true}]}}