{"id":1233,"date":"2022-12-30T23:27:56","date_gmt":"2022-12-30T22:27:56","guid":{"rendered":"https:\/\/www.guineeline.net\/?p=1233"},"modified":"2022-12-30T23:45:33","modified_gmt":"2022-12-30T22:45:33","slug":"mines-sangaredi-sans-entreprises-minieres-quen-pensent-les-habitants","status":"publish","type":"post","link":"https:\/\/www.guineeline.net\/index.php\/2022\/12\/30\/mines-sangaredi-sans-entreprises-minieres-quen-pensent-les-habitants\/","title":{"rendered":"Mines : Sangar\u00e9di sans entreprises mini\u00e8res qu&rsquo;en pensent les habitants ?"},"content":{"rendered":"<p><strong>La jeunesse active de Sangar\u00e9di a organis\u00e9e le dimanche 25 d\u00e9cembre Une 2022 une conf\u00e9rence d\u00e9bat sur le th\u00e8me \u00a0\u00bb Sangar\u00e9di apr\u00e8s les mines ou Sangar\u00e9di sans mines.\u00a0\u00bb Le directeur ex\u00e9cutif de l&rsquo;ONG Action Mines Guin\u00e9e a \u00e9t\u00e9 invit\u00e9 pour pr\u00e9sider \u00e0 cette conference. Apr\u00e8s un premier expos\u00e9 sur les enjeux de l&rsquo;exploitation des ressources mini\u00e8res dans une localit\u00e9, Amadou Bah a sollicit\u00e9 aupr\u00e8s de l&rsquo;assistance une s\u00e9ance de 30 secondes, les ferm\u00e9s pour r\u00e9fl\u00e9chir \u00e0 un Sangar\u00e9di sans mines. Votre quotidien guineeline.net vous propose les r\u00e9actions des premiers intervenants.<\/strong><\/p>\n<p><img fetchpriority=\"high\" decoding=\"async\" class=\"alignnone size-medium wp-image-1234\" src=\"https:\/\/www.guineeline.net\/wp-content\/uploads\/2022\/12\/Screenshot_20221228-080107_Video-Trimmer-251x300.jpg\" alt=\"\" width=\"251\" height=\"300\" srcset=\"https:\/\/www.guineeline.net\/wp-content\/uploads\/2022\/12\/Screenshot_20221228-080107_Video-Trimmer-251x300.jpg 251w, https:\/\/www.guineeline.net\/wp-content\/uploads\/2022\/12\/Screenshot_20221228-080107_Video-Trimmer.jpg 524w\" sizes=\"(max-width: 251px) 100vw, 251px\" \/><br \/>\nJ&rsquo;ai beaucoup pein\u00e9 \u00e0 trouver l&rsquo;adjectif ad\u00e9quat. Pour moi, Sangar\u00e9di sans entreprises mini\u00e8res c&rsquo;est l&rsquo;apocalypse. Parce que \u00e0 Sangar\u00e9di ici, c&rsquo;est la fr\u00e9quence de l&rsquo;eau et du courant qui fait le charme de la ville. Et ce qui est \u00e0 la base de tout \u00e7a c&rsquo;est l&rsquo;entreprise mini\u00e8re. Donc, voir une ville sans cette entreprise mini\u00e8re c&rsquo;est inadmissible.<\/p>\n<p><img decoding=\"async\" class=\"alignnone size-medium wp-image-1235\" src=\"https:\/\/www.guineeline.net\/wp-content\/uploads\/2022\/12\/Screenshot_20221228-081509_Video-Player-255x300.jpg\" alt=\"\" width=\"255\" height=\"300\" srcset=\"https:\/\/www.guineeline.net\/wp-content\/uploads\/2022\/12\/Screenshot_20221228-081509_Video-Player-255x300.jpg 255w, https:\/\/www.guineeline.net\/wp-content\/uploads\/2022\/12\/Screenshot_20221228-081509_Video-Player.jpg 459w\" sizes=\"(max-width: 255px) 100vw, 255px\" \/><\/p>\n<p>Ibrahima Diallo, jeune de Sangar\u00e9di. Quand j&rsquo;ai ferm\u00e9 les yeux, j&rsquo;ai tout de suite vu les versets coranique. C&rsquo;est-\u00e0-dire les pr\u00e9mices de la fin du monde. Mais quelques instants apr\u00e8s, j&rsquo;ai vu une pluie s&rsquo;abattre sur Sangar\u00e9di. Et que les plantes commencent \u00e0 pousser.<\/p>\n<p><img decoding=\"async\" class=\"alignnone size-medium wp-image-1242\" src=\"https:\/\/www.guineeline.net\/wp-content\/uploads\/2022\/12\/Screenshot_20221228-081604_Gallery-288x300.jpg\" alt=\"\" width=\"288\" height=\"300\" srcset=\"https:\/\/www.guineeline.net\/wp-content\/uploads\/2022\/12\/Screenshot_20221228-081604_Gallery-288x300.jpg 288w, https:\/\/www.guineeline.net\/wp-content\/uploads\/2022\/12\/Screenshot_20221228-081604_Gallery.jpg 580w\" sizes=\"(max-width: 288px) 100vw, 288px\" \/><\/p>\n<p>Apr\u00e8s avoir ferm\u00e9 les yeux pendant les trente secondes ce que j&rsquo;ai vu, c&rsquo;est d\u00e9plorable. J&rsquo;ai vu des enfants pleurer, des familles d\u00e9chir\u00e9es des gens en train de fuire. J&rsquo;ai vu des jeunes se battre jusqu&rsquo;\u00e0 s&rsquo;entre tuer. Je penses que c&rsquo;est insupporable.<\/p>\n<p><img loading=\"lazy\" decoding=\"async\" class=\"alignnone size-medium wp-image-1241\" src=\"https:\/\/www.guineeline.net\/wp-content\/uploads\/2022\/12\/Screenshot_20221228-081637_Gallery-300x275.jpg\" alt=\"\" width=\"300\" height=\"275\" srcset=\"https:\/\/www.guineeline.net\/wp-content\/uploads\/2022\/12\/Screenshot_20221228-081637_Gallery-300x275.jpg 300w, https:\/\/www.guineeline.net\/wp-content\/uploads\/2022\/12\/Screenshot_20221228-081637_Gallery.jpg 658w\" sizes=\"(max-width: 300px) 100vw, 300px\" \/><\/p>\n<p style=\"padding-left: 40px;\">Mory Fod\u00e9 Dioumessy, jeune de Sangar\u00e9di. Moi comparativement aux autres \u00e7je n&rsquo;ai vu que le bonheur. J&rsquo;ai vu un pays o\u00f9 le gouvernement est en train de prendre ses responsabilit\u00e9s. Un pays o\u00f9 les jeunes ont le savoir faire et veulent \u00eatres au devant de la sc\u00e8ne. Un pays o\u00f9 les comp\u00e9tences r\u00e9elles des jeunes guin\u00e9ens sont reconnues. Je n&rsquo;ai vu que le bonheur.<\/p>\n<p><img loading=\"lazy\" decoding=\"async\" class=\"alignnone size-medium wp-image-1237\" src=\"https:\/\/www.guineeline.net\/wp-content\/uploads\/2022\/12\/Screenshot_20221228-081705_Gallery-208x300.jpg\" alt=\"\" width=\"208\" height=\"300\" srcset=\"https:\/\/www.guineeline.net\/wp-content\/uploads\/2022\/12\/Screenshot_20221228-081705_Gallery-208x300.jpg 208w, https:\/\/www.guineeline.net\/wp-content\/uploads\/2022\/12\/Screenshot_20221228-081705_Gallery.jpg 351w\" sizes=\"(max-width: 208px) 100vw, 208px\" \/><\/p>\n<p>Mariam Kolon Sall, jeune de Sangar\u00e9di. Quand j&rsquo;ai ferm\u00e9 les yeux, j&rsquo;ai vu Sangar\u00e9di avant, Sangar\u00e9di maintenant et Sangar\u00e9di apr\u00e8s qui est totalement diff\u00e9rent. Je penses qu&rsquo;on vivait avant la mine et qu&rsquo;on pourra vivre apr\u00e8s la mine. Certes \u00e7a va \u00eatre tr\u00e8s difficile mais c&rsquo;est possible.<\/p>\n","protected":false},"excerpt":{"rendered":"<p>La jeunesse active de Sangar\u00e9di a organis\u00e9e le dimanche 25 d\u00e9cembre Une 2022 une conf\u00e9rence d\u00e9bat sur le th\u00e8me \u00a0\u00bb Sangar\u00e9di apr\u00e8s les mines ou Sangar\u00e9di sans mines.\u00a0\u00bb Le directeur ex\u00e9cutif de l&rsquo;ONG Action Mines Guin\u00e9e a \u00e9t\u00e9 invit\u00e9 pour pr\u00e9sider \u00e0 cette conference. Apr\u00e8s un premier expos\u00e9 sur les enjeux de l&rsquo;exploitation des ressources [&hellip;]<\/p>\n","protected":false},"author":3,"featured_media":1238,"comment_status":"open","ping_status":"open","sticky":false,"template":"","format":"standard","meta":{"jnews-multi-image_gallery":[],"jnews_single_post":{"subtitle":"","format":"standard","video":"","gallery":"","source_name":"","source_url":"","via_name":"","via_url":"","override":[{"single_blog_custom":"","sidebar":"","second_sidebar":"","share_position":"","share_float_style":"","post_date_format":"","post_date_format_custom":"","number_popup_post":"1"}],"image_override":[{"single_post_thumbnail_size":"","single_post_gallery_size":""}],"trending_post_position":"","trending_post_label":""},"jnews_primary_category":{"id":""},"jnews_override_counter":{"view_counter_number":"0","share_counter_number":"0","like_counter_number":"0","dislike_counter_number":"0"},"footnotes":""},"categories":[1],"tags":[],"class_list":["post-1233","post","type-post","status-publish","format-standard","has-post-thumbnail","hentry","category-non-classe"],"yoast_head":"<!-- This site is optimized with the Yoast SEO plugin v26.9 - https:\/\/yoast.com\/product\/yoast-seo-wordpress\/ -->\n<title>Mines : Sangar\u00e9di sans entreprises mini\u00e8res qu&#039;en pensent les habitants ? - Guineeline<\/title>\n<meta name=\"robots\" content=\"index, follow, max-snippet:-1, max-image-preview:large, max-video-preview:-1\" \/>\n<link rel=\"canonical\" href=\"https:\/\/www.guineeline.net\/index.php\/2022\/12\/30\/mines-sangaredi-sans-entreprises-minieres-quen-pensent-les-habitants\/\" \/>\n<meta property=\"og:locale\" content=\"fr_FR\" \/>\n<meta property=\"og:type\" content=\"article\" \/>\n<meta property=\"og:title\" content=\"Mines : Sangar\u00e9di sans entreprises mini\u00e8res qu&#039;en pensent les habitants ? - Guineeline\" \/>\n<meta property=\"og:description\" content=\"La jeunesse active de Sangar\u00e9di a organis\u00e9e le dimanche 25 d\u00e9cembre Une 2022 une conf\u00e9rence d\u00e9bat sur le th\u00e8me \u00a0\u00bb Sangar\u00e9di apr\u00e8s les mines ou Sangar\u00e9di sans mines.\u00a0\u00bb Le directeur ex\u00e9cutif de l&rsquo;ONG Action Mines Guin\u00e9e a \u00e9t\u00e9 invit\u00e9 pour pr\u00e9sider \u00e0 cette conference. Apr\u00e8s un premier expos\u00e9 sur les enjeux de l&rsquo;exploitation des ressources [&hellip;]\" \/>\n<meta property=\"og:url\" content=\"https:\/\/www.guineeline.net\/index.php\/2022\/12\/30\/mines-sangaredi-sans-entreprises-minieres-quen-pensent-les-habitants\/\" \/>\n<meta property=\"og:site_name\" content=\"Guineeline\" \/>\n<meta property=\"article:published_time\" content=\"2022-12-30T22:27:56+00:00\" \/>\n<meta property=\"article:modified_time\" content=\"2022-12-30T22:45:33+00:00\" \/>\n<meta name=\"author\" content=\"Guineeline\" \/>\n<meta name=\"twitter:card\" content=\"summary_large_image\" \/>\n<meta name=\"twitter:label1\" content=\"\u00c9crit par\" \/>\n\t<meta name=\"twitter:data1\" content=\"Guineeline\" \/>\n\t<meta name=\"twitter:label2\" content=\"Dur\u00e9e de lecture estim\u00e9e\" \/>\n\t<meta name=\"twitter:data2\" content=\"3 minutes\" \/>\n<script type=\"application\/ld+json\" class=\"yoast-schema-graph\">{\"@context\":\"https:\/\/schema.org\",\"@graph\":[{\"@type\":\"Article\",\"@id\":\"https:\/\/www.guineeline.net\/index.php\/2022\/12\/30\/mines-sangaredi-sans-entreprises-minieres-quen-pensent-les-habitants\/#article\",\"isPartOf\":{\"@id\":\"https:\/\/www.guineeline.net\/index.php\/2022\/12\/30\/mines-sangaredi-sans-entreprises-minieres-quen-pensent-les-habitants\/\"},\"author\":{\"name\":\"Guineeline\",\"@id\":\"https:\/\/www.guineeline.net\/#\/schema\/person\/f5914e0a4c56cc8f4aa0922cc547a390\"},\"headline\":\"Mines : Sangar\u00e9di sans entreprises mini\u00e8res qu&rsquo;en pensent les habitants ?\",\"datePublished\":\"2022-12-30T22:27:56+00:00\",\"dateModified\":\"2022-12-30T22:45:33+00:00\",\"mainEntityOfPage\":{\"@id\":\"https:\/\/www.guineeline.net\/index.php\/2022\/12\/30\/mines-sangaredi-sans-entreprises-minieres-quen-pensent-les-habitants\/\"},\"wordCount\":431,\"commentCount\":0,\"image\":{\"@id\":\"https:\/\/www.guineeline.net\/index.php\/2022\/12\/30\/mines-sangaredi-sans-entreprises-minieres-quen-pensent-les-habitants\/#primaryimage\"},\"thumbnailUrl\":\"https:\/\/www.guineeline.net\/wp-content\/uploads\/2022\/12\/20221225_144536.heic\",\"inLanguage\":\"fr-FR\",\"potentialAction\":[{\"@type\":\"CommentAction\",\"name\":\"Comment\",\"target\":[\"https:\/\/www.guineeline.net\/index.php\/2022\/12\/30\/mines-sangaredi-sans-entreprises-minieres-quen-pensent-les-habitants\/#respond\"]}]},{\"@type\":\"WebPage\",\"@id\":\"https:\/\/www.guineeline.net\/index.php\/2022\/12\/30\/mines-sangaredi-sans-entreprises-minieres-quen-pensent-les-habitants\/\",\"url\":\"https:\/\/www.guineeline.net\/index.php\/2022\/12\/30\/mines-sangaredi-sans-entreprises-minieres-quen-pensent-les-habitants\/\",\"name\":\"Mines : Sangar\u00e9di sans entreprises mini\u00e8res qu'en pensent les habitants ? - Guineeline\",\"isPartOf\":{\"@id\":\"https:\/\/www.guineeline.net\/#website\"},\"primaryImageOfPage\":{\"@id\":\"https:\/\/www.guineeline.net\/index.php\/2022\/12\/30\/mines-sangaredi-sans-entreprises-minieres-quen-pensent-les-habitants\/#primaryimage\"},\"image\":{\"@id\":\"https:\/\/www.guineeline.net\/index.php\/2022\/12\/30\/mines-sangaredi-sans-entreprises-minieres-quen-pensent-les-habitants\/#primaryimage\"},\"thumbnailUrl\":\"https:\/\/www.guineeline.net\/wp-content\/uploads\/2022\/12\/20221225_144536.heic\",\"datePublished\":\"2022-12-30T22:27:56+00:00\",\"dateModified\":\"2022-12-30T22:45:33+00:00\",\"author\":{\"@id\":\"https:\/\/www.guineeline.net\/#\/schema\/person\/f5914e0a4c56cc8f4aa0922cc547a390\"},\"breadcrumb\":{\"@id\":\"https:\/\/www.guineeline.net\/index.php\/2022\/12\/30\/mines-sangaredi-sans-entreprises-minieres-quen-pensent-les-habitants\/#breadcrumb\"},\"inLanguage\":\"fr-FR\",\"potentialAction\":[{\"@type\":\"ReadAction\",\"target\":[\"https:\/\/www.guineeline.net\/index.php\/2022\/12\/30\/mines-sangaredi-sans-entreprises-minieres-quen-pensent-les-habitants\/\"]}]},{\"@type\":\"ImageObject\",\"inLanguage\":\"fr-FR\",\"@id\":\"https:\/\/www.guineeline.net\/index.php\/2022\/12\/30\/mines-sangaredi-sans-entreprises-minieres-quen-pensent-les-habitants\/#primaryimage\",\"url\":\"https:\/\/www.guineeline.net\/wp-content\/uploads\/2022\/12\/20221225_144536.heic\",\"contentUrl\":\"https:\/\/www.guineeline.net\/wp-content\/uploads\/2022\/12\/20221225_144536.heic\"},{\"@type\":\"BreadcrumbList\",\"@id\":\"https:\/\/www.guineeline.net\/index.php\/2022\/12\/30\/mines-sangaredi-sans-entreprises-minieres-quen-pensent-les-habitants\/#breadcrumb\",\"itemListElement\":[{\"@type\":\"ListItem\",\"position\":1,\"name\":\"Accueil\",\"item\":\"https:\/\/www.guineeline.net\/\"},{\"@type\":\"ListItem\",\"position\":2,\"name\":\"Mines : Sangar\u00e9di sans entreprises mini\u00e8res qu&rsquo;en pensent les habitants ?\"}]},{\"@type\":\"WebSite\",\"@id\":\"https:\/\/www.guineeline.net\/#website\",\"url\":\"https:\/\/www.guineeline.net\/\",\"name\":\"Guineeline\",\"description\":\"L&#039;information en un clic\",\"potentialAction\":[{\"@type\":\"SearchAction\",\"target\":{\"@type\":\"EntryPoint\",\"urlTemplate\":\"https:\/\/www.guineeline.net\/?s={search_term_string}\"},\"query-input\":{\"@type\":\"PropertyValueSpecification\",\"valueRequired\":true,\"valueName\":\"search_term_string\"}}],\"inLanguage\":\"fr-FR\"},{\"@type\":\"Person\",\"@id\":\"https:\/\/www.guineeline.net\/#\/schema\/person\/f5914e0a4c56cc8f4aa0922cc547a390\",\"name\":\"Guineeline\",\"image\":{\"@type\":\"ImageObject\",\"inLanguage\":\"fr-FR\",\"@id\":\"https:\/\/www.guineeline.net\/#\/schema\/person\/image\/\",\"url\":\"https:\/\/secure.gravatar.com\/avatar\/432ce140236c408fa05ea28acd193ba03163acdd0efbe444c1c44957b8a29a2a?s=96&d=mm&r=g\",\"contentUrl\":\"https:\/\/secure.gravatar.com\/avatar\/432ce140236c408fa05ea28acd193ba03163acdd0efbe444c1c44957b8a29a2a?s=96&d=mm&r=g\",\"caption\":\"Guineeline\"},\"url\":\"https:\/\/www.guineeline.net\/index.php\/author\/admin\/\"}]}<\/script>\n<!-- \/ Yoast SEO plugin. -->","yoast_head_json":{"title":"Mines : Sangar\u00e9di sans entreprises mini\u00e8res qu'en pensent les habitants ? - Guineeline","robots":{"index":"index","follow":"follow","max-snippet":"max-snippet:-1","max-image-preview":"max-image-preview:large","max-video-preview":"max-video-preview:-1"},"canonical":"https:\/\/www.guineeline.net\/index.php\/2022\/12\/30\/mines-sangaredi-sans-entreprises-minieres-quen-pensent-les-habitants\/","og_locale":"fr_FR","og_type":"article","og_title":"Mines : Sangar\u00e9di sans entreprises mini\u00e8res qu'en pensent les habitants ? - Guineeline","og_description":"La jeunesse active de Sangar\u00e9di a organis\u00e9e le dimanche 25 d\u00e9cembre Une 2022 une conf\u00e9rence d\u00e9bat sur le th\u00e8me \u00a0\u00bb Sangar\u00e9di apr\u00e8s les mines ou Sangar\u00e9di sans mines.\u00a0\u00bb Le directeur ex\u00e9cutif de l&rsquo;ONG Action Mines Guin\u00e9e a \u00e9t\u00e9 invit\u00e9 pour pr\u00e9sider \u00e0 cette conference. Apr\u00e8s un premier expos\u00e9 sur les enjeux de l&rsquo;exploitation des ressources [&hellip;]","og_url":"https:\/\/www.guineeline.net\/index.php\/2022\/12\/30\/mines-sangaredi-sans-entreprises-minieres-quen-pensent-les-habitants\/","og_site_name":"Guineeline","article_published_time":"2022-12-30T22:27:56+00:00","article_modified_time":"2022-12-30T22:45:33+00:00","author":"Guineeline","twitter_card":"summary_large_image","twitter_misc":{"\u00c9crit par":"Guineeline","Dur\u00e9e de lecture estim\u00e9e":"3 minutes"},"schema":{"@context":"https:\/\/schema.org","@graph":[{"@type":"Article","@id":"https:\/\/www.guineeline.net\/index.php\/2022\/12\/30\/mines-sangaredi-sans-entreprises-minieres-quen-pensent-les-habitants\/#article","isPartOf":{"@id":"https:\/\/www.guineeline.net\/index.php\/2022\/12\/30\/mines-sangaredi-sans-entreprises-minieres-quen-pensent-les-habitants\/"},"author":{"name":"Guineeline","@id":"https:\/\/www.guineeline.net\/#\/schema\/person\/f5914e0a4c56cc8f4aa0922cc547a390"},"headline":"Mines : Sangar\u00e9di sans entreprises mini\u00e8res qu&rsquo;en pensent les habitants ?","datePublished":"2022-12-30T22:27:56+00:00","dateModified":"2022-12-30T22:45:33+00:00","mainEntityOfPage":{"@id":"https:\/\/www.guineeline.net\/index.php\/2022\/12\/30\/mines-sangaredi-sans-entreprises-minieres-quen-pensent-les-habitants\/"},"wordCount":431,"commentCount":0,"image":{"@id":"https:\/\/www.guineeline.net\/index.php\/2022\/12\/30\/mines-sangaredi-sans-entreprises-minieres-quen-pensent-les-habitants\/#primaryimage"},"thumbnailUrl":"https:\/\/www.guineeline.net\/wp-content\/uploads\/2022\/12\/20221225_144536.heic","inLanguage":"fr-FR","potentialAction":[{"@type":"CommentAction","name":"Comment","target":["https:\/\/www.guineeline.net\/index.php\/2022\/12\/30\/mines-sangaredi-sans-entreprises-minieres-quen-pensent-les-habitants\/#respond"]}]},{"@type":"WebPage","@id":"https:\/\/www.guineeline.net\/index.php\/2022\/12\/30\/mines-sangaredi-sans-entreprises-minieres-quen-pensent-les-habitants\/","url":"https:\/\/www.guineeline.net\/index.php\/2022\/12\/30\/mines-sangaredi-sans-entreprises-minieres-quen-pensent-les-habitants\/","name":"Mines : Sangar\u00e9di sans entreprises mini\u00e8res qu'en pensent les habitants ? - Guineeline","isPartOf":{"@id":"https:\/\/www.guineeline.net\/#website"},"primaryImageOfPage":{"@id":"https:\/\/www.guineeline.net\/index.php\/2022\/12\/30\/mines-sangaredi-sans-entreprises-minieres-quen-pensent-les-habitants\/#primaryimage"},"image":{"@id":"https:\/\/www.guineeline.net\/index.php\/2022\/12\/30\/mines-sangaredi-sans-entreprises-minieres-quen-pensent-les-habitants\/#primaryimage"},"thumbnailUrl":"https:\/\/www.guineeline.net\/wp-content\/uploads\/2022\/12\/20221225_144536.heic","datePublished":"2022-12-30T22:27:56+00:00","dateModified":"2022-12-30T22:45:33+00:00","author":{"@id":"https:\/\/www.guineeline.net\/#\/schema\/person\/f5914e0a4c56cc8f4aa0922cc547a390"},"breadcrumb":{"@id":"https:\/\/www.guineeline.net\/index.php\/2022\/12\/30\/mines-sangaredi-sans-entreprises-minieres-quen-pensent-les-habitants\/#breadcrumb"},"inLanguage":"fr-FR","potentialAction":[{"@type":"ReadAction","target":["https:\/\/www.guineeline.net\/index.php\/2022\/12\/30\/mines-sangaredi-sans-entreprises-minieres-quen-pensent-les-habitants\/"]}]},{"@type":"ImageObject","inLanguage":"fr-FR","@id":"https:\/\/www.guineeline.net\/index.php\/2022\/12\/30\/mines-sangaredi-sans-entreprises-minieres-quen-pensent-les-habitants\/#primaryimage","url":"https:\/\/www.guineeline.net\/wp-content\/uploads\/2022\/12\/20221225_144536.heic","contentUrl":"https:\/\/www.guineeline.net\/wp-content\/uploads\/2022\/12\/20221225_144536.heic"},{"@type":"BreadcrumbList","@id":"https:\/\/www.guineeline.net\/index.php\/2022\/12\/30\/mines-sangaredi-sans-entreprises-minieres-quen-pensent-les-habitants\/#breadcrumb","itemListElement":[{"@type":"ListItem","position":1,"name":"Accueil","item":"https:\/\/www.guineeline.net\/"},{"@type":"ListItem","position":2,"name":"Mines : Sangar\u00e9di sans entreprises mini\u00e8res qu&rsquo;en pensent les habitants ?"}]},{"@type":"WebSite","@id":"https:\/\/www.guineeline.net\/#website","url":"https:\/\/www.guineeline.net\/","name":"Guineeline","description":"L&#039;information en un clic","potentialAction":[{"@type":"SearchAction","target":{"@type":"EntryPoint","urlTemplate":"https:\/\/www.guineeline.net\/?s={search_term_string}"},"query-input":{"@type":"PropertyValueSpecification","valueRequired":true,"valueName":"search_term_string"}}],"inLanguage":"fr-FR"},{"@type":"Person","@id":"https:\/\/www.guineeline.net\/#\/schema\/person\/f5914e0a4c56cc8f4aa0922cc547a390","name":"Guineeline","image":{"@type":"ImageObject","inLanguage":"fr-FR","@id":"https:\/\/www.guineeline.net\/#\/schema\/person\/image\/","url":"https:\/\/secure.gravatar.com\/avatar\/432ce140236c408fa05ea28acd193ba03163acdd0efbe444c1c44957b8a29a2a?s=96&d=mm&r=g","contentUrl":"https:\/\/secure.gravatar.com\/avatar\/432ce140236c408fa05ea28acd193ba03163acdd0efbe444c1c44957b8a29a2a?s=96&d=mm&r=g","caption":"Guineeline"},"url":"https:\/\/www.guineeline.net\/index.php\/author\/admin\/"}]}},"_links":{"self":[{"href":"https:\/\/www.guineeline.net\/index.php\/wp-json\/wp\/v2\/posts\/1233","targetHints":{"allow":["GET"]}}],"collection":[{"href":"https:\/\/www.guineeline.net\/index.php\/wp-json\/wp\/v2\/posts"}],"about":[{"href":"https:\/\/www.guineeline.net\/index.php\/wp-json\/wp\/v2\/types\/post"}],"author":[{"embeddable":true,"href":"https:\/\/www.guineeline.net\/index.php\/wp-json\/wp\/v2\/users\/3"}],"replies":[{"embeddable":true,"href":"https:\/\/www.guineeline.net\/index.php\/wp-json\/wp\/v2\/comments?post=1233"}],"version-history":[{"count":3,"href":"https:\/\/www.guineeline.net\/index.php\/wp-json\/wp\/v2\/posts\/1233\/revisions"}],"predecessor-version":[{"id":1243,"href":"https:\/\/www.guineeline.net\/index.php\/wp-json\/wp\/v2\/posts\/1233\/revisions\/1243"}],"wp:featuredmedia":[{"embeddable":true,"href":"https:\/\/www.guineeline.net\/index.php\/wp-json\/wp\/v2\/media\/1238"}],"wp:attachment":[{"href":"https:\/\/www.guineeline.net\/index.php\/wp-json\/wp\/v2\/media?parent=1233"}],"wp:term":[{"taxonomy":"category","embeddable":true,"href":"https:\/\/www.guineeline.net\/index.php\/wp-json\/wp\/v2\/categories?post=1233"},{"taxonomy":"post_tag","embeddable":true,"href":"https:\/\/www.guineeline.net\/index.php\/wp-json\/wp\/v2\/tags?post=1233"}],"curies":[{"name":"wp","href":"https:\/\/api.w.org\/{rel}","templated":true}]}}