{"id":1094,"date":"2022-12-08T09:50:06","date_gmt":"2022-12-08T08:50:06","guid":{"rendered":"https:\/\/www.guineeline.net\/?p=1094"},"modified":"2022-12-08T09:50:06","modified_gmt":"2022-12-08T08:50:06","slug":"decret-le-colonel-mamadi-doumbouya-fixe-les-attributions-du-centre-national-dorthopedie","status":"publish","type":"post","link":"https:\/\/www.guineeline.net\/index.php\/2022\/12\/08\/decret-le-colonel-mamadi-doumbouya-fixe-les-attributions-du-centre-national-dorthopedie\/","title":{"rendered":"Decret: le Colonel Mamadi Doumbouya fixe les attributions du Centre national d\u2019orthop\u00e9die"},"content":{"rendered":"<div dir=\"ltr\" data-setdir=\"false\">C\u2019est une bonne nouvelle pour les personnes vivant avec un handicap dont\u00a0la journ\u00e9e internationale a \u00e9t\u00e9 c\u00e9l\u00e9br\u00e9e mercredi 07 d\u00e9cembre 2022. En effet\u00a0dans un d\u00e9cret pris ce mercredi, le colonel Mamady Doumbouya a fix\u00e9\u00a0les attributions et fonctionnement du Centre national d\u2019orthop\u00e9die sis \u00e0 Donka.<\/div>\n<div><\/div>\n<div>\u2013<b>\u00a0Dispositions g\u00e9n\u00e9rales<\/b><\/div>\n<div><\/div>\n<div>Le centre national d\u2019orthop\u00e9die, en abr\u00e9g\u00e9 CNO, est un \u00e9tablissement public \u00e0 caract\u00e8re administratif dot\u00e9 de la personnalit\u00e9 juridique, jouissant de l\u2019autonomie financi\u00e8re et de gestion. Il est plac\u00e9 sous la tutelle technique du minist\u00e8re de la promotion f\u00e9minine et des personnes vuln\u00e9rables et sous la tutelle financi\u00e8re du minist\u00e8re de l\u2019\u00e9conomie et des finances. Il est de niveau hi\u00e9rarchie \u00e9quivalent \u00e0 celui d\u2019une direction de l\u2019administration centrale.<\/div>\n<div><\/div>\n<div><b>\u2013 Attributions<\/b><\/div>\n<div><b>\u00a0<\/b><\/div>\n<div>Le centre national d\u2019orthop\u00e9die a pour attribution d\u2019assurer la r\u00e9adaptation des personnes handicap\u00e9es physiques. A ce titre il est particuli\u00e8rement plac\u00e9 d\u2019offrir des services de consultations m\u00e9dicales sp\u00e9cialis\u00e9es et d\u2019appareillage orthop\u00e9dique et de r\u00e9\u00e9ducation fonctionnelle de fa\u00e7on d\u2019assurer la prises en charge des patients sollicitant de l\u2019un de ses services socio sanitaires et techniques. D\u2019assurer la confection, la r\u00e9paration d\u2019appareils orthop\u00e9diques et d\u2019aide \u00e0 la vie pratique.<\/div>\n<div>D\u2019assurer la prise en charge psychosocial des patients, promouvoir la recherche dans le domaine de la r\u00e9adaptation orthop\u00e9dique et de r\u00e9\u00e9ducation fonctionnelle.<\/div>\n<div>D\u2019assurer le suivi des activit\u00e9s des organisations non gouvernementales ou tout autre organismes \u0153uvrant\u00a0dans le domaine de la r\u00e9adaptation orthop\u00e9dique et de la r\u00e9\u00e9ducation fonctionnelle des personnes handicap\u00e9es physiques.<\/div>\n<div>De collaborer avec toute institution nationale ou internationale \u0153uvrant\u00a0dans les domaines de la r\u00e9adaptation orthop\u00e9diques et la r\u00e9\u00e9ducation fonctionnelle des personnes handicap\u00e9es physiques.<\/div>\n<div>De contribuer \u00e0 l\u2019\u00e9laboration et \u00e0 la mise en \u0153uvre\u00a0du projet et programme de r\u00e9adaptation \u00e0 la base communautaire en faveur des personnes handicap\u00e9es physiques.<\/div>\n<div>De contribuer \u00e0 l\u2019\u00e9laboration du rapport sur la mise en \u0153uvre\u00a0des conventions et autres accords internationaux relatifs \u00e0 l\u2019employabilit\u00e9, la r\u00e9adaptation, la r\u00e9\u00e9ducation de l\u2019insertion socio professionnelle des personnes handicap\u00e9es physiques.<\/div>\n<div><\/div>\n<div><b>Dispositions finales\u00a0<\/b><\/div>\n<div><\/div>\n<div dir=\"ltr\" data-setdir=\"false\">Les d\u00e9tails, l\u2019organisation et le fonctionnement du centre national d\u2019orthop\u00e9die feront l\u2019objet d\u2019arr\u00eat\u00e9s du minist\u00e8re en charge des personnes vuln\u00e9rables apr\u00e8s avis du directeur g\u00e9n\u00e9ral et du conseil d\u2019administration.<\/div>\n<div dir=\"ltr\" data-setdir=\"false\"><\/div>\n<div dir=\"ltr\" data-setdir=\"false\">Karim Camara<\/div>\n","protected":false},"excerpt":{"rendered":"<p>C\u2019est une bonne nouvelle pour les personnes vivant avec un handicap dont\u00a0la journ\u00e9e internationale a \u00e9t\u00e9 c\u00e9l\u00e9br\u00e9e mercredi 07 d\u00e9cembre 2022. En effet\u00a0dans un d\u00e9cret pris ce mercredi, le colonel Mamady Doumbouya a fix\u00e9\u00a0les attributions et fonctionnement du Centre national d\u2019orthop\u00e9die sis \u00e0 Donka. \u2013\u00a0Dispositions g\u00e9n\u00e9rales Le centre national d\u2019orthop\u00e9die, en abr\u00e9g\u00e9 CNO, est un [&hellip;]<\/p>\n","protected":false},"author":3,"featured_media":1095,"comment_status":"open","ping_status":"open","sticky":false,"template":"","format":"standard","meta":{"jnews-multi-image_gallery":[],"jnews_single_post":{"subtitle":"","format":"standard","video":"","gallery":"","source_name":"","source_url":"","via_name":"","via_url":"","override":[{"single_blog_custom":"","sidebar":"","second_sidebar":"","share_position":"","share_float_style":"","post_date_format":"","post_date_format_custom":"","number_popup_post":"1"}],"image_override":[{"single_post_thumbnail_size":"","single_post_gallery_size":""}],"trending_post_position":"","trending_post_label":""},"jnews_primary_category":{"id":""},"jnews_override_counter":{"view_counter_number":"0","share_counter_number":"0","like_counter_number":"0","dislike_counter_number":"0"},"footnotes":""},"categories":[2],"tags":[],"class_list":["post-1094","post","type-post","status-publish","format-standard","has-post-thumbnail","hentry","category-actualites"],"yoast_head":"<!-- This site is optimized with the Yoast SEO plugin v26.9 - https:\/\/yoast.com\/product\/yoast-seo-wordpress\/ -->\n<title>Decret: le Colonel Mamadi Doumbouya fixe les attributions du Centre national d\u2019orthop\u00e9die - Guineeline<\/title>\n<meta name=\"robots\" content=\"index, follow, max-snippet:-1, max-image-preview:large, max-video-preview:-1\" \/>\n<link rel=\"canonical\" href=\"https:\/\/www.guineeline.net\/index.php\/2022\/12\/08\/decret-le-colonel-mamadi-doumbouya-fixe-les-attributions-du-centre-national-dorthopedie\/\" \/>\n<meta property=\"og:locale\" content=\"fr_FR\" \/>\n<meta property=\"og:type\" content=\"article\" \/>\n<meta property=\"og:title\" content=\"Decret: le Colonel Mamadi Doumbouya fixe les attributions du Centre national d\u2019orthop\u00e9die - Guineeline\" \/>\n<meta property=\"og:description\" content=\"C\u2019est une bonne nouvelle pour les personnes vivant avec un handicap dont\u00a0la journ\u00e9e internationale a \u00e9t\u00e9 c\u00e9l\u00e9br\u00e9e mercredi 07 d\u00e9cembre 2022. En effet\u00a0dans un d\u00e9cret pris ce mercredi, le colonel Mamady Doumbouya a fix\u00e9\u00a0les attributions et fonctionnement du Centre national d\u2019orthop\u00e9die sis \u00e0 Donka. \u2013\u00a0Dispositions g\u00e9n\u00e9rales Le centre national d\u2019orthop\u00e9die, en abr\u00e9g\u00e9 CNO, est un [&hellip;]\" \/>\n<meta property=\"og:url\" content=\"https:\/\/www.guineeline.net\/index.php\/2022\/12\/08\/decret-le-colonel-mamadi-doumbouya-fixe-les-attributions-du-centre-national-dorthopedie\/\" \/>\n<meta property=\"og:site_name\" content=\"Guineeline\" \/>\n<meta property=\"article:published_time\" content=\"2022-12-08T08:50:06+00:00\" \/>\n<meta property=\"og:image\" content=\"https:\/\/www.guineeline.net\/wp-content\/uploads\/2022\/12\/Mamadi-Doumbouya-8.jpg\" \/>\n\t<meta property=\"og:image:width\" content=\"700\" \/>\n\t<meta property=\"og:image:height\" content=\"439\" \/>\n\t<meta property=\"og:image:type\" content=\"image\/jpeg\" \/>\n<meta name=\"author\" content=\"Guineeline\" \/>\n<meta name=\"twitter:card\" content=\"summary_large_image\" \/>\n<meta name=\"twitter:label1\" content=\"\u00c9crit par\" \/>\n\t<meta name=\"twitter:data1\" content=\"Guineeline\" \/>\n\t<meta name=\"twitter:label2\" content=\"Dur\u00e9e de lecture estim\u00e9e\" \/>\n\t<meta name=\"twitter:data2\" content=\"2 minutes\" \/>\n<script type=\"application\/ld+json\" class=\"yoast-schema-graph\">{\"@context\":\"https:\/\/schema.org\",\"@graph\":[{\"@type\":\"Article\",\"@id\":\"https:\/\/www.guineeline.net\/index.php\/2022\/12\/08\/decret-le-colonel-mamadi-doumbouya-fixe-les-attributions-du-centre-national-dorthopedie\/#article\",\"isPartOf\":{\"@id\":\"https:\/\/www.guineeline.net\/index.php\/2022\/12\/08\/decret-le-colonel-mamadi-doumbouya-fixe-les-attributions-du-centre-national-dorthopedie\/\"},\"author\":{\"name\":\"Guineeline\",\"@id\":\"https:\/\/www.guineeline.net\/#\/schema\/person\/f5914e0a4c56cc8f4aa0922cc547a390\"},\"headline\":\"Decret: le Colonel Mamadi Doumbouya fixe les attributions du Centre national d\u2019orthop\u00e9die\",\"datePublished\":\"2022-12-08T08:50:06+00:00\",\"mainEntityOfPage\":{\"@id\":\"https:\/\/www.guineeline.net\/index.php\/2022\/12\/08\/decret-le-colonel-mamadi-doumbouya-fixe-les-attributions-du-centre-national-dorthopedie\/\"},\"wordCount\":439,\"commentCount\":0,\"image\":{\"@id\":\"https:\/\/www.guineeline.net\/index.php\/2022\/12\/08\/decret-le-colonel-mamadi-doumbouya-fixe-les-attributions-du-centre-national-dorthopedie\/#primaryimage\"},\"thumbnailUrl\":\"https:\/\/www.guineeline.net\/wp-content\/uploads\/2022\/12\/Mamadi-Doumbouya-8.jpg\",\"articleSection\":[\"Actualit\u00e9s\"],\"inLanguage\":\"fr-FR\",\"potentialAction\":[{\"@type\":\"CommentAction\",\"name\":\"Comment\",\"target\":[\"https:\/\/www.guineeline.net\/index.php\/2022\/12\/08\/decret-le-colonel-mamadi-doumbouya-fixe-les-attributions-du-centre-national-dorthopedie\/#respond\"]}]},{\"@type\":\"WebPage\",\"@id\":\"https:\/\/www.guineeline.net\/index.php\/2022\/12\/08\/decret-le-colonel-mamadi-doumbouya-fixe-les-attributions-du-centre-national-dorthopedie\/\",\"url\":\"https:\/\/www.guineeline.net\/index.php\/2022\/12\/08\/decret-le-colonel-mamadi-doumbouya-fixe-les-attributions-du-centre-national-dorthopedie\/\",\"name\":\"Decret: le Colonel Mamadi Doumbouya fixe les attributions du Centre national d\u2019orthop\u00e9die - Guineeline\",\"isPartOf\":{\"@id\":\"https:\/\/www.guineeline.net\/#website\"},\"primaryImageOfPage\":{\"@id\":\"https:\/\/www.guineeline.net\/index.php\/2022\/12\/08\/decret-le-colonel-mamadi-doumbouya-fixe-les-attributions-du-centre-national-dorthopedie\/#primaryimage\"},\"image\":{\"@id\":\"https:\/\/www.guineeline.net\/index.php\/2022\/12\/08\/decret-le-colonel-mamadi-doumbouya-fixe-les-attributions-du-centre-national-dorthopedie\/#primaryimage\"},\"thumbnailUrl\":\"https:\/\/www.guineeline.net\/wp-content\/uploads\/2022\/12\/Mamadi-Doumbouya-8.jpg\",\"datePublished\":\"2022-12-08T08:50:06+00:00\",\"author\":{\"@id\":\"https:\/\/www.guineeline.net\/#\/schema\/person\/f5914e0a4c56cc8f4aa0922cc547a390\"},\"breadcrumb\":{\"@id\":\"https:\/\/www.guineeline.net\/index.php\/2022\/12\/08\/decret-le-colonel-mamadi-doumbouya-fixe-les-attributions-du-centre-national-dorthopedie\/#breadcrumb\"},\"inLanguage\":\"fr-FR\",\"potentialAction\":[{\"@type\":\"ReadAction\",\"target\":[\"https:\/\/www.guineeline.net\/index.php\/2022\/12\/08\/decret-le-colonel-mamadi-doumbouya-fixe-les-attributions-du-centre-national-dorthopedie\/\"]}]},{\"@type\":\"ImageObject\",\"inLanguage\":\"fr-FR\",\"@id\":\"https:\/\/www.guineeline.net\/index.php\/2022\/12\/08\/decret-le-colonel-mamadi-doumbouya-fixe-les-attributions-du-centre-national-dorthopedie\/#primaryimage\",\"url\":\"https:\/\/www.guineeline.net\/wp-content\/uploads\/2022\/12\/Mamadi-Doumbouya-8.jpg\",\"contentUrl\":\"https:\/\/www.guineeline.net\/wp-content\/uploads\/2022\/12\/Mamadi-Doumbouya-8.jpg\",\"width\":700,\"height\":439},{\"@type\":\"BreadcrumbList\",\"@id\":\"https:\/\/www.guineeline.net\/index.php\/2022\/12\/08\/decret-le-colonel-mamadi-doumbouya-fixe-les-attributions-du-centre-national-dorthopedie\/#breadcrumb\",\"itemListElement\":[{\"@type\":\"ListItem\",\"position\":1,\"name\":\"Accueil\",\"item\":\"https:\/\/www.guineeline.net\/\"},{\"@type\":\"ListItem\",\"position\":2,\"name\":\"Decret: le Colonel Mamadi Doumbouya fixe les attributions du Centre national d\u2019orthop\u00e9die\"}]},{\"@type\":\"WebSite\",\"@id\":\"https:\/\/www.guineeline.net\/#website\",\"url\":\"https:\/\/www.guineeline.net\/\",\"name\":\"Guineeline\",\"description\":\"L&#039;information en un clic\",\"potentialAction\":[{\"@type\":\"SearchAction\",\"target\":{\"@type\":\"EntryPoint\",\"urlTemplate\":\"https:\/\/www.guineeline.net\/?s={search_term_string}\"},\"query-input\":{\"@type\":\"PropertyValueSpecification\",\"valueRequired\":true,\"valueName\":\"search_term_string\"}}],\"inLanguage\":\"fr-FR\"},{\"@type\":\"Person\",\"@id\":\"https:\/\/www.guineeline.net\/#\/schema\/person\/f5914e0a4c56cc8f4aa0922cc547a390\",\"name\":\"Guineeline\",\"image\":{\"@type\":\"ImageObject\",\"inLanguage\":\"fr-FR\",\"@id\":\"https:\/\/www.guineeline.net\/#\/schema\/person\/image\/\",\"url\":\"https:\/\/secure.gravatar.com\/avatar\/432ce140236c408fa05ea28acd193ba03163acdd0efbe444c1c44957b8a29a2a?s=96&d=mm&r=g\",\"contentUrl\":\"https:\/\/secure.gravatar.com\/avatar\/432ce140236c408fa05ea28acd193ba03163acdd0efbe444c1c44957b8a29a2a?s=96&d=mm&r=g\",\"caption\":\"Guineeline\"},\"url\":\"https:\/\/www.guineeline.net\/index.php\/author\/admin\/\"}]}<\/script>\n<!-- \/ Yoast SEO plugin. -->","yoast_head_json":{"title":"Decret: le Colonel Mamadi Doumbouya fixe les attributions du Centre national d\u2019orthop\u00e9die - Guineeline","robots":{"index":"index","follow":"follow","max-snippet":"max-snippet:-1","max-image-preview":"max-image-preview:large","max-video-preview":"max-video-preview:-1"},"canonical":"https:\/\/www.guineeline.net\/index.php\/2022\/12\/08\/decret-le-colonel-mamadi-doumbouya-fixe-les-attributions-du-centre-national-dorthopedie\/","og_locale":"fr_FR","og_type":"article","og_title":"Decret: le Colonel Mamadi Doumbouya fixe les attributions du Centre national d\u2019orthop\u00e9die - Guineeline","og_description":"C\u2019est une bonne nouvelle pour les personnes vivant avec un handicap dont\u00a0la journ\u00e9e internationale a \u00e9t\u00e9 c\u00e9l\u00e9br\u00e9e mercredi 07 d\u00e9cembre 2022. En effet\u00a0dans un d\u00e9cret pris ce mercredi, le colonel Mamady Doumbouya a fix\u00e9\u00a0les attributions et fonctionnement du Centre national d\u2019orthop\u00e9die sis \u00e0 Donka. \u2013\u00a0Dispositions g\u00e9n\u00e9rales Le centre national d\u2019orthop\u00e9die, en abr\u00e9g\u00e9 CNO, est un [&hellip;]","og_url":"https:\/\/www.guineeline.net\/index.php\/2022\/12\/08\/decret-le-colonel-mamadi-doumbouya-fixe-les-attributions-du-centre-national-dorthopedie\/","og_site_name":"Guineeline","article_published_time":"2022-12-08T08:50:06+00:00","og_image":[{"width":700,"height":439,"url":"https:\/\/www.guineeline.net\/wp-content\/uploads\/2022\/12\/Mamadi-Doumbouya-8.jpg","type":"image\/jpeg"}],"author":"Guineeline","twitter_card":"summary_large_image","twitter_misc":{"\u00c9crit par":"Guineeline","Dur\u00e9e de lecture estim\u00e9e":"2 minutes"},"schema":{"@context":"https:\/\/schema.org","@graph":[{"@type":"Article","@id":"https:\/\/www.guineeline.net\/index.php\/2022\/12\/08\/decret-le-colonel-mamadi-doumbouya-fixe-les-attributions-du-centre-national-dorthopedie\/#article","isPartOf":{"@id":"https:\/\/www.guineeline.net\/index.php\/2022\/12\/08\/decret-le-colonel-mamadi-doumbouya-fixe-les-attributions-du-centre-national-dorthopedie\/"},"author":{"name":"Guineeline","@id":"https:\/\/www.guineeline.net\/#\/schema\/person\/f5914e0a4c56cc8f4aa0922cc547a390"},"headline":"Decret: le Colonel Mamadi Doumbouya fixe les attributions du Centre national d\u2019orthop\u00e9die","datePublished":"2022-12-08T08:50:06+00:00","mainEntityOfPage":{"@id":"https:\/\/www.guineeline.net\/index.php\/2022\/12\/08\/decret-le-colonel-mamadi-doumbouya-fixe-les-attributions-du-centre-national-dorthopedie\/"},"wordCount":439,"commentCount":0,"image":{"@id":"https:\/\/www.guineeline.net\/index.php\/2022\/12\/08\/decret-le-colonel-mamadi-doumbouya-fixe-les-attributions-du-centre-national-dorthopedie\/#primaryimage"},"thumbnailUrl":"https:\/\/www.guineeline.net\/wp-content\/uploads\/2022\/12\/Mamadi-Doumbouya-8.jpg","articleSection":["Actualit\u00e9s"],"inLanguage":"fr-FR","potentialAction":[{"@type":"CommentAction","name":"Comment","target":["https:\/\/www.guineeline.net\/index.php\/2022\/12\/08\/decret-le-colonel-mamadi-doumbouya-fixe-les-attributions-du-centre-national-dorthopedie\/#respond"]}]},{"@type":"WebPage","@id":"https:\/\/www.guineeline.net\/index.php\/2022\/12\/08\/decret-le-colonel-mamadi-doumbouya-fixe-les-attributions-du-centre-national-dorthopedie\/","url":"https:\/\/www.guineeline.net\/index.php\/2022\/12\/08\/decret-le-colonel-mamadi-doumbouya-fixe-les-attributions-du-centre-national-dorthopedie\/","name":"Decret: le Colonel Mamadi Doumbouya fixe les attributions du Centre national d\u2019orthop\u00e9die - Guineeline","isPartOf":{"@id":"https:\/\/www.guineeline.net\/#website"},"primaryImageOfPage":{"@id":"https:\/\/www.guineeline.net\/index.php\/2022\/12\/08\/decret-le-colonel-mamadi-doumbouya-fixe-les-attributions-du-centre-national-dorthopedie\/#primaryimage"},"image":{"@id":"https:\/\/www.guineeline.net\/index.php\/2022\/12\/08\/decret-le-colonel-mamadi-doumbouya-fixe-les-attributions-du-centre-national-dorthopedie\/#primaryimage"},"thumbnailUrl":"https:\/\/www.guineeline.net\/wp-content\/uploads\/2022\/12\/Mamadi-Doumbouya-8.jpg","datePublished":"2022-12-08T08:50:06+00:00","author":{"@id":"https:\/\/www.guineeline.net\/#\/schema\/person\/f5914e0a4c56cc8f4aa0922cc547a390"},"breadcrumb":{"@id":"https:\/\/www.guineeline.net\/index.php\/2022\/12\/08\/decret-le-colonel-mamadi-doumbouya-fixe-les-attributions-du-centre-national-dorthopedie\/#breadcrumb"},"inLanguage":"fr-FR","potentialAction":[{"@type":"ReadAction","target":["https:\/\/www.guineeline.net\/index.php\/2022\/12\/08\/decret-le-colonel-mamadi-doumbouya-fixe-les-attributions-du-centre-national-dorthopedie\/"]}]},{"@type":"ImageObject","inLanguage":"fr-FR","@id":"https:\/\/www.guineeline.net\/index.php\/2022\/12\/08\/decret-le-colonel-mamadi-doumbouya-fixe-les-attributions-du-centre-national-dorthopedie\/#primaryimage","url":"https:\/\/www.guineeline.net\/wp-content\/uploads\/2022\/12\/Mamadi-Doumbouya-8.jpg","contentUrl":"https:\/\/www.guineeline.net\/wp-content\/uploads\/2022\/12\/Mamadi-Doumbouya-8.jpg","width":700,"height":439},{"@type":"BreadcrumbList","@id":"https:\/\/www.guineeline.net\/index.php\/2022\/12\/08\/decret-le-colonel-mamadi-doumbouya-fixe-les-attributions-du-centre-national-dorthopedie\/#breadcrumb","itemListElement":[{"@type":"ListItem","position":1,"name":"Accueil","item":"https:\/\/www.guineeline.net\/"},{"@type":"ListItem","position":2,"name":"Decret: le Colonel Mamadi Doumbouya fixe les attributions du Centre national d\u2019orthop\u00e9die"}]},{"@type":"WebSite","@id":"https:\/\/www.guineeline.net\/#website","url":"https:\/\/www.guineeline.net\/","name":"Guineeline","description":"L&#039;information en un clic","potentialAction":[{"@type":"SearchAction","target":{"@type":"EntryPoint","urlTemplate":"https:\/\/www.guineeline.net\/?s={search_term_string}"},"query-input":{"@type":"PropertyValueSpecification","valueRequired":true,"valueName":"search_term_string"}}],"inLanguage":"fr-FR"},{"@type":"Person","@id":"https:\/\/www.guineeline.net\/#\/schema\/person\/f5914e0a4c56cc8f4aa0922cc547a390","name":"Guineeline","image":{"@type":"ImageObject","inLanguage":"fr-FR","@id":"https:\/\/www.guineeline.net\/#\/schema\/person\/image\/","url":"https:\/\/secure.gravatar.com\/avatar\/432ce140236c408fa05ea28acd193ba03163acdd0efbe444c1c44957b8a29a2a?s=96&d=mm&r=g","contentUrl":"https:\/\/secure.gravatar.com\/avatar\/432ce140236c408fa05ea28acd193ba03163acdd0efbe444c1c44957b8a29a2a?s=96&d=mm&r=g","caption":"Guineeline"},"url":"https:\/\/www.guineeline.net\/index.php\/author\/admin\/"}]}},"_links":{"self":[{"href":"https:\/\/www.guineeline.net\/index.php\/wp-json\/wp\/v2\/posts\/1094","targetHints":{"allow":["GET"]}}],"collection":[{"href":"https:\/\/www.guineeline.net\/index.php\/wp-json\/wp\/v2\/posts"}],"about":[{"href":"https:\/\/www.guineeline.net\/index.php\/wp-json\/wp\/v2\/types\/post"}],"author":[{"embeddable":true,"href":"https:\/\/www.guineeline.net\/index.php\/wp-json\/wp\/v2\/users\/3"}],"replies":[{"embeddable":true,"href":"https:\/\/www.guineeline.net\/index.php\/wp-json\/wp\/v2\/comments?post=1094"}],"version-history":[{"count":1,"href":"https:\/\/www.guineeline.net\/index.php\/wp-json\/wp\/v2\/posts\/1094\/revisions"}],"predecessor-version":[{"id":1096,"href":"https:\/\/www.guineeline.net\/index.php\/wp-json\/wp\/v2\/posts\/1094\/revisions\/1096"}],"wp:featuredmedia":[{"embeddable":true,"href":"https:\/\/www.guineeline.net\/index.php\/wp-json\/wp\/v2\/media\/1095"}],"wp:attachment":[{"href":"https:\/\/www.guineeline.net\/index.php\/wp-json\/wp\/v2\/media?parent=1094"}],"wp:term":[{"taxonomy":"category","embeddable":true,"href":"https:\/\/www.guineeline.net\/index.php\/wp-json\/wp\/v2\/categories?post=1094"},{"taxonomy":"post_tag","embeddable":true,"href":"https:\/\/www.guineeline.net\/index.php\/wp-json\/wp\/v2\/tags?post=1094"}],"curies":[{"name":"wp","href":"https:\/\/api.w.org\/{rel}","templated":true}]}}