{"id":1092,"date":"2022-12-08T09:41:12","date_gmt":"2022-12-08T08:41:12","guid":{"rendered":"https:\/\/www.guineeline.net\/?p=1092"},"modified":"2022-12-08T09:41:12","modified_gmt":"2022-12-08T08:41:12","slug":"decret-creation-dun-observatoire-national-de-protection-sociale-et-des-vbg","status":"publish","type":"post","link":"https:\/\/www.guineeline.net\/index.php\/2022\/12\/08\/decret-creation-dun-observatoire-national-de-protection-sociale-et-des-vbg\/","title":{"rendered":"D\u00e9cret: cr\u00e9ation d\u2019un observatoire national de protection sociale et des VBG"},"content":{"rendered":"<div dir=\"auto\">Dans un d\u00e9cret pris ce mercredi, le pr\u00e9sident de la transition a mis en place les attributions de observatoire national de protection sociale et des violences bas\u00e9es sur le genre (VBG) en faveur des personnes vuln\u00e9rables.<\/div>\n<div dir=\"auto\"><\/div>\n<div dir=\"auto\"><strong>Dispositions g\u00e9n\u00e9rales\u00a0<\/strong><\/div>\n<div dir=\"auto\"><\/div>\n<div dir=\"auto\">L\u2019observatoire national de protection sociale et de VBG est un \u00e9tablissement public \u00e0 caract\u00e8re administratif dot\u00e9 de la personnalit\u00e9 juridique, jouissant de l\u2019autonomie financi\u00e8re et de gestion. Il est plac\u00e9 sous la tutelle technique du minist\u00e8re de la Promotion f\u00e9minine et des personnes vuln\u00e9rables et sous la tutelle financi\u00e8re du minist\u00e8re de l\u2019Economie et des Finances. Il est de niveau hi\u00e9rarchie \u00e9quivalent \u00e0 celui d\u2019une direction de l\u2019administration centrale.<\/div>\n<div dir=\"auto\"><\/div>\n<div dir=\"auto\"><strong>Missions et Attributions<\/strong><\/div>\n<div dir=\"auto\"><\/div>\n<div dir=\"auto\">L\u2019observatoire national de protection sociale et des VBG a pour mission de recueillir et d\u2019analyser les donn\u00e9es dans le domaine de la protection sociale et des VBG. Il assure, en collaboration avec le comit\u00e9 national de la protection sociale et le comit\u00e9 national de l\u2019\u00e9limination de toutes les formes de discrimination \u00e0 l\u2019\u00e9gard de la femme, le suivi et l\u2019\u00e9valuation de la mise en \u0153uvre de la politique nationale de protection sociale et celle du genre ainsi que de diagnostiquer l\u2019impact. A ce titre, il est charg\u00e9 de collecter des informations relatives aux situations de pauvret\u00e9, de pr\u00e9carit\u00e9, d\u2019exclusion, d\u2019indigence, de sinistre et de catastrophe, de servir de syst\u00e8me de veille d\u2019alerte pour les d\u00e9cideurs politiques, partenaires et acteurs intervenants dans le domaine de la protection sociale et des VBG. $<\/div>\n<div dir=\"auto\">D\u2019\u00e9tudier les positions de d\u00e9veloppement des capacit\u00e9s de r\u00e9silience des populations face aux risques exog\u00e8nes<\/div>\n<div dir=\"auto\">De contribuer \u00e0 l\u2019am\u00e9lioration de l\u2019acc\u00e8s des groupes vuln\u00e9rables aux services sociaux de base.<\/div>\n<div dir=\"auto\"><\/div>\n<div dir=\"auto\"><strong>Dispositions finales\u00a0<\/strong><\/div>\n<div dir=\"auto\"><\/div>\n<div dir=\"auto\">Les d\u00e9tails de l\u2019organisation et du mode de fonctionnement de cet observatoire sont d\u00e9termin\u00e9s par le directeur g\u00e9n\u00e9ral apr\u00e8s avis du conseil d\u2019administration.<\/div>\n<div dir=\"auto\"><\/div>\n<div dir=\"auto\">Karim Camara<\/div>\n","protected":false},"excerpt":{"rendered":"<p>Dans un d\u00e9cret pris ce mercredi, le pr\u00e9sident de la transition a mis en place les attributions de observatoire national de protection sociale et des violences bas\u00e9es sur le genre (VBG) en faveur des personnes vuln\u00e9rables. Dispositions g\u00e9n\u00e9rales\u00a0 L\u2019observatoire national de protection sociale et de VBG est un \u00e9tablissement public \u00e0 caract\u00e8re administratif dot\u00e9 de [&hellip;]<\/p>\n","protected":false},"author":3,"featured_media":932,"comment_status":"open","ping_status":"open","sticky":false,"template":"","format":"standard","meta":{"jnews-multi-image_gallery":[],"jnews_single_post":{"subtitle":"","format":"standard","video":"","gallery":"","source_name":"","source_url":"","via_name":"","via_url":"","override":[{"single_blog_custom":"","sidebar":"","second_sidebar":"","share_position":"","share_float_style":"","post_date_format":"","post_date_format_custom":"","number_popup_post":"1"}],"image_override":[{"single_post_thumbnail_size":"","single_post_gallery_size":""}],"trending_post_position":"","trending_post_label":""},"jnews_primary_category":{"id":""},"jnews_override_counter":{"view_counter_number":"0","share_counter_number":"0","like_counter_number":"0","dislike_counter_number":"0"},"footnotes":""},"categories":[2],"tags":[],"class_list":["post-1092","post","type-post","status-publish","format-standard","has-post-thumbnail","hentry","category-actualites"],"yoast_head":"<!-- This site is optimized with the Yoast SEO plugin v26.9 - https:\/\/yoast.com\/product\/yoast-seo-wordpress\/ -->\n<title>D\u00e9cret: cr\u00e9ation d\u2019un observatoire national de protection sociale et des VBG - Guineeline<\/title>\n<meta name=\"robots\" content=\"index, follow, max-snippet:-1, max-image-preview:large, max-video-preview:-1\" \/>\n<link rel=\"canonical\" href=\"https:\/\/www.guineeline.net\/index.php\/2022\/12\/08\/decret-creation-dun-observatoire-national-de-protection-sociale-et-des-vbg\/\" \/>\n<meta property=\"og:locale\" content=\"fr_FR\" \/>\n<meta property=\"og:type\" content=\"article\" \/>\n<meta property=\"og:title\" content=\"D\u00e9cret: cr\u00e9ation d\u2019un observatoire national de protection sociale et des VBG - Guineeline\" \/>\n<meta property=\"og:description\" content=\"Dans un d\u00e9cret pris ce mercredi, le pr\u00e9sident de la transition a mis en place les attributions de observatoire national de protection sociale et des violences bas\u00e9es sur le genre (VBG) en faveur des personnes vuln\u00e9rables. Dispositions g\u00e9n\u00e9rales\u00a0 L\u2019observatoire national de protection sociale et de VBG est un \u00e9tablissement public \u00e0 caract\u00e8re administratif dot\u00e9 de [&hellip;]\" \/>\n<meta property=\"og:url\" content=\"https:\/\/www.guineeline.net\/index.php\/2022\/12\/08\/decret-creation-dun-observatoire-national-de-protection-sociale-et-des-vbg\/\" \/>\n<meta property=\"og:site_name\" content=\"Guineeline\" \/>\n<meta property=\"article:published_time\" content=\"2022-12-08T08:41:12+00:00\" \/>\n<meta property=\"og:image\" content=\"https:\/\/www.guineeline.net\/wp-content\/uploads\/2022\/11\/doumbouya-ok-696x392-1.jpg\" \/>\n\t<meta property=\"og:image:width\" content=\"696\" \/>\n\t<meta property=\"og:image:height\" content=\"392\" \/>\n\t<meta property=\"og:image:type\" content=\"image\/jpeg\" \/>\n<meta name=\"author\" content=\"Guineeline\" \/>\n<meta name=\"twitter:card\" content=\"summary_large_image\" \/>\n<meta name=\"twitter:label1\" content=\"\u00c9crit par\" \/>\n\t<meta name=\"twitter:data1\" content=\"Guineeline\" \/>\n\t<meta name=\"twitter:label2\" content=\"Dur\u00e9e de lecture estim\u00e9e\" \/>\n\t<meta name=\"twitter:data2\" content=\"2 minutes\" \/>\n<script type=\"application\/ld+json\" class=\"yoast-schema-graph\">{\"@context\":\"https:\/\/schema.org\",\"@graph\":[{\"@type\":\"Article\",\"@id\":\"https:\/\/www.guineeline.net\/index.php\/2022\/12\/08\/decret-creation-dun-observatoire-national-de-protection-sociale-et-des-vbg\/#article\",\"isPartOf\":{\"@id\":\"https:\/\/www.guineeline.net\/index.php\/2022\/12\/08\/decret-creation-dun-observatoire-national-de-protection-sociale-et-des-vbg\/\"},\"author\":{\"name\":\"Guineeline\",\"@id\":\"https:\/\/www.guineeline.net\/#\/schema\/person\/f5914e0a4c56cc8f4aa0922cc547a390\"},\"headline\":\"D\u00e9cret: cr\u00e9ation d\u2019un observatoire national de protection sociale et des VBG\",\"datePublished\":\"2022-12-08T08:41:12+00:00\",\"mainEntityOfPage\":{\"@id\":\"https:\/\/www.guineeline.net\/index.php\/2022\/12\/08\/decret-creation-dun-observatoire-national-de-protection-sociale-et-des-vbg\/\"},\"wordCount\":356,\"commentCount\":0,\"image\":{\"@id\":\"https:\/\/www.guineeline.net\/index.php\/2022\/12\/08\/decret-creation-dun-observatoire-national-de-protection-sociale-et-des-vbg\/#primaryimage\"},\"thumbnailUrl\":\"https:\/\/www.guineeline.net\/wp-content\/uploads\/2022\/11\/doumbouya-ok-696x392-1.jpg\",\"articleSection\":[\"Actualit\u00e9s\"],\"inLanguage\":\"fr-FR\",\"potentialAction\":[{\"@type\":\"CommentAction\",\"name\":\"Comment\",\"target\":[\"https:\/\/www.guineeline.net\/index.php\/2022\/12\/08\/decret-creation-dun-observatoire-national-de-protection-sociale-et-des-vbg\/#respond\"]}]},{\"@type\":\"WebPage\",\"@id\":\"https:\/\/www.guineeline.net\/index.php\/2022\/12\/08\/decret-creation-dun-observatoire-national-de-protection-sociale-et-des-vbg\/\",\"url\":\"https:\/\/www.guineeline.net\/index.php\/2022\/12\/08\/decret-creation-dun-observatoire-national-de-protection-sociale-et-des-vbg\/\",\"name\":\"D\u00e9cret: cr\u00e9ation d\u2019un observatoire national de protection sociale et des VBG - Guineeline\",\"isPartOf\":{\"@id\":\"https:\/\/www.guineeline.net\/#website\"},\"primaryImageOfPage\":{\"@id\":\"https:\/\/www.guineeline.net\/index.php\/2022\/12\/08\/decret-creation-dun-observatoire-national-de-protection-sociale-et-des-vbg\/#primaryimage\"},\"image\":{\"@id\":\"https:\/\/www.guineeline.net\/index.php\/2022\/12\/08\/decret-creation-dun-observatoire-national-de-protection-sociale-et-des-vbg\/#primaryimage\"},\"thumbnailUrl\":\"https:\/\/www.guineeline.net\/wp-content\/uploads\/2022\/11\/doumbouya-ok-696x392-1.jpg\",\"datePublished\":\"2022-12-08T08:41:12+00:00\",\"author\":{\"@id\":\"https:\/\/www.guineeline.net\/#\/schema\/person\/f5914e0a4c56cc8f4aa0922cc547a390\"},\"breadcrumb\":{\"@id\":\"https:\/\/www.guineeline.net\/index.php\/2022\/12\/08\/decret-creation-dun-observatoire-national-de-protection-sociale-et-des-vbg\/#breadcrumb\"},\"inLanguage\":\"fr-FR\",\"potentialAction\":[{\"@type\":\"ReadAction\",\"target\":[\"https:\/\/www.guineeline.net\/index.php\/2022\/12\/08\/decret-creation-dun-observatoire-national-de-protection-sociale-et-des-vbg\/\"]}]},{\"@type\":\"ImageObject\",\"inLanguage\":\"fr-FR\",\"@id\":\"https:\/\/www.guineeline.net\/index.php\/2022\/12\/08\/decret-creation-dun-observatoire-national-de-protection-sociale-et-des-vbg\/#primaryimage\",\"url\":\"https:\/\/www.guineeline.net\/wp-content\/uploads\/2022\/11\/doumbouya-ok-696x392-1.jpg\",\"contentUrl\":\"https:\/\/www.guineeline.net\/wp-content\/uploads\/2022\/11\/doumbouya-ok-696x392-1.jpg\",\"width\":696,\"height\":392},{\"@type\":\"BreadcrumbList\",\"@id\":\"https:\/\/www.guineeline.net\/index.php\/2022\/12\/08\/decret-creation-dun-observatoire-national-de-protection-sociale-et-des-vbg\/#breadcrumb\",\"itemListElement\":[{\"@type\":\"ListItem\",\"position\":1,\"name\":\"Accueil\",\"item\":\"https:\/\/www.guineeline.net\/\"},{\"@type\":\"ListItem\",\"position\":2,\"name\":\"D\u00e9cret: cr\u00e9ation d\u2019un observatoire national de protection sociale et des VBG\"}]},{\"@type\":\"WebSite\",\"@id\":\"https:\/\/www.guineeline.net\/#website\",\"url\":\"https:\/\/www.guineeline.net\/\",\"name\":\"Guineeline\",\"description\":\"L&#039;information en un clic\",\"potentialAction\":[{\"@type\":\"SearchAction\",\"target\":{\"@type\":\"EntryPoint\",\"urlTemplate\":\"https:\/\/www.guineeline.net\/?s={search_term_string}\"},\"query-input\":{\"@type\":\"PropertyValueSpecification\",\"valueRequired\":true,\"valueName\":\"search_term_string\"}}],\"inLanguage\":\"fr-FR\"},{\"@type\":\"Person\",\"@id\":\"https:\/\/www.guineeline.net\/#\/schema\/person\/f5914e0a4c56cc8f4aa0922cc547a390\",\"name\":\"Guineeline\",\"image\":{\"@type\":\"ImageObject\",\"inLanguage\":\"fr-FR\",\"@id\":\"https:\/\/www.guineeline.net\/#\/schema\/person\/image\/\",\"url\":\"https:\/\/secure.gravatar.com\/avatar\/432ce140236c408fa05ea28acd193ba03163acdd0efbe444c1c44957b8a29a2a?s=96&d=mm&r=g\",\"contentUrl\":\"https:\/\/secure.gravatar.com\/avatar\/432ce140236c408fa05ea28acd193ba03163acdd0efbe444c1c44957b8a29a2a?s=96&d=mm&r=g\",\"caption\":\"Guineeline\"},\"url\":\"https:\/\/www.guineeline.net\/index.php\/author\/admin\/\"}]}<\/script>\n<!-- \/ Yoast SEO plugin. -->","yoast_head_json":{"title":"D\u00e9cret: cr\u00e9ation d\u2019un observatoire national de protection sociale et des VBG - Guineeline","robots":{"index":"index","follow":"follow","max-snippet":"max-snippet:-1","max-image-preview":"max-image-preview:large","max-video-preview":"max-video-preview:-1"},"canonical":"https:\/\/www.guineeline.net\/index.php\/2022\/12\/08\/decret-creation-dun-observatoire-national-de-protection-sociale-et-des-vbg\/","og_locale":"fr_FR","og_type":"article","og_title":"D\u00e9cret: cr\u00e9ation d\u2019un observatoire national de protection sociale et des VBG - Guineeline","og_description":"Dans un d\u00e9cret pris ce mercredi, le pr\u00e9sident de la transition a mis en place les attributions de observatoire national de protection sociale et des violences bas\u00e9es sur le genre (VBG) en faveur des personnes vuln\u00e9rables. Dispositions g\u00e9n\u00e9rales\u00a0 L\u2019observatoire national de protection sociale et de VBG est un \u00e9tablissement public \u00e0 caract\u00e8re administratif dot\u00e9 de [&hellip;]","og_url":"https:\/\/www.guineeline.net\/index.php\/2022\/12\/08\/decret-creation-dun-observatoire-national-de-protection-sociale-et-des-vbg\/","og_site_name":"Guineeline","article_published_time":"2022-12-08T08:41:12+00:00","og_image":[{"width":696,"height":392,"url":"https:\/\/www.guineeline.net\/wp-content\/uploads\/2022\/11\/doumbouya-ok-696x392-1.jpg","type":"image\/jpeg"}],"author":"Guineeline","twitter_card":"summary_large_image","twitter_misc":{"\u00c9crit par":"Guineeline","Dur\u00e9e de lecture estim\u00e9e":"2 minutes"},"schema":{"@context":"https:\/\/schema.org","@graph":[{"@type":"Article","@id":"https:\/\/www.guineeline.net\/index.php\/2022\/12\/08\/decret-creation-dun-observatoire-national-de-protection-sociale-et-des-vbg\/#article","isPartOf":{"@id":"https:\/\/www.guineeline.net\/index.php\/2022\/12\/08\/decret-creation-dun-observatoire-national-de-protection-sociale-et-des-vbg\/"},"author":{"name":"Guineeline","@id":"https:\/\/www.guineeline.net\/#\/schema\/person\/f5914e0a4c56cc8f4aa0922cc547a390"},"headline":"D\u00e9cret: cr\u00e9ation d\u2019un observatoire national de protection sociale et des VBG","datePublished":"2022-12-08T08:41:12+00:00","mainEntityOfPage":{"@id":"https:\/\/www.guineeline.net\/index.php\/2022\/12\/08\/decret-creation-dun-observatoire-national-de-protection-sociale-et-des-vbg\/"},"wordCount":356,"commentCount":0,"image":{"@id":"https:\/\/www.guineeline.net\/index.php\/2022\/12\/08\/decret-creation-dun-observatoire-national-de-protection-sociale-et-des-vbg\/#primaryimage"},"thumbnailUrl":"https:\/\/www.guineeline.net\/wp-content\/uploads\/2022\/11\/doumbouya-ok-696x392-1.jpg","articleSection":["Actualit\u00e9s"],"inLanguage":"fr-FR","potentialAction":[{"@type":"CommentAction","name":"Comment","target":["https:\/\/www.guineeline.net\/index.php\/2022\/12\/08\/decret-creation-dun-observatoire-national-de-protection-sociale-et-des-vbg\/#respond"]}]},{"@type":"WebPage","@id":"https:\/\/www.guineeline.net\/index.php\/2022\/12\/08\/decret-creation-dun-observatoire-national-de-protection-sociale-et-des-vbg\/","url":"https:\/\/www.guineeline.net\/index.php\/2022\/12\/08\/decret-creation-dun-observatoire-national-de-protection-sociale-et-des-vbg\/","name":"D\u00e9cret: cr\u00e9ation d\u2019un observatoire national de protection sociale et des VBG - Guineeline","isPartOf":{"@id":"https:\/\/www.guineeline.net\/#website"},"primaryImageOfPage":{"@id":"https:\/\/www.guineeline.net\/index.php\/2022\/12\/08\/decret-creation-dun-observatoire-national-de-protection-sociale-et-des-vbg\/#primaryimage"},"image":{"@id":"https:\/\/www.guineeline.net\/index.php\/2022\/12\/08\/decret-creation-dun-observatoire-national-de-protection-sociale-et-des-vbg\/#primaryimage"},"thumbnailUrl":"https:\/\/www.guineeline.net\/wp-content\/uploads\/2022\/11\/doumbouya-ok-696x392-1.jpg","datePublished":"2022-12-08T08:41:12+00:00","author":{"@id":"https:\/\/www.guineeline.net\/#\/schema\/person\/f5914e0a4c56cc8f4aa0922cc547a390"},"breadcrumb":{"@id":"https:\/\/www.guineeline.net\/index.php\/2022\/12\/08\/decret-creation-dun-observatoire-national-de-protection-sociale-et-des-vbg\/#breadcrumb"},"inLanguage":"fr-FR","potentialAction":[{"@type":"ReadAction","target":["https:\/\/www.guineeline.net\/index.php\/2022\/12\/08\/decret-creation-dun-observatoire-national-de-protection-sociale-et-des-vbg\/"]}]},{"@type":"ImageObject","inLanguage":"fr-FR","@id":"https:\/\/www.guineeline.net\/index.php\/2022\/12\/08\/decret-creation-dun-observatoire-national-de-protection-sociale-et-des-vbg\/#primaryimage","url":"https:\/\/www.guineeline.net\/wp-content\/uploads\/2022\/11\/doumbouya-ok-696x392-1.jpg","contentUrl":"https:\/\/www.guineeline.net\/wp-content\/uploads\/2022\/11\/doumbouya-ok-696x392-1.jpg","width":696,"height":392},{"@type":"BreadcrumbList","@id":"https:\/\/www.guineeline.net\/index.php\/2022\/12\/08\/decret-creation-dun-observatoire-national-de-protection-sociale-et-des-vbg\/#breadcrumb","itemListElement":[{"@type":"ListItem","position":1,"name":"Accueil","item":"https:\/\/www.guineeline.net\/"},{"@type":"ListItem","position":2,"name":"D\u00e9cret: cr\u00e9ation d\u2019un observatoire national de protection sociale et des VBG"}]},{"@type":"WebSite","@id":"https:\/\/www.guineeline.net\/#website","url":"https:\/\/www.guineeline.net\/","name":"Guineeline","description":"L&#039;information en un clic","potentialAction":[{"@type":"SearchAction","target":{"@type":"EntryPoint","urlTemplate":"https:\/\/www.guineeline.net\/?s={search_term_string}"},"query-input":{"@type":"PropertyValueSpecification","valueRequired":true,"valueName":"search_term_string"}}],"inLanguage":"fr-FR"},{"@type":"Person","@id":"https:\/\/www.guineeline.net\/#\/schema\/person\/f5914e0a4c56cc8f4aa0922cc547a390","name":"Guineeline","image":{"@type":"ImageObject","inLanguage":"fr-FR","@id":"https:\/\/www.guineeline.net\/#\/schema\/person\/image\/","url":"https:\/\/secure.gravatar.com\/avatar\/432ce140236c408fa05ea28acd193ba03163acdd0efbe444c1c44957b8a29a2a?s=96&d=mm&r=g","contentUrl":"https:\/\/secure.gravatar.com\/avatar\/432ce140236c408fa05ea28acd193ba03163acdd0efbe444c1c44957b8a29a2a?s=96&d=mm&r=g","caption":"Guineeline"},"url":"https:\/\/www.guineeline.net\/index.php\/author\/admin\/"}]}},"_links":{"self":[{"href":"https:\/\/www.guineeline.net\/index.php\/wp-json\/wp\/v2\/posts\/1092","targetHints":{"allow":["GET"]}}],"collection":[{"href":"https:\/\/www.guineeline.net\/index.php\/wp-json\/wp\/v2\/posts"}],"about":[{"href":"https:\/\/www.guineeline.net\/index.php\/wp-json\/wp\/v2\/types\/post"}],"author":[{"embeddable":true,"href":"https:\/\/www.guineeline.net\/index.php\/wp-json\/wp\/v2\/users\/3"}],"replies":[{"embeddable":true,"href":"https:\/\/www.guineeline.net\/index.php\/wp-json\/wp\/v2\/comments?post=1092"}],"version-history":[{"count":1,"href":"https:\/\/www.guineeline.net\/index.php\/wp-json\/wp\/v2\/posts\/1092\/revisions"}],"predecessor-version":[{"id":1093,"href":"https:\/\/www.guineeline.net\/index.php\/wp-json\/wp\/v2\/posts\/1092\/revisions\/1093"}],"wp:featuredmedia":[{"embeddable":true,"href":"https:\/\/www.guineeline.net\/index.php\/wp-json\/wp\/v2\/media\/932"}],"wp:attachment":[{"href":"https:\/\/www.guineeline.net\/index.php\/wp-json\/wp\/v2\/media?parent=1092"}],"wp:term":[{"taxonomy":"category","embeddable":true,"href":"https:\/\/www.guineeline.net\/index.php\/wp-json\/wp\/v2\/categories?post=1092"},{"taxonomy":"post_tag","embeddable":true,"href":"https:\/\/www.guineeline.net\/index.php\/wp-json\/wp\/v2\/tags?post=1092"}],"curies":[{"name":"wp","href":"https:\/\/api.w.org\/{rel}","templated":true}]}}