{"id":1076,"date":"2022-12-07T12:03:28","date_gmt":"2022-12-07T11:03:28","guid":{"rendered":"https:\/\/www.guineeline.net\/?p=1076"},"modified":"2022-12-07T18:55:33","modified_gmt":"2022-12-07T17:55:33","slug":"il-y-a-deux-interets-pour-un-journaliste-de-couvrir-une-cop","status":"publish","type":"post","link":"https:\/\/www.guineeline.net\/index.php\/2022\/12\/07\/il-y-a-deux-interets-pour-un-journaliste-de-couvrir-une-cop\/","title":{"rendered":"\u00ab\u00a0Il y a deux int\u00e9r\u00eats pour un journaliste de couvrir une COP\u00a0\u00bb dixit Idiatou Camara journaliste environnementaliste"},"content":{"rendered":"<p style=\"text-align: left;\"><strong>Prenant part \u00e0 une table ronde\u00a0<\/strong><strong>intitul\u00e9e \u00ab\u00a0comment couvrir les COP sur le climat ?<\/strong><strong> au s\u00e9minaire r\u00e9gional sur le lancement du projet Terra Africa, Idiatou Camara journaliste environnementaliste et administratrice du www.radioenvironnementguinee.org\u00a0\u00bb a focalis\u00e9 son intervention sur l&rsquo;int\u00e9r\u00eat pour un journaliste de couvrir une COP. Pour Mme Camara, l&rsquo;int\u00e9r\u00eat se situe \u00e0 deux niveaux. Le premier c&rsquo;est l&rsquo;aspect positif et le second c&rsquo;est l&rsquo;effort qu&rsquo;il faille fournir pour se faire une place et s&rsquo;y maintenir.<\/strong><\/p>\n<p style=\"text-align: left;\"><strong><em>\u00ab\u00a0<\/em><em>La premi\u00e8re partie c&rsquo;est l&rsquo;aspect positif. C&rsquo;est une exp\u00e9rience pour le journaliste qui couvre une COP. Il y a \u00e9galement les activit\u00e9s parall\u00e8les et le reseautage que le journaliste peut se faire. <\/em><\/strong><strong><em>La seconde partie o\u00f9 il faut faire beaucoup d&rsquo;efforts, c&rsquo;est la partie n\u00e9gociation. Il est tr\u00e8s difficile pour un journaliste d&rsquo;avoir acc\u00e8s \u00e0 une salle de discussion, tr\u00e8s difficile d&rsquo;avoir une source d&rsquo;information pendant le d\u00e9roulement. Ce sont les pays d\u00e9velopp\u00e9s qui ont beaucoup de moyens qui polluent beaucoup qui ont toujours le dernier mot. C&rsquo;est assez difficile de participer \u00e0 ces COP. L&rsquo;Etat Guin\u00e9en ne m&rsquo;a jamais soutenu, c&rsquo;est plut\u00f4t une institution qui m&rsquo;a envoy\u00e9 \u00e0 quatre COP.\u00a0\u00bb<\/em><\/strong><\/p>\n<p style=\"text-align: right;\">Bo\u00e8bo\u00e8 B\u00e9avogui<\/p>\n","protected":false},"excerpt":{"rendered":"<p>Prenant part \u00e0 une table ronde\u00a0intitul\u00e9e \u00ab\u00a0comment couvrir les COP sur le climat ? au s\u00e9minaire r\u00e9gional sur le lancement du projet Terra Africa, Idiatou Camara journaliste environnementaliste et administratrice du www.radioenvironnementguinee.org\u00a0\u00bb a focalis\u00e9 son intervention sur l&rsquo;int\u00e9r\u00eat pour un journaliste de couvrir une COP. Pour Mme Camara, l&rsquo;int\u00e9r\u00eat se situe \u00e0 deux niveaux. Le [&hellip;]<\/p>\n","protected":false},"author":3,"featured_media":1077,"comment_status":"open","ping_status":"open","sticky":false,"template":"","format":"standard","meta":{"jnews-multi-image_gallery":[],"jnews_single_post":{"subtitle":"","format":"standard","video":"","gallery":"","source_name":"","source_url":"","via_name":"","via_url":"","override":[{"single_blog_custom":"","sidebar":"","second_sidebar":"","share_position":"","share_float_style":"","post_date_format":"","post_date_format_custom":"","number_popup_post":"1"}],"image_override":[{"single_post_thumbnail_size":"","single_post_gallery_size":""}],"trending_post_position":"","trending_post_label":""},"jnews_primary_category":{"id":""},"jnews_override_counter":{"view_counter_number":"0","share_counter_number":"0","like_counter_number":"0","dislike_counter_number":"0"},"footnotes":""},"categories":[2],"tags":[],"class_list":["post-1076","post","type-post","status-publish","format-standard","has-post-thumbnail","hentry","category-actualites"],"yoast_head":"<!-- This site is optimized with the Yoast SEO plugin v26.9 - https:\/\/yoast.com\/product\/yoast-seo-wordpress\/ -->\n<title>&quot;Il y a deux int\u00e9r\u00eats pour un journaliste de couvrir une COP&quot; dixit Idiatou Camara journaliste environnementaliste - Guineeline<\/title>\n<meta name=\"robots\" content=\"index, follow, max-snippet:-1, max-image-preview:large, max-video-preview:-1\" \/>\n<link rel=\"canonical\" href=\"https:\/\/www.guineeline.net\/index.php\/2022\/12\/07\/il-y-a-deux-interets-pour-un-journaliste-de-couvrir-une-cop\/\" \/>\n<meta property=\"og:locale\" content=\"fr_FR\" \/>\n<meta property=\"og:type\" content=\"article\" \/>\n<meta property=\"og:title\" content=\"&quot;Il y a deux int\u00e9r\u00eats pour un journaliste de couvrir une COP&quot; dixit Idiatou Camara journaliste environnementaliste - Guineeline\" \/>\n<meta property=\"og:description\" content=\"Prenant part \u00e0 une table ronde\u00a0intitul\u00e9e \u00ab\u00a0comment couvrir les COP sur le climat ? au s\u00e9minaire r\u00e9gional sur le lancement du projet Terra Africa, Idiatou Camara journaliste environnementaliste et administratrice du www.radioenvironnementguinee.org\u00a0\u00bb a focalis\u00e9 son intervention sur l&rsquo;int\u00e9r\u00eat pour un journaliste de couvrir une COP. Pour Mme Camara, l&rsquo;int\u00e9r\u00eat se situe \u00e0 deux niveaux. Le [&hellip;]\" \/>\n<meta property=\"og:url\" content=\"https:\/\/www.guineeline.net\/index.php\/2022\/12\/07\/il-y-a-deux-interets-pour-un-journaliste-de-couvrir-une-cop\/\" \/>\n<meta property=\"og:site_name\" content=\"Guineeline\" \/>\n<meta property=\"article:published_time\" content=\"2022-12-07T11:03:28+00:00\" \/>\n<meta property=\"article:modified_time\" content=\"2022-12-07T17:55:33+00:00\" \/>\n<meta property=\"og:image\" content=\"https:\/\/www.guineeline.net\/wp-content\/uploads\/2022\/12\/IMG-20221207-WA0004.jpg\" \/>\n\t<meta property=\"og:image:width\" content=\"960\" \/>\n\t<meta property=\"og:image:height\" content=\"1280\" \/>\n\t<meta property=\"og:image:type\" content=\"image\/jpeg\" \/>\n<meta name=\"author\" content=\"Guineeline\" \/>\n<meta name=\"twitter:card\" content=\"summary_large_image\" \/>\n<meta name=\"twitter:label1\" content=\"\u00c9crit par\" \/>\n\t<meta name=\"twitter:data1\" content=\"Guineeline\" \/>\n\t<meta name=\"twitter:label2\" content=\"Dur\u00e9e de lecture estim\u00e9e\" \/>\n\t<meta name=\"twitter:data2\" content=\"1 minute\" \/>\n<script type=\"application\/ld+json\" class=\"yoast-schema-graph\">{\"@context\":\"https:\/\/schema.org\",\"@graph\":[{\"@type\":\"Article\",\"@id\":\"https:\/\/www.guineeline.net\/index.php\/2022\/12\/07\/il-y-a-deux-interets-pour-un-journaliste-de-couvrir-une-cop\/#article\",\"isPartOf\":{\"@id\":\"https:\/\/www.guineeline.net\/index.php\/2022\/12\/07\/il-y-a-deux-interets-pour-un-journaliste-de-couvrir-une-cop\/\"},\"author\":{\"name\":\"Guineeline\",\"@id\":\"https:\/\/www.guineeline.net\/#\/schema\/person\/f5914e0a4c56cc8f4aa0922cc547a390\"},\"headline\":\"\u00ab\u00a0Il y a deux int\u00e9r\u00eats pour un journaliste de couvrir une COP\u00a0\u00bb dixit Idiatou Camara journaliste environnementaliste\",\"datePublished\":\"2022-12-07T11:03:28+00:00\",\"dateModified\":\"2022-12-07T17:55:33+00:00\",\"mainEntityOfPage\":{\"@id\":\"https:\/\/www.guineeline.net\/index.php\/2022\/12\/07\/il-y-a-deux-interets-pour-un-journaliste-de-couvrir-une-cop\/\"},\"wordCount\":247,\"commentCount\":0,\"image\":{\"@id\":\"https:\/\/www.guineeline.net\/index.php\/2022\/12\/07\/il-y-a-deux-interets-pour-un-journaliste-de-couvrir-une-cop\/#primaryimage\"},\"thumbnailUrl\":\"https:\/\/www.guineeline.net\/wp-content\/uploads\/2022\/12\/IMG-20221207-WA0004.jpg\",\"articleSection\":[\"Actualit\u00e9s\"],\"inLanguage\":\"fr-FR\",\"potentialAction\":[{\"@type\":\"CommentAction\",\"name\":\"Comment\",\"target\":[\"https:\/\/www.guineeline.net\/index.php\/2022\/12\/07\/il-y-a-deux-interets-pour-un-journaliste-de-couvrir-une-cop\/#respond\"]}]},{\"@type\":\"WebPage\",\"@id\":\"https:\/\/www.guineeline.net\/index.php\/2022\/12\/07\/il-y-a-deux-interets-pour-un-journaliste-de-couvrir-une-cop\/\",\"url\":\"https:\/\/www.guineeline.net\/index.php\/2022\/12\/07\/il-y-a-deux-interets-pour-un-journaliste-de-couvrir-une-cop\/\",\"name\":\"\\\"Il y a deux int\u00e9r\u00eats pour un journaliste de couvrir une COP\\\" dixit Idiatou Camara journaliste environnementaliste - Guineeline\",\"isPartOf\":{\"@id\":\"https:\/\/www.guineeline.net\/#website\"},\"primaryImageOfPage\":{\"@id\":\"https:\/\/www.guineeline.net\/index.php\/2022\/12\/07\/il-y-a-deux-interets-pour-un-journaliste-de-couvrir-une-cop\/#primaryimage\"},\"image\":{\"@id\":\"https:\/\/www.guineeline.net\/index.php\/2022\/12\/07\/il-y-a-deux-interets-pour-un-journaliste-de-couvrir-une-cop\/#primaryimage\"},\"thumbnailUrl\":\"https:\/\/www.guineeline.net\/wp-content\/uploads\/2022\/12\/IMG-20221207-WA0004.jpg\",\"datePublished\":\"2022-12-07T11:03:28+00:00\",\"dateModified\":\"2022-12-07T17:55:33+00:00\",\"author\":{\"@id\":\"https:\/\/www.guineeline.net\/#\/schema\/person\/f5914e0a4c56cc8f4aa0922cc547a390\"},\"breadcrumb\":{\"@id\":\"https:\/\/www.guineeline.net\/index.php\/2022\/12\/07\/il-y-a-deux-interets-pour-un-journaliste-de-couvrir-une-cop\/#breadcrumb\"},\"inLanguage\":\"fr-FR\",\"potentialAction\":[{\"@type\":\"ReadAction\",\"target\":[\"https:\/\/www.guineeline.net\/index.php\/2022\/12\/07\/il-y-a-deux-interets-pour-un-journaliste-de-couvrir-une-cop\/\"]}]},{\"@type\":\"ImageObject\",\"inLanguage\":\"fr-FR\",\"@id\":\"https:\/\/www.guineeline.net\/index.php\/2022\/12\/07\/il-y-a-deux-interets-pour-un-journaliste-de-couvrir-une-cop\/#primaryimage\",\"url\":\"https:\/\/www.guineeline.net\/wp-content\/uploads\/2022\/12\/IMG-20221207-WA0004.jpg\",\"contentUrl\":\"https:\/\/www.guineeline.net\/wp-content\/uploads\/2022\/12\/IMG-20221207-WA0004.jpg\",\"width\":960,\"height\":1280},{\"@type\":\"BreadcrumbList\",\"@id\":\"https:\/\/www.guineeline.net\/index.php\/2022\/12\/07\/il-y-a-deux-interets-pour-un-journaliste-de-couvrir-une-cop\/#breadcrumb\",\"itemListElement\":[{\"@type\":\"ListItem\",\"position\":1,\"name\":\"Accueil\",\"item\":\"https:\/\/www.guineeline.net\/\"},{\"@type\":\"ListItem\",\"position\":2,\"name\":\"\u00ab\u00a0Il y a deux int\u00e9r\u00eats pour un journaliste de couvrir une COP\u00a0\u00bb dixit Idiatou Camara journaliste environnementaliste\"}]},{\"@type\":\"WebSite\",\"@id\":\"https:\/\/www.guineeline.net\/#website\",\"url\":\"https:\/\/www.guineeline.net\/\",\"name\":\"Guineeline\",\"description\":\"L&#039;information en un clic\",\"potentialAction\":[{\"@type\":\"SearchAction\",\"target\":{\"@type\":\"EntryPoint\",\"urlTemplate\":\"https:\/\/www.guineeline.net\/?s={search_term_string}\"},\"query-input\":{\"@type\":\"PropertyValueSpecification\",\"valueRequired\":true,\"valueName\":\"search_term_string\"}}],\"inLanguage\":\"fr-FR\"},{\"@type\":\"Person\",\"@id\":\"https:\/\/www.guineeline.net\/#\/schema\/person\/f5914e0a4c56cc8f4aa0922cc547a390\",\"name\":\"Guineeline\",\"image\":{\"@type\":\"ImageObject\",\"inLanguage\":\"fr-FR\",\"@id\":\"https:\/\/www.guineeline.net\/#\/schema\/person\/image\/\",\"url\":\"https:\/\/secure.gravatar.com\/avatar\/432ce140236c408fa05ea28acd193ba03163acdd0efbe444c1c44957b8a29a2a?s=96&d=mm&r=g\",\"contentUrl\":\"https:\/\/secure.gravatar.com\/avatar\/432ce140236c408fa05ea28acd193ba03163acdd0efbe444c1c44957b8a29a2a?s=96&d=mm&r=g\",\"caption\":\"Guineeline\"},\"url\":\"https:\/\/www.guineeline.net\/index.php\/author\/admin\/\"}]}<\/script>\n<!-- \/ Yoast SEO plugin. -->","yoast_head_json":{"title":"\"Il y a deux int\u00e9r\u00eats pour un journaliste de couvrir une COP\" dixit Idiatou Camara journaliste environnementaliste - Guineeline","robots":{"index":"index","follow":"follow","max-snippet":"max-snippet:-1","max-image-preview":"max-image-preview:large","max-video-preview":"max-video-preview:-1"},"canonical":"https:\/\/www.guineeline.net\/index.php\/2022\/12\/07\/il-y-a-deux-interets-pour-un-journaliste-de-couvrir-une-cop\/","og_locale":"fr_FR","og_type":"article","og_title":"\"Il y a deux int\u00e9r\u00eats pour un journaliste de couvrir une COP\" dixit Idiatou Camara journaliste environnementaliste - Guineeline","og_description":"Prenant part \u00e0 une table ronde\u00a0intitul\u00e9e \u00ab\u00a0comment couvrir les COP sur le climat ? au s\u00e9minaire r\u00e9gional sur le lancement du projet Terra Africa, Idiatou Camara journaliste environnementaliste et administratrice du www.radioenvironnementguinee.org\u00a0\u00bb a focalis\u00e9 son intervention sur l&rsquo;int\u00e9r\u00eat pour un journaliste de couvrir une COP. Pour Mme Camara, l&rsquo;int\u00e9r\u00eat se situe \u00e0 deux niveaux. Le [&hellip;]","og_url":"https:\/\/www.guineeline.net\/index.php\/2022\/12\/07\/il-y-a-deux-interets-pour-un-journaliste-de-couvrir-une-cop\/","og_site_name":"Guineeline","article_published_time":"2022-12-07T11:03:28+00:00","article_modified_time":"2022-12-07T17:55:33+00:00","og_image":[{"width":960,"height":1280,"url":"https:\/\/www.guineeline.net\/wp-content\/uploads\/2022\/12\/IMG-20221207-WA0004.jpg","type":"image\/jpeg"}],"author":"Guineeline","twitter_card":"summary_large_image","twitter_misc":{"\u00c9crit par":"Guineeline","Dur\u00e9e de lecture estim\u00e9e":"1 minute"},"schema":{"@context":"https:\/\/schema.org","@graph":[{"@type":"Article","@id":"https:\/\/www.guineeline.net\/index.php\/2022\/12\/07\/il-y-a-deux-interets-pour-un-journaliste-de-couvrir-une-cop\/#article","isPartOf":{"@id":"https:\/\/www.guineeline.net\/index.php\/2022\/12\/07\/il-y-a-deux-interets-pour-un-journaliste-de-couvrir-une-cop\/"},"author":{"name":"Guineeline","@id":"https:\/\/www.guineeline.net\/#\/schema\/person\/f5914e0a4c56cc8f4aa0922cc547a390"},"headline":"\u00ab\u00a0Il y a deux int\u00e9r\u00eats pour un journaliste de couvrir une COP\u00a0\u00bb dixit Idiatou Camara journaliste environnementaliste","datePublished":"2022-12-07T11:03:28+00:00","dateModified":"2022-12-07T17:55:33+00:00","mainEntityOfPage":{"@id":"https:\/\/www.guineeline.net\/index.php\/2022\/12\/07\/il-y-a-deux-interets-pour-un-journaliste-de-couvrir-une-cop\/"},"wordCount":247,"commentCount":0,"image":{"@id":"https:\/\/www.guineeline.net\/index.php\/2022\/12\/07\/il-y-a-deux-interets-pour-un-journaliste-de-couvrir-une-cop\/#primaryimage"},"thumbnailUrl":"https:\/\/www.guineeline.net\/wp-content\/uploads\/2022\/12\/IMG-20221207-WA0004.jpg","articleSection":["Actualit\u00e9s"],"inLanguage":"fr-FR","potentialAction":[{"@type":"CommentAction","name":"Comment","target":["https:\/\/www.guineeline.net\/index.php\/2022\/12\/07\/il-y-a-deux-interets-pour-un-journaliste-de-couvrir-une-cop\/#respond"]}]},{"@type":"WebPage","@id":"https:\/\/www.guineeline.net\/index.php\/2022\/12\/07\/il-y-a-deux-interets-pour-un-journaliste-de-couvrir-une-cop\/","url":"https:\/\/www.guineeline.net\/index.php\/2022\/12\/07\/il-y-a-deux-interets-pour-un-journaliste-de-couvrir-une-cop\/","name":"\"Il y a deux int\u00e9r\u00eats pour un journaliste de couvrir une COP\" dixit Idiatou Camara journaliste environnementaliste - Guineeline","isPartOf":{"@id":"https:\/\/www.guineeline.net\/#website"},"primaryImageOfPage":{"@id":"https:\/\/www.guineeline.net\/index.php\/2022\/12\/07\/il-y-a-deux-interets-pour-un-journaliste-de-couvrir-une-cop\/#primaryimage"},"image":{"@id":"https:\/\/www.guineeline.net\/index.php\/2022\/12\/07\/il-y-a-deux-interets-pour-un-journaliste-de-couvrir-une-cop\/#primaryimage"},"thumbnailUrl":"https:\/\/www.guineeline.net\/wp-content\/uploads\/2022\/12\/IMG-20221207-WA0004.jpg","datePublished":"2022-12-07T11:03:28+00:00","dateModified":"2022-12-07T17:55:33+00:00","author":{"@id":"https:\/\/www.guineeline.net\/#\/schema\/person\/f5914e0a4c56cc8f4aa0922cc547a390"},"breadcrumb":{"@id":"https:\/\/www.guineeline.net\/index.php\/2022\/12\/07\/il-y-a-deux-interets-pour-un-journaliste-de-couvrir-une-cop\/#breadcrumb"},"inLanguage":"fr-FR","potentialAction":[{"@type":"ReadAction","target":["https:\/\/www.guineeline.net\/index.php\/2022\/12\/07\/il-y-a-deux-interets-pour-un-journaliste-de-couvrir-une-cop\/"]}]},{"@type":"ImageObject","inLanguage":"fr-FR","@id":"https:\/\/www.guineeline.net\/index.php\/2022\/12\/07\/il-y-a-deux-interets-pour-un-journaliste-de-couvrir-une-cop\/#primaryimage","url":"https:\/\/www.guineeline.net\/wp-content\/uploads\/2022\/12\/IMG-20221207-WA0004.jpg","contentUrl":"https:\/\/www.guineeline.net\/wp-content\/uploads\/2022\/12\/IMG-20221207-WA0004.jpg","width":960,"height":1280},{"@type":"BreadcrumbList","@id":"https:\/\/www.guineeline.net\/index.php\/2022\/12\/07\/il-y-a-deux-interets-pour-un-journaliste-de-couvrir-une-cop\/#breadcrumb","itemListElement":[{"@type":"ListItem","position":1,"name":"Accueil","item":"https:\/\/www.guineeline.net\/"},{"@type":"ListItem","position":2,"name":"\u00ab\u00a0Il y a deux int\u00e9r\u00eats pour un journaliste de couvrir une COP\u00a0\u00bb dixit Idiatou Camara journaliste environnementaliste"}]},{"@type":"WebSite","@id":"https:\/\/www.guineeline.net\/#website","url":"https:\/\/www.guineeline.net\/","name":"Guineeline","description":"L&#039;information en un clic","potentialAction":[{"@type":"SearchAction","target":{"@type":"EntryPoint","urlTemplate":"https:\/\/www.guineeline.net\/?s={search_term_string}"},"query-input":{"@type":"PropertyValueSpecification","valueRequired":true,"valueName":"search_term_string"}}],"inLanguage":"fr-FR"},{"@type":"Person","@id":"https:\/\/www.guineeline.net\/#\/schema\/person\/f5914e0a4c56cc8f4aa0922cc547a390","name":"Guineeline","image":{"@type":"ImageObject","inLanguage":"fr-FR","@id":"https:\/\/www.guineeline.net\/#\/schema\/person\/image\/","url":"https:\/\/secure.gravatar.com\/avatar\/432ce140236c408fa05ea28acd193ba03163acdd0efbe444c1c44957b8a29a2a?s=96&d=mm&r=g","contentUrl":"https:\/\/secure.gravatar.com\/avatar\/432ce140236c408fa05ea28acd193ba03163acdd0efbe444c1c44957b8a29a2a?s=96&d=mm&r=g","caption":"Guineeline"},"url":"https:\/\/www.guineeline.net\/index.php\/author\/admin\/"}]}},"_links":{"self":[{"href":"https:\/\/www.guineeline.net\/index.php\/wp-json\/wp\/v2\/posts\/1076","targetHints":{"allow":["GET"]}}],"collection":[{"href":"https:\/\/www.guineeline.net\/index.php\/wp-json\/wp\/v2\/posts"}],"about":[{"href":"https:\/\/www.guineeline.net\/index.php\/wp-json\/wp\/v2\/types\/post"}],"author":[{"embeddable":true,"href":"https:\/\/www.guineeline.net\/index.php\/wp-json\/wp\/v2\/users\/3"}],"replies":[{"embeddable":true,"href":"https:\/\/www.guineeline.net\/index.php\/wp-json\/wp\/v2\/comments?post=1076"}],"version-history":[{"count":6,"href":"https:\/\/www.guineeline.net\/index.php\/wp-json\/wp\/v2\/posts\/1076\/revisions"}],"predecessor-version":[{"id":1091,"href":"https:\/\/www.guineeline.net\/index.php\/wp-json\/wp\/v2\/posts\/1076\/revisions\/1091"}],"wp:featuredmedia":[{"embeddable":true,"href":"https:\/\/www.guineeline.net\/index.php\/wp-json\/wp\/v2\/media\/1077"}],"wp:attachment":[{"href":"https:\/\/www.guineeline.net\/index.php\/wp-json\/wp\/v2\/media?parent=1076"}],"wp:term":[{"taxonomy":"category","embeddable":true,"href":"https:\/\/www.guineeline.net\/index.php\/wp-json\/wp\/v2\/categories?post=1076"},{"taxonomy":"post_tag","embeddable":true,"href":"https:\/\/www.guineeline.net\/index.php\/wp-json\/wp\/v2\/tags?post=1076"}],"curies":[{"name":"wp","href":"https:\/\/api.w.org\/{rel}","templated":true}]}}