{"id":1069,"date":"2022-12-07T00:15:57","date_gmt":"2022-12-06T23:15:57","guid":{"rendered":"https:\/\/www.guineeline.net\/?p=1069"},"modified":"2022-12-07T00:15:57","modified_gmt":"2022-12-06T23:15:57","slug":"environnement-un-semaire-sur-le-climat-souvre-a-abidjan","status":"publish","type":"post","link":"https:\/\/www.guineeline.net\/index.php\/2022\/12\/07\/environnement-un-semaire-sur-le-climat-souvre-a-abidjan\/","title":{"rendered":"Environnement\u00a0: un s\u00e9maire sur le climat s&rsquo;ouvre \u00e0 Abidjan"},"content":{"rendered":"<p style=\"text-align: left;\">C&rsquo;est dans le cadre du lancement du projet Terra Africa que ce tient cette rencontre d&rsquo;une semaine \u00e0 Abidjan en C\u00f4te d\u2019Ivoire. Plac\u00e9 sous le th\u00e8me \u00ab\u00a0quelle place pour les m\u00e9dias dans la lutte contre le changement climatique en Afrique de l\u2019Ouest ? Le s\u00e9minaire r\u00e9gional sur l&rsquo;implication des medias dans la lutte contre les changements climatiques s&rsquo;est ouvert ce mardi 06 d\u00e9cembre 2022 dans la capitale ivoirienne. La c\u00e9r\u00e9monie \u00e0 connue la presence du direct adjoint de cabinet du ministre ivoirien de l\u2019environnement et du d\u00e9veloppement durable, de lambasseur de France en C\u00f4te d\u2019Ivoire, du directeur g\u00e9n\u00e9ral adjoint CFI et des repr\u00e9sentants des communaut\u00e9s impact\u00e9es par les effets du r\u00e9chauffement climatique.<\/p>\n<ul>\n<li style=\"text-align: left;\">\n<img decoding=\"async\" class=\"alignnone size-medium wp-image-1071\" src=\"https:\/\/www.guineeline.net\/wp-content\/uploads\/2022\/12\/IMG-20221205-WA0005-300x91.jpg\" alt=\"\" width=\"300\" height=\"91\" srcset=\"https:\/\/www.guineeline.net\/wp-content\/uploads\/2022\/12\/IMG-20221205-WA0005-300x91.jpg 300w, https:\/\/www.guineeline.net\/wp-content\/uploads\/2022\/12\/IMG-20221205-WA0005-1024x312.jpg 1024w, https:\/\/www.guineeline.net\/wp-content\/uploads\/2022\/12\/IMG-20221205-WA0005-768x234.jpg 768w, https:\/\/www.guineeline.net\/wp-content\/uploads\/2022\/12\/IMG-20221205-WA0005-750x228.jpg 750w, https:\/\/www.guineeline.net\/wp-content\/uploads\/2022\/12\/IMG-20221205-WA0005.jpg 1080w\" sizes=\"(max-width: 300px) 100vw, 300px\" \/>Dans son message de bienvenu, le repr\u00e9sentant du ministre de l&rsquo;environnement Kodehi Gnahor\u00e9 appr\u00e9cie l\u2019initiative et se r\u00e9jouis de sa tenue vue son enjeux. Pour lui \u00ab\u00a0la contribution des m\u00e9dias est vivement sollicit\u00e9e. Le th\u00e8me est d\u2019actualit\u00e9 et suscite de l\u2019int\u00e9r\u00eat pour le minist\u00e8re. M. Gnawor\u00e9 sollicite l\u2019implication des m\u00e9dias \u00e0 travers les couvertures innovantes pour un changement de comportement en faveur de l\u2019environnement.<br \/>\nEn rappelant les enjeux de la tenue de ce s\u00e9minaire Jean-Christophe BELLIARD Ambassadeur de France en C\u00f4te d\u2019Ivoire \u00e0 soulign\u00e9 que nous sommes tous affect\u00e9s par ce ph\u00e9nom\u00e8ne de changement. Il interpelle les journalistes en ces termes \u00ab\u00a0les journalistes doivent comprendre la notion de changement climatique pour pouvoir changer. Ils doivent \u00e9galement se rendre compte de ce que les gouvernement font ou ne font pour la resolution du fl\u00e9au.\u00a0\u00bb<br \/>\nLe journalisme environnemental n&rsquo;est pas d\u2019\u00eatre catastrophique. C&rsquo;est pourquoi jusqu&rsquo;ici le traitement des sujets environnementaux reste marginal dans les m\u00e9dias et seulement sur les catastrophe. Un journalisme de changement estaujourd&rsquo;hui sollicit\u00e9 pour gagner le pari.<br \/>\nM. Alan DREANIC, Directeur g\u00e9n\u00e9ral adjoint de CFI a \u00e9voqu\u00e9 la raison de cette mobilisation et l\u2019importance du s\u00e9minaire en trois points \u00e0 savoir \u00ab\u00a0la conviction et la mobilisation de tous les acteurs pour une urgence climatique dans le monde et en Afrique, l&rsquo;engagement des m\u00e9dias \u00e0 se rendre disponibles \u00e0 mener le combat et la bonne compr\u00e9hension de la n\u00e9cessit\u00e9 d&rsquo;\u00e9voluer ensemble dans ce combat contre le rechauffement climatique\u00a0\u00bb ont \u00e9t\u00e9 les points sur lesquels le directeur g\u00e9n\u00e9ral adjoint monsieur Dreanic s&rsquo;est accentu\u00e9.<br \/>\nCette journ\u00e9e d&rsquo;ouverture a aussi \u00e9t\u00e9 marqu\u00e9 par deux autres tables rondes et deux pr\u00e9sentations sur des th\u00e9matiques d&rsquo;actualit\u00e9s. <a href=\"https:\/\/www.guineeline.net\/wp-content\/uploads\/2022\/12\/20221206_123004.heic\"><img decoding=\"async\" class=\"alignnone size-full wp-image-1072\" src=\"https:\/\/www.guineeline.net\/wp-content\/uploads\/2022\/12\/20221206_123004.heic\" alt=\"\" \/><\/a>Il faut rappeler que l&rsquo;\u00e9v\u00e9nement regroupe cinq pays de l&rsquo;Afrique de l&rsquo;ouest \u00e0 savoir la C\u00f4te d\u2019Ivoire, la Guin\u00e9e, le S\u00e9n\u00e9gal, la Guin\u00e9e-Bissau et Cap Vert. Il s&rsquo;inscrit dans le cadre d&rsquo;un projet d\u00e9nomm\u00e9 Terra Afrique mos en \u0153uvre par CFI, financ\u00e9 par le Fonds de Solidarit\u00e9 pour les Projets Innovants (FSPI) qui va dur\u00e9 deux ans.<\/li>\n<\/ul>\n<p style=\"text-align: right;\">\nBo\u00e8bo\u00e8 B\u00e9avogui<\/p>\n","protected":false},"excerpt":{"rendered":"<p>C&rsquo;est dans le cadre du lancement du projet Terra Africa que ce tient cette rencontre d&rsquo;une semaine \u00e0 Abidjan en C\u00f4te d\u2019Ivoire. Plac\u00e9 sous le th\u00e8me \u00ab\u00a0quelle place pour les m\u00e9dias dans la lutte contre le changement climatique en Afrique de l\u2019Ouest ? Le s\u00e9minaire r\u00e9gional sur l&rsquo;implication des medias dans la lutte contre les [&hellip;]<\/p>\n","protected":false},"author":3,"featured_media":1070,"comment_status":"open","ping_status":"open","sticky":false,"template":"","format":"standard","meta":{"jnews-multi-image_gallery":[],"jnews_single_post":{"subtitle":"","format":"standard","video":"","gallery":"","source_name":"","source_url":"","via_name":"","via_url":"","override":[{"single_blog_custom":"","sidebar":"","second_sidebar":"","share_position":"","share_float_style":"","post_date_format":"","post_date_format_custom":"","number_popup_post":"1"}],"image_override":[{"single_post_thumbnail_size":"","single_post_gallery_size":""}],"trending_post_position":"","trending_post_label":""},"jnews_primary_category":{"id":""},"jnews_override_counter":{"view_counter_number":"0","share_counter_number":"0","like_counter_number":"0","dislike_counter_number":"0"},"footnotes":""},"categories":[2],"tags":[],"class_list":["post-1069","post","type-post","status-publish","format-standard","has-post-thumbnail","hentry","category-actualites"],"yoast_head":"<!-- This site is optimized with the Yoast SEO plugin v26.9 - https:\/\/yoast.com\/product\/yoast-seo-wordpress\/ -->\n<title>Environnement\u00a0: un s\u00e9maire sur le climat s&#039;ouvre \u00e0 Abidjan - Guineeline<\/title>\n<meta name=\"robots\" content=\"index, follow, max-snippet:-1, max-image-preview:large, max-video-preview:-1\" \/>\n<link rel=\"canonical\" href=\"https:\/\/www.guineeline.net\/index.php\/2022\/12\/07\/environnement-un-semaire-sur-le-climat-souvre-a-abidjan\/\" \/>\n<meta property=\"og:locale\" content=\"fr_FR\" \/>\n<meta property=\"og:type\" content=\"article\" \/>\n<meta property=\"og:title\" content=\"Environnement\u00a0: un s\u00e9maire sur le climat s&#039;ouvre \u00e0 Abidjan - Guineeline\" \/>\n<meta property=\"og:description\" content=\"C&rsquo;est dans le cadre du lancement du projet Terra Africa que ce tient cette rencontre d&rsquo;une semaine \u00e0 Abidjan en C\u00f4te d\u2019Ivoire. Plac\u00e9 sous le th\u00e8me \u00ab\u00a0quelle place pour les m\u00e9dias dans la lutte contre le changement climatique en Afrique de l\u2019Ouest ? Le s\u00e9minaire r\u00e9gional sur l&rsquo;implication des medias dans la lutte contre les [&hellip;]\" \/>\n<meta property=\"og:url\" content=\"https:\/\/www.guineeline.net\/index.php\/2022\/12\/07\/environnement-un-semaire-sur-le-climat-souvre-a-abidjan\/\" \/>\n<meta property=\"og:site_name\" content=\"Guineeline\" \/>\n<meta property=\"article:published_time\" content=\"2022-12-06T23:15:57+00:00\" \/>\n<meta property=\"og:image\" content=\"https:\/\/www.guineeline.net\/wp-content\/uploads\/2022\/12\/FB_IMG_1670367512279.jpg\" \/>\n\t<meta property=\"og:image:width\" content=\"1080\" \/>\n\t<meta property=\"og:image:height\" content=\"608\" \/>\n\t<meta property=\"og:image:type\" content=\"image\/jpeg\" \/>\n<meta name=\"author\" content=\"Guineeline\" \/>\n<meta name=\"twitter:card\" content=\"summary_large_image\" \/>\n<meta name=\"twitter:label1\" content=\"\u00c9crit par\" \/>\n\t<meta name=\"twitter:data1\" content=\"Guineeline\" \/>\n\t<meta name=\"twitter:label2\" content=\"Dur\u00e9e de lecture estim\u00e9e\" \/>\n\t<meta name=\"twitter:data2\" content=\"3 minutes\" \/>\n<script type=\"application\/ld+json\" class=\"yoast-schema-graph\">{\"@context\":\"https:\/\/schema.org\",\"@graph\":[{\"@type\":\"Article\",\"@id\":\"https:\/\/www.guineeline.net\/index.php\/2022\/12\/07\/environnement-un-semaire-sur-le-climat-souvre-a-abidjan\/#article\",\"isPartOf\":{\"@id\":\"https:\/\/www.guineeline.net\/index.php\/2022\/12\/07\/environnement-un-semaire-sur-le-climat-souvre-a-abidjan\/\"},\"author\":{\"name\":\"Guineeline\",\"@id\":\"https:\/\/www.guineeline.net\/#\/schema\/person\/f5914e0a4c56cc8f4aa0922cc547a390\"},\"headline\":\"Environnement\u00a0: un s\u00e9maire sur le climat s&rsquo;ouvre \u00e0 Abidjan\",\"datePublished\":\"2022-12-06T23:15:57+00:00\",\"mainEntityOfPage\":{\"@id\":\"https:\/\/www.guineeline.net\/index.php\/2022\/12\/07\/environnement-un-semaire-sur-le-climat-souvre-a-abidjan\/\"},\"wordCount\":527,\"commentCount\":0,\"image\":{\"@id\":\"https:\/\/www.guineeline.net\/index.php\/2022\/12\/07\/environnement-un-semaire-sur-le-climat-souvre-a-abidjan\/#primaryimage\"},\"thumbnailUrl\":\"https:\/\/www.guineeline.net\/wp-content\/uploads\/2022\/12\/FB_IMG_1670367512279.jpg\",\"articleSection\":[\"Actualit\u00e9s\"],\"inLanguage\":\"fr-FR\",\"potentialAction\":[{\"@type\":\"CommentAction\",\"name\":\"Comment\",\"target\":[\"https:\/\/www.guineeline.net\/index.php\/2022\/12\/07\/environnement-un-semaire-sur-le-climat-souvre-a-abidjan\/#respond\"]}]},{\"@type\":\"WebPage\",\"@id\":\"https:\/\/www.guineeline.net\/index.php\/2022\/12\/07\/environnement-un-semaire-sur-le-climat-souvre-a-abidjan\/\",\"url\":\"https:\/\/www.guineeline.net\/index.php\/2022\/12\/07\/environnement-un-semaire-sur-le-climat-souvre-a-abidjan\/\",\"name\":\"Environnement\u00a0: un s\u00e9maire sur le climat s'ouvre \u00e0 Abidjan - Guineeline\",\"isPartOf\":{\"@id\":\"https:\/\/www.guineeline.net\/#website\"},\"primaryImageOfPage\":{\"@id\":\"https:\/\/www.guineeline.net\/index.php\/2022\/12\/07\/environnement-un-semaire-sur-le-climat-souvre-a-abidjan\/#primaryimage\"},\"image\":{\"@id\":\"https:\/\/www.guineeline.net\/index.php\/2022\/12\/07\/environnement-un-semaire-sur-le-climat-souvre-a-abidjan\/#primaryimage\"},\"thumbnailUrl\":\"https:\/\/www.guineeline.net\/wp-content\/uploads\/2022\/12\/FB_IMG_1670367512279.jpg\",\"datePublished\":\"2022-12-06T23:15:57+00:00\",\"author\":{\"@id\":\"https:\/\/www.guineeline.net\/#\/schema\/person\/f5914e0a4c56cc8f4aa0922cc547a390\"},\"breadcrumb\":{\"@id\":\"https:\/\/www.guineeline.net\/index.php\/2022\/12\/07\/environnement-un-semaire-sur-le-climat-souvre-a-abidjan\/#breadcrumb\"},\"inLanguage\":\"fr-FR\",\"potentialAction\":[{\"@type\":\"ReadAction\",\"target\":[\"https:\/\/www.guineeline.net\/index.php\/2022\/12\/07\/environnement-un-semaire-sur-le-climat-souvre-a-abidjan\/\"]}]},{\"@type\":\"ImageObject\",\"inLanguage\":\"fr-FR\",\"@id\":\"https:\/\/www.guineeline.net\/index.php\/2022\/12\/07\/environnement-un-semaire-sur-le-climat-souvre-a-abidjan\/#primaryimage\",\"url\":\"https:\/\/www.guineeline.net\/wp-content\/uploads\/2022\/12\/FB_IMG_1670367512279.jpg\",\"contentUrl\":\"https:\/\/www.guineeline.net\/wp-content\/uploads\/2022\/12\/FB_IMG_1670367512279.jpg\",\"width\":1080,\"height\":608},{\"@type\":\"BreadcrumbList\",\"@id\":\"https:\/\/www.guineeline.net\/index.php\/2022\/12\/07\/environnement-un-semaire-sur-le-climat-souvre-a-abidjan\/#breadcrumb\",\"itemListElement\":[{\"@type\":\"ListItem\",\"position\":1,\"name\":\"Accueil\",\"item\":\"https:\/\/www.guineeline.net\/\"},{\"@type\":\"ListItem\",\"position\":2,\"name\":\"Environnement\u00a0: un s\u00e9maire sur le climat s&rsquo;ouvre \u00e0 Abidjan\"}]},{\"@type\":\"WebSite\",\"@id\":\"https:\/\/www.guineeline.net\/#website\",\"url\":\"https:\/\/www.guineeline.net\/\",\"name\":\"Guineeline\",\"description\":\"L&#039;information en un clic\",\"potentialAction\":[{\"@type\":\"SearchAction\",\"target\":{\"@type\":\"EntryPoint\",\"urlTemplate\":\"https:\/\/www.guineeline.net\/?s={search_term_string}\"},\"query-input\":{\"@type\":\"PropertyValueSpecification\",\"valueRequired\":true,\"valueName\":\"search_term_string\"}}],\"inLanguage\":\"fr-FR\"},{\"@type\":\"Person\",\"@id\":\"https:\/\/www.guineeline.net\/#\/schema\/person\/f5914e0a4c56cc8f4aa0922cc547a390\",\"name\":\"Guineeline\",\"image\":{\"@type\":\"ImageObject\",\"inLanguage\":\"fr-FR\",\"@id\":\"https:\/\/www.guineeline.net\/#\/schema\/person\/image\/\",\"url\":\"https:\/\/secure.gravatar.com\/avatar\/432ce140236c408fa05ea28acd193ba03163acdd0efbe444c1c44957b8a29a2a?s=96&d=mm&r=g\",\"contentUrl\":\"https:\/\/secure.gravatar.com\/avatar\/432ce140236c408fa05ea28acd193ba03163acdd0efbe444c1c44957b8a29a2a?s=96&d=mm&r=g\",\"caption\":\"Guineeline\"},\"url\":\"https:\/\/www.guineeline.net\/index.php\/author\/admin\/\"}]}<\/script>\n<!-- \/ Yoast SEO plugin. -->","yoast_head_json":{"title":"Environnement\u00a0: un s\u00e9maire sur le climat s'ouvre \u00e0 Abidjan - Guineeline","robots":{"index":"index","follow":"follow","max-snippet":"max-snippet:-1","max-image-preview":"max-image-preview:large","max-video-preview":"max-video-preview:-1"},"canonical":"https:\/\/www.guineeline.net\/index.php\/2022\/12\/07\/environnement-un-semaire-sur-le-climat-souvre-a-abidjan\/","og_locale":"fr_FR","og_type":"article","og_title":"Environnement\u00a0: un s\u00e9maire sur le climat s'ouvre \u00e0 Abidjan - Guineeline","og_description":"C&rsquo;est dans le cadre du lancement du projet Terra Africa que ce tient cette rencontre d&rsquo;une semaine \u00e0 Abidjan en C\u00f4te d\u2019Ivoire. Plac\u00e9 sous le th\u00e8me \u00ab\u00a0quelle place pour les m\u00e9dias dans la lutte contre le changement climatique en Afrique de l\u2019Ouest ? Le s\u00e9minaire r\u00e9gional sur l&rsquo;implication des medias dans la lutte contre les [&hellip;]","og_url":"https:\/\/www.guineeline.net\/index.php\/2022\/12\/07\/environnement-un-semaire-sur-le-climat-souvre-a-abidjan\/","og_site_name":"Guineeline","article_published_time":"2022-12-06T23:15:57+00:00","og_image":[{"width":1080,"height":608,"url":"https:\/\/www.guineeline.net\/wp-content\/uploads\/2022\/12\/FB_IMG_1670367512279.jpg","type":"image\/jpeg"}],"author":"Guineeline","twitter_card":"summary_large_image","twitter_misc":{"\u00c9crit par":"Guineeline","Dur\u00e9e de lecture estim\u00e9e":"3 minutes"},"schema":{"@context":"https:\/\/schema.org","@graph":[{"@type":"Article","@id":"https:\/\/www.guineeline.net\/index.php\/2022\/12\/07\/environnement-un-semaire-sur-le-climat-souvre-a-abidjan\/#article","isPartOf":{"@id":"https:\/\/www.guineeline.net\/index.php\/2022\/12\/07\/environnement-un-semaire-sur-le-climat-souvre-a-abidjan\/"},"author":{"name":"Guineeline","@id":"https:\/\/www.guineeline.net\/#\/schema\/person\/f5914e0a4c56cc8f4aa0922cc547a390"},"headline":"Environnement\u00a0: un s\u00e9maire sur le climat s&rsquo;ouvre \u00e0 Abidjan","datePublished":"2022-12-06T23:15:57+00:00","mainEntityOfPage":{"@id":"https:\/\/www.guineeline.net\/index.php\/2022\/12\/07\/environnement-un-semaire-sur-le-climat-souvre-a-abidjan\/"},"wordCount":527,"commentCount":0,"image":{"@id":"https:\/\/www.guineeline.net\/index.php\/2022\/12\/07\/environnement-un-semaire-sur-le-climat-souvre-a-abidjan\/#primaryimage"},"thumbnailUrl":"https:\/\/www.guineeline.net\/wp-content\/uploads\/2022\/12\/FB_IMG_1670367512279.jpg","articleSection":["Actualit\u00e9s"],"inLanguage":"fr-FR","potentialAction":[{"@type":"CommentAction","name":"Comment","target":["https:\/\/www.guineeline.net\/index.php\/2022\/12\/07\/environnement-un-semaire-sur-le-climat-souvre-a-abidjan\/#respond"]}]},{"@type":"WebPage","@id":"https:\/\/www.guineeline.net\/index.php\/2022\/12\/07\/environnement-un-semaire-sur-le-climat-souvre-a-abidjan\/","url":"https:\/\/www.guineeline.net\/index.php\/2022\/12\/07\/environnement-un-semaire-sur-le-climat-souvre-a-abidjan\/","name":"Environnement\u00a0: un s\u00e9maire sur le climat s'ouvre \u00e0 Abidjan - Guineeline","isPartOf":{"@id":"https:\/\/www.guineeline.net\/#website"},"primaryImageOfPage":{"@id":"https:\/\/www.guineeline.net\/index.php\/2022\/12\/07\/environnement-un-semaire-sur-le-climat-souvre-a-abidjan\/#primaryimage"},"image":{"@id":"https:\/\/www.guineeline.net\/index.php\/2022\/12\/07\/environnement-un-semaire-sur-le-climat-souvre-a-abidjan\/#primaryimage"},"thumbnailUrl":"https:\/\/www.guineeline.net\/wp-content\/uploads\/2022\/12\/FB_IMG_1670367512279.jpg","datePublished":"2022-12-06T23:15:57+00:00","author":{"@id":"https:\/\/www.guineeline.net\/#\/schema\/person\/f5914e0a4c56cc8f4aa0922cc547a390"},"breadcrumb":{"@id":"https:\/\/www.guineeline.net\/index.php\/2022\/12\/07\/environnement-un-semaire-sur-le-climat-souvre-a-abidjan\/#breadcrumb"},"inLanguage":"fr-FR","potentialAction":[{"@type":"ReadAction","target":["https:\/\/www.guineeline.net\/index.php\/2022\/12\/07\/environnement-un-semaire-sur-le-climat-souvre-a-abidjan\/"]}]},{"@type":"ImageObject","inLanguage":"fr-FR","@id":"https:\/\/www.guineeline.net\/index.php\/2022\/12\/07\/environnement-un-semaire-sur-le-climat-souvre-a-abidjan\/#primaryimage","url":"https:\/\/www.guineeline.net\/wp-content\/uploads\/2022\/12\/FB_IMG_1670367512279.jpg","contentUrl":"https:\/\/www.guineeline.net\/wp-content\/uploads\/2022\/12\/FB_IMG_1670367512279.jpg","width":1080,"height":608},{"@type":"BreadcrumbList","@id":"https:\/\/www.guineeline.net\/index.php\/2022\/12\/07\/environnement-un-semaire-sur-le-climat-souvre-a-abidjan\/#breadcrumb","itemListElement":[{"@type":"ListItem","position":1,"name":"Accueil","item":"https:\/\/www.guineeline.net\/"},{"@type":"ListItem","position":2,"name":"Environnement\u00a0: un s\u00e9maire sur le climat s&rsquo;ouvre \u00e0 Abidjan"}]},{"@type":"WebSite","@id":"https:\/\/www.guineeline.net\/#website","url":"https:\/\/www.guineeline.net\/","name":"Guineeline","description":"L&#039;information en un clic","potentialAction":[{"@type":"SearchAction","target":{"@type":"EntryPoint","urlTemplate":"https:\/\/www.guineeline.net\/?s={search_term_string}"},"query-input":{"@type":"PropertyValueSpecification","valueRequired":true,"valueName":"search_term_string"}}],"inLanguage":"fr-FR"},{"@type":"Person","@id":"https:\/\/www.guineeline.net\/#\/schema\/person\/f5914e0a4c56cc8f4aa0922cc547a390","name":"Guineeline","image":{"@type":"ImageObject","inLanguage":"fr-FR","@id":"https:\/\/www.guineeline.net\/#\/schema\/person\/image\/","url":"https:\/\/secure.gravatar.com\/avatar\/432ce140236c408fa05ea28acd193ba03163acdd0efbe444c1c44957b8a29a2a?s=96&d=mm&r=g","contentUrl":"https:\/\/secure.gravatar.com\/avatar\/432ce140236c408fa05ea28acd193ba03163acdd0efbe444c1c44957b8a29a2a?s=96&d=mm&r=g","caption":"Guineeline"},"url":"https:\/\/www.guineeline.net\/index.php\/author\/admin\/"}]}},"_links":{"self":[{"href":"https:\/\/www.guineeline.net\/index.php\/wp-json\/wp\/v2\/posts\/1069","targetHints":{"allow":["GET"]}}],"collection":[{"href":"https:\/\/www.guineeline.net\/index.php\/wp-json\/wp\/v2\/posts"}],"about":[{"href":"https:\/\/www.guineeline.net\/index.php\/wp-json\/wp\/v2\/types\/post"}],"author":[{"embeddable":true,"href":"https:\/\/www.guineeline.net\/index.php\/wp-json\/wp\/v2\/users\/3"}],"replies":[{"embeddable":true,"href":"https:\/\/www.guineeline.net\/index.php\/wp-json\/wp\/v2\/comments?post=1069"}],"version-history":[{"count":2,"href":"https:\/\/www.guineeline.net\/index.php\/wp-json\/wp\/v2\/posts\/1069\/revisions"}],"predecessor-version":[{"id":1074,"href":"https:\/\/www.guineeline.net\/index.php\/wp-json\/wp\/v2\/posts\/1069\/revisions\/1074"}],"wp:featuredmedia":[{"embeddable":true,"href":"https:\/\/www.guineeline.net\/index.php\/wp-json\/wp\/v2\/media\/1070"}],"wp:attachment":[{"href":"https:\/\/www.guineeline.net\/index.php\/wp-json\/wp\/v2\/media?parent=1069"}],"wp:term":[{"taxonomy":"category","embeddable":true,"href":"https:\/\/www.guineeline.net\/index.php\/wp-json\/wp\/v2\/categories?post=1069"},{"taxonomy":"post_tag","embeddable":true,"href":"https:\/\/www.guineeline.net\/index.php\/wp-json\/wp\/v2\/tags?post=1069"}],"curies":[{"name":"wp","href":"https:\/\/api.w.org\/{rel}","templated":true}]}}