{"id":1063,"date":"2022-12-06T09:42:23","date_gmt":"2022-12-06T08:42:23","guid":{"rendered":"https:\/\/www.guineeline.net\/?p=1063"},"modified":"2022-12-06T09:42:23","modified_gmt":"2022-12-06T08:42:23","slug":"proces-du-28-septembre-2009-a-la-barre-lancien-president-dadis-camara-demande-le-report-de-laudience","status":"publish","type":"post","link":"https:\/\/www.guineeline.net\/index.php\/2022\/12\/06\/proces-du-28-septembre-2009-a-la-barre-lancien-president-dadis-camara-demande-le-report-de-laudience\/","title":{"rendered":"Proc\u00e8s du 28 septembre 2009: A la barre, l&rsquo;ancien pr\u00e9sident Dadis Camara demande le report de l&rsquo;audience"},"content":{"rendered":"<div>L\u2019audience a repris ce lundi 05 d\u00e9cembre 2022 dans l\u2019affaire des massacres du 28 septembre 2009.\u00a0D\u00e8s l\u2019ouverture de l\u2019audience, Claude Pivi a \u00e9t\u00e9 appel\u00e9 \u00e0 la barre. Quelques minutes apr\u00e8s, son interrogatoire a pris fin.<\/div>\n<div><\/div>\n<div>Aussit\u00f4t qu\u2019il lui a \u00e9t\u00e9 demand\u00e9 de rejoindre sa place dans le box des accus\u00e9s, \u00e0 la surprise g\u00e9n\u00e9rale, le pr\u00e9sident du tribunal a appel\u00e9 le capitaine Moussa Dadis Camara, ancien pr\u00e9sident de la transition au moment des faits.<\/div>\n<div><\/div>\n<div dir=\"ltr\" data-setdir=\"false\">D\u00e8s qu\u2019il arriv\u00e9 \u00e0 la barre, l\u2019ancien pr\u00e9sident a pris la parole pour demander une dol\u00e9ance au tribunal.<\/div>\n<div><\/div>\n<div><i>Monsieur le pr\u00e9sident, avec votre permission, je ne voudrais pas faire certains d\u00e9tails. Je suis un officier d\u2019Etat major. Nous sommes faits pour la guerre et nous sommes fais pour la prison. Seulement que mon \u00e9tat de sant\u00e9, avec tout le respect que j\u2019ai pour votre auguste tribunal, j\u2019en ai d\u00e9j\u00e0 inform\u00e9 le directeur de la garde p\u00e9nitentiaire, le m\u00e9decin chef. Depuis un tr\u00e8s bon moment je souffre et j\u2019en ai d\u00e9j\u00e0 inform\u00e9 les avocats. Sauf pour votre respect, si effectivement vous m\u2019obligez, monsieur le pr\u00e9sident, je ne suis pas au dessus de la loi. Si vous m\u2019obligez je pourrais essayer d\u2019\u00eatre \u00e0 votre enti\u00e8re disposition. Mais en to<\/i><i>\u00abute sinc\u00e9rit\u00e9, je ne me sens pas pour le moment, absolument pas bien. Mais je m\u2019en remets \u00e0 votre sagesse. Je n\u2019ai pas le choix<\/i><b><i> \u00bb,<\/i><\/b>\u00a0a d\u00e9clar\u00e9 l\u2019ancien chef de l\u2019Etat.<\/div>\n<div><\/div>\n<div>\n<div><b><i>Oui, absolument monsieur le pr\u00e9sident\u00a0<\/i><\/b><\/div>\n<div>Vous n\u2019\u00eates pas en mesure de vous adresser au tribunal ? Vous n\u2019\u00eates pas en mesure de donner votre part de v\u00e9rit\u00e9, insiste le juge<\/div>\n<div><\/div>\n<div><b><i>Maintenant-l\u00e0 non<\/i><\/b><\/div>\n<div><\/div>\n<div>Et le tribunal ne peut pas vous obliger \u00e0 dire ou \u00e0 faire ce que vous ne pouvez pas faire. Si vous n\u2019\u00eates pas en mesure o\u00f9 votre \u00e9tat de sant\u00e9 ne vous permet pas, si vous dites que vous ne pouvez pas, le tribunal vous suivra.<\/div>\n<div><\/div>\n<div>Est-ce que vous \u00eates en mesure de tenir les d\u00e9bats ?Quand est-ce que vous serez pr\u00eat? Persiste Ibrahima Sory 2 Tounkara.<\/div>\n<div><\/div>\n<div><b><i>\u00ab\u00a0Monsieur le pr\u00e9sident, je vais simplement vous dire monsieur le pr\u00e9sident, si depuis plus de treize ans, je me suis battu corps et \u00e2me jusqu\u2019\u00e0 ce que je sois devant votre auguste tribunal, les jours \u00e0 venir par la gr\u00e2ce de Dieu, je serai l\u00e0 devant les \u00e9minents magistrats pour dire ma part de v\u00e9rit\u00e9 mais vous dire un ou deux jours, je ne suis pas un homme qui aime mentir. Je vais vous dire simplement monsieur le pr\u00e9sident, d\u00e8s lors que je vais m\u2019\u00e9tablir je suis m\u00eame plus press\u00e9 monsieur le pr\u00e9sident, en toute sinc\u00e9rit\u00e9.\u00a0\u00bb, <\/i><\/b>annonce l&rsquo;ancien chef de la junte guin\u00e9enne au pr\u00e9sident du tribunal au micro de nos confr\u00e8res de guinee114.com.<\/div>\n<div><\/div>\n<div>Finalement l&rsquo;audience a \u00e9t\u00e9 renvoy\u00e9e au 12 d\u00e9cembre 2022 pour la comparution du capitaine Moussa Dadis Camara.<\/div>\n<div><\/div>\n<\/div>\n<div>Karim Camara pour guineeline.net<\/div>\n","protected":false},"excerpt":{"rendered":"<p>L\u2019audience a repris ce lundi 05 d\u00e9cembre 2022 dans l\u2019affaire des massacres du 28 septembre 2009.\u00a0D\u00e8s l\u2019ouverture de l\u2019audience, Claude Pivi a \u00e9t\u00e9 appel\u00e9 \u00e0 la barre. Quelques minutes apr\u00e8s, son interrogatoire a pris fin. Aussit\u00f4t qu\u2019il lui a \u00e9t\u00e9 demand\u00e9 de rejoindre sa place dans le box des accus\u00e9s, \u00e0 la surprise g\u00e9n\u00e9rale, le [&hellip;]<\/p>\n","protected":false},"author":3,"featured_media":1064,"comment_status":"open","ping_status":"open","sticky":false,"template":"","format":"standard","meta":{"jnews-multi-image_gallery":[],"jnews_single_post":{"subtitle":"","format":"standard","video":"","gallery":"","source_name":"","source_url":"","via_name":"","via_url":"","override":[{"single_blog_custom":"","sidebar":"","second_sidebar":"","share_position":"","share_float_style":"","post_date_format":"","post_date_format_custom":"","number_popup_post":"1"}],"image_override":[{"single_post_thumbnail_size":"","single_post_gallery_size":""}],"trending_post_position":"","trending_post_label":""},"jnews_primary_category":{"id":""},"jnews_override_counter":{"view_counter_number":"0","share_counter_number":"0","like_counter_number":"0","dislike_counter_number":"0"},"footnotes":""},"categories":[2],"tags":[],"class_list":["post-1063","post","type-post","status-publish","format-standard","has-post-thumbnail","hentry","category-actualites"],"yoast_head":"<!-- This site is optimized with the Yoast SEO plugin v26.9 - https:\/\/yoast.com\/product\/yoast-seo-wordpress\/ -->\n<title>Proc\u00e8s du 28 septembre 2009: A la barre, l&#039;ancien pr\u00e9sident Dadis Camara demande le report de l&#039;audience - Guineeline<\/title>\n<meta name=\"robots\" content=\"index, follow, max-snippet:-1, max-image-preview:large, max-video-preview:-1\" \/>\n<link rel=\"canonical\" href=\"https:\/\/www.guineeline.net\/index.php\/2022\/12\/06\/proces-du-28-septembre-2009-a-la-barre-lancien-president-dadis-camara-demande-le-report-de-laudience\/\" \/>\n<meta property=\"og:locale\" content=\"fr_FR\" \/>\n<meta property=\"og:type\" content=\"article\" \/>\n<meta property=\"og:title\" content=\"Proc\u00e8s du 28 septembre 2009: A la barre, l&#039;ancien pr\u00e9sident Dadis Camara demande le report de l&#039;audience - Guineeline\" \/>\n<meta property=\"og:description\" content=\"L\u2019audience a repris ce lundi 05 d\u00e9cembre 2022 dans l\u2019affaire des massacres du 28 septembre 2009.\u00a0D\u00e8s l\u2019ouverture de l\u2019audience, Claude Pivi a \u00e9t\u00e9 appel\u00e9 \u00e0 la barre. Quelques minutes apr\u00e8s, son interrogatoire a pris fin. Aussit\u00f4t qu\u2019il lui a \u00e9t\u00e9 demand\u00e9 de rejoindre sa place dans le box des accus\u00e9s, \u00e0 la surprise g\u00e9n\u00e9rale, le [&hellip;]\" \/>\n<meta property=\"og:url\" content=\"https:\/\/www.guineeline.net\/index.php\/2022\/12\/06\/proces-du-28-septembre-2009-a-la-barre-lancien-president-dadis-camara-demande-le-report-de-laudience\/\" \/>\n<meta property=\"og:site_name\" content=\"Guineeline\" \/>\n<meta property=\"article:published_time\" content=\"2022-12-06T08:42:23+00:00\" \/>\n<meta property=\"og:image\" content=\"https:\/\/www.guineeline.net\/wp-content\/uploads\/2022\/12\/Dadis-a-la-barre-661x375-1.jpg\" \/>\n\t<meta property=\"og:image:width\" content=\"661\" \/>\n\t<meta property=\"og:image:height\" content=\"375\" \/>\n\t<meta property=\"og:image:type\" content=\"image\/jpeg\" \/>\n<meta name=\"author\" content=\"Guineeline\" \/>\n<meta name=\"twitter:card\" content=\"summary_large_image\" \/>\n<meta name=\"twitter:label1\" content=\"\u00c9crit par\" \/>\n\t<meta name=\"twitter:data1\" content=\"Guineeline\" \/>\n\t<meta name=\"twitter:label2\" content=\"Dur\u00e9e de lecture estim\u00e9e\" \/>\n\t<meta name=\"twitter:data2\" content=\"3 minutes\" \/>\n<script type=\"application\/ld+json\" class=\"yoast-schema-graph\">{\"@context\":\"https:\/\/schema.org\",\"@graph\":[{\"@type\":\"Article\",\"@id\":\"https:\/\/www.guineeline.net\/index.php\/2022\/12\/06\/proces-du-28-septembre-2009-a-la-barre-lancien-president-dadis-camara-demande-le-report-de-laudience\/#article\",\"isPartOf\":{\"@id\":\"https:\/\/www.guineeline.net\/index.php\/2022\/12\/06\/proces-du-28-septembre-2009-a-la-barre-lancien-president-dadis-camara-demande-le-report-de-laudience\/\"},\"author\":{\"name\":\"Guineeline\",\"@id\":\"https:\/\/www.guineeline.net\/#\/schema\/person\/f5914e0a4c56cc8f4aa0922cc547a390\"},\"headline\":\"Proc\u00e8s du 28 septembre 2009: A la barre, l&rsquo;ancien pr\u00e9sident Dadis Camara demande le report de l&rsquo;audience\",\"datePublished\":\"2022-12-06T08:42:23+00:00\",\"mainEntityOfPage\":{\"@id\":\"https:\/\/www.guineeline.net\/index.php\/2022\/12\/06\/proces-du-28-septembre-2009-a-la-barre-lancien-president-dadis-camara-demande-le-report-de-laudience\/\"},\"wordCount\":538,\"commentCount\":0,\"image\":{\"@id\":\"https:\/\/www.guineeline.net\/index.php\/2022\/12\/06\/proces-du-28-septembre-2009-a-la-barre-lancien-president-dadis-camara-demande-le-report-de-laudience\/#primaryimage\"},\"thumbnailUrl\":\"https:\/\/www.guineeline.net\/wp-content\/uploads\/2022\/12\/Dadis-a-la-barre-661x375-1.jpg\",\"articleSection\":[\"Actualit\u00e9s\"],\"inLanguage\":\"fr-FR\",\"potentialAction\":[{\"@type\":\"CommentAction\",\"name\":\"Comment\",\"target\":[\"https:\/\/www.guineeline.net\/index.php\/2022\/12\/06\/proces-du-28-septembre-2009-a-la-barre-lancien-president-dadis-camara-demande-le-report-de-laudience\/#respond\"]}]},{\"@type\":\"WebPage\",\"@id\":\"https:\/\/www.guineeline.net\/index.php\/2022\/12\/06\/proces-du-28-septembre-2009-a-la-barre-lancien-president-dadis-camara-demande-le-report-de-laudience\/\",\"url\":\"https:\/\/www.guineeline.net\/index.php\/2022\/12\/06\/proces-du-28-septembre-2009-a-la-barre-lancien-president-dadis-camara-demande-le-report-de-laudience\/\",\"name\":\"Proc\u00e8s du 28 septembre 2009: A la barre, l'ancien pr\u00e9sident Dadis Camara demande le report de l'audience - Guineeline\",\"isPartOf\":{\"@id\":\"https:\/\/www.guineeline.net\/#website\"},\"primaryImageOfPage\":{\"@id\":\"https:\/\/www.guineeline.net\/index.php\/2022\/12\/06\/proces-du-28-septembre-2009-a-la-barre-lancien-president-dadis-camara-demande-le-report-de-laudience\/#primaryimage\"},\"image\":{\"@id\":\"https:\/\/www.guineeline.net\/index.php\/2022\/12\/06\/proces-du-28-septembre-2009-a-la-barre-lancien-president-dadis-camara-demande-le-report-de-laudience\/#primaryimage\"},\"thumbnailUrl\":\"https:\/\/www.guineeline.net\/wp-content\/uploads\/2022\/12\/Dadis-a-la-barre-661x375-1.jpg\",\"datePublished\":\"2022-12-06T08:42:23+00:00\",\"author\":{\"@id\":\"https:\/\/www.guineeline.net\/#\/schema\/person\/f5914e0a4c56cc8f4aa0922cc547a390\"},\"breadcrumb\":{\"@id\":\"https:\/\/www.guineeline.net\/index.php\/2022\/12\/06\/proces-du-28-septembre-2009-a-la-barre-lancien-president-dadis-camara-demande-le-report-de-laudience\/#breadcrumb\"},\"inLanguage\":\"fr-FR\",\"potentialAction\":[{\"@type\":\"ReadAction\",\"target\":[\"https:\/\/www.guineeline.net\/index.php\/2022\/12\/06\/proces-du-28-septembre-2009-a-la-barre-lancien-president-dadis-camara-demande-le-report-de-laudience\/\"]}]},{\"@type\":\"ImageObject\",\"inLanguage\":\"fr-FR\",\"@id\":\"https:\/\/www.guineeline.net\/index.php\/2022\/12\/06\/proces-du-28-septembre-2009-a-la-barre-lancien-president-dadis-camara-demande-le-report-de-laudience\/#primaryimage\",\"url\":\"https:\/\/www.guineeline.net\/wp-content\/uploads\/2022\/12\/Dadis-a-la-barre-661x375-1.jpg\",\"contentUrl\":\"https:\/\/www.guineeline.net\/wp-content\/uploads\/2022\/12\/Dadis-a-la-barre-661x375-1.jpg\",\"width\":661,\"height\":375},{\"@type\":\"BreadcrumbList\",\"@id\":\"https:\/\/www.guineeline.net\/index.php\/2022\/12\/06\/proces-du-28-septembre-2009-a-la-barre-lancien-president-dadis-camara-demande-le-report-de-laudience\/#breadcrumb\",\"itemListElement\":[{\"@type\":\"ListItem\",\"position\":1,\"name\":\"Accueil\",\"item\":\"https:\/\/www.guineeline.net\/\"},{\"@type\":\"ListItem\",\"position\":2,\"name\":\"Proc\u00e8s du 28 septembre 2009: A la barre, l&rsquo;ancien pr\u00e9sident Dadis Camara demande le report de l&rsquo;audience\"}]},{\"@type\":\"WebSite\",\"@id\":\"https:\/\/www.guineeline.net\/#website\",\"url\":\"https:\/\/www.guineeline.net\/\",\"name\":\"Guineeline\",\"description\":\"L&#039;information en un clic\",\"potentialAction\":[{\"@type\":\"SearchAction\",\"target\":{\"@type\":\"EntryPoint\",\"urlTemplate\":\"https:\/\/www.guineeline.net\/?s={search_term_string}\"},\"query-input\":{\"@type\":\"PropertyValueSpecification\",\"valueRequired\":true,\"valueName\":\"search_term_string\"}}],\"inLanguage\":\"fr-FR\"},{\"@type\":\"Person\",\"@id\":\"https:\/\/www.guineeline.net\/#\/schema\/person\/f5914e0a4c56cc8f4aa0922cc547a390\",\"name\":\"Guineeline\",\"image\":{\"@type\":\"ImageObject\",\"inLanguage\":\"fr-FR\",\"@id\":\"https:\/\/www.guineeline.net\/#\/schema\/person\/image\/\",\"url\":\"https:\/\/secure.gravatar.com\/avatar\/432ce140236c408fa05ea28acd193ba03163acdd0efbe444c1c44957b8a29a2a?s=96&d=mm&r=g\",\"contentUrl\":\"https:\/\/secure.gravatar.com\/avatar\/432ce140236c408fa05ea28acd193ba03163acdd0efbe444c1c44957b8a29a2a?s=96&d=mm&r=g\",\"caption\":\"Guineeline\"},\"url\":\"https:\/\/www.guineeline.net\/index.php\/author\/admin\/\"}]}<\/script>\n<!-- \/ Yoast SEO plugin. -->","yoast_head_json":{"title":"Proc\u00e8s du 28 septembre 2009: A la barre, l'ancien pr\u00e9sident Dadis Camara demande le report de l'audience - Guineeline","robots":{"index":"index","follow":"follow","max-snippet":"max-snippet:-1","max-image-preview":"max-image-preview:large","max-video-preview":"max-video-preview:-1"},"canonical":"https:\/\/www.guineeline.net\/index.php\/2022\/12\/06\/proces-du-28-septembre-2009-a-la-barre-lancien-president-dadis-camara-demande-le-report-de-laudience\/","og_locale":"fr_FR","og_type":"article","og_title":"Proc\u00e8s du 28 septembre 2009: A la barre, l'ancien pr\u00e9sident Dadis Camara demande le report de l'audience - Guineeline","og_description":"L\u2019audience a repris ce lundi 05 d\u00e9cembre 2022 dans l\u2019affaire des massacres du 28 septembre 2009.\u00a0D\u00e8s l\u2019ouverture de l\u2019audience, Claude Pivi a \u00e9t\u00e9 appel\u00e9 \u00e0 la barre. Quelques minutes apr\u00e8s, son interrogatoire a pris fin. Aussit\u00f4t qu\u2019il lui a \u00e9t\u00e9 demand\u00e9 de rejoindre sa place dans le box des accus\u00e9s, \u00e0 la surprise g\u00e9n\u00e9rale, le [&hellip;]","og_url":"https:\/\/www.guineeline.net\/index.php\/2022\/12\/06\/proces-du-28-septembre-2009-a-la-barre-lancien-president-dadis-camara-demande-le-report-de-laudience\/","og_site_name":"Guineeline","article_published_time":"2022-12-06T08:42:23+00:00","og_image":[{"width":661,"height":375,"url":"https:\/\/www.guineeline.net\/wp-content\/uploads\/2022\/12\/Dadis-a-la-barre-661x375-1.jpg","type":"image\/jpeg"}],"author":"Guineeline","twitter_card":"summary_large_image","twitter_misc":{"\u00c9crit par":"Guineeline","Dur\u00e9e de lecture estim\u00e9e":"3 minutes"},"schema":{"@context":"https:\/\/schema.org","@graph":[{"@type":"Article","@id":"https:\/\/www.guineeline.net\/index.php\/2022\/12\/06\/proces-du-28-septembre-2009-a-la-barre-lancien-president-dadis-camara-demande-le-report-de-laudience\/#article","isPartOf":{"@id":"https:\/\/www.guineeline.net\/index.php\/2022\/12\/06\/proces-du-28-septembre-2009-a-la-barre-lancien-president-dadis-camara-demande-le-report-de-laudience\/"},"author":{"name":"Guineeline","@id":"https:\/\/www.guineeline.net\/#\/schema\/person\/f5914e0a4c56cc8f4aa0922cc547a390"},"headline":"Proc\u00e8s du 28 septembre 2009: A la barre, l&rsquo;ancien pr\u00e9sident Dadis Camara demande le report de l&rsquo;audience","datePublished":"2022-12-06T08:42:23+00:00","mainEntityOfPage":{"@id":"https:\/\/www.guineeline.net\/index.php\/2022\/12\/06\/proces-du-28-septembre-2009-a-la-barre-lancien-president-dadis-camara-demande-le-report-de-laudience\/"},"wordCount":538,"commentCount":0,"image":{"@id":"https:\/\/www.guineeline.net\/index.php\/2022\/12\/06\/proces-du-28-septembre-2009-a-la-barre-lancien-president-dadis-camara-demande-le-report-de-laudience\/#primaryimage"},"thumbnailUrl":"https:\/\/www.guineeline.net\/wp-content\/uploads\/2022\/12\/Dadis-a-la-barre-661x375-1.jpg","articleSection":["Actualit\u00e9s"],"inLanguage":"fr-FR","potentialAction":[{"@type":"CommentAction","name":"Comment","target":["https:\/\/www.guineeline.net\/index.php\/2022\/12\/06\/proces-du-28-septembre-2009-a-la-barre-lancien-president-dadis-camara-demande-le-report-de-laudience\/#respond"]}]},{"@type":"WebPage","@id":"https:\/\/www.guineeline.net\/index.php\/2022\/12\/06\/proces-du-28-septembre-2009-a-la-barre-lancien-president-dadis-camara-demande-le-report-de-laudience\/","url":"https:\/\/www.guineeline.net\/index.php\/2022\/12\/06\/proces-du-28-septembre-2009-a-la-barre-lancien-president-dadis-camara-demande-le-report-de-laudience\/","name":"Proc\u00e8s du 28 septembre 2009: A la barre, l'ancien pr\u00e9sident Dadis Camara demande le report de l'audience - Guineeline","isPartOf":{"@id":"https:\/\/www.guineeline.net\/#website"},"primaryImageOfPage":{"@id":"https:\/\/www.guineeline.net\/index.php\/2022\/12\/06\/proces-du-28-septembre-2009-a-la-barre-lancien-president-dadis-camara-demande-le-report-de-laudience\/#primaryimage"},"image":{"@id":"https:\/\/www.guineeline.net\/index.php\/2022\/12\/06\/proces-du-28-septembre-2009-a-la-barre-lancien-president-dadis-camara-demande-le-report-de-laudience\/#primaryimage"},"thumbnailUrl":"https:\/\/www.guineeline.net\/wp-content\/uploads\/2022\/12\/Dadis-a-la-barre-661x375-1.jpg","datePublished":"2022-12-06T08:42:23+00:00","author":{"@id":"https:\/\/www.guineeline.net\/#\/schema\/person\/f5914e0a4c56cc8f4aa0922cc547a390"},"breadcrumb":{"@id":"https:\/\/www.guineeline.net\/index.php\/2022\/12\/06\/proces-du-28-septembre-2009-a-la-barre-lancien-president-dadis-camara-demande-le-report-de-laudience\/#breadcrumb"},"inLanguage":"fr-FR","potentialAction":[{"@type":"ReadAction","target":["https:\/\/www.guineeline.net\/index.php\/2022\/12\/06\/proces-du-28-septembre-2009-a-la-barre-lancien-president-dadis-camara-demande-le-report-de-laudience\/"]}]},{"@type":"ImageObject","inLanguage":"fr-FR","@id":"https:\/\/www.guineeline.net\/index.php\/2022\/12\/06\/proces-du-28-septembre-2009-a-la-barre-lancien-president-dadis-camara-demande-le-report-de-laudience\/#primaryimage","url":"https:\/\/www.guineeline.net\/wp-content\/uploads\/2022\/12\/Dadis-a-la-barre-661x375-1.jpg","contentUrl":"https:\/\/www.guineeline.net\/wp-content\/uploads\/2022\/12\/Dadis-a-la-barre-661x375-1.jpg","width":661,"height":375},{"@type":"BreadcrumbList","@id":"https:\/\/www.guineeline.net\/index.php\/2022\/12\/06\/proces-du-28-septembre-2009-a-la-barre-lancien-president-dadis-camara-demande-le-report-de-laudience\/#breadcrumb","itemListElement":[{"@type":"ListItem","position":1,"name":"Accueil","item":"https:\/\/www.guineeline.net\/"},{"@type":"ListItem","position":2,"name":"Proc\u00e8s du 28 septembre 2009: A la barre, l&rsquo;ancien pr\u00e9sident Dadis Camara demande le report de l&rsquo;audience"}]},{"@type":"WebSite","@id":"https:\/\/www.guineeline.net\/#website","url":"https:\/\/www.guineeline.net\/","name":"Guineeline","description":"L&#039;information en un clic","potentialAction":[{"@type":"SearchAction","target":{"@type":"EntryPoint","urlTemplate":"https:\/\/www.guineeline.net\/?s={search_term_string}"},"query-input":{"@type":"PropertyValueSpecification","valueRequired":true,"valueName":"search_term_string"}}],"inLanguage":"fr-FR"},{"@type":"Person","@id":"https:\/\/www.guineeline.net\/#\/schema\/person\/f5914e0a4c56cc8f4aa0922cc547a390","name":"Guineeline","image":{"@type":"ImageObject","inLanguage":"fr-FR","@id":"https:\/\/www.guineeline.net\/#\/schema\/person\/image\/","url":"https:\/\/secure.gravatar.com\/avatar\/432ce140236c408fa05ea28acd193ba03163acdd0efbe444c1c44957b8a29a2a?s=96&d=mm&r=g","contentUrl":"https:\/\/secure.gravatar.com\/avatar\/432ce140236c408fa05ea28acd193ba03163acdd0efbe444c1c44957b8a29a2a?s=96&d=mm&r=g","caption":"Guineeline"},"url":"https:\/\/www.guineeline.net\/index.php\/author\/admin\/"}]}},"_links":{"self":[{"href":"https:\/\/www.guineeline.net\/index.php\/wp-json\/wp\/v2\/posts\/1063","targetHints":{"allow":["GET"]}}],"collection":[{"href":"https:\/\/www.guineeline.net\/index.php\/wp-json\/wp\/v2\/posts"}],"about":[{"href":"https:\/\/www.guineeline.net\/index.php\/wp-json\/wp\/v2\/types\/post"}],"author":[{"embeddable":true,"href":"https:\/\/www.guineeline.net\/index.php\/wp-json\/wp\/v2\/users\/3"}],"replies":[{"embeddable":true,"href":"https:\/\/www.guineeline.net\/index.php\/wp-json\/wp\/v2\/comments?post=1063"}],"version-history":[{"count":1,"href":"https:\/\/www.guineeline.net\/index.php\/wp-json\/wp\/v2\/posts\/1063\/revisions"}],"predecessor-version":[{"id":1065,"href":"https:\/\/www.guineeline.net\/index.php\/wp-json\/wp\/v2\/posts\/1063\/revisions\/1065"}],"wp:featuredmedia":[{"embeddable":true,"href":"https:\/\/www.guineeline.net\/index.php\/wp-json\/wp\/v2\/media\/1064"}],"wp:attachment":[{"href":"https:\/\/www.guineeline.net\/index.php\/wp-json\/wp\/v2\/media?parent=1063"}],"wp:term":[{"taxonomy":"category","embeddable":true,"href":"https:\/\/www.guineeline.net\/index.php\/wp-json\/wp\/v2\/categories?post=1063"},{"taxonomy":"post_tag","embeddable":true,"href":"https:\/\/www.guineeline.net\/index.php\/wp-json\/wp\/v2\/tags?post=1063"}],"curies":[{"name":"wp","href":"https:\/\/api.w.org\/{rel}","templated":true}]}}