{"id":1061,"date":"2022-12-03T17:57:28","date_gmt":"2022-12-03T16:57:28","guid":{"rendered":"https:\/\/www.guineeline.net\/?p=1061"},"modified":"2022-12-03T17:57:28","modified_gmt":"2022-12-03T16:57:28","slug":"urgent-amadou-damaro-camara-serait-de-nouveau-conduit-a-lhopital-ignace-deen-pour-des-soins","status":"publish","type":"post","link":"https:\/\/www.guineeline.net\/index.php\/2022\/12\/03\/urgent-amadou-damaro-camara-serait-de-nouveau-conduit-a-lhopital-ignace-deen-pour-des-soins\/","title":{"rendered":"Urgent: Amadou Damaro Camara serait de nouveau conduit \u00e0 l\u2019h\u00f4pital Ignace Deen pour des soins"},"content":{"rendered":"<div dir=\"ltr\" data-setdir=\"false\">Selon des sources concordantes, l\u2019ancien pr\u00e9sident de l\u2019Assembl\u00e9e nationale, Amadou Damaro Camara serait de nouveau conduit d\u2019urgence \u00e0 l\u2019h\u00f4pital Ignace Deen dans la nuit du vendredi \u00e0 ce samedi 03 d\u00e9cembre 2022. L\u2019information nous a \u00e9t\u00e9 donn\u00e9e par une source proche de la famille nous rapporte nos confr\u00e8res de guinee114.com.<\/div>\n<div dir=\"ltr\" data-setdir=\"false\"><\/div>\n<div>\u00c0 en croire notre informateur, Amadou Damaro Camara en d\u00e9tention \u00e0 la Maison Centrale de Conakry depuis le d\u00e9but de l\u2019ann\u00e9e, continue d\u2019avoir des vertiges et ne sentirait plus l\u2019usage de ses orteils.<\/div>\n<div><\/div>\n<div><i>\u00ab\u00a0<b>C\u2019est aux environs de\u00a0 02 heures du matin qu\u2019il a \u00e9t\u00e9 r\u00e9veill\u00e9 par des douleurs accompagn\u00e9es par des vertiges. C\u2019est ainsi qu\u2019il a \u00e9t\u00e9 conduit \u00e0 l\u2019h\u00f4pital Ignace Deen pour des soins. En plus, depuis deux semaines, il ne sent plus l\u2019usage de ses orteils<\/b>\u00ab\u00a0<\/i>, nous a confi\u00e9 un de ses proches \u00e0 travers un appel t\u00e9l\u00e9phonique tr\u00e8s t\u00f4t ce samedi 03 d\u00e9cembre 2022.<\/div>\n<div><\/div>\n<div>Joint au t\u00e9l\u00e9phone par nos confr\u00e8res, un de ses avocats qui se r\u00e9serve de se prononcer publiquement sans avoir\u00a0 vu son client, nous a confi\u00e9 ceci: <i>\u00ab\u00a0M<b>on client ne se porte pas bien. Encore une fois il est conduit d\u2019urgence \u00e0 l\u2019h\u00f4pital Ignace Deen. D\u2019ici 10heures je vous fournirai d\u2019autres informations sur son \u00e9tat de sant\u00e9\u00a0\u00bb.<\/b><\/i><\/div>\n<div><\/div>\n<div>Reste donc \u00e0 savoir si une libert\u00e9 sera accord\u00e9e \u00e0 Amadou Damaro Camara pour qu\u2019il aille se soigner \u00e0 l&rsquo;ext\u00e9rieur du pays comme le souhaite son avocat.<\/div>\n<div><\/div>\n<div>Karim Camara<\/div>\n","protected":false},"excerpt":{"rendered":"<p>Selon des sources concordantes, l\u2019ancien pr\u00e9sident de l\u2019Assembl\u00e9e nationale, Amadou Damaro Camara serait de nouveau conduit d\u2019urgence \u00e0 l\u2019h\u00f4pital Ignace Deen dans la nuit du vendredi \u00e0 ce samedi 03 d\u00e9cembre 2022. L\u2019information nous a \u00e9t\u00e9 donn\u00e9e par une source proche de la famille nous rapporte nos confr\u00e8res de guinee114.com. \u00c0 en croire notre informateur, [&hellip;]<\/p>\n","protected":false},"author":3,"featured_media":632,"comment_status":"open","ping_status":"open","sticky":false,"template":"","format":"standard","meta":{"jnews-multi-image_gallery":[],"jnews_single_post":{"subtitle":"","format":"standard","video":"","gallery":"","source_name":"","source_url":"","via_name":"","via_url":"","override":[{"single_blog_custom":"","sidebar":"","second_sidebar":"","share_position":"","share_float_style":"","post_date_format":"","post_date_format_custom":"","number_popup_post":"1"}],"image_override":[{"single_post_thumbnail_size":"","single_post_gallery_size":""}],"trending_post_position":"","trending_post_label":""},"jnews_primary_category":{"id":""},"jnews_override_counter":{"view_counter_number":"0","share_counter_number":"0","like_counter_number":"0","dislike_counter_number":"0"},"footnotes":""},"categories":[2],"tags":[],"class_list":["post-1061","post","type-post","status-publish","format-standard","has-post-thumbnail","hentry","category-actualites"],"yoast_head":"<!-- This site is optimized with the Yoast SEO plugin v26.9 - https:\/\/yoast.com\/product\/yoast-seo-wordpress\/ -->\n<title>Urgent: Amadou Damaro Camara serait de nouveau conduit \u00e0 l\u2019h\u00f4pital Ignace Deen pour des soins - Guineeline<\/title>\n<meta name=\"robots\" content=\"index, follow, max-snippet:-1, max-image-preview:large, max-video-preview:-1\" \/>\n<link rel=\"canonical\" href=\"https:\/\/www.guineeline.net\/index.php\/2022\/12\/03\/urgent-amadou-damaro-camara-serait-de-nouveau-conduit-a-lhopital-ignace-deen-pour-des-soins\/\" \/>\n<meta property=\"og:locale\" content=\"fr_FR\" \/>\n<meta property=\"og:type\" content=\"article\" \/>\n<meta property=\"og:title\" content=\"Urgent: Amadou Damaro Camara serait de nouveau conduit \u00e0 l\u2019h\u00f4pital Ignace Deen pour des soins - Guineeline\" \/>\n<meta property=\"og:description\" content=\"Selon des sources concordantes, l\u2019ancien pr\u00e9sident de l\u2019Assembl\u00e9e nationale, Amadou Damaro Camara serait de nouveau conduit d\u2019urgence \u00e0 l\u2019h\u00f4pital Ignace Deen dans la nuit du vendredi \u00e0 ce samedi 03 d\u00e9cembre 2022. L\u2019information nous a \u00e9t\u00e9 donn\u00e9e par une source proche de la famille nous rapporte nos confr\u00e8res de guinee114.com. \u00c0 en croire notre informateur, [&hellip;]\" \/>\n<meta property=\"og:url\" content=\"https:\/\/www.guineeline.net\/index.php\/2022\/12\/03\/urgent-amadou-damaro-camara-serait-de-nouveau-conduit-a-lhopital-ignace-deen-pour-des-soins\/\" \/>\n<meta property=\"og:site_name\" content=\"Guineeline\" \/>\n<meta property=\"article:published_time\" content=\"2022-12-03T16:57:28+00:00\" \/>\n<meta property=\"og:image\" content=\"https:\/\/www.guineeline.net\/wp-content\/uploads\/2022\/04\/damaro_camara.jpeg\" \/>\n\t<meta property=\"og:image:width\" content=\"641\" \/>\n\t<meta property=\"og:image:height\" content=\"471\" \/>\n\t<meta property=\"og:image:type\" content=\"image\/jpeg\" \/>\n<meta name=\"author\" content=\"Guineeline\" \/>\n<meta name=\"twitter:card\" content=\"summary_large_image\" \/>\n<meta name=\"twitter:label1\" content=\"\u00c9crit par\" \/>\n\t<meta name=\"twitter:data1\" content=\"Guineeline\" \/>\n\t<meta name=\"twitter:label2\" content=\"Dur\u00e9e de lecture estim\u00e9e\" \/>\n\t<meta name=\"twitter:data2\" content=\"2 minutes\" \/>\n<script type=\"application\/ld+json\" class=\"yoast-schema-graph\">{\"@context\":\"https:\/\/schema.org\",\"@graph\":[{\"@type\":\"Article\",\"@id\":\"https:\/\/www.guineeline.net\/index.php\/2022\/12\/03\/urgent-amadou-damaro-camara-serait-de-nouveau-conduit-a-lhopital-ignace-deen-pour-des-soins\/#article\",\"isPartOf\":{\"@id\":\"https:\/\/www.guineeline.net\/index.php\/2022\/12\/03\/urgent-amadou-damaro-camara-serait-de-nouveau-conduit-a-lhopital-ignace-deen-pour-des-soins\/\"},\"author\":{\"name\":\"Guineeline\",\"@id\":\"https:\/\/www.guineeline.net\/#\/schema\/person\/f5914e0a4c56cc8f4aa0922cc547a390\"},\"headline\":\"Urgent: Amadou Damaro Camara serait de nouveau conduit \u00e0 l\u2019h\u00f4pital Ignace Deen pour des soins\",\"datePublished\":\"2022-12-03T16:57:28+00:00\",\"mainEntityOfPage\":{\"@id\":\"https:\/\/www.guineeline.net\/index.php\/2022\/12\/03\/urgent-amadou-damaro-camara-serait-de-nouveau-conduit-a-lhopital-ignace-deen-pour-des-soins\/\"},\"wordCount\":278,\"commentCount\":0,\"image\":{\"@id\":\"https:\/\/www.guineeline.net\/index.php\/2022\/12\/03\/urgent-amadou-damaro-camara-serait-de-nouveau-conduit-a-lhopital-ignace-deen-pour-des-soins\/#primaryimage\"},\"thumbnailUrl\":\"https:\/\/www.guineeline.net\/wp-content\/uploads\/2022\/04\/damaro_camara.jpeg\",\"articleSection\":[\"Actualit\u00e9s\"],\"inLanguage\":\"fr-FR\",\"potentialAction\":[{\"@type\":\"CommentAction\",\"name\":\"Comment\",\"target\":[\"https:\/\/www.guineeline.net\/index.php\/2022\/12\/03\/urgent-amadou-damaro-camara-serait-de-nouveau-conduit-a-lhopital-ignace-deen-pour-des-soins\/#respond\"]}]},{\"@type\":\"WebPage\",\"@id\":\"https:\/\/www.guineeline.net\/index.php\/2022\/12\/03\/urgent-amadou-damaro-camara-serait-de-nouveau-conduit-a-lhopital-ignace-deen-pour-des-soins\/\",\"url\":\"https:\/\/www.guineeline.net\/index.php\/2022\/12\/03\/urgent-amadou-damaro-camara-serait-de-nouveau-conduit-a-lhopital-ignace-deen-pour-des-soins\/\",\"name\":\"Urgent: Amadou Damaro Camara serait de nouveau conduit \u00e0 l\u2019h\u00f4pital Ignace Deen pour des soins - Guineeline\",\"isPartOf\":{\"@id\":\"https:\/\/www.guineeline.net\/#website\"},\"primaryImageOfPage\":{\"@id\":\"https:\/\/www.guineeline.net\/index.php\/2022\/12\/03\/urgent-amadou-damaro-camara-serait-de-nouveau-conduit-a-lhopital-ignace-deen-pour-des-soins\/#primaryimage\"},\"image\":{\"@id\":\"https:\/\/www.guineeline.net\/index.php\/2022\/12\/03\/urgent-amadou-damaro-camara-serait-de-nouveau-conduit-a-lhopital-ignace-deen-pour-des-soins\/#primaryimage\"},\"thumbnailUrl\":\"https:\/\/www.guineeline.net\/wp-content\/uploads\/2022\/04\/damaro_camara.jpeg\",\"datePublished\":\"2022-12-03T16:57:28+00:00\",\"author\":{\"@id\":\"https:\/\/www.guineeline.net\/#\/schema\/person\/f5914e0a4c56cc8f4aa0922cc547a390\"},\"breadcrumb\":{\"@id\":\"https:\/\/www.guineeline.net\/index.php\/2022\/12\/03\/urgent-amadou-damaro-camara-serait-de-nouveau-conduit-a-lhopital-ignace-deen-pour-des-soins\/#breadcrumb\"},\"inLanguage\":\"fr-FR\",\"potentialAction\":[{\"@type\":\"ReadAction\",\"target\":[\"https:\/\/www.guineeline.net\/index.php\/2022\/12\/03\/urgent-amadou-damaro-camara-serait-de-nouveau-conduit-a-lhopital-ignace-deen-pour-des-soins\/\"]}]},{\"@type\":\"ImageObject\",\"inLanguage\":\"fr-FR\",\"@id\":\"https:\/\/www.guineeline.net\/index.php\/2022\/12\/03\/urgent-amadou-damaro-camara-serait-de-nouveau-conduit-a-lhopital-ignace-deen-pour-des-soins\/#primaryimage\",\"url\":\"https:\/\/www.guineeline.net\/wp-content\/uploads\/2022\/04\/damaro_camara.jpeg\",\"contentUrl\":\"https:\/\/www.guineeline.net\/wp-content\/uploads\/2022\/04\/damaro_camara.jpeg\",\"width\":641,\"height\":471},{\"@type\":\"BreadcrumbList\",\"@id\":\"https:\/\/www.guineeline.net\/index.php\/2022\/12\/03\/urgent-amadou-damaro-camara-serait-de-nouveau-conduit-a-lhopital-ignace-deen-pour-des-soins\/#breadcrumb\",\"itemListElement\":[{\"@type\":\"ListItem\",\"position\":1,\"name\":\"Accueil\",\"item\":\"https:\/\/www.guineeline.net\/\"},{\"@type\":\"ListItem\",\"position\":2,\"name\":\"Urgent: Amadou Damaro Camara serait de nouveau conduit \u00e0 l\u2019h\u00f4pital Ignace Deen pour des soins\"}]},{\"@type\":\"WebSite\",\"@id\":\"https:\/\/www.guineeline.net\/#website\",\"url\":\"https:\/\/www.guineeline.net\/\",\"name\":\"Guineeline\",\"description\":\"L&#039;information en un clic\",\"potentialAction\":[{\"@type\":\"SearchAction\",\"target\":{\"@type\":\"EntryPoint\",\"urlTemplate\":\"https:\/\/www.guineeline.net\/?s={search_term_string}\"},\"query-input\":{\"@type\":\"PropertyValueSpecification\",\"valueRequired\":true,\"valueName\":\"search_term_string\"}}],\"inLanguage\":\"fr-FR\"},{\"@type\":\"Person\",\"@id\":\"https:\/\/www.guineeline.net\/#\/schema\/person\/f5914e0a4c56cc8f4aa0922cc547a390\",\"name\":\"Guineeline\",\"image\":{\"@type\":\"ImageObject\",\"inLanguage\":\"fr-FR\",\"@id\":\"https:\/\/www.guineeline.net\/#\/schema\/person\/image\/\",\"url\":\"https:\/\/secure.gravatar.com\/avatar\/432ce140236c408fa05ea28acd193ba03163acdd0efbe444c1c44957b8a29a2a?s=96&d=mm&r=g\",\"contentUrl\":\"https:\/\/secure.gravatar.com\/avatar\/432ce140236c408fa05ea28acd193ba03163acdd0efbe444c1c44957b8a29a2a?s=96&d=mm&r=g\",\"caption\":\"Guineeline\"},\"url\":\"https:\/\/www.guineeline.net\/index.php\/author\/admin\/\"}]}<\/script>\n<!-- \/ Yoast SEO plugin. -->","yoast_head_json":{"title":"Urgent: Amadou Damaro Camara serait de nouveau conduit \u00e0 l\u2019h\u00f4pital Ignace Deen pour des soins - Guineeline","robots":{"index":"index","follow":"follow","max-snippet":"max-snippet:-1","max-image-preview":"max-image-preview:large","max-video-preview":"max-video-preview:-1"},"canonical":"https:\/\/www.guineeline.net\/index.php\/2022\/12\/03\/urgent-amadou-damaro-camara-serait-de-nouveau-conduit-a-lhopital-ignace-deen-pour-des-soins\/","og_locale":"fr_FR","og_type":"article","og_title":"Urgent: Amadou Damaro Camara serait de nouveau conduit \u00e0 l\u2019h\u00f4pital Ignace Deen pour des soins - Guineeline","og_description":"Selon des sources concordantes, l\u2019ancien pr\u00e9sident de l\u2019Assembl\u00e9e nationale, Amadou Damaro Camara serait de nouveau conduit d\u2019urgence \u00e0 l\u2019h\u00f4pital Ignace Deen dans la nuit du vendredi \u00e0 ce samedi 03 d\u00e9cembre 2022. L\u2019information nous a \u00e9t\u00e9 donn\u00e9e par une source proche de la famille nous rapporte nos confr\u00e8res de guinee114.com. \u00c0 en croire notre informateur, [&hellip;]","og_url":"https:\/\/www.guineeline.net\/index.php\/2022\/12\/03\/urgent-amadou-damaro-camara-serait-de-nouveau-conduit-a-lhopital-ignace-deen-pour-des-soins\/","og_site_name":"Guineeline","article_published_time":"2022-12-03T16:57:28+00:00","og_image":[{"width":641,"height":471,"url":"https:\/\/www.guineeline.net\/wp-content\/uploads\/2022\/04\/damaro_camara.jpeg","type":"image\/jpeg"}],"author":"Guineeline","twitter_card":"summary_large_image","twitter_misc":{"\u00c9crit par":"Guineeline","Dur\u00e9e de lecture estim\u00e9e":"2 minutes"},"schema":{"@context":"https:\/\/schema.org","@graph":[{"@type":"Article","@id":"https:\/\/www.guineeline.net\/index.php\/2022\/12\/03\/urgent-amadou-damaro-camara-serait-de-nouveau-conduit-a-lhopital-ignace-deen-pour-des-soins\/#article","isPartOf":{"@id":"https:\/\/www.guineeline.net\/index.php\/2022\/12\/03\/urgent-amadou-damaro-camara-serait-de-nouveau-conduit-a-lhopital-ignace-deen-pour-des-soins\/"},"author":{"name":"Guineeline","@id":"https:\/\/www.guineeline.net\/#\/schema\/person\/f5914e0a4c56cc8f4aa0922cc547a390"},"headline":"Urgent: Amadou Damaro Camara serait de nouveau conduit \u00e0 l\u2019h\u00f4pital Ignace Deen pour des soins","datePublished":"2022-12-03T16:57:28+00:00","mainEntityOfPage":{"@id":"https:\/\/www.guineeline.net\/index.php\/2022\/12\/03\/urgent-amadou-damaro-camara-serait-de-nouveau-conduit-a-lhopital-ignace-deen-pour-des-soins\/"},"wordCount":278,"commentCount":0,"image":{"@id":"https:\/\/www.guineeline.net\/index.php\/2022\/12\/03\/urgent-amadou-damaro-camara-serait-de-nouveau-conduit-a-lhopital-ignace-deen-pour-des-soins\/#primaryimage"},"thumbnailUrl":"https:\/\/www.guineeline.net\/wp-content\/uploads\/2022\/04\/damaro_camara.jpeg","articleSection":["Actualit\u00e9s"],"inLanguage":"fr-FR","potentialAction":[{"@type":"CommentAction","name":"Comment","target":["https:\/\/www.guineeline.net\/index.php\/2022\/12\/03\/urgent-amadou-damaro-camara-serait-de-nouveau-conduit-a-lhopital-ignace-deen-pour-des-soins\/#respond"]}]},{"@type":"WebPage","@id":"https:\/\/www.guineeline.net\/index.php\/2022\/12\/03\/urgent-amadou-damaro-camara-serait-de-nouveau-conduit-a-lhopital-ignace-deen-pour-des-soins\/","url":"https:\/\/www.guineeline.net\/index.php\/2022\/12\/03\/urgent-amadou-damaro-camara-serait-de-nouveau-conduit-a-lhopital-ignace-deen-pour-des-soins\/","name":"Urgent: Amadou Damaro Camara serait de nouveau conduit \u00e0 l\u2019h\u00f4pital Ignace Deen pour des soins - Guineeline","isPartOf":{"@id":"https:\/\/www.guineeline.net\/#website"},"primaryImageOfPage":{"@id":"https:\/\/www.guineeline.net\/index.php\/2022\/12\/03\/urgent-amadou-damaro-camara-serait-de-nouveau-conduit-a-lhopital-ignace-deen-pour-des-soins\/#primaryimage"},"image":{"@id":"https:\/\/www.guineeline.net\/index.php\/2022\/12\/03\/urgent-amadou-damaro-camara-serait-de-nouveau-conduit-a-lhopital-ignace-deen-pour-des-soins\/#primaryimage"},"thumbnailUrl":"https:\/\/www.guineeline.net\/wp-content\/uploads\/2022\/04\/damaro_camara.jpeg","datePublished":"2022-12-03T16:57:28+00:00","author":{"@id":"https:\/\/www.guineeline.net\/#\/schema\/person\/f5914e0a4c56cc8f4aa0922cc547a390"},"breadcrumb":{"@id":"https:\/\/www.guineeline.net\/index.php\/2022\/12\/03\/urgent-amadou-damaro-camara-serait-de-nouveau-conduit-a-lhopital-ignace-deen-pour-des-soins\/#breadcrumb"},"inLanguage":"fr-FR","potentialAction":[{"@type":"ReadAction","target":["https:\/\/www.guineeline.net\/index.php\/2022\/12\/03\/urgent-amadou-damaro-camara-serait-de-nouveau-conduit-a-lhopital-ignace-deen-pour-des-soins\/"]}]},{"@type":"ImageObject","inLanguage":"fr-FR","@id":"https:\/\/www.guineeline.net\/index.php\/2022\/12\/03\/urgent-amadou-damaro-camara-serait-de-nouveau-conduit-a-lhopital-ignace-deen-pour-des-soins\/#primaryimage","url":"https:\/\/www.guineeline.net\/wp-content\/uploads\/2022\/04\/damaro_camara.jpeg","contentUrl":"https:\/\/www.guineeline.net\/wp-content\/uploads\/2022\/04\/damaro_camara.jpeg","width":641,"height":471},{"@type":"BreadcrumbList","@id":"https:\/\/www.guineeline.net\/index.php\/2022\/12\/03\/urgent-amadou-damaro-camara-serait-de-nouveau-conduit-a-lhopital-ignace-deen-pour-des-soins\/#breadcrumb","itemListElement":[{"@type":"ListItem","position":1,"name":"Accueil","item":"https:\/\/www.guineeline.net\/"},{"@type":"ListItem","position":2,"name":"Urgent: Amadou Damaro Camara serait de nouveau conduit \u00e0 l\u2019h\u00f4pital Ignace Deen pour des soins"}]},{"@type":"WebSite","@id":"https:\/\/www.guineeline.net\/#website","url":"https:\/\/www.guineeline.net\/","name":"Guineeline","description":"L&#039;information en un clic","potentialAction":[{"@type":"SearchAction","target":{"@type":"EntryPoint","urlTemplate":"https:\/\/www.guineeline.net\/?s={search_term_string}"},"query-input":{"@type":"PropertyValueSpecification","valueRequired":true,"valueName":"search_term_string"}}],"inLanguage":"fr-FR"},{"@type":"Person","@id":"https:\/\/www.guineeline.net\/#\/schema\/person\/f5914e0a4c56cc8f4aa0922cc547a390","name":"Guineeline","image":{"@type":"ImageObject","inLanguage":"fr-FR","@id":"https:\/\/www.guineeline.net\/#\/schema\/person\/image\/","url":"https:\/\/secure.gravatar.com\/avatar\/432ce140236c408fa05ea28acd193ba03163acdd0efbe444c1c44957b8a29a2a?s=96&d=mm&r=g","contentUrl":"https:\/\/secure.gravatar.com\/avatar\/432ce140236c408fa05ea28acd193ba03163acdd0efbe444c1c44957b8a29a2a?s=96&d=mm&r=g","caption":"Guineeline"},"url":"https:\/\/www.guineeline.net\/index.php\/author\/admin\/"}]}},"_links":{"self":[{"href":"https:\/\/www.guineeline.net\/index.php\/wp-json\/wp\/v2\/posts\/1061","targetHints":{"allow":["GET"]}}],"collection":[{"href":"https:\/\/www.guineeline.net\/index.php\/wp-json\/wp\/v2\/posts"}],"about":[{"href":"https:\/\/www.guineeline.net\/index.php\/wp-json\/wp\/v2\/types\/post"}],"author":[{"embeddable":true,"href":"https:\/\/www.guineeline.net\/index.php\/wp-json\/wp\/v2\/users\/3"}],"replies":[{"embeddable":true,"href":"https:\/\/www.guineeline.net\/index.php\/wp-json\/wp\/v2\/comments?post=1061"}],"version-history":[{"count":1,"href":"https:\/\/www.guineeline.net\/index.php\/wp-json\/wp\/v2\/posts\/1061\/revisions"}],"predecessor-version":[{"id":1062,"href":"https:\/\/www.guineeline.net\/index.php\/wp-json\/wp\/v2\/posts\/1061\/revisions\/1062"}],"wp:featuredmedia":[{"embeddable":true,"href":"https:\/\/www.guineeline.net\/index.php\/wp-json\/wp\/v2\/media\/632"}],"wp:attachment":[{"href":"https:\/\/www.guineeline.net\/index.php\/wp-json\/wp\/v2\/media?parent=1061"}],"wp:term":[{"taxonomy":"category","embeddable":true,"href":"https:\/\/www.guineeline.net\/index.php\/wp-json\/wp\/v2\/categories?post=1061"},{"taxonomy":"post_tag","embeddable":true,"href":"https:\/\/www.guineeline.net\/index.php\/wp-json\/wp\/v2\/tags?post=1061"}],"curies":[{"name":"wp","href":"https:\/\/api.w.org\/{rel}","templated":true}]}}