{"id":1059,"date":"2022-12-03T17:51:40","date_gmt":"2022-12-03T16:51:40","guid":{"rendered":"https:\/\/www.guineeline.net\/?p=1059"},"modified":"2022-12-03T17:51:51","modified_gmt":"2022-12-03T16:51:51","slug":"mena-le-colonel-mamadi-doumbouya-nomme-deux-hauts-cadres","status":"publish","type":"post","link":"https:\/\/www.guineeline.net\/index.php\/2022\/12\/03\/mena-le-colonel-mamadi-doumbouya-nomme-deux-hauts-cadres\/","title":{"rendered":"MENA: le Colonel Mamadi Doumbouya nomme deux hauts cadres"},"content":{"rendered":"<div>Le Pr\u00e9sident de la transition, le Colonel Mamadi Doumbouya a dans d\u00e9cret lu sur les ondes des m\u00e9dias d\u2019\u00c9tat ce vendredi 02 d\u00e9cembre 2022 nomm\u00e9 deux hauts cadres au minist\u00e8re de l\u2019\u00e9ducation nationale et de l\u2019alphab\u00e9tisation ( MENA).<\/div>\n<div>1:\u00a0<b>Inspecteur r\u00e9gional de l\u2019\u00e9ducation de Faranah:\u00a0<\/b>\u00a0Monsieur Georges Paka Guilavogui matricule 1933X ,ancien directeur pr\u00e9fectoral de l\u2019\u00e9ducation de Mandiana en remplacement de Monsieur Famoro Keita matricule 1901312F mise \u00e0 la disposition du cabinet;<\/div>\n<div>2:\u00a0<b>Directeur pr\u00e9fectoral de l\u2019\u00e9ducation de\u00a0<\/b><b>Tel\u00e9m\u00e9l\u00e9<\/b><\/div>\n<div dir=\"ltr\" data-setdir=\"false\">\u00a0Monsieur Ibrahima Ciss\u00e9 matricule 193824 N pr\u00e9c\u00e9demment chef section p\u00e9dagogique de la direction pr\u00e9fectorale de l\u2019\u00e9ducation de Tel\u00e9m\u00e9l\u00e9 en remplacement de Monsieur Mamadi Cond\u00e9 matricule 217249 D mis \u00e0 la disposition du cabinet.<\/div>\n<div dir=\"ltr\" data-setdir=\"false\">Rappelons tout de m\u00eame que le desormais ancien inspecteur r\u00e9gional de l&rsquo;\u00e9ducation de Faranah, monsieur Famoro Keita est poursuivi pour des faits de falsification de notes dans la pr\u00e9fecture de Kankan et a m\u00eame reconnu les faits qui lui son reproch\u00e9s lors de son jugement le jeudi 24 novembre 2022.<\/div>\n<div dir=\"ltr\" data-setdir=\"false\"><\/div>\n<div dir=\"ltr\" data-setdir=\"false\">Oury Bah<\/div>\n<div dir=\"ltr\" data-setdir=\"false\"><\/div>\n","protected":false},"excerpt":{"rendered":"<p>Le Pr\u00e9sident de la transition, le Colonel Mamadi Doumbouya a dans d\u00e9cret lu sur les ondes des m\u00e9dias d\u2019\u00c9tat ce vendredi 02 d\u00e9cembre 2022 nomm\u00e9 deux hauts cadres au minist\u00e8re de l\u2019\u00e9ducation nationale et de l\u2019alphab\u00e9tisation ( MENA). 1:\u00a0Inspecteur r\u00e9gional de l\u2019\u00e9ducation de Faranah:\u00a0\u00a0Monsieur Georges Paka Guilavogui matricule 1933X ,ancien directeur pr\u00e9fectoral de l\u2019\u00e9ducation de [&hellip;]<\/p>\n","protected":false},"author":3,"featured_media":932,"comment_status":"open","ping_status":"open","sticky":false,"template":"","format":"standard","meta":{"jnews-multi-image_gallery":[],"jnews_single_post":{"subtitle":"","format":"standard","video":"","gallery":"","source_name":"","source_url":"","via_name":"","via_url":"","override":[{"single_blog_custom":"","sidebar":"","second_sidebar":"","share_position":"","share_float_style":"","post_date_format":"","post_date_format_custom":"","number_popup_post":"1"}],"image_override":[{"single_post_thumbnail_size":"","single_post_gallery_size":""}],"trending_post_position":"","trending_post_label":""},"jnews_primary_category":{"id":""},"jnews_override_counter":{"view_counter_number":"0","share_counter_number":"0","like_counter_number":"0","dislike_counter_number":"0"},"footnotes":""},"categories":[2],"tags":[],"class_list":["post-1059","post","type-post","status-publish","format-standard","has-post-thumbnail","hentry","category-actualites"],"yoast_head":"<!-- This site is optimized with the Yoast SEO plugin v26.9 - https:\/\/yoast.com\/product\/yoast-seo-wordpress\/ -->\n<title>MENA: le Colonel Mamadi Doumbouya nomme deux hauts cadres - Guineeline<\/title>\n<meta name=\"robots\" content=\"index, follow, max-snippet:-1, max-image-preview:large, max-video-preview:-1\" \/>\n<link rel=\"canonical\" href=\"https:\/\/www.guineeline.net\/index.php\/2022\/12\/03\/mena-le-colonel-mamadi-doumbouya-nomme-deux-hauts-cadres\/\" \/>\n<meta property=\"og:locale\" content=\"fr_FR\" \/>\n<meta property=\"og:type\" content=\"article\" \/>\n<meta property=\"og:title\" content=\"MENA: le Colonel Mamadi Doumbouya nomme deux hauts cadres - Guineeline\" \/>\n<meta property=\"og:description\" content=\"Le Pr\u00e9sident de la transition, le Colonel Mamadi Doumbouya a dans d\u00e9cret lu sur les ondes des m\u00e9dias d\u2019\u00c9tat ce vendredi 02 d\u00e9cembre 2022 nomm\u00e9 deux hauts cadres au minist\u00e8re de l\u2019\u00e9ducation nationale et de l\u2019alphab\u00e9tisation ( MENA). 1:\u00a0Inspecteur r\u00e9gional de l\u2019\u00e9ducation de Faranah:\u00a0\u00a0Monsieur Georges Paka Guilavogui matricule 1933X ,ancien directeur pr\u00e9fectoral de l\u2019\u00e9ducation de [&hellip;]\" \/>\n<meta property=\"og:url\" content=\"https:\/\/www.guineeline.net\/index.php\/2022\/12\/03\/mena-le-colonel-mamadi-doumbouya-nomme-deux-hauts-cadres\/\" \/>\n<meta property=\"og:site_name\" content=\"Guineeline\" \/>\n<meta property=\"article:published_time\" content=\"2022-12-03T16:51:40+00:00\" \/>\n<meta property=\"article:modified_time\" content=\"2022-12-03T16:51:51+00:00\" \/>\n<meta property=\"og:image\" content=\"https:\/\/www.guineeline.net\/wp-content\/uploads\/2022\/11\/doumbouya-ok-696x392-1.jpg\" \/>\n\t<meta property=\"og:image:width\" content=\"696\" \/>\n\t<meta property=\"og:image:height\" content=\"392\" \/>\n\t<meta property=\"og:image:type\" content=\"image\/jpeg\" \/>\n<meta name=\"author\" content=\"Guineeline\" \/>\n<meta name=\"twitter:card\" content=\"summary_large_image\" \/>\n<meta name=\"twitter:label1\" content=\"\u00c9crit par\" \/>\n\t<meta name=\"twitter:data1\" content=\"Guineeline\" \/>\n\t<meta name=\"twitter:label2\" content=\"Dur\u00e9e de lecture estim\u00e9e\" \/>\n\t<meta name=\"twitter:data2\" content=\"1 minute\" \/>\n<script type=\"application\/ld+json\" class=\"yoast-schema-graph\">{\"@context\":\"https:\/\/schema.org\",\"@graph\":[{\"@type\":\"Article\",\"@id\":\"https:\/\/www.guineeline.net\/index.php\/2022\/12\/03\/mena-le-colonel-mamadi-doumbouya-nomme-deux-hauts-cadres\/#article\",\"isPartOf\":{\"@id\":\"https:\/\/www.guineeline.net\/index.php\/2022\/12\/03\/mena-le-colonel-mamadi-doumbouya-nomme-deux-hauts-cadres\/\"},\"author\":{\"name\":\"Guineeline\",\"@id\":\"https:\/\/www.guineeline.net\/#\/schema\/person\/f5914e0a4c56cc8f4aa0922cc547a390\"},\"headline\":\"MENA: le Colonel Mamadi Doumbouya nomme deux hauts cadres\",\"datePublished\":\"2022-12-03T16:51:40+00:00\",\"dateModified\":\"2022-12-03T16:51:51+00:00\",\"mainEntityOfPage\":{\"@id\":\"https:\/\/www.guineeline.net\/index.php\/2022\/12\/03\/mena-le-colonel-mamadi-doumbouya-nomme-deux-hauts-cadres\/\"},\"wordCount\":192,\"commentCount\":0,\"image\":{\"@id\":\"https:\/\/www.guineeline.net\/index.php\/2022\/12\/03\/mena-le-colonel-mamadi-doumbouya-nomme-deux-hauts-cadres\/#primaryimage\"},\"thumbnailUrl\":\"https:\/\/www.guineeline.net\/wp-content\/uploads\/2022\/11\/doumbouya-ok-696x392-1.jpg\",\"articleSection\":[\"Actualit\u00e9s\"],\"inLanguage\":\"fr-FR\",\"potentialAction\":[{\"@type\":\"CommentAction\",\"name\":\"Comment\",\"target\":[\"https:\/\/www.guineeline.net\/index.php\/2022\/12\/03\/mena-le-colonel-mamadi-doumbouya-nomme-deux-hauts-cadres\/#respond\"]}]},{\"@type\":\"WebPage\",\"@id\":\"https:\/\/www.guineeline.net\/index.php\/2022\/12\/03\/mena-le-colonel-mamadi-doumbouya-nomme-deux-hauts-cadres\/\",\"url\":\"https:\/\/www.guineeline.net\/index.php\/2022\/12\/03\/mena-le-colonel-mamadi-doumbouya-nomme-deux-hauts-cadres\/\",\"name\":\"MENA: le Colonel Mamadi Doumbouya nomme deux hauts cadres - Guineeline\",\"isPartOf\":{\"@id\":\"https:\/\/www.guineeline.net\/#website\"},\"primaryImageOfPage\":{\"@id\":\"https:\/\/www.guineeline.net\/index.php\/2022\/12\/03\/mena-le-colonel-mamadi-doumbouya-nomme-deux-hauts-cadres\/#primaryimage\"},\"image\":{\"@id\":\"https:\/\/www.guineeline.net\/index.php\/2022\/12\/03\/mena-le-colonel-mamadi-doumbouya-nomme-deux-hauts-cadres\/#primaryimage\"},\"thumbnailUrl\":\"https:\/\/www.guineeline.net\/wp-content\/uploads\/2022\/11\/doumbouya-ok-696x392-1.jpg\",\"datePublished\":\"2022-12-03T16:51:40+00:00\",\"dateModified\":\"2022-12-03T16:51:51+00:00\",\"author\":{\"@id\":\"https:\/\/www.guineeline.net\/#\/schema\/person\/f5914e0a4c56cc8f4aa0922cc547a390\"},\"breadcrumb\":{\"@id\":\"https:\/\/www.guineeline.net\/index.php\/2022\/12\/03\/mena-le-colonel-mamadi-doumbouya-nomme-deux-hauts-cadres\/#breadcrumb\"},\"inLanguage\":\"fr-FR\",\"potentialAction\":[{\"@type\":\"ReadAction\",\"target\":[\"https:\/\/www.guineeline.net\/index.php\/2022\/12\/03\/mena-le-colonel-mamadi-doumbouya-nomme-deux-hauts-cadres\/\"]}]},{\"@type\":\"ImageObject\",\"inLanguage\":\"fr-FR\",\"@id\":\"https:\/\/www.guineeline.net\/index.php\/2022\/12\/03\/mena-le-colonel-mamadi-doumbouya-nomme-deux-hauts-cadres\/#primaryimage\",\"url\":\"https:\/\/www.guineeline.net\/wp-content\/uploads\/2022\/11\/doumbouya-ok-696x392-1.jpg\",\"contentUrl\":\"https:\/\/www.guineeline.net\/wp-content\/uploads\/2022\/11\/doumbouya-ok-696x392-1.jpg\",\"width\":696,\"height\":392},{\"@type\":\"BreadcrumbList\",\"@id\":\"https:\/\/www.guineeline.net\/index.php\/2022\/12\/03\/mena-le-colonel-mamadi-doumbouya-nomme-deux-hauts-cadres\/#breadcrumb\",\"itemListElement\":[{\"@type\":\"ListItem\",\"position\":1,\"name\":\"Accueil\",\"item\":\"https:\/\/www.guineeline.net\/\"},{\"@type\":\"ListItem\",\"position\":2,\"name\":\"MENA: le Colonel Mamadi Doumbouya nomme deux hauts cadres\"}]},{\"@type\":\"WebSite\",\"@id\":\"https:\/\/www.guineeline.net\/#website\",\"url\":\"https:\/\/www.guineeline.net\/\",\"name\":\"Guineeline\",\"description\":\"L&#039;information en un clic\",\"potentialAction\":[{\"@type\":\"SearchAction\",\"target\":{\"@type\":\"EntryPoint\",\"urlTemplate\":\"https:\/\/www.guineeline.net\/?s={search_term_string}\"},\"query-input\":{\"@type\":\"PropertyValueSpecification\",\"valueRequired\":true,\"valueName\":\"search_term_string\"}}],\"inLanguage\":\"fr-FR\"},{\"@type\":\"Person\",\"@id\":\"https:\/\/www.guineeline.net\/#\/schema\/person\/f5914e0a4c56cc8f4aa0922cc547a390\",\"name\":\"Guineeline\",\"image\":{\"@type\":\"ImageObject\",\"inLanguage\":\"fr-FR\",\"@id\":\"https:\/\/www.guineeline.net\/#\/schema\/person\/image\/\",\"url\":\"https:\/\/secure.gravatar.com\/avatar\/432ce140236c408fa05ea28acd193ba03163acdd0efbe444c1c44957b8a29a2a?s=96&d=mm&r=g\",\"contentUrl\":\"https:\/\/secure.gravatar.com\/avatar\/432ce140236c408fa05ea28acd193ba03163acdd0efbe444c1c44957b8a29a2a?s=96&d=mm&r=g\",\"caption\":\"Guineeline\"},\"url\":\"https:\/\/www.guineeline.net\/index.php\/author\/admin\/\"}]}<\/script>\n<!-- \/ Yoast SEO plugin. -->","yoast_head_json":{"title":"MENA: le Colonel Mamadi Doumbouya nomme deux hauts cadres - Guineeline","robots":{"index":"index","follow":"follow","max-snippet":"max-snippet:-1","max-image-preview":"max-image-preview:large","max-video-preview":"max-video-preview:-1"},"canonical":"https:\/\/www.guineeline.net\/index.php\/2022\/12\/03\/mena-le-colonel-mamadi-doumbouya-nomme-deux-hauts-cadres\/","og_locale":"fr_FR","og_type":"article","og_title":"MENA: le Colonel Mamadi Doumbouya nomme deux hauts cadres - Guineeline","og_description":"Le Pr\u00e9sident de la transition, le Colonel Mamadi Doumbouya a dans d\u00e9cret lu sur les ondes des m\u00e9dias d\u2019\u00c9tat ce vendredi 02 d\u00e9cembre 2022 nomm\u00e9 deux hauts cadres au minist\u00e8re de l\u2019\u00e9ducation nationale et de l\u2019alphab\u00e9tisation ( MENA). 1:\u00a0Inspecteur r\u00e9gional de l\u2019\u00e9ducation de Faranah:\u00a0\u00a0Monsieur Georges Paka Guilavogui matricule 1933X ,ancien directeur pr\u00e9fectoral de l\u2019\u00e9ducation de [&hellip;]","og_url":"https:\/\/www.guineeline.net\/index.php\/2022\/12\/03\/mena-le-colonel-mamadi-doumbouya-nomme-deux-hauts-cadres\/","og_site_name":"Guineeline","article_published_time":"2022-12-03T16:51:40+00:00","article_modified_time":"2022-12-03T16:51:51+00:00","og_image":[{"width":696,"height":392,"url":"https:\/\/www.guineeline.net\/wp-content\/uploads\/2022\/11\/doumbouya-ok-696x392-1.jpg","type":"image\/jpeg"}],"author":"Guineeline","twitter_card":"summary_large_image","twitter_misc":{"\u00c9crit par":"Guineeline","Dur\u00e9e de lecture estim\u00e9e":"1 minute"},"schema":{"@context":"https:\/\/schema.org","@graph":[{"@type":"Article","@id":"https:\/\/www.guineeline.net\/index.php\/2022\/12\/03\/mena-le-colonel-mamadi-doumbouya-nomme-deux-hauts-cadres\/#article","isPartOf":{"@id":"https:\/\/www.guineeline.net\/index.php\/2022\/12\/03\/mena-le-colonel-mamadi-doumbouya-nomme-deux-hauts-cadres\/"},"author":{"name":"Guineeline","@id":"https:\/\/www.guineeline.net\/#\/schema\/person\/f5914e0a4c56cc8f4aa0922cc547a390"},"headline":"MENA: le Colonel Mamadi Doumbouya nomme deux hauts cadres","datePublished":"2022-12-03T16:51:40+00:00","dateModified":"2022-12-03T16:51:51+00:00","mainEntityOfPage":{"@id":"https:\/\/www.guineeline.net\/index.php\/2022\/12\/03\/mena-le-colonel-mamadi-doumbouya-nomme-deux-hauts-cadres\/"},"wordCount":192,"commentCount":0,"image":{"@id":"https:\/\/www.guineeline.net\/index.php\/2022\/12\/03\/mena-le-colonel-mamadi-doumbouya-nomme-deux-hauts-cadres\/#primaryimage"},"thumbnailUrl":"https:\/\/www.guineeline.net\/wp-content\/uploads\/2022\/11\/doumbouya-ok-696x392-1.jpg","articleSection":["Actualit\u00e9s"],"inLanguage":"fr-FR","potentialAction":[{"@type":"CommentAction","name":"Comment","target":["https:\/\/www.guineeline.net\/index.php\/2022\/12\/03\/mena-le-colonel-mamadi-doumbouya-nomme-deux-hauts-cadres\/#respond"]}]},{"@type":"WebPage","@id":"https:\/\/www.guineeline.net\/index.php\/2022\/12\/03\/mena-le-colonel-mamadi-doumbouya-nomme-deux-hauts-cadres\/","url":"https:\/\/www.guineeline.net\/index.php\/2022\/12\/03\/mena-le-colonel-mamadi-doumbouya-nomme-deux-hauts-cadres\/","name":"MENA: le Colonel Mamadi Doumbouya nomme deux hauts cadres - Guineeline","isPartOf":{"@id":"https:\/\/www.guineeline.net\/#website"},"primaryImageOfPage":{"@id":"https:\/\/www.guineeline.net\/index.php\/2022\/12\/03\/mena-le-colonel-mamadi-doumbouya-nomme-deux-hauts-cadres\/#primaryimage"},"image":{"@id":"https:\/\/www.guineeline.net\/index.php\/2022\/12\/03\/mena-le-colonel-mamadi-doumbouya-nomme-deux-hauts-cadres\/#primaryimage"},"thumbnailUrl":"https:\/\/www.guineeline.net\/wp-content\/uploads\/2022\/11\/doumbouya-ok-696x392-1.jpg","datePublished":"2022-12-03T16:51:40+00:00","dateModified":"2022-12-03T16:51:51+00:00","author":{"@id":"https:\/\/www.guineeline.net\/#\/schema\/person\/f5914e0a4c56cc8f4aa0922cc547a390"},"breadcrumb":{"@id":"https:\/\/www.guineeline.net\/index.php\/2022\/12\/03\/mena-le-colonel-mamadi-doumbouya-nomme-deux-hauts-cadres\/#breadcrumb"},"inLanguage":"fr-FR","potentialAction":[{"@type":"ReadAction","target":["https:\/\/www.guineeline.net\/index.php\/2022\/12\/03\/mena-le-colonel-mamadi-doumbouya-nomme-deux-hauts-cadres\/"]}]},{"@type":"ImageObject","inLanguage":"fr-FR","@id":"https:\/\/www.guineeline.net\/index.php\/2022\/12\/03\/mena-le-colonel-mamadi-doumbouya-nomme-deux-hauts-cadres\/#primaryimage","url":"https:\/\/www.guineeline.net\/wp-content\/uploads\/2022\/11\/doumbouya-ok-696x392-1.jpg","contentUrl":"https:\/\/www.guineeline.net\/wp-content\/uploads\/2022\/11\/doumbouya-ok-696x392-1.jpg","width":696,"height":392},{"@type":"BreadcrumbList","@id":"https:\/\/www.guineeline.net\/index.php\/2022\/12\/03\/mena-le-colonel-mamadi-doumbouya-nomme-deux-hauts-cadres\/#breadcrumb","itemListElement":[{"@type":"ListItem","position":1,"name":"Accueil","item":"https:\/\/www.guineeline.net\/"},{"@type":"ListItem","position":2,"name":"MENA: le Colonel Mamadi Doumbouya nomme deux hauts cadres"}]},{"@type":"WebSite","@id":"https:\/\/www.guineeline.net\/#website","url":"https:\/\/www.guineeline.net\/","name":"Guineeline","description":"L&#039;information en un clic","potentialAction":[{"@type":"SearchAction","target":{"@type":"EntryPoint","urlTemplate":"https:\/\/www.guineeline.net\/?s={search_term_string}"},"query-input":{"@type":"PropertyValueSpecification","valueRequired":true,"valueName":"search_term_string"}}],"inLanguage":"fr-FR"},{"@type":"Person","@id":"https:\/\/www.guineeline.net\/#\/schema\/person\/f5914e0a4c56cc8f4aa0922cc547a390","name":"Guineeline","image":{"@type":"ImageObject","inLanguage":"fr-FR","@id":"https:\/\/www.guineeline.net\/#\/schema\/person\/image\/","url":"https:\/\/secure.gravatar.com\/avatar\/432ce140236c408fa05ea28acd193ba03163acdd0efbe444c1c44957b8a29a2a?s=96&d=mm&r=g","contentUrl":"https:\/\/secure.gravatar.com\/avatar\/432ce140236c408fa05ea28acd193ba03163acdd0efbe444c1c44957b8a29a2a?s=96&d=mm&r=g","caption":"Guineeline"},"url":"https:\/\/www.guineeline.net\/index.php\/author\/admin\/"}]}},"_links":{"self":[{"href":"https:\/\/www.guineeline.net\/index.php\/wp-json\/wp\/v2\/posts\/1059","targetHints":{"allow":["GET"]}}],"collection":[{"href":"https:\/\/www.guineeline.net\/index.php\/wp-json\/wp\/v2\/posts"}],"about":[{"href":"https:\/\/www.guineeline.net\/index.php\/wp-json\/wp\/v2\/types\/post"}],"author":[{"embeddable":true,"href":"https:\/\/www.guineeline.net\/index.php\/wp-json\/wp\/v2\/users\/3"}],"replies":[{"embeddable":true,"href":"https:\/\/www.guineeline.net\/index.php\/wp-json\/wp\/v2\/comments?post=1059"}],"version-history":[{"count":1,"href":"https:\/\/www.guineeline.net\/index.php\/wp-json\/wp\/v2\/posts\/1059\/revisions"}],"predecessor-version":[{"id":1060,"href":"https:\/\/www.guineeline.net\/index.php\/wp-json\/wp\/v2\/posts\/1059\/revisions\/1060"}],"wp:featuredmedia":[{"embeddable":true,"href":"https:\/\/www.guineeline.net\/index.php\/wp-json\/wp\/v2\/media\/932"}],"wp:attachment":[{"href":"https:\/\/www.guineeline.net\/index.php\/wp-json\/wp\/v2\/media?parent=1059"}],"wp:term":[{"taxonomy":"category","embeddable":true,"href":"https:\/\/www.guineeline.net\/index.php\/wp-json\/wp\/v2\/categories?post=1059"},{"taxonomy":"post_tag","embeddable":true,"href":"https:\/\/www.guineeline.net\/index.php\/wp-json\/wp\/v2\/tags?post=1059"}],"curies":[{"name":"wp","href":"https:\/\/api.w.org\/{rel}","templated":true}]}}