{"id":1057,"date":"2022-12-03T17:46:08","date_gmt":"2022-12-03T16:46:08","guid":{"rendered":"https:\/\/www.guineeline.net\/?p=1057"},"modified":"2022-12-03T17:46:08","modified_gmt":"2022-12-03T16:46:08","slug":"le-colonel-doumbouya-nomme-les-membres-du-ca-de-lanaim","status":"publish","type":"post","link":"https:\/\/www.guineeline.net\/index.php\/2022\/12\/03\/le-colonel-doumbouya-nomme-les-membres-du-ca-de-lanaim\/","title":{"rendered":"Le Colonel Doumbouya nomme les membres du CA de l&rsquo;ANAIM"},"content":{"rendered":"<div>Les membres du conseil d\u2019administration de l\u2019agence nationale d\u2019am\u00e9nagement des infrastructures mini\u00e8res ANIM ont \u00e9t\u00e9 nomm\u00e9s ce vendredi par le chef de l\u2019\u00c9tat, le Colonel Mamadi Doumbouya. C\u2019est \u00e0 travers un d\u00e9cret lu dans le journal de la RTG.<\/div>\n<p>&nbsp;<\/p>\n<div><\/div>\n<div><\/div>\n<div>1<b>: Monsieur Ousmane Doumbouya\u00a0<\/b>en service \u00e0 la Pr\u00e9sidence de la R\u00e9publique;<\/div>\n<div><\/div>\n<div>2<b>: Monsieur Ousmane Kaba,\u00a0<\/b>directeur national des mines du minist\u00e8re des mines et de la g\u00e9ologie.<\/div>\n<div><\/div>\n<div>\u00a03<b>: Monsieur Saidouba Keita<\/b>, directeur g\u00e9n\u00e9ral adjoint, coordination des projets miniers du minist\u00e8re des mines et de la g\u00e9ologie;<\/div>\n<div>4 :\u00a0<b>Monsieur Lamine Camara ,\u00a0<\/b>conseiller charg\u00e9 des questions de finance publique du minist\u00e8re de l\u2019\u00e9conomie et des finances;<\/div>\n<div>\u00a05:\u00a0\u00a0<b>Elhadj Saliou Diaby,<\/b>\u00a0conseiller \u00e9conomique du minist\u00e8re des transports;<\/div>\n<div>\u00a06:\u00a0<b>Monsieur Samba Kany Diakit\u00e9,\u00a0<\/b>conseiller charg\u00e9 de l\u2019environnement du minist\u00e8re de l\u2019environnement et du d\u00e9veloppement durable;<\/div>\n<div>7 :\u00a0<b>Monsieur Aboubacar Kourouma,\u00a0<\/b>secr\u00e9taire g\u00e9n\u00e9ral du minist\u00e8re de l\u2019urbanisme, de l\u2019habitat et de l\u2019am\u00e9nagement du territoire;<\/div>\n<div>\u00a08 :\u00a0<b>Monsieur Abdoulaye Sampil,\u00a0<\/b>coordinateur des approbations et des permis \u00e0 la Soci\u00e9t\u00e9 mini\u00e8re de Bok\u00e9;<\/div>\n<div>9 :\u00a0<b>Monsieur Lamine Dieng,\u00a0<\/b>\u00a0consultant sur les questions mini\u00e8res.<\/div>\n<div><\/div>\n<div dir=\"ltr\" data-setdir=\"false\">Ce d\u00e9cret du chef de l\u2019\u00c9tat pr\u00e9cise que Monsieur Ousmane Doumbouya en service \u00e0 la Pr\u00e9sidence de la R\u00e9publique est nomm\u00e9 pr\u00e9sident du conseil d\u2019administration de l\u2019agence nationale d\u2019am\u00e9nagement des infrastructures mini\u00e8res (ANAIM).<\/div>\n<div dir=\"ltr\" data-setdir=\"false\">Idiatou Souar\u00e9<\/div>\n","protected":false},"excerpt":{"rendered":"<p>Les membres du conseil d\u2019administration de l\u2019agence nationale d\u2019am\u00e9nagement des infrastructures mini\u00e8res ANIM ont \u00e9t\u00e9 nomm\u00e9s ce vendredi par le chef de l\u2019\u00c9tat, le Colonel Mamadi Doumbouya. C\u2019est \u00e0 travers un d\u00e9cret lu dans le journal de la RTG. &nbsp; 1: Monsieur Ousmane Doumbouya\u00a0en service \u00e0 la Pr\u00e9sidence de la R\u00e9publique; 2: Monsieur Ousmane Kaba,\u00a0directeur [&hellip;]<\/p>\n","protected":false},"author":3,"featured_media":796,"comment_status":"open","ping_status":"open","sticky":false,"template":"","format":"standard","meta":{"jnews-multi-image_gallery":[],"jnews_single_post":{"subtitle":"","format":"standard","video":"","gallery":"","source_name":"","source_url":"","via_name":"","via_url":"","override":[{"single_blog_custom":"","sidebar":"","second_sidebar":"","share_position":"","share_float_style":"","post_date_format":"","post_date_format_custom":"","number_popup_post":"1"}],"image_override":[{"single_post_thumbnail_size":"","single_post_gallery_size":""}],"trending_post_position":"","trending_post_label":""},"jnews_primary_category":{"id":""},"jnews_override_counter":{"view_counter_number":"0","share_counter_number":"0","like_counter_number":"0","dislike_counter_number":"0"},"footnotes":""},"categories":[1],"tags":[],"class_list":["post-1057","post","type-post","status-publish","format-standard","has-post-thumbnail","hentry","category-non-classe"],"yoast_head":"<!-- This site is optimized with the Yoast SEO plugin v26.9 - https:\/\/yoast.com\/product\/yoast-seo-wordpress\/ -->\n<title>Le Colonel Doumbouya nomme les membres du CA de l&#039;ANAIM - Guineeline<\/title>\n<meta name=\"robots\" content=\"index, follow, max-snippet:-1, max-image-preview:large, max-video-preview:-1\" \/>\n<link rel=\"canonical\" href=\"https:\/\/www.guineeline.net\/index.php\/2022\/12\/03\/le-colonel-doumbouya-nomme-les-membres-du-ca-de-lanaim\/\" \/>\n<meta property=\"og:locale\" content=\"fr_FR\" \/>\n<meta property=\"og:type\" content=\"article\" \/>\n<meta property=\"og:title\" content=\"Le Colonel Doumbouya nomme les membres du CA de l&#039;ANAIM - Guineeline\" \/>\n<meta property=\"og:description\" content=\"Les membres du conseil d\u2019administration de l\u2019agence nationale d\u2019am\u00e9nagement des infrastructures mini\u00e8res ANIM ont \u00e9t\u00e9 nomm\u00e9s ce vendredi par le chef de l\u2019\u00c9tat, le Colonel Mamadi Doumbouya. C\u2019est \u00e0 travers un d\u00e9cret lu dans le journal de la RTG. &nbsp; 1: Monsieur Ousmane Doumbouya\u00a0en service \u00e0 la Pr\u00e9sidence de la R\u00e9publique; 2: Monsieur Ousmane Kaba,\u00a0directeur [&hellip;]\" \/>\n<meta property=\"og:url\" content=\"https:\/\/www.guineeline.net\/index.php\/2022\/12\/03\/le-colonel-doumbouya-nomme-les-membres-du-ca-de-lanaim\/\" \/>\n<meta property=\"og:site_name\" content=\"Guineeline\" \/>\n<meta property=\"article:published_time\" content=\"2022-12-03T16:46:08+00:00\" \/>\n<meta property=\"og:image\" content=\"https:\/\/www.guineeline.net\/wp-content\/uploads\/2022\/08\/Mamadi-Doumbouya-1140x570-1.jpg\" \/>\n\t<meta property=\"og:image:width\" content=\"1140\" \/>\n\t<meta property=\"og:image:height\" content=\"570\" \/>\n\t<meta property=\"og:image:type\" content=\"image\/jpeg\" \/>\n<meta name=\"author\" content=\"Guineeline\" \/>\n<meta name=\"twitter:card\" content=\"summary_large_image\" \/>\n<meta name=\"twitter:label1\" content=\"\u00c9crit par\" \/>\n\t<meta name=\"twitter:data1\" content=\"Guineeline\" \/>\n\t<meta name=\"twitter:label2\" content=\"Dur\u00e9e de lecture estim\u00e9e\" \/>\n\t<meta name=\"twitter:data2\" content=\"1 minute\" \/>\n<script type=\"application\/ld+json\" class=\"yoast-schema-graph\">{\"@context\":\"https:\/\/schema.org\",\"@graph\":[{\"@type\":\"Article\",\"@id\":\"https:\/\/www.guineeline.net\/index.php\/2022\/12\/03\/le-colonel-doumbouya-nomme-les-membres-du-ca-de-lanaim\/#article\",\"isPartOf\":{\"@id\":\"https:\/\/www.guineeline.net\/index.php\/2022\/12\/03\/le-colonel-doumbouya-nomme-les-membres-du-ca-de-lanaim\/\"},\"author\":{\"name\":\"Guineeline\",\"@id\":\"https:\/\/www.guineeline.net\/#\/schema\/person\/f5914e0a4c56cc8f4aa0922cc547a390\"},\"headline\":\"Le Colonel Doumbouya nomme les membres du CA de l&rsquo;ANAIM\",\"datePublished\":\"2022-12-03T16:46:08+00:00\",\"mainEntityOfPage\":{\"@id\":\"https:\/\/www.guineeline.net\/index.php\/2022\/12\/03\/le-colonel-doumbouya-nomme-les-membres-du-ca-de-lanaim\/\"},\"wordCount\":253,\"commentCount\":0,\"image\":{\"@id\":\"https:\/\/www.guineeline.net\/index.php\/2022\/12\/03\/le-colonel-doumbouya-nomme-les-membres-du-ca-de-lanaim\/#primaryimage\"},\"thumbnailUrl\":\"https:\/\/www.guineeline.net\/wp-content\/uploads\/2022\/08\/Mamadi-Doumbouya-1140x570-1.jpg\",\"inLanguage\":\"fr-FR\",\"potentialAction\":[{\"@type\":\"CommentAction\",\"name\":\"Comment\",\"target\":[\"https:\/\/www.guineeline.net\/index.php\/2022\/12\/03\/le-colonel-doumbouya-nomme-les-membres-du-ca-de-lanaim\/#respond\"]}]},{\"@type\":\"WebPage\",\"@id\":\"https:\/\/www.guineeline.net\/index.php\/2022\/12\/03\/le-colonel-doumbouya-nomme-les-membres-du-ca-de-lanaim\/\",\"url\":\"https:\/\/www.guineeline.net\/index.php\/2022\/12\/03\/le-colonel-doumbouya-nomme-les-membres-du-ca-de-lanaim\/\",\"name\":\"Le Colonel Doumbouya nomme les membres du CA de l'ANAIM - Guineeline\",\"isPartOf\":{\"@id\":\"https:\/\/www.guineeline.net\/#website\"},\"primaryImageOfPage\":{\"@id\":\"https:\/\/www.guineeline.net\/index.php\/2022\/12\/03\/le-colonel-doumbouya-nomme-les-membres-du-ca-de-lanaim\/#primaryimage\"},\"image\":{\"@id\":\"https:\/\/www.guineeline.net\/index.php\/2022\/12\/03\/le-colonel-doumbouya-nomme-les-membres-du-ca-de-lanaim\/#primaryimage\"},\"thumbnailUrl\":\"https:\/\/www.guineeline.net\/wp-content\/uploads\/2022\/08\/Mamadi-Doumbouya-1140x570-1.jpg\",\"datePublished\":\"2022-12-03T16:46:08+00:00\",\"author\":{\"@id\":\"https:\/\/www.guineeline.net\/#\/schema\/person\/f5914e0a4c56cc8f4aa0922cc547a390\"},\"breadcrumb\":{\"@id\":\"https:\/\/www.guineeline.net\/index.php\/2022\/12\/03\/le-colonel-doumbouya-nomme-les-membres-du-ca-de-lanaim\/#breadcrumb\"},\"inLanguage\":\"fr-FR\",\"potentialAction\":[{\"@type\":\"ReadAction\",\"target\":[\"https:\/\/www.guineeline.net\/index.php\/2022\/12\/03\/le-colonel-doumbouya-nomme-les-membres-du-ca-de-lanaim\/\"]}]},{\"@type\":\"ImageObject\",\"inLanguage\":\"fr-FR\",\"@id\":\"https:\/\/www.guineeline.net\/index.php\/2022\/12\/03\/le-colonel-doumbouya-nomme-les-membres-du-ca-de-lanaim\/#primaryimage\",\"url\":\"https:\/\/www.guineeline.net\/wp-content\/uploads\/2022\/08\/Mamadi-Doumbouya-1140x570-1.jpg\",\"contentUrl\":\"https:\/\/www.guineeline.net\/wp-content\/uploads\/2022\/08\/Mamadi-Doumbouya-1140x570-1.jpg\",\"width\":1140,\"height\":570},{\"@type\":\"BreadcrumbList\",\"@id\":\"https:\/\/www.guineeline.net\/index.php\/2022\/12\/03\/le-colonel-doumbouya-nomme-les-membres-du-ca-de-lanaim\/#breadcrumb\",\"itemListElement\":[{\"@type\":\"ListItem\",\"position\":1,\"name\":\"Accueil\",\"item\":\"https:\/\/www.guineeline.net\/\"},{\"@type\":\"ListItem\",\"position\":2,\"name\":\"Le Colonel Doumbouya nomme les membres du CA de l&rsquo;ANAIM\"}]},{\"@type\":\"WebSite\",\"@id\":\"https:\/\/www.guineeline.net\/#website\",\"url\":\"https:\/\/www.guineeline.net\/\",\"name\":\"Guineeline\",\"description\":\"L&#039;information en un clic\",\"potentialAction\":[{\"@type\":\"SearchAction\",\"target\":{\"@type\":\"EntryPoint\",\"urlTemplate\":\"https:\/\/www.guineeline.net\/?s={search_term_string}\"},\"query-input\":{\"@type\":\"PropertyValueSpecification\",\"valueRequired\":true,\"valueName\":\"search_term_string\"}}],\"inLanguage\":\"fr-FR\"},{\"@type\":\"Person\",\"@id\":\"https:\/\/www.guineeline.net\/#\/schema\/person\/f5914e0a4c56cc8f4aa0922cc547a390\",\"name\":\"Guineeline\",\"image\":{\"@type\":\"ImageObject\",\"inLanguage\":\"fr-FR\",\"@id\":\"https:\/\/www.guineeline.net\/#\/schema\/person\/image\/\",\"url\":\"https:\/\/secure.gravatar.com\/avatar\/432ce140236c408fa05ea28acd193ba03163acdd0efbe444c1c44957b8a29a2a?s=96&d=mm&r=g\",\"contentUrl\":\"https:\/\/secure.gravatar.com\/avatar\/432ce140236c408fa05ea28acd193ba03163acdd0efbe444c1c44957b8a29a2a?s=96&d=mm&r=g\",\"caption\":\"Guineeline\"},\"url\":\"https:\/\/www.guineeline.net\/index.php\/author\/admin\/\"}]}<\/script>\n<!-- \/ Yoast SEO plugin. -->","yoast_head_json":{"title":"Le Colonel Doumbouya nomme les membres du CA de l'ANAIM - Guineeline","robots":{"index":"index","follow":"follow","max-snippet":"max-snippet:-1","max-image-preview":"max-image-preview:large","max-video-preview":"max-video-preview:-1"},"canonical":"https:\/\/www.guineeline.net\/index.php\/2022\/12\/03\/le-colonel-doumbouya-nomme-les-membres-du-ca-de-lanaim\/","og_locale":"fr_FR","og_type":"article","og_title":"Le Colonel Doumbouya nomme les membres du CA de l'ANAIM - Guineeline","og_description":"Les membres du conseil d\u2019administration de l\u2019agence nationale d\u2019am\u00e9nagement des infrastructures mini\u00e8res ANIM ont \u00e9t\u00e9 nomm\u00e9s ce vendredi par le chef de l\u2019\u00c9tat, le Colonel Mamadi Doumbouya. C\u2019est \u00e0 travers un d\u00e9cret lu dans le journal de la RTG. &nbsp; 1: Monsieur Ousmane Doumbouya\u00a0en service \u00e0 la Pr\u00e9sidence de la R\u00e9publique; 2: Monsieur Ousmane Kaba,\u00a0directeur [&hellip;]","og_url":"https:\/\/www.guineeline.net\/index.php\/2022\/12\/03\/le-colonel-doumbouya-nomme-les-membres-du-ca-de-lanaim\/","og_site_name":"Guineeline","article_published_time":"2022-12-03T16:46:08+00:00","og_image":[{"width":1140,"height":570,"url":"https:\/\/www.guineeline.net\/wp-content\/uploads\/2022\/08\/Mamadi-Doumbouya-1140x570-1.jpg","type":"image\/jpeg"}],"author":"Guineeline","twitter_card":"summary_large_image","twitter_misc":{"\u00c9crit par":"Guineeline","Dur\u00e9e de lecture estim\u00e9e":"1 minute"},"schema":{"@context":"https:\/\/schema.org","@graph":[{"@type":"Article","@id":"https:\/\/www.guineeline.net\/index.php\/2022\/12\/03\/le-colonel-doumbouya-nomme-les-membres-du-ca-de-lanaim\/#article","isPartOf":{"@id":"https:\/\/www.guineeline.net\/index.php\/2022\/12\/03\/le-colonel-doumbouya-nomme-les-membres-du-ca-de-lanaim\/"},"author":{"name":"Guineeline","@id":"https:\/\/www.guineeline.net\/#\/schema\/person\/f5914e0a4c56cc8f4aa0922cc547a390"},"headline":"Le Colonel Doumbouya nomme les membres du CA de l&rsquo;ANAIM","datePublished":"2022-12-03T16:46:08+00:00","mainEntityOfPage":{"@id":"https:\/\/www.guineeline.net\/index.php\/2022\/12\/03\/le-colonel-doumbouya-nomme-les-membres-du-ca-de-lanaim\/"},"wordCount":253,"commentCount":0,"image":{"@id":"https:\/\/www.guineeline.net\/index.php\/2022\/12\/03\/le-colonel-doumbouya-nomme-les-membres-du-ca-de-lanaim\/#primaryimage"},"thumbnailUrl":"https:\/\/www.guineeline.net\/wp-content\/uploads\/2022\/08\/Mamadi-Doumbouya-1140x570-1.jpg","inLanguage":"fr-FR","potentialAction":[{"@type":"CommentAction","name":"Comment","target":["https:\/\/www.guineeline.net\/index.php\/2022\/12\/03\/le-colonel-doumbouya-nomme-les-membres-du-ca-de-lanaim\/#respond"]}]},{"@type":"WebPage","@id":"https:\/\/www.guineeline.net\/index.php\/2022\/12\/03\/le-colonel-doumbouya-nomme-les-membres-du-ca-de-lanaim\/","url":"https:\/\/www.guineeline.net\/index.php\/2022\/12\/03\/le-colonel-doumbouya-nomme-les-membres-du-ca-de-lanaim\/","name":"Le Colonel Doumbouya nomme les membres du CA de l'ANAIM - Guineeline","isPartOf":{"@id":"https:\/\/www.guineeline.net\/#website"},"primaryImageOfPage":{"@id":"https:\/\/www.guineeline.net\/index.php\/2022\/12\/03\/le-colonel-doumbouya-nomme-les-membres-du-ca-de-lanaim\/#primaryimage"},"image":{"@id":"https:\/\/www.guineeline.net\/index.php\/2022\/12\/03\/le-colonel-doumbouya-nomme-les-membres-du-ca-de-lanaim\/#primaryimage"},"thumbnailUrl":"https:\/\/www.guineeline.net\/wp-content\/uploads\/2022\/08\/Mamadi-Doumbouya-1140x570-1.jpg","datePublished":"2022-12-03T16:46:08+00:00","author":{"@id":"https:\/\/www.guineeline.net\/#\/schema\/person\/f5914e0a4c56cc8f4aa0922cc547a390"},"breadcrumb":{"@id":"https:\/\/www.guineeline.net\/index.php\/2022\/12\/03\/le-colonel-doumbouya-nomme-les-membres-du-ca-de-lanaim\/#breadcrumb"},"inLanguage":"fr-FR","potentialAction":[{"@type":"ReadAction","target":["https:\/\/www.guineeline.net\/index.php\/2022\/12\/03\/le-colonel-doumbouya-nomme-les-membres-du-ca-de-lanaim\/"]}]},{"@type":"ImageObject","inLanguage":"fr-FR","@id":"https:\/\/www.guineeline.net\/index.php\/2022\/12\/03\/le-colonel-doumbouya-nomme-les-membres-du-ca-de-lanaim\/#primaryimage","url":"https:\/\/www.guineeline.net\/wp-content\/uploads\/2022\/08\/Mamadi-Doumbouya-1140x570-1.jpg","contentUrl":"https:\/\/www.guineeline.net\/wp-content\/uploads\/2022\/08\/Mamadi-Doumbouya-1140x570-1.jpg","width":1140,"height":570},{"@type":"BreadcrumbList","@id":"https:\/\/www.guineeline.net\/index.php\/2022\/12\/03\/le-colonel-doumbouya-nomme-les-membres-du-ca-de-lanaim\/#breadcrumb","itemListElement":[{"@type":"ListItem","position":1,"name":"Accueil","item":"https:\/\/www.guineeline.net\/"},{"@type":"ListItem","position":2,"name":"Le Colonel Doumbouya nomme les membres du CA de l&rsquo;ANAIM"}]},{"@type":"WebSite","@id":"https:\/\/www.guineeline.net\/#website","url":"https:\/\/www.guineeline.net\/","name":"Guineeline","description":"L&#039;information en un clic","potentialAction":[{"@type":"SearchAction","target":{"@type":"EntryPoint","urlTemplate":"https:\/\/www.guineeline.net\/?s={search_term_string}"},"query-input":{"@type":"PropertyValueSpecification","valueRequired":true,"valueName":"search_term_string"}}],"inLanguage":"fr-FR"},{"@type":"Person","@id":"https:\/\/www.guineeline.net\/#\/schema\/person\/f5914e0a4c56cc8f4aa0922cc547a390","name":"Guineeline","image":{"@type":"ImageObject","inLanguage":"fr-FR","@id":"https:\/\/www.guineeline.net\/#\/schema\/person\/image\/","url":"https:\/\/secure.gravatar.com\/avatar\/432ce140236c408fa05ea28acd193ba03163acdd0efbe444c1c44957b8a29a2a?s=96&d=mm&r=g","contentUrl":"https:\/\/secure.gravatar.com\/avatar\/432ce140236c408fa05ea28acd193ba03163acdd0efbe444c1c44957b8a29a2a?s=96&d=mm&r=g","caption":"Guineeline"},"url":"https:\/\/www.guineeline.net\/index.php\/author\/admin\/"}]}},"_links":{"self":[{"href":"https:\/\/www.guineeline.net\/index.php\/wp-json\/wp\/v2\/posts\/1057","targetHints":{"allow":["GET"]}}],"collection":[{"href":"https:\/\/www.guineeline.net\/index.php\/wp-json\/wp\/v2\/posts"}],"about":[{"href":"https:\/\/www.guineeline.net\/index.php\/wp-json\/wp\/v2\/types\/post"}],"author":[{"embeddable":true,"href":"https:\/\/www.guineeline.net\/index.php\/wp-json\/wp\/v2\/users\/3"}],"replies":[{"embeddable":true,"href":"https:\/\/www.guineeline.net\/index.php\/wp-json\/wp\/v2\/comments?post=1057"}],"version-history":[{"count":1,"href":"https:\/\/www.guineeline.net\/index.php\/wp-json\/wp\/v2\/posts\/1057\/revisions"}],"predecessor-version":[{"id":1058,"href":"https:\/\/www.guineeline.net\/index.php\/wp-json\/wp\/v2\/posts\/1057\/revisions\/1058"}],"wp:featuredmedia":[{"embeddable":true,"href":"https:\/\/www.guineeline.net\/index.php\/wp-json\/wp\/v2\/media\/796"}],"wp:attachment":[{"href":"https:\/\/www.guineeline.net\/index.php\/wp-json\/wp\/v2\/media?parent=1057"}],"wp:term":[{"taxonomy":"category","embeddable":true,"href":"https:\/\/www.guineeline.net\/index.php\/wp-json\/wp\/v2\/categories?post=1057"},{"taxonomy":"post_tag","embeddable":true,"href":"https:\/\/www.guineeline.net\/index.php\/wp-json\/wp\/v2\/tags?post=1057"}],"curies":[{"name":"wp","href":"https:\/\/api.w.org\/{rel}","templated":true}]}}